{"id":424610,"date":"2026-03-28T03:11:00","date_gmt":"2026-03-28T06:11:00","guid":{"rendered":"https:\/\/portaltela.pt\/noticias\/2026\/03\/28\/atraso-sem-precedentes-fosso-para-o-podio-maior-da-era-antonio-salvador\/"},"modified":"2026-03-28T03:11:00","modified_gmt":"2026-03-28T06:11:00","slug":"atraso-sem-precedentes-fosso-para-o-podio-maior-da-era-antonio-salvador","status":"publish","type":"post","link":"https:\/\/portaltela.pt\/desporto\/futebol\/2026\/03\/28\/atraso-sem-precedentes-fosso-para-o-podio-maior-da-era-antonio-salvador\/","title":{"rendered":"Atraso sem precedentes: fosso para o p\u00f3dio, maior da era Ant\u00f3nio Salvador"},"content":{"rendered":"<p>O Sp. Braga parte para as \u00faltimas sete jornadas com uma diferen\u00e7a de 19 pontos para o Benfica, 3.\u00ba classificado. A equipa soma bons resultados diante dos gigantes, chega \u00e0 final da Allianz Cup e tem uma campanha europeia digna de nota. Ainda assim, a presta\u00e7\u00e3o no campeonato tem ficado aqu\u00e9m das ambi\u00e7\u00f5es definidas pela direc\u00e7\u00e3o.<\/p>\n<p>Para al\u00e9m do 4.\u00ba lugar ainda n\u00e3o assegurado, o Famalic\u00e3o est\u00e1 a apenas um ponto e o Gil Vicente a quatro, o que agrava a dist\u00e2ncia para o p\u00f3dio. O fosso para a meta mais ambiciosa cresce, tornando-se o maior da era liderada por Ant\u00f3nio Salvador.<\/p>\n<p>A an\u00e1lise aponta para a discrep\u00e2ncia entre o desempenho em competi\u00e7\u00f5es paralelas e o rendimento no campeonato nacional. A equipa encara as jornadas finais com foco em recuperar terreno e manter a participa\u00e7\u00e3o nas competi\u00e7\u00f5es que ainda tem em disputa.<\/p>\n<h3>Situa\u00e7\u00e3o atual no campeonato<\/h3>\n<p>A dist\u00e2ncia ao p\u00f3dio \u00e9 destacada como o principal desafio para o Sp. Braga nesta fase da \u00e9poca. A equipa j\u00e1 demonstrou capacidade competitiva frente aos grandes, mas o campeonato continua complexo e com menos garantias.<\/p>\n<h3>Continuidade da \u00e9poca<\/h3>\n<p>No que resta da temporada, v\u00e3o ser determinantes a gest\u00e3o de plantel e a resposta em jogos decisivos. A dire\u00e7\u00e3o mant\u00e9m a expectativa de cumprir objetivos tra\u00e7ados no in\u00edcio, sem adiantar opini\u00f5es ou conclus\u00f5es.<\/p>\n","protected":false},"excerpt":{"rendered":"<ul>\n<li>O Sp. Braga entra nas \u00faltimas sete jornadas a dezenove pontos do Benfica, terceiro classificado.<\/li>\n<li>A equipa teve boa r\u00e9plica frente aos tr\u00eas grandes, chegou \u00e0 final da Allianz Cup e fez boa campanha europeia.<\/li>\n<li>No campeonato, o desempenho fica aqu\u00e9m das ambi\u00e7\u00f5es do presidente Ant\u00f3nio Salvador.<\/li>\n<li>O quarto lugar pode n\u00e3o estar garantido, com o Famalic\u00e3o a um ponto e o Gil Vicente a quatro.<\/li>\n<li>A desvantagem para o p\u00f3dio atingiu valores nunca antes vistos na era de Ant\u00f3nio Salvador.<\/li>\n<\/ul>\n","protected":false},"author":2,"featured_media":424611,"comment_status":"closed","ping_status":"closed","sticky":false,"template":"","format":"standard","meta":{"footnotes":""},"categories":[21,24],"tags":[4073,1207,2463,5544,32,2070],"class_list":["post-424610","post","type-post","status-publish","format-standard","has-post-thumbnail","hentry","category-desporto","category-futebol","tag-allianz-cup","tag-braga","tag-competicao-internacional","tag-europa-league","tag-futebol","tag-sp-braga"],"yoast_head":"<!-- This site is optimized with the Yoast SEO plugin v27.2 - https:\/\/yoast.com\/product\/yoast-seo-wordpress\/ -->\n<title>Atraso sem precedentes: fosso para o p\u00f3dio, maior da era Ant\u00f3nio Salvador - Portal Tela Portugal<\/title>\n<meta name=\"robots\" content=\"index, follow, max-snippet:-1, max-image-preview:large, max-video-preview:-1\" \/>\n<meta property=\"og:locale\" content=\"pt_PT\" \/>\n<meta property=\"og:type\" content=\"article\" \/>\n<meta property=\"og:title\" content=\"Atraso sem precedentes: fosso para o p\u00f3dio, maior da era Ant\u00f3nio Salvador - Portal Tela Portugal\" \/>\n<meta property=\"og:description\" content=\"O Sp. Braga entra nas \u00faltimas sete jornadas a dezenove pontos do Benfica, terceiro classificado. A equipa teve boa r\u00e9plica frente aos tr\u00eas grandes, chegou \u00e0 final da Allianz Cup e fez boa campanha europeia. No campeonato, o desempenho fica aqu\u00e9m das ambi\u00e7\u00f5es do presidente Ant\u00f3nio Salvador. O quarto lugar pode n\u00e3o estar garantido, com o Famalic\u00e3o a um ponto e o Gil Vicente a quatro. A desvantagem para o p\u00f3dio atingiu valores nunca antes vistos na era de Ant\u00f3nio Salvador.\" \/>\n<meta property=\"og:url\" content=\"https:\/\/portaltela.pt\/noticias\/2026\/03\/28\/atraso-sem-precedentes-fosso-para-o-podio-maior-da-era-antonio-salvador\/\" \/>\n<meta property=\"og:site_name\" content=\"Portal Tela Portugal\" \/>\n<meta property=\"article:published_time\" content=\"2026-03-28T06:11:00+00:00\" \/>\n<meta name=\"author\" content=\"Telinha\" \/>\n<meta name=\"twitter:card\" content=\"summary_large_image\" \/>\n<meta name=\"twitter:label1\" content=\"Escrito por\" \/>\n\t<meta name=\"twitter:data1\" content=\"Telinha\" \/>\n\t<meta name=\"twitter:label2\" content=\"Tempo estimado de leitura\" \/>\n\t<meta name=\"twitter:data2\" content=\"1 minuto\" \/>\n<script type=\"application\/ld+json\" class=\"yoast-schema-graph\">{\"@context\":\"https:\/\/schema.org\",\"@graph\":[{\"@type\":\"Article\",\"@id\":\"https:\/\/portaltela.pt\/noticias\/2026\/03\/28\/atraso-sem-precedentes-fosso-para-o-podio-maior-da-era-antonio-salvador\/#article\",\"isPartOf\":{\"@id\":\"https:\/\/portaltela.pt\/noticias\/2026\/03\/28\/atraso-sem-precedentes-fosso-para-o-podio-maior-da-era-antonio-salvador\/\"},\"author\":{\"name\":\"Telinha\",\"@id\":\"https:\/\/portaltela.pt\/#\/schema\/person\/c4278d4a6028830caff9ee44b42d32ed\"},\"headline\":\"Atraso sem precedentes: fosso para o p\u00f3dio, maior da era Ant\u00f3nio Salvador\",\"datePublished\":\"2026-03-28T06:11:00+00:00\",\"mainEntityOfPage\":{\"@id\":\"https:\/\/portaltela.pt\/noticias\/2026\/03\/28\/atraso-sem-precedentes-fosso-para-o-podio-maior-da-era-antonio-salvador\/\"},\"wordCount\":255,\"image\":{\"@id\":\"https:\/\/portaltela.pt\/noticias\/2026\/03\/28\/atraso-sem-precedentes-fosso-para-o-podio-maior-da-era-antonio-salvador\/#primaryimage\"},\"thumbnailUrl\":\"https:\/\/portaltela.pt\/s.01k8rhncp4jt1\/2026\/03\/img_920x518uu2026-03-27-21-24-26-2429766.jpg\",\"keywords\":[\"Allianz Cup\",\"Braga\",\"competi\u00e7\u00e3o internacional\",\"Europa League\",\"futebol\",\"Sp. Braga\"],\"articleSection\":[\"Desporto\",\"Futebol\"],\"inLanguage\":\"pt-PT\"},{\"@type\":\"WebPage\",\"@id\":\"https:\/\/portaltela.pt\/noticias\/2026\/03\/28\/atraso-sem-precedentes-fosso-para-o-podio-maior-da-era-antonio-salvador\/\",\"url\":\"https:\/\/portaltela.pt\/noticias\/2026\/03\/28\/atraso-sem-precedentes-fosso-para-o-podio-maior-da-era-antonio-salvador\/\",\"name\":\"Atraso sem precedentes: fosso para o p\u00f3dio, maior da era Ant\u00f3nio Salvador - Portal Tela Portugal\",\"isPartOf\":{\"@id\":\"https:\/\/portaltela.pt\/#website\"},\"primaryImageOfPage\":{\"@id\":\"https:\/\/portaltela.pt\/noticias\/2026\/03\/28\/atraso-sem-precedentes-fosso-para-o-podio-maior-da-era-antonio-salvador\/#primaryimage\"},\"image\":{\"@id\":\"https:\/\/portaltela.pt\/noticias\/2026\/03\/28\/atraso-sem-precedentes-fosso-para-o-podio-maior-da-era-antonio-salvador\/#primaryimage\"},\"thumbnailUrl\":\"https:\/\/portaltela.pt\/s.01k8rhncp4jt1\/2026\/03\/img_920x518uu2026-03-27-21-24-26-2429766.jpg\",\"datePublished\":\"2026-03-28T06:11:00+00:00\",\"author\":{\"@id\":\"https:\/\/portaltela.pt\/#\/schema\/person\/c4278d4a6028830caff9ee44b42d32ed\"},\"breadcrumb\":{\"@id\":\"https:\/\/portaltela.pt\/noticias\/2026\/03\/28\/atraso-sem-precedentes-fosso-para-o-podio-maior-da-era-antonio-salvador\/#breadcrumb\"},\"inLanguage\":\"pt-PT\",\"potentialAction\":[{\"@type\":\"ReadAction\",\"target\":[\"https:\/\/portaltela.pt\/noticias\/2026\/03\/28\/atraso-sem-precedentes-fosso-para-o-podio-maior-da-era-antonio-salvador\/\"]}]},{\"@type\":\"ImageObject\",\"inLanguage\":\"pt-PT\",\"@id\":\"https:\/\/portaltela.pt\/noticias\/2026\/03\/28\/atraso-sem-precedentes-fosso-para-o-podio-maior-da-era-antonio-salvador\/#primaryimage\",\"url\":\"https:\/\/portaltela.pt\/s.01k8rhncp4jt1\/2026\/03\/img_920x518uu2026-03-27-21-24-26-2429766.jpg\",\"contentUrl\":\"https:\/\/portaltela.pt\/s.01k8rhncp4jt1\/2026\/03\/img_920x518uu2026-03-27-21-24-26-2429766.jpg\",\"width\":796,\"height\":448,\"caption\":\"Fosso do Sp. Braga para o p\u00f3dio \u00e9 o maior da era Ant\u00f3nio Salvador\"},{\"@type\":\"BreadcrumbList\",\"@id\":\"https:\/\/portaltela.pt\/noticias\/2026\/03\/28\/atraso-sem-precedentes-fosso-para-o-podio-maior-da-era-antonio-salvador\/#breadcrumb\",\"itemListElement\":[{\"@type\":\"ListItem\",\"position\":1,\"name\":\"In\u00edcio\",\"item\":\"https:\/\/portaltela.pt\/\"},{\"@type\":\"ListItem\",\"position\":2,\"name\":\"Atraso sem precedentes: fosso para o p\u00f3dio, maior da era Ant\u00f3nio Salvador\"}]},{\"@type\":\"WebSite\",\"@id\":\"https:\/\/portaltela.pt\/#website\",\"url\":\"https:\/\/portaltela.pt\/\",\"name\":\"Portal Tela Portugal\",\"description\":\"\",\"potentialAction\":[{\"@type\":\"SearchAction\",\"target\":{\"@type\":\"EntryPoint\",\"urlTemplate\":\"https:\/\/portaltela.pt\/?s={search_term_string}\"},\"query-input\":{\"@type\":\"PropertyValueSpecification\",\"valueRequired\":true,\"valueName\":\"search_term_string\"}}],\"inLanguage\":\"pt-PT\"},{\"@type\":\"Person\",\"@id\":\"https:\/\/portaltela.pt\/#\/schema\/person\/c4278d4a6028830caff9ee44b42d32ed\",\"name\":\"Telinha\",\"image\":{\"@type\":\"ImageObject\",\"inLanguage\":\"pt-PT\",\"@id\":\"https:\/\/portaltela.pt\/s.01k8rhncp4jt1\/2025\/11\/talking-bot-125x125.png\",\"url\":\"https:\/\/portaltela.pt\/s.01k8rhncp4jt1\/2025\/11\/talking-bot-125x125.png\",\"contentUrl\":\"https:\/\/portaltela.pt\/s.01k8rhncp4jt1\/2025\/11\/talking-bot-125x125.png\",\"caption\":\"Telinha\"},\"sameAs\":[\"https:\/\/portaltela.pt\/\"],\"url\":\"https:\/\/portaltela.pt\/por\/367410592786\/\"}]}<\/script>\n<!-- \/ Yoast SEO plugin. -->","yoast_head_json":{"title":"Atraso sem precedentes: fosso para o p\u00f3dio, maior da era Ant\u00f3nio Salvador - Portal Tela Portugal","robots":{"index":"index","follow":"follow","max-snippet":"max-snippet:-1","max-image-preview":"max-image-preview:large","max-video-preview":"max-video-preview:-1"},"og_locale":"pt_PT","og_type":"article","og_title":"Atraso sem precedentes: fosso para o p\u00f3dio, maior da era Ant\u00f3nio Salvador - Portal Tela Portugal","og_description":"O Sp. Braga entra nas \u00faltimas sete jornadas a dezenove pontos do Benfica, terceiro classificado. A equipa teve boa r\u00e9plica frente aos tr\u00eas grandes, chegou \u00e0 final da Allianz Cup e fez boa campanha europeia. No campeonato, o desempenho fica aqu\u00e9m das ambi\u00e7\u00f5es do presidente Ant\u00f3nio Salvador. O quarto lugar pode n\u00e3o estar garantido, com o Famalic\u00e3o a um ponto e o Gil Vicente a quatro. A desvantagem para o p\u00f3dio atingiu valores nunca antes vistos na era de Ant\u00f3nio Salvador.","og_url":"https:\/\/portaltela.pt\/noticias\/2026\/03\/28\/atraso-sem-precedentes-fosso-para-o-podio-maior-da-era-antonio-salvador\/","og_site_name":"Portal Tela Portugal","article_published_time":"2026-03-28T06:11:00+00:00","author":"Telinha","twitter_card":"summary_large_image","twitter_misc":{"Escrito por":"Telinha","Tempo estimado de leitura":"1 minuto"},"schema":{"@context":"https:\/\/schema.org","@graph":[{"@type":"Article","@id":"https:\/\/portaltela.pt\/noticias\/2026\/03\/28\/atraso-sem-precedentes-fosso-para-o-podio-maior-da-era-antonio-salvador\/#article","isPartOf":{"@id":"https:\/\/portaltela.pt\/noticias\/2026\/03\/28\/atraso-sem-precedentes-fosso-para-o-podio-maior-da-era-antonio-salvador\/"},"author":{"name":"Telinha","@id":"https:\/\/portaltela.pt\/#\/schema\/person\/c4278d4a6028830caff9ee44b42d32ed"},"headline":"Atraso sem precedentes: fosso para o p\u00f3dio, maior da era Ant\u00f3nio Salvador","datePublished":"2026-03-28T06:11:00+00:00","mainEntityOfPage":{"@id":"https:\/\/portaltela.pt\/noticias\/2026\/03\/28\/atraso-sem-precedentes-fosso-para-o-podio-maior-da-era-antonio-salvador\/"},"wordCount":255,"image":{"@id":"https:\/\/portaltela.pt\/noticias\/2026\/03\/28\/atraso-sem-precedentes-fosso-para-o-podio-maior-da-era-antonio-salvador\/#primaryimage"},"thumbnailUrl":"https:\/\/portaltela.pt\/s.01k8rhncp4jt1\/2026\/03\/img_920x518uu2026-03-27-21-24-26-2429766.jpg","keywords":["Allianz Cup","Braga","competi\u00e7\u00e3o internacional","Europa League","futebol","Sp. Braga"],"articleSection":["Desporto","Futebol"],"inLanguage":"pt-PT"},{"@type":"WebPage","@id":"https:\/\/portaltela.pt\/noticias\/2026\/03\/28\/atraso-sem-precedentes-fosso-para-o-podio-maior-da-era-antonio-salvador\/","url":"https:\/\/portaltela.pt\/noticias\/2026\/03\/28\/atraso-sem-precedentes-fosso-para-o-podio-maior-da-era-antonio-salvador\/","name":"Atraso sem precedentes: fosso para o p\u00f3dio, maior da era Ant\u00f3nio Salvador - Portal Tela Portugal","isPartOf":{"@id":"https:\/\/portaltela.pt\/#website"},"primaryImageOfPage":{"@id":"https:\/\/portaltela.pt\/noticias\/2026\/03\/28\/atraso-sem-precedentes-fosso-para-o-podio-maior-da-era-antonio-salvador\/#primaryimage"},"image":{"@id":"https:\/\/portaltela.pt\/noticias\/2026\/03\/28\/atraso-sem-precedentes-fosso-para-o-podio-maior-da-era-antonio-salvador\/#primaryimage"},"thumbnailUrl":"https:\/\/portaltela.pt\/s.01k8rhncp4jt1\/2026\/03\/img_920x518uu2026-03-27-21-24-26-2429766.jpg","datePublished":"2026-03-28T06:11:00+00:00","author":{"@id":"https:\/\/portaltela.pt\/#\/schema\/person\/c4278d4a6028830caff9ee44b42d32ed"},"breadcrumb":{"@id":"https:\/\/portaltela.pt\/noticias\/2026\/03\/28\/atraso-sem-precedentes-fosso-para-o-podio-maior-da-era-antonio-salvador\/#breadcrumb"},"inLanguage":"pt-PT","potentialAction":[{"@type":"ReadAction","target":["https:\/\/portaltela.pt\/noticias\/2026\/03\/28\/atraso-sem-precedentes-fosso-para-o-podio-maior-da-era-antonio-salvador\/"]}]},{"@type":"ImageObject","inLanguage":"pt-PT","@id":"https:\/\/portaltela.pt\/noticias\/2026\/03\/28\/atraso-sem-precedentes-fosso-para-o-podio-maior-da-era-antonio-salvador\/#primaryimage","url":"https:\/\/portaltela.pt\/s.01k8rhncp4jt1\/2026\/03\/img_920x518uu2026-03-27-21-24-26-2429766.jpg","contentUrl":"https:\/\/portaltela.pt\/s.01k8rhncp4jt1\/2026\/03\/img_920x518uu2026-03-27-21-24-26-2429766.jpg","width":796,"height":448,"caption":"Fosso do Sp. Braga para o p\u00f3dio \u00e9 o maior da era Ant\u00f3nio Salvador"},{"@type":"BreadcrumbList","@id":"https:\/\/portaltela.pt\/noticias\/2026\/03\/28\/atraso-sem-precedentes-fosso-para-o-podio-maior-da-era-antonio-salvador\/#breadcrumb","itemListElement":[{"@type":"ListItem","position":1,"name":"In\u00edcio","item":"https:\/\/portaltela.pt\/"},{"@type":"ListItem","position":2,"name":"Atraso sem precedentes: fosso para o p\u00f3dio, maior da era Ant\u00f3nio Salvador"}]},{"@type":"WebSite","@id":"https:\/\/portaltela.pt\/#website","url":"https:\/\/portaltela.pt\/","name":"Portal Tela Portugal","description":"","potentialAction":[{"@type":"SearchAction","target":{"@type":"EntryPoint","urlTemplate":"https:\/\/portaltela.pt\/?s={search_term_string}"},"query-input":{"@type":"PropertyValueSpecification","valueRequired":true,"valueName":"search_term_string"}}],"inLanguage":"pt-PT"},{"@type":"Person","@id":"https:\/\/portaltela.pt\/#\/schema\/person\/c4278d4a6028830caff9ee44b42d32ed","name":"Telinha","image":{"@type":"ImageObject","inLanguage":"pt-PT","@id":"https:\/\/portaltela.pt\/s.01k8rhncp4jt1\/2025\/11\/talking-bot-125x125.png","url":"https:\/\/portaltela.pt\/s.01k8rhncp4jt1\/2025\/11\/talking-bot-125x125.png","contentUrl":"https:\/\/portaltela.pt\/s.01k8rhncp4jt1\/2025\/11\/talking-bot-125x125.png","caption":"Telinha"},"sameAs":["https:\/\/portaltela.pt\/"],"url":"https:\/\/portaltela.pt\/por\/367410592786\/"}]}},"_links":{"self":[{"href":"https:\/\/portaltela.pt\/api\/wp\/v2\/posts\/424610","targetHints":{"allow":["GET"]}}],"collection":[{"href":"https:\/\/portaltela.pt\/api\/wp\/v2\/posts"}],"about":[{"href":"https:\/\/portaltela.pt\/api\/wp\/v2\/types\/post"}],"author":[{"embeddable":true,"href":"https:\/\/portaltela.pt\/api\/wp\/v2\/users\/2"}],"replies":[{"embeddable":true,"href":"https:\/\/portaltela.pt\/api\/wp\/v2\/comments?post=424610"}],"version-history":[{"count":0,"href":"https:\/\/portaltela.pt\/api\/wp\/v2\/posts\/424610\/revisions"}],"wp:featuredmedia":[{"embeddable":true,"href":"https:\/\/portaltela.pt\/api\/wp\/v2\/media\/424611"}],"wp:attachment":[{"href":"https:\/\/portaltela.pt\/api\/wp\/v2\/media?parent=424610"}],"wp:term":[{"taxonomy":"category","embeddable":true,"href":"https:\/\/portaltela.pt\/api\/wp\/v2\/categories?post=424610"},{"taxonomy":"post_tag","embeddable":true,"href":"https:\/\/portaltela.pt\/api\/wp\/v2\/tags?post=424610"}],"curies":[{"name":"wp","href":"https:\/\/api.w.org\/{rel}","templated":true}]}}