{"id":424608,"date":"2026-03-28T03:10:00","date_gmt":"2026-03-28T06:10:00","guid":{"rendered":"https:\/\/portaltela.pt\/noticias\/2026\/03\/28\/paigc-reune-comite-central-para-definir-o-futuro-do-historico-partido\/"},"modified":"2026-03-28T03:10:00","modified_gmt":"2026-03-28T06:10:00","slug":"paigc-reune-comite-central-para-definir-o-futuro-do-historico-partido","status":"publish","type":"post","link":"https:\/\/portaltela.pt\/noticias\/politica\/2026\/03\/28\/paigc-reune-comite-central-para-definir-o-futuro-do-historico-partido\/","title":{"rendered":"PAIGC re\u00fane Comit\u00e9 Central para definir o futuro do hist\u00f3rico partido"},"content":{"rendered":"<p>O Comit\u00e9 Central do PAIGC da Guin\u00e9-Bissau reuniu-se hoje para debater o futuro do partido hist\u00f3rico. Mais de 500 membros foram convocados, com a reuni\u00e3o a poder decorrer presencialmente ou online, em Bissau.<\/p>\n<p>O objetivo \u00e9 definir diretrizes estrat\u00e9gicas e projetar os pr\u00f3ximos passos pol\u00edticos do PAIGC, cuja atua\u00e7\u00e3o concentra-se no cen\u00e1rio nacional.<\/p>\n<p>At\u00e9 ao momento, n\u00e3o foram divulgadas decis\u00f5es finais; o grupo re\u00fane-se com representantes de diversas estruturas e alas do partido para avaliar caminhos futuros.<\/p>\n","protected":false},"excerpt":{"rendered":"<ul>\n<li>Mais de 500 membros do Comit\u00e9 Central do PAIGC, da Guin\u00e9-Bissau, foram convocados para a reuni\u00e3o.<\/li>\n<li>A sess\u00e3o visa discutir o futuro do hist\u00f3rico partido hoje.<\/li>\n<li>O encontro pode ser realizado presencialmente ou online.<\/li>\n<li>O PAIGC \u00e9 descrito como o hist\u00f3rico partido guineense.<\/li>\n<li>O conte\u00fado completo est\u00e1 dispon\u00edvel apenas para subscritores.<\/li>\n<\/ul>\n","protected":false},"author":2,"featured_media":424609,"comment_status":"closed","ping_status":"closed","sticky":false,"template":"","format":"standard","meta":{"footnotes":""},"categories":[1,5],"tags":[5804,215,136,4935,1732,2832],"class_list":["post-424608","post","type-post","status-publish","format-standard","has-post-thumbnail","hentry","category-noticias","category-politica","tag-comunicacao-institucional","tag-investigacao","tag-organizacoes","tag-paigc","tag-partidos","tag-politica"],"yoast_head":"<!-- This site is optimized with the Yoast SEO plugin v27.2 - https:\/\/yoast.com\/product\/yoast-seo-wordpress\/ -->\n<title>PAIGC re\u00fane Comit\u00e9 Central para definir o futuro do hist\u00f3rico partido - Portal Tela Portugal<\/title>\n<meta name=\"robots\" content=\"index, follow, max-snippet:-1, max-image-preview:large, max-video-preview:-1\" \/>\n<meta property=\"og:locale\" content=\"pt_PT\" \/>\n<meta property=\"og:type\" content=\"article\" \/>\n<meta property=\"og:title\" content=\"PAIGC re\u00fane Comit\u00e9 Central para definir o futuro do hist\u00f3rico partido - Portal Tela Portugal\" \/>\n<meta property=\"og:description\" content=\"Mais de 500 membros do Comit\u00e9 Central do PAIGC, da Guin\u00e9-Bissau, foram convocados para a reuni\u00e3o. A sess\u00e3o visa discutir o futuro do hist\u00f3rico partido hoje. O encontro pode ser realizado presencialmente ou online. O PAIGC \u00e9 descrito como o hist\u00f3rico partido guineense. O conte\u00fado completo est\u00e1 dispon\u00edvel apenas para subscritores.\" \/>\n<meta property=\"og:url\" content=\"https:\/\/portaltela.pt\/noticias\/2026\/03\/28\/paigc-reune-comite-central-para-definir-o-futuro-do-historico-partido\/\" \/>\n<meta property=\"og:site_name\" content=\"Portal Tela Portugal\" \/>\n<meta property=\"article:published_time\" content=\"2026-03-28T06:10:00+00:00\" \/>\n<meta name=\"author\" content=\"Telinha\" \/>\n<meta name=\"twitter:card\" content=\"summary_large_image\" \/>\n<meta name=\"twitter:label1\" content=\"Escrito por\" \/>\n\t<meta name=\"twitter:data1\" content=\"Telinha\" \/>\n<script type=\"application\/ld+json\" class=\"yoast-schema-graph\">{\"@context\":\"https:\/\/schema.org\",\"@graph\":[{\"@type\":\"Article\",\"@id\":\"https:\/\/portaltela.pt\/noticias\/2026\/03\/28\/paigc-reune-comite-central-para-definir-o-futuro-do-historico-partido\/#article\",\"isPartOf\":{\"@id\":\"https:\/\/portaltela.pt\/noticias\/2026\/03\/28\/paigc-reune-comite-central-para-definir-o-futuro-do-historico-partido\/\"},\"author\":{\"name\":\"Telinha\",\"@id\":\"https:\/\/portaltela.pt\/#\/schema\/person\/c4278d4a6028830caff9ee44b42d32ed\"},\"headline\":\"PAIGC re\u00fane Comit\u00e9 Central para definir o futuro do hist\u00f3rico partido\",\"datePublished\":\"2026-03-28T06:10:00+00:00\",\"mainEntityOfPage\":{\"@id\":\"https:\/\/portaltela.pt\/noticias\/2026\/03\/28\/paigc-reune-comite-central-para-definir-o-futuro-do-historico-partido\/\"},\"wordCount\":99,\"image\":{\"@id\":\"https:\/\/portaltela.pt\/noticias\/2026\/03\/28\/paigc-reune-comite-central-para-definir-o-futuro-do-historico-partido\/#primaryimage\"},\"thumbnailUrl\":\"https:\/\/portaltela.pt\/s.01k8rhncp4jt1\/2026\/03\/CACHE_780X1200_ANALOG_WATERMARKED_41870458_3250367_19112023051520.jpg\",\"keywords\":[\"comunica\u00e7\u00e3o institucional\",\"investiga\u00e7\u00e3o\",\"organiza\u00e7\u00f5es\",\"PAIGC\",\"partidos\",\"pol\u00edtica\"],\"articleSection\":[\"Not\u00edcias\",\"Pol\u00edtica\"],\"inLanguage\":\"pt-PT\"},{\"@type\":\"WebPage\",\"@id\":\"https:\/\/portaltela.pt\/noticias\/2026\/03\/28\/paigc-reune-comite-central-para-definir-o-futuro-do-historico-partido\/\",\"url\":\"https:\/\/portaltela.pt\/noticias\/2026\/03\/28\/paigc-reune-comite-central-para-definir-o-futuro-do-historico-partido\/\",\"name\":\"PAIGC re\u00fane Comit\u00e9 Central para definir o futuro do hist\u00f3rico partido - Portal Tela Portugal\",\"isPartOf\":{\"@id\":\"https:\/\/portaltela.pt\/#website\"},\"primaryImageOfPage\":{\"@id\":\"https:\/\/portaltela.pt\/noticias\/2026\/03\/28\/paigc-reune-comite-central-para-definir-o-futuro-do-historico-partido\/#primaryimage\"},\"image\":{\"@id\":\"https:\/\/portaltela.pt\/noticias\/2026\/03\/28\/paigc-reune-comite-central-para-definir-o-futuro-do-historico-partido\/#primaryimage\"},\"thumbnailUrl\":\"https:\/\/portaltela.pt\/s.01k8rhncp4jt1\/2026\/03\/CACHE_780X1200_ANALOG_WATERMARKED_41870458_3250367_19112023051520.jpg\",\"datePublished\":\"2026-03-28T06:10:00+00:00\",\"author\":{\"@id\":\"https:\/\/portaltela.pt\/#\/schema\/person\/c4278d4a6028830caff9ee44b42d32ed\"},\"breadcrumb\":{\"@id\":\"https:\/\/portaltela.pt\/noticias\/2026\/03\/28\/paigc-reune-comite-central-para-definir-o-futuro-do-historico-partido\/#breadcrumb\"},\"inLanguage\":\"pt-PT\",\"potentialAction\":[{\"@type\":\"ReadAction\",\"target\":[\"https:\/\/portaltela.pt\/noticias\/2026\/03\/28\/paigc-reune-comite-central-para-definir-o-futuro-do-historico-partido\/\"]}]},{\"@type\":\"ImageObject\",\"inLanguage\":\"pt-PT\",\"@id\":\"https:\/\/portaltela.pt\/noticias\/2026\/03\/28\/paigc-reune-comite-central-para-definir-o-futuro-do-historico-partido\/#primaryimage\",\"url\":\"https:\/\/portaltela.pt\/s.01k8rhncp4jt1\/2026\/03\/CACHE_780X1200_ANALOG_WATERMARKED_41870458_3250367_19112023051520.jpg\",\"contentUrl\":\"https:\/\/portaltela.pt\/s.01k8rhncp4jt1\/2026\/03\/CACHE_780X1200_ANALOG_WATERMARKED_41870458_3250367_19112023051520.jpg\",\"width\":796,\"height\":448,\"caption\":\"PAIGC re\u00fane Comit\u00e9 Central para discutir futuro do hist\u00f3rico partido\"},{\"@type\":\"BreadcrumbList\",\"@id\":\"https:\/\/portaltela.pt\/noticias\/2026\/03\/28\/paigc-reune-comite-central-para-definir-o-futuro-do-historico-partido\/#breadcrumb\",\"itemListElement\":[{\"@type\":\"ListItem\",\"position\":1,\"name\":\"In\u00edcio\",\"item\":\"https:\/\/portaltela.pt\/\"},{\"@type\":\"ListItem\",\"position\":2,\"name\":\"PAIGC re\u00fane Comit\u00e9 Central para definir o futuro do hist\u00f3rico partido\"}]},{\"@type\":\"WebSite\",\"@id\":\"https:\/\/portaltela.pt\/#website\",\"url\":\"https:\/\/portaltela.pt\/\",\"name\":\"Portal Tela Portugal\",\"description\":\"\",\"potentialAction\":[{\"@type\":\"SearchAction\",\"target\":{\"@type\":\"EntryPoint\",\"urlTemplate\":\"https:\/\/portaltela.pt\/?s={search_term_string}\"},\"query-input\":{\"@type\":\"PropertyValueSpecification\",\"valueRequired\":true,\"valueName\":\"search_term_string\"}}],\"inLanguage\":\"pt-PT\"},{\"@type\":\"Person\",\"@id\":\"https:\/\/portaltela.pt\/#\/schema\/person\/c4278d4a6028830caff9ee44b42d32ed\",\"name\":\"Telinha\",\"image\":{\"@type\":\"ImageObject\",\"inLanguage\":\"pt-PT\",\"@id\":\"https:\/\/portaltela.pt\/s.01k8rhncp4jt1\/2025\/11\/talking-bot-125x125.png\",\"url\":\"https:\/\/portaltela.pt\/s.01k8rhncp4jt1\/2025\/11\/talking-bot-125x125.png\",\"contentUrl\":\"https:\/\/portaltela.pt\/s.01k8rhncp4jt1\/2025\/11\/talking-bot-125x125.png\",\"caption\":\"Telinha\"},\"sameAs\":[\"https:\/\/portaltela.pt\/\"],\"url\":\"https:\/\/portaltela.pt\/por\/367410592786\/\"}]}<\/script>\n<!-- \/ Yoast SEO plugin. -->","yoast_head_json":{"title":"PAIGC re\u00fane Comit\u00e9 Central para definir o futuro do hist\u00f3rico partido - Portal Tela Portugal","robots":{"index":"index","follow":"follow","max-snippet":"max-snippet:-1","max-image-preview":"max-image-preview:large","max-video-preview":"max-video-preview:-1"},"og_locale":"pt_PT","og_type":"article","og_title":"PAIGC re\u00fane Comit\u00e9 Central para definir o futuro do hist\u00f3rico partido - Portal Tela Portugal","og_description":"Mais de 500 membros do Comit\u00e9 Central do PAIGC, da Guin\u00e9-Bissau, foram convocados para a reuni\u00e3o. A sess\u00e3o visa discutir o futuro do hist\u00f3rico partido hoje. O encontro pode ser realizado presencialmente ou online. O PAIGC \u00e9 descrito como o hist\u00f3rico partido guineense. O conte\u00fado completo est\u00e1 dispon\u00edvel apenas para subscritores.","og_url":"https:\/\/portaltela.pt\/noticias\/2026\/03\/28\/paigc-reune-comite-central-para-definir-o-futuro-do-historico-partido\/","og_site_name":"Portal Tela Portugal","article_published_time":"2026-03-28T06:10:00+00:00","author":"Telinha","twitter_card":"summary_large_image","twitter_misc":{"Escrito por":"Telinha"},"schema":{"@context":"https:\/\/schema.org","@graph":[{"@type":"Article","@id":"https:\/\/portaltela.pt\/noticias\/2026\/03\/28\/paigc-reune-comite-central-para-definir-o-futuro-do-historico-partido\/#article","isPartOf":{"@id":"https:\/\/portaltela.pt\/noticias\/2026\/03\/28\/paigc-reune-comite-central-para-definir-o-futuro-do-historico-partido\/"},"author":{"name":"Telinha","@id":"https:\/\/portaltela.pt\/#\/schema\/person\/c4278d4a6028830caff9ee44b42d32ed"},"headline":"PAIGC re\u00fane Comit\u00e9 Central para definir o futuro do hist\u00f3rico partido","datePublished":"2026-03-28T06:10:00+00:00","mainEntityOfPage":{"@id":"https:\/\/portaltela.pt\/noticias\/2026\/03\/28\/paigc-reune-comite-central-para-definir-o-futuro-do-historico-partido\/"},"wordCount":99,"image":{"@id":"https:\/\/portaltela.pt\/noticias\/2026\/03\/28\/paigc-reune-comite-central-para-definir-o-futuro-do-historico-partido\/#primaryimage"},"thumbnailUrl":"https:\/\/portaltela.pt\/s.01k8rhncp4jt1\/2026\/03\/CACHE_780X1200_ANALOG_WATERMARKED_41870458_3250367_19112023051520.jpg","keywords":["comunica\u00e7\u00e3o institucional","investiga\u00e7\u00e3o","organiza\u00e7\u00f5es","PAIGC","partidos","pol\u00edtica"],"articleSection":["Not\u00edcias","Pol\u00edtica"],"inLanguage":"pt-PT"},{"@type":"WebPage","@id":"https:\/\/portaltela.pt\/noticias\/2026\/03\/28\/paigc-reune-comite-central-para-definir-o-futuro-do-historico-partido\/","url":"https:\/\/portaltela.pt\/noticias\/2026\/03\/28\/paigc-reune-comite-central-para-definir-o-futuro-do-historico-partido\/","name":"PAIGC re\u00fane Comit\u00e9 Central para definir o futuro do hist\u00f3rico partido - Portal Tela Portugal","isPartOf":{"@id":"https:\/\/portaltela.pt\/#website"},"primaryImageOfPage":{"@id":"https:\/\/portaltela.pt\/noticias\/2026\/03\/28\/paigc-reune-comite-central-para-definir-o-futuro-do-historico-partido\/#primaryimage"},"image":{"@id":"https:\/\/portaltela.pt\/noticias\/2026\/03\/28\/paigc-reune-comite-central-para-definir-o-futuro-do-historico-partido\/#primaryimage"},"thumbnailUrl":"https:\/\/portaltela.pt\/s.01k8rhncp4jt1\/2026\/03\/CACHE_780X1200_ANALOG_WATERMARKED_41870458_3250367_19112023051520.jpg","datePublished":"2026-03-28T06:10:00+00:00","author":{"@id":"https:\/\/portaltela.pt\/#\/schema\/person\/c4278d4a6028830caff9ee44b42d32ed"},"breadcrumb":{"@id":"https:\/\/portaltela.pt\/noticias\/2026\/03\/28\/paigc-reune-comite-central-para-definir-o-futuro-do-historico-partido\/#breadcrumb"},"inLanguage":"pt-PT","potentialAction":[{"@type":"ReadAction","target":["https:\/\/portaltela.pt\/noticias\/2026\/03\/28\/paigc-reune-comite-central-para-definir-o-futuro-do-historico-partido\/"]}]},{"@type":"ImageObject","inLanguage":"pt-PT","@id":"https:\/\/portaltela.pt\/noticias\/2026\/03\/28\/paigc-reune-comite-central-para-definir-o-futuro-do-historico-partido\/#primaryimage","url":"https:\/\/portaltela.pt\/s.01k8rhncp4jt1\/2026\/03\/CACHE_780X1200_ANALOG_WATERMARKED_41870458_3250367_19112023051520.jpg","contentUrl":"https:\/\/portaltela.pt\/s.01k8rhncp4jt1\/2026\/03\/CACHE_780X1200_ANALOG_WATERMARKED_41870458_3250367_19112023051520.jpg","width":796,"height":448,"caption":"PAIGC re\u00fane Comit\u00e9 Central para discutir futuro do hist\u00f3rico partido"},{"@type":"BreadcrumbList","@id":"https:\/\/portaltela.pt\/noticias\/2026\/03\/28\/paigc-reune-comite-central-para-definir-o-futuro-do-historico-partido\/#breadcrumb","itemListElement":[{"@type":"ListItem","position":1,"name":"In\u00edcio","item":"https:\/\/portaltela.pt\/"},{"@type":"ListItem","position":2,"name":"PAIGC re\u00fane Comit\u00e9 Central para definir o futuro do hist\u00f3rico partido"}]},{"@type":"WebSite","@id":"https:\/\/portaltela.pt\/#website","url":"https:\/\/portaltela.pt\/","name":"Portal Tela Portugal","description":"","potentialAction":[{"@type":"SearchAction","target":{"@type":"EntryPoint","urlTemplate":"https:\/\/portaltela.pt\/?s={search_term_string}"},"query-input":{"@type":"PropertyValueSpecification","valueRequired":true,"valueName":"search_term_string"}}],"inLanguage":"pt-PT"},{"@type":"Person","@id":"https:\/\/portaltela.pt\/#\/schema\/person\/c4278d4a6028830caff9ee44b42d32ed","name":"Telinha","image":{"@type":"ImageObject","inLanguage":"pt-PT","@id":"https:\/\/portaltela.pt\/s.01k8rhncp4jt1\/2025\/11\/talking-bot-125x125.png","url":"https:\/\/portaltela.pt\/s.01k8rhncp4jt1\/2025\/11\/talking-bot-125x125.png","contentUrl":"https:\/\/portaltela.pt\/s.01k8rhncp4jt1\/2025\/11\/talking-bot-125x125.png","caption":"Telinha"},"sameAs":["https:\/\/portaltela.pt\/"],"url":"https:\/\/portaltela.pt\/por\/367410592786\/"}]}},"_links":{"self":[{"href":"https:\/\/portaltela.pt\/api\/wp\/v2\/posts\/424608","targetHints":{"allow":["GET"]}}],"collection":[{"href":"https:\/\/portaltela.pt\/api\/wp\/v2\/posts"}],"about":[{"href":"https:\/\/portaltela.pt\/api\/wp\/v2\/types\/post"}],"author":[{"embeddable":true,"href":"https:\/\/portaltela.pt\/api\/wp\/v2\/users\/2"}],"replies":[{"embeddable":true,"href":"https:\/\/portaltela.pt\/api\/wp\/v2\/comments?post=424608"}],"version-history":[{"count":0,"href":"https:\/\/portaltela.pt\/api\/wp\/v2\/posts\/424608\/revisions"}],"wp:featuredmedia":[{"embeddable":true,"href":"https:\/\/portaltela.pt\/api\/wp\/v2\/media\/424609"}],"wp:attachment":[{"href":"https:\/\/portaltela.pt\/api\/wp\/v2\/media?parent=424608"}],"wp:term":[{"taxonomy":"category","embeddable":true,"href":"https:\/\/portaltela.pt\/api\/wp\/v2\/categories?post=424608"},{"taxonomy":"post_tag","embeddable":true,"href":"https:\/\/portaltela.pt\/api\/wp\/v2\/tags?post=424608"}],"curies":[{"name":"wp","href":"https:\/\/api.w.org\/{rel}","templated":true}]}}