{"id":424586,"date":"2026-03-27T23:37:00","date_gmt":"2026-03-28T02:37:00","guid":{"rendered":"https:\/\/portaltela.pt\/noticias\/2026\/03\/27\/albufeira-destaca-se-no-voleibol\/"},"modified":"2026-03-27T23:37:00","modified_gmt":"2026-03-28T02:37:00","slug":"albufeira-destaca-se-no-voleibol","status":"publish","type":"post","link":"https:\/\/portaltela.pt\/desporto\/futebol\/2026\/03\/27\/albufeira-destaca-se-no-voleibol\/","title":{"rendered":"Albufeira destaca-se no voleibol"},"content":{"rendered":"<p>Albufeira recebeu a Final 4 da Ta\u00e7a de Portugal de voleibol masculino, com um d\u00e9rbi disputado at\u00e9 ao quinto set (23-21) e o Sporting a vencer o Benfica. O evento decorreu num pavil\u00e3o praticamente cheio, evidenciando o formato da competi\u00e7\u00e3o e o p\u00fablico presente.<\/p>\n<p>A autarquia destacou o sucesso da organiza\u00e7\u00e3o e o impacto estrat\u00e9gico para a cidade, integrada na candidatura a Cidade Europeia do Desporto 2026. O presidente da C\u00e2mara, Rui Cristina, sublinhou que o evento ajuda a combater a sazonalidade do turismo e refor\u00e7a a hospitalidade algarvia e as infraestruturas locais.<\/p>\n<h3>Tr\u00eas trunfos na manga da FPV<\/h3>\n<p>A parceria entre a Federa\u00e7\u00e3o Portuguesa de Voleibol e Albufeira fica consolidada ap\u00f3s 15 anos. O Diretor T\u00e9cnico Nacional revelou que a Ta\u00e7a de Portugal \u00e9 apenas o come\u00e7o de tr\u00eas grandes eventos previstos para a cidade.<\/p>\n<ul>\n<li>Final 4 da Ta\u00e7a de Portugal, j\u00e1 realizado com sucesso de p\u00fablico e cr\u00edtica.<\/li>\n<li>Europeu de Sub-22 Masculinos, de 29 de junho a 4 de julho de 2026, no Algarve, com oito sele\u00e7\u00f5es continentais.<\/li>\n<li>Final do Circuito Nacional de Voleibol de Praia, em agosto, na Praia dos Pescadores, para decidir os novos campe\u00f5es nacionais.<\/li>\n<\/ul>\n<h3>Descentralizar para crescer<\/h3>\n<p>O l\u00edder da FPV, Vicente Ara\u00fajo, apontou o apoio cont\u00ednuo da autarquia como essencial para acelerar o crescimento desportivo no Algarve. A Federa\u00e7\u00e3o pretende levar o voleibol de alta performance para fora do eixo Lisboa-Porto, aproximando podemos de sul aos seus f\u00e3s.<\/p>\n<p>Com clima ameno, hotelaria de luxo e organiza\u00e7\u00e3o j\u00e1 testada, Albufeira prepara-se para um ver\u00e3o de 2026 com o voleibol de elite no centro das aten\u00e7\u00f5es, mantendo o foco na qualidade e na profissionalidade das opera\u00e7\u00f5es.<\/p>\n","protected":false},"excerpt":{"rendered":"<ul>\n<li>O Sporting venceu o Benfica por 23-21 no quinto set da final masculina da Ta\u00e7a de Portugal de voleibol, em Albufeira.<\/li>\n<li>O d\u00e9rbi foi marcado por um pavilh\u00e3o praticamente esgotado e um ambiente de festa.<\/li>\n<li>O presidente da C\u00e2mara Municipal de Albufeira, Rui Cristina, disse que o evento refor\u00e7a a estrat\u00e9gia da cidade como Cidade Europeia do Desporto 2026 e ajuda a combater a sazonalidade do turismo.<\/li>\n<li>A Federa\u00e7\u00e3o Portuguesa de Voleibol e Albufeira j\u00e1 anunciaram tr\u00eas grandes eventos: j\u00e1 realizou-se a Final Four, segue-se o Europeu de Sub-22 Masculinos de 29 de junho a 4 de julho de 2026, e a final do Circuito Nacional de Voleibol de Praia em agosto na Praia dos Pescadores.<\/li>\n<li>O l\u00edder da FPV, Vicente Ara\u00fajo, destacou o apoio da autarquia e a descentraliza\u00e7\u00e3o do voleibol de alta performance para o Algarve.<\/li>\n<\/ul>\n","protected":false},"author":2,"featured_media":424587,"comment_status":"closed","ping_status":"closed","sticky":false,"template":"","format":"standard","meta":{"footnotes":""},"categories":[21,24],"tags":[1202,928,6525,152,3731,181],"class_list":["post-424586","post","type-post","status-publish","format-standard","has-post-thumbnail","hentry","category-desporto","category-futebol","tag-albufeira","tag-algarve","tag-cidade-europeia-do-desporto-2026","tag-desporto","tag-eventos","tag-voleibol"],"yoast_head":"<!-- This site is optimized with the Yoast SEO plugin v27.2 - https:\/\/yoast.com\/product\/yoast-seo-wordpress\/ -->\n<title>Albufeira destaca-se no voleibol - Portal Tela Portugal<\/title>\n<meta name=\"robots\" content=\"index, follow, max-snippet:-1, max-image-preview:large, max-video-preview:-1\" \/>\n<meta property=\"og:locale\" content=\"pt_PT\" \/>\n<meta property=\"og:type\" content=\"article\" \/>\n<meta property=\"og:title\" content=\"Albufeira destaca-se no voleibol - Portal Tela Portugal\" \/>\n<meta property=\"og:description\" content=\"O Sporting venceu o Benfica por 23-21 no quinto set da final masculina da Ta\u00e7a de Portugal de voleibol, em Albufeira. O d\u00e9rbi foi marcado por um pavilh\u00e3o praticamente esgotado e um ambiente de festa. O presidente da C\u00e2mara Municipal de Albufeira, Rui Cristina, disse que o evento refor\u00e7a a estrat\u00e9gia da cidade como Cidade Europeia do Desporto 2026 e ajuda a combater a sazonalidade do turismo. A Federa\u00e7\u00e3o Portuguesa de Voleibol e Albufeira j\u00e1 anunciaram tr\u00eas grandes eventos: j\u00e1 realizou-se a Final Four, segue-se o Europeu de Sub-22 Masculinos de 29 de junho a 4 de julho de 2026, e a final do Circuito Nacional de Voleibol de Praia em agosto na Praia dos Pescadores. O l\u00edder da FPV, Vicente Ara\u00fajo, destacou o apoio da autarquia e a descentraliza\u00e7\u00e3o do voleibol de alta performance para o Algarve.\" \/>\n<meta property=\"og:url\" content=\"https:\/\/portaltela.pt\/noticias\/2026\/03\/27\/albufeira-destaca-se-no-voleibol\/\" \/>\n<meta property=\"og:site_name\" content=\"Portal Tela Portugal\" \/>\n<meta property=\"article:published_time\" content=\"2026-03-28T02:37:00+00:00\" \/>\n<meta name=\"author\" content=\"Telinha\" \/>\n<meta name=\"twitter:card\" content=\"summary_large_image\" \/>\n<meta name=\"twitter:label1\" content=\"Escrito por\" \/>\n\t<meta name=\"twitter:data1\" content=\"Telinha\" \/>\n\t<meta name=\"twitter:label2\" content=\"Tempo estimado de leitura\" \/>\n\t<meta name=\"twitter:data2\" content=\"1 minuto\" \/>\n<script type=\"application\/ld+json\" class=\"yoast-schema-graph\">{\"@context\":\"https:\/\/schema.org\",\"@graph\":[{\"@type\":\"Article\",\"@id\":\"https:\/\/portaltela.pt\/noticias\/2026\/03\/27\/albufeira-destaca-se-no-voleibol\/#article\",\"isPartOf\":{\"@id\":\"https:\/\/portaltela.pt\/noticias\/2026\/03\/27\/albufeira-destaca-se-no-voleibol\/\"},\"author\":{\"name\":\"Telinha\",\"@id\":\"https:\/\/portaltela.pt\/#\/schema\/person\/c4278d4a6028830caff9ee44b42d32ed\"},\"headline\":\"Albufeira destaca-se no voleibol\",\"datePublished\":\"2026-03-28T02:37:00+00:00\",\"mainEntityOfPage\":{\"@id\":\"https:\/\/portaltela.pt\/noticias\/2026\/03\/27\/albufeira-destaca-se-no-voleibol\/\"},\"wordCount\":296,\"image\":{\"@id\":\"https:\/\/portaltela.pt\/noticias\/2026\/03\/27\/albufeira-destaca-se-no-voleibol\/#primaryimage\"},\"thumbnailUrl\":\"https:\/\/portaltela.pt\/s.01k8rhncp4jt1\/2026\/03\/img_1200x721uu2026-03-26-15-40-05-2429476.jpg\",\"keywords\":[\"Albufeira\",\"Algarve\",\"Cidade Europeia do Desporto 2026\",\"desporto\",\"eventos\",\"voleibol\"],\"articleSection\":[\"Desporto\",\"Futebol\"],\"inLanguage\":\"pt-PT\"},{\"@type\":\"WebPage\",\"@id\":\"https:\/\/portaltela.pt\/noticias\/2026\/03\/27\/albufeira-destaca-se-no-voleibol\/\",\"url\":\"https:\/\/portaltela.pt\/noticias\/2026\/03\/27\/albufeira-destaca-se-no-voleibol\/\",\"name\":\"Albufeira destaca-se no voleibol - Portal Tela Portugal\",\"isPartOf\":{\"@id\":\"https:\/\/portaltela.pt\/#website\"},\"primaryImageOfPage\":{\"@id\":\"https:\/\/portaltela.pt\/noticias\/2026\/03\/27\/albufeira-destaca-se-no-voleibol\/#primaryimage\"},\"image\":{\"@id\":\"https:\/\/portaltela.pt\/noticias\/2026\/03\/27\/albufeira-destaca-se-no-voleibol\/#primaryimage\"},\"thumbnailUrl\":\"https:\/\/portaltela.pt\/s.01k8rhncp4jt1\/2026\/03\/img_1200x721uu2026-03-26-15-40-05-2429476.jpg\",\"datePublished\":\"2026-03-28T02:37:00+00:00\",\"author\":{\"@id\":\"https:\/\/portaltela.pt\/#\/schema\/person\/c4278d4a6028830caff9ee44b42d32ed\"},\"breadcrumb\":{\"@id\":\"https:\/\/portaltela.pt\/noticias\/2026\/03\/27\/albufeira-destaca-se-no-voleibol\/#breadcrumb\"},\"inLanguage\":\"pt-PT\",\"potentialAction\":[{\"@type\":\"ReadAction\",\"target\":[\"https:\/\/portaltela.pt\/noticias\/2026\/03\/27\/albufeira-destaca-se-no-voleibol\/\"]}]},{\"@type\":\"ImageObject\",\"inLanguage\":\"pt-PT\",\"@id\":\"https:\/\/portaltela.pt\/noticias\/2026\/03\/27\/albufeira-destaca-se-no-voleibol\/#primaryimage\",\"url\":\"https:\/\/portaltela.pt\/s.01k8rhncp4jt1\/2026\/03\/img_1200x721uu2026-03-26-15-40-05-2429476.jpg\",\"contentUrl\":\"https:\/\/portaltela.pt\/s.01k8rhncp4jt1\/2026\/03\/img_1200x721uu2026-03-26-15-40-05-2429476.jpg\",\"width\":796,\"height\":448,\"caption\":\"Albufeira brilha com o voleibol\"},{\"@type\":\"BreadcrumbList\",\"@id\":\"https:\/\/portaltela.pt\/noticias\/2026\/03\/27\/albufeira-destaca-se-no-voleibol\/#breadcrumb\",\"itemListElement\":[{\"@type\":\"ListItem\",\"position\":1,\"name\":\"In\u00edcio\",\"item\":\"https:\/\/portaltela.pt\/\"},{\"@type\":\"ListItem\",\"position\":2,\"name\":\"Albufeira destaca-se no voleibol\"}]},{\"@type\":\"WebSite\",\"@id\":\"https:\/\/portaltela.pt\/#website\",\"url\":\"https:\/\/portaltela.pt\/\",\"name\":\"Portal Tela Portugal\",\"description\":\"\",\"potentialAction\":[{\"@type\":\"SearchAction\",\"target\":{\"@type\":\"EntryPoint\",\"urlTemplate\":\"https:\/\/portaltela.pt\/?s={search_term_string}\"},\"query-input\":{\"@type\":\"PropertyValueSpecification\",\"valueRequired\":true,\"valueName\":\"search_term_string\"}}],\"inLanguage\":\"pt-PT\"},{\"@type\":\"Person\",\"@id\":\"https:\/\/portaltela.pt\/#\/schema\/person\/c4278d4a6028830caff9ee44b42d32ed\",\"name\":\"Telinha\",\"image\":{\"@type\":\"ImageObject\",\"inLanguage\":\"pt-PT\",\"@id\":\"https:\/\/portaltela.pt\/s.01k8rhncp4jt1\/2025\/11\/talking-bot-125x125.png\",\"url\":\"https:\/\/portaltela.pt\/s.01k8rhncp4jt1\/2025\/11\/talking-bot-125x125.png\",\"contentUrl\":\"https:\/\/portaltela.pt\/s.01k8rhncp4jt1\/2025\/11\/talking-bot-125x125.png\",\"caption\":\"Telinha\"},\"sameAs\":[\"https:\/\/portaltela.pt\/\"],\"url\":\"https:\/\/portaltela.pt\/por\/367410592786\/\"}]}<\/script>\n<!-- \/ Yoast SEO plugin. -->","yoast_head_json":{"title":"Albufeira destaca-se no voleibol - Portal Tela Portugal","robots":{"index":"index","follow":"follow","max-snippet":"max-snippet:-1","max-image-preview":"max-image-preview:large","max-video-preview":"max-video-preview:-1"},"og_locale":"pt_PT","og_type":"article","og_title":"Albufeira destaca-se no voleibol - Portal Tela Portugal","og_description":"O Sporting venceu o Benfica por 23-21 no quinto set da final masculina da Ta\u00e7a de Portugal de voleibol, em Albufeira. O d\u00e9rbi foi marcado por um pavilh\u00e3o praticamente esgotado e um ambiente de festa. O presidente da C\u00e2mara Municipal de Albufeira, Rui Cristina, disse que o evento refor\u00e7a a estrat\u00e9gia da cidade como Cidade Europeia do Desporto 2026 e ajuda a combater a sazonalidade do turismo. A Federa\u00e7\u00e3o Portuguesa de Voleibol e Albufeira j\u00e1 anunciaram tr\u00eas grandes eventos: j\u00e1 realizou-se a Final Four, segue-se o Europeu de Sub-22 Masculinos de 29 de junho a 4 de julho de 2026, e a final do Circuito Nacional de Voleibol de Praia em agosto na Praia dos Pescadores. O l\u00edder da FPV, Vicente Ara\u00fajo, destacou o apoio da autarquia e a descentraliza\u00e7\u00e3o do voleibol de alta performance para o Algarve.","og_url":"https:\/\/portaltela.pt\/noticias\/2026\/03\/27\/albufeira-destaca-se-no-voleibol\/","og_site_name":"Portal Tela Portugal","article_published_time":"2026-03-28T02:37:00+00:00","author":"Telinha","twitter_card":"summary_large_image","twitter_misc":{"Escrito por":"Telinha","Tempo estimado de leitura":"1 minuto"},"schema":{"@context":"https:\/\/schema.org","@graph":[{"@type":"Article","@id":"https:\/\/portaltela.pt\/noticias\/2026\/03\/27\/albufeira-destaca-se-no-voleibol\/#article","isPartOf":{"@id":"https:\/\/portaltela.pt\/noticias\/2026\/03\/27\/albufeira-destaca-se-no-voleibol\/"},"author":{"name":"Telinha","@id":"https:\/\/portaltela.pt\/#\/schema\/person\/c4278d4a6028830caff9ee44b42d32ed"},"headline":"Albufeira destaca-se no voleibol","datePublished":"2026-03-28T02:37:00+00:00","mainEntityOfPage":{"@id":"https:\/\/portaltela.pt\/noticias\/2026\/03\/27\/albufeira-destaca-se-no-voleibol\/"},"wordCount":296,"image":{"@id":"https:\/\/portaltela.pt\/noticias\/2026\/03\/27\/albufeira-destaca-se-no-voleibol\/#primaryimage"},"thumbnailUrl":"https:\/\/portaltela.pt\/s.01k8rhncp4jt1\/2026\/03\/img_1200x721uu2026-03-26-15-40-05-2429476.jpg","keywords":["Albufeira","Algarve","Cidade Europeia do Desporto 2026","desporto","eventos","voleibol"],"articleSection":["Desporto","Futebol"],"inLanguage":"pt-PT"},{"@type":"WebPage","@id":"https:\/\/portaltela.pt\/noticias\/2026\/03\/27\/albufeira-destaca-se-no-voleibol\/","url":"https:\/\/portaltela.pt\/noticias\/2026\/03\/27\/albufeira-destaca-se-no-voleibol\/","name":"Albufeira destaca-se no voleibol - Portal Tela Portugal","isPartOf":{"@id":"https:\/\/portaltela.pt\/#website"},"primaryImageOfPage":{"@id":"https:\/\/portaltela.pt\/noticias\/2026\/03\/27\/albufeira-destaca-se-no-voleibol\/#primaryimage"},"image":{"@id":"https:\/\/portaltela.pt\/noticias\/2026\/03\/27\/albufeira-destaca-se-no-voleibol\/#primaryimage"},"thumbnailUrl":"https:\/\/portaltela.pt\/s.01k8rhncp4jt1\/2026\/03\/img_1200x721uu2026-03-26-15-40-05-2429476.jpg","datePublished":"2026-03-28T02:37:00+00:00","author":{"@id":"https:\/\/portaltela.pt\/#\/schema\/person\/c4278d4a6028830caff9ee44b42d32ed"},"breadcrumb":{"@id":"https:\/\/portaltela.pt\/noticias\/2026\/03\/27\/albufeira-destaca-se-no-voleibol\/#breadcrumb"},"inLanguage":"pt-PT","potentialAction":[{"@type":"ReadAction","target":["https:\/\/portaltela.pt\/noticias\/2026\/03\/27\/albufeira-destaca-se-no-voleibol\/"]}]},{"@type":"ImageObject","inLanguage":"pt-PT","@id":"https:\/\/portaltela.pt\/noticias\/2026\/03\/27\/albufeira-destaca-se-no-voleibol\/#primaryimage","url":"https:\/\/portaltela.pt\/s.01k8rhncp4jt1\/2026\/03\/img_1200x721uu2026-03-26-15-40-05-2429476.jpg","contentUrl":"https:\/\/portaltela.pt\/s.01k8rhncp4jt1\/2026\/03\/img_1200x721uu2026-03-26-15-40-05-2429476.jpg","width":796,"height":448,"caption":"Albufeira brilha com o voleibol"},{"@type":"BreadcrumbList","@id":"https:\/\/portaltela.pt\/noticias\/2026\/03\/27\/albufeira-destaca-se-no-voleibol\/#breadcrumb","itemListElement":[{"@type":"ListItem","position":1,"name":"In\u00edcio","item":"https:\/\/portaltela.pt\/"},{"@type":"ListItem","position":2,"name":"Albufeira destaca-se no voleibol"}]},{"@type":"WebSite","@id":"https:\/\/portaltela.pt\/#website","url":"https:\/\/portaltela.pt\/","name":"Portal Tela Portugal","description":"","potentialAction":[{"@type":"SearchAction","target":{"@type":"EntryPoint","urlTemplate":"https:\/\/portaltela.pt\/?s={search_term_string}"},"query-input":{"@type":"PropertyValueSpecification","valueRequired":true,"valueName":"search_term_string"}}],"inLanguage":"pt-PT"},{"@type":"Person","@id":"https:\/\/portaltela.pt\/#\/schema\/person\/c4278d4a6028830caff9ee44b42d32ed","name":"Telinha","image":{"@type":"ImageObject","inLanguage":"pt-PT","@id":"https:\/\/portaltela.pt\/s.01k8rhncp4jt1\/2025\/11\/talking-bot-125x125.png","url":"https:\/\/portaltela.pt\/s.01k8rhncp4jt1\/2025\/11\/talking-bot-125x125.png","contentUrl":"https:\/\/portaltela.pt\/s.01k8rhncp4jt1\/2025\/11\/talking-bot-125x125.png","caption":"Telinha"},"sameAs":["https:\/\/portaltela.pt\/"],"url":"https:\/\/portaltela.pt\/por\/367410592786\/"}]}},"_links":{"self":[{"href":"https:\/\/portaltela.pt\/api\/wp\/v2\/posts\/424586","targetHints":{"allow":["GET"]}}],"collection":[{"href":"https:\/\/portaltela.pt\/api\/wp\/v2\/posts"}],"about":[{"href":"https:\/\/portaltela.pt\/api\/wp\/v2\/types\/post"}],"author":[{"embeddable":true,"href":"https:\/\/portaltela.pt\/api\/wp\/v2\/users\/2"}],"replies":[{"embeddable":true,"href":"https:\/\/portaltela.pt\/api\/wp\/v2\/comments?post=424586"}],"version-history":[{"count":0,"href":"https:\/\/portaltela.pt\/api\/wp\/v2\/posts\/424586\/revisions"}],"wp:featuredmedia":[{"embeddable":true,"href":"https:\/\/portaltela.pt\/api\/wp\/v2\/media\/424587"}],"wp:attachment":[{"href":"https:\/\/portaltela.pt\/api\/wp\/v2\/media?parent=424586"}],"wp:term":[{"taxonomy":"category","embeddable":true,"href":"https:\/\/portaltela.pt\/api\/wp\/v2\/categories?post=424586"},{"taxonomy":"post_tag","embeddable":true,"href":"https:\/\/portaltela.pt\/api\/wp\/v2\/tags?post=424586"}],"curies":[{"name":"wp","href":"https:\/\/api.w.org\/{rel}","templated":true}]}}