{"id":424576,"date":"2026-03-27T22:30:00","date_gmt":"2026-03-28T01:30:00","guid":{"rendered":"https:\/\/portaltela.pt\/noticias\/2026\/03\/27\/governo-oferece-apoio-urgente-que-cobre-metade-dos-prejuizos-do-mau-tempo\/"},"modified":"2026-03-27T22:30:00","modified_gmt":"2026-03-28T01:30:00","slug":"governo-oferece-apoio-urgente-que-cobre-metade-dos-prejuizos-do-mau-tempo","status":"publish","type":"post","link":"https:\/\/portaltela.pt\/noticias\/economia\/2026\/03\/27\/governo-oferece-apoio-urgente-que-cobre-metade-dos-prejuizos-do-mau-tempo\/","title":{"rendered":"Governo oferece apoio urgente que cobre metade dos preju\u00edzos do mau tempo"},"content":{"rendered":"<p>O Governo garante apoio urgente duas meses ap\u00f3s a tempestade Kristin, que j\u00e1 causou 19 mortes, centenas de feridos e desalojados, e destruiu casas, empresas, infraestruturas e campos. O pa\u00eds continua a reconstruir-se.<\/p>\n<p>Fam\u00edlias e empres\u00e1rios queixam-se de que os apoios n\u00e3o chegam com rapidez suficiente, ante o volume de preju\u00edzos e a janela de reconstru\u00e7\u00e3o. Os lesados aguardam esclarecimentos sobre as prioridades de entrega de ajuda.<\/p>\n<p>Para acompanhar o processo, Paulo Fernandes, antigo autarca do Fund\u00e3o, foi nomeado coordenador da Estrutura de Miss\u00e3o para a Reconstru\u00e7\u00e3o da Regi\u00e3o Centro. Estima-se que os preju\u00edzos atinjam cerca de 6 mil milh\u00f5es de euros.<\/p>\n<h3>Medidas de apoio j\u00e1 em vigor<\/h3>\n<p>O Governo anunciou medidas excecionais e urgentes que, at\u00e9 ao momento, cobrem pouco mais de metade do montante estimado, cerca de 3,5 mil milh\u00f5es de euros. As verbas destinam-se a v\u00e1rias linhas de apoio.<\/p>\n<p>Apoios diretos, morat\u00f3rias e linhas de cr\u00e9dito comp\u00f5em o pacote. Entre as a\u00e7\u00f5es est\u00e3o apoios \u00e0 reconstru\u00e7\u00e3o de habita\u00e7\u00e3o pr\u00f3pria, bem como \u00e0 agricultura e \u00e0 floresta, com limita\u00e7\u00e3o de at\u00e9 10 mil euros por benefici\u00e1rio.<\/p>\n","protected":false},"excerpt":{"rendered":"<ul>\n<li>Faz hoje dois meses que a tempestade Kristin atingiu o pa\u00eds, com 19 mortos, centenas de feridos e desalojados, e danos em casas, empresas e infraestruturas.<\/li>\n<li>O coordenador da Estrutura de Miss\u00e3o para a Reconstru\u00e7\u00e3o da Regi\u00e3o Centro \u00e9 Paulo Fernandes, antigo autarca do Fund\u00e3o.<\/li>\n<li>Os preju\u00edzos estimados chegam a cerca de 6 mil milh\u00f5es de euros.<\/li>\n<li>O Governo lan\u00e7ou medidas de apoio urgentes que totalizam 3,5 mil milh\u00f5es de euros, repartidos entre ajudas diretas, morat\u00f3rias e linhas de cr\u00e9dito.<\/li>\n<li>Os apoios incluem at\u00e9 10 mil euros para habita\u00e7\u00e3o pr\u00f3pria, agricultura e floresta.<\/li>\n<\/ul>\n","protected":false},"author":2,"featured_media":424583,"comment_status":"closed","ping_status":"closed","sticky":false,"template":"","format":"standard","meta":{"footnotes":""},"categories":[2,6850],"tags":[7275,3004,6063,150,5031,4650],"class_list":["post-424576","post","type-post","status-publish","format-standard","has-post-thumbnail","hentry","category-economia","category-financas","tag-apoio-humanitario","tag-desalojados","tag-desastres","tag-habitacao","tag-reconstrucao-urbana","tag-regiao-centro"],"yoast_head":"<!-- This site is optimized with the Yoast SEO plugin v27.2 - https:\/\/yoast.com\/product\/yoast-seo-wordpress\/ -->\n<title>Governo oferece apoio urgente que cobre metade dos preju\u00edzos do mau tempo - Portal Tela Portugal<\/title>\n<meta name=\"robots\" content=\"index, follow, max-snippet:-1, max-image-preview:large, max-video-preview:-1\" \/>\n<meta property=\"og:locale\" content=\"pt_PT\" \/>\n<meta property=\"og:type\" content=\"article\" \/>\n<meta property=\"og:title\" content=\"Governo oferece apoio urgente que cobre metade dos preju\u00edzos do mau tempo - Portal Tela Portugal\" \/>\n<meta property=\"og:description\" content=\"Faz hoje dois meses que a tempestade Kristin atingiu o pa\u00eds, com 19 mortos, centenas de feridos e desalojados, e danos em casas, empresas e infraestruturas. O coordenador da Estrutura de Miss\u00e3o para a Reconstru\u00e7\u00e3o da Regi\u00e3o Centro \u00e9 Paulo Fernandes, antigo autarca do Fund\u00e3o. Os preju\u00edzos estimados chegam a cerca de 6 mil milh\u00f5es de euros. O Governo lan\u00e7ou medidas de apoio urgentes que totalizam 3,5 mil milh\u00f5es de euros, repartidos entre ajudas diretas, morat\u00f3rias e linhas de cr\u00e9dito. Os apoios incluem at\u00e9 10 mil euros para habita\u00e7\u00e3o pr\u00f3pria, agricultura e floresta.\" \/>\n<meta property=\"og:url\" content=\"https:\/\/portaltela.pt\/noticias\/2026\/03\/27\/governo-oferece-apoio-urgente-que-cobre-metade-dos-prejuizos-do-mau-tempo\/\" \/>\n<meta property=\"og:site_name\" content=\"Portal Tela Portugal\" \/>\n<meta property=\"article:published_time\" content=\"2026-03-28T01:30:00+00:00\" \/>\n<meta name=\"author\" content=\"Telinha\" \/>\n<meta name=\"twitter:card\" content=\"summary_large_image\" \/>\n<meta name=\"twitter:label1\" content=\"Escrito por\" \/>\n\t<meta name=\"twitter:data1\" content=\"Telinha\" \/>\n\t<meta name=\"twitter:label2\" content=\"Tempo estimado de leitura\" \/>\n\t<meta name=\"twitter:data2\" content=\"1 minuto\" \/>\n<script type=\"application\/ld+json\" class=\"yoast-schema-graph\">{\"@context\":\"https:\/\/schema.org\",\"@graph\":[{\"@type\":\"Article\",\"@id\":\"https:\/\/portaltela.pt\/noticias\/2026\/03\/27\/governo-oferece-apoio-urgente-que-cobre-metade-dos-prejuizos-do-mau-tempo\/#article\",\"isPartOf\":{\"@id\":\"https:\/\/portaltela.pt\/noticias\/2026\/03\/27\/governo-oferece-apoio-urgente-que-cobre-metade-dos-prejuizos-do-mau-tempo\/\"},\"author\":{\"name\":\"Telinha\",\"@id\":\"https:\/\/portaltela.pt\/#\/schema\/person\/c4278d4a6028830caff9ee44b42d32ed\"},\"headline\":\"Governo oferece apoio urgente que cobre metade dos preju\u00edzos do mau tempo\",\"datePublished\":\"2026-03-28T01:30:00+00:00\",\"mainEntityOfPage\":{\"@id\":\"https:\/\/portaltela.pt\/noticias\/2026\/03\/27\/governo-oferece-apoio-urgente-que-cobre-metade-dos-prejuizos-do-mau-tempo\/\"},\"wordCount\":209,\"image\":{\"@id\":\"https:\/\/portaltela.pt\/noticias\/2026\/03\/27\/governo-oferece-apoio-urgente-que-cobre-metade-dos-prejuizos-do-mau-tempo\/#primaryimage\"},\"thumbnailUrl\":\"https:\/\/portaltela.pt\/s.01k8rhncp4jt1\/2026\/03\/img_1500x1000uu2026-03-27-21-13-44-2275193-im-639102428454549916.jpg\",\"keywords\":[\"apoio humanit\u00e1rio\",\"desalojados\",\"desastres\",\"habita\u00e7\u00e3o\",\"reconstru\u00e7\u00e3o urbana\",\"Regi\u00e3o Centro\"],\"articleSection\":[\"Economia\",\"Finan\u00e7as\"],\"inLanguage\":\"pt-PT\"},{\"@type\":\"WebPage\",\"@id\":\"https:\/\/portaltela.pt\/noticias\/2026\/03\/27\/governo-oferece-apoio-urgente-que-cobre-metade-dos-prejuizos-do-mau-tempo\/\",\"url\":\"https:\/\/portaltela.pt\/noticias\/2026\/03\/27\/governo-oferece-apoio-urgente-que-cobre-metade-dos-prejuizos-do-mau-tempo\/\",\"name\":\"Governo oferece apoio urgente que cobre metade dos preju\u00edzos do mau tempo - Portal Tela Portugal\",\"isPartOf\":{\"@id\":\"https:\/\/portaltela.pt\/#website\"},\"primaryImageOfPage\":{\"@id\":\"https:\/\/portaltela.pt\/noticias\/2026\/03\/27\/governo-oferece-apoio-urgente-que-cobre-metade-dos-prejuizos-do-mau-tempo\/#primaryimage\"},\"image\":{\"@id\":\"https:\/\/portaltela.pt\/noticias\/2026\/03\/27\/governo-oferece-apoio-urgente-que-cobre-metade-dos-prejuizos-do-mau-tempo\/#primaryimage\"},\"thumbnailUrl\":\"https:\/\/portaltela.pt\/s.01k8rhncp4jt1\/2026\/03\/img_1500x1000uu2026-03-27-21-13-44-2275193-im-639102428454549916.jpg\",\"datePublished\":\"2026-03-28T01:30:00+00:00\",\"author\":{\"@id\":\"https:\/\/portaltela.pt\/#\/schema\/person\/c4278d4a6028830caff9ee44b42d32ed\"},\"breadcrumb\":{\"@id\":\"https:\/\/portaltela.pt\/noticias\/2026\/03\/27\/governo-oferece-apoio-urgente-que-cobre-metade-dos-prejuizos-do-mau-tempo\/#breadcrumb\"},\"inLanguage\":\"pt-PT\",\"potentialAction\":[{\"@type\":\"ReadAction\",\"target\":[\"https:\/\/portaltela.pt\/noticias\/2026\/03\/27\/governo-oferece-apoio-urgente-que-cobre-metade-dos-prejuizos-do-mau-tempo\/\"]}]},{\"@type\":\"ImageObject\",\"inLanguage\":\"pt-PT\",\"@id\":\"https:\/\/portaltela.pt\/noticias\/2026\/03\/27\/governo-oferece-apoio-urgente-que-cobre-metade-dos-prejuizos-do-mau-tempo\/#primaryimage\",\"url\":\"https:\/\/portaltela.pt\/s.01k8rhncp4jt1\/2026\/03\/img_1500x1000uu2026-03-27-21-13-44-2275193-im-639102428454549916.jpg\",\"contentUrl\":\"https:\/\/portaltela.pt\/s.01k8rhncp4jt1\/2026\/03\/img_1500x1000uu2026-03-27-21-13-44-2275193-im-639102428454549916.jpg\",\"width\":796,\"height\":448,\"caption\":\"Estragos atingem seis mil milh\u00f5es de euros. Medidas urgentes d\u00e3o 3,5 mil milh\u00f5es\"},{\"@type\":\"BreadcrumbList\",\"@id\":\"https:\/\/portaltela.pt\/noticias\/2026\/03\/27\/governo-oferece-apoio-urgente-que-cobre-metade-dos-prejuizos-do-mau-tempo\/#breadcrumb\",\"itemListElement\":[{\"@type\":\"ListItem\",\"position\":1,\"name\":\"In\u00edcio\",\"item\":\"https:\/\/portaltela.pt\/\"},{\"@type\":\"ListItem\",\"position\":2,\"name\":\"Governo oferece apoio urgente que cobre metade dos preju\u00edzos do mau tempo\"}]},{\"@type\":\"WebSite\",\"@id\":\"https:\/\/portaltela.pt\/#website\",\"url\":\"https:\/\/portaltela.pt\/\",\"name\":\"Portal Tela Portugal\",\"description\":\"\",\"potentialAction\":[{\"@type\":\"SearchAction\",\"target\":{\"@type\":\"EntryPoint\",\"urlTemplate\":\"https:\/\/portaltela.pt\/?s={search_term_string}\"},\"query-input\":{\"@type\":\"PropertyValueSpecification\",\"valueRequired\":true,\"valueName\":\"search_term_string\"}}],\"inLanguage\":\"pt-PT\"},{\"@type\":\"Person\",\"@id\":\"https:\/\/portaltela.pt\/#\/schema\/person\/c4278d4a6028830caff9ee44b42d32ed\",\"name\":\"Telinha\",\"image\":{\"@type\":\"ImageObject\",\"inLanguage\":\"pt-PT\",\"@id\":\"https:\/\/portaltela.pt\/s.01k8rhncp4jt1\/2025\/11\/talking-bot-125x125.png\",\"url\":\"https:\/\/portaltela.pt\/s.01k8rhncp4jt1\/2025\/11\/talking-bot-125x125.png\",\"contentUrl\":\"https:\/\/portaltela.pt\/s.01k8rhncp4jt1\/2025\/11\/talking-bot-125x125.png\",\"caption\":\"Telinha\"},\"sameAs\":[\"https:\/\/portaltela.pt\/\"],\"url\":\"https:\/\/portaltela.pt\/por\/367410592786\/\"}]}<\/script>\n<!-- \/ Yoast SEO plugin. -->","yoast_head_json":{"title":"Governo oferece apoio urgente que cobre metade dos preju\u00edzos do mau tempo - Portal Tela Portugal","robots":{"index":"index","follow":"follow","max-snippet":"max-snippet:-1","max-image-preview":"max-image-preview:large","max-video-preview":"max-video-preview:-1"},"og_locale":"pt_PT","og_type":"article","og_title":"Governo oferece apoio urgente que cobre metade dos preju\u00edzos do mau tempo - Portal Tela Portugal","og_description":"Faz hoje dois meses que a tempestade Kristin atingiu o pa\u00eds, com 19 mortos, centenas de feridos e desalojados, e danos em casas, empresas e infraestruturas. O coordenador da Estrutura de Miss\u00e3o para a Reconstru\u00e7\u00e3o da Regi\u00e3o Centro \u00e9 Paulo Fernandes, antigo autarca do Fund\u00e3o. Os preju\u00edzos estimados chegam a cerca de 6 mil milh\u00f5es de euros. O Governo lan\u00e7ou medidas de apoio urgentes que totalizam 3,5 mil milh\u00f5es de euros, repartidos entre ajudas diretas, morat\u00f3rias e linhas de cr\u00e9dito. Os apoios incluem at\u00e9 10 mil euros para habita\u00e7\u00e3o pr\u00f3pria, agricultura e floresta.","og_url":"https:\/\/portaltela.pt\/noticias\/2026\/03\/27\/governo-oferece-apoio-urgente-que-cobre-metade-dos-prejuizos-do-mau-tempo\/","og_site_name":"Portal Tela Portugal","article_published_time":"2026-03-28T01:30:00+00:00","author":"Telinha","twitter_card":"summary_large_image","twitter_misc":{"Escrito por":"Telinha","Tempo estimado de leitura":"1 minuto"},"schema":{"@context":"https:\/\/schema.org","@graph":[{"@type":"Article","@id":"https:\/\/portaltela.pt\/noticias\/2026\/03\/27\/governo-oferece-apoio-urgente-que-cobre-metade-dos-prejuizos-do-mau-tempo\/#article","isPartOf":{"@id":"https:\/\/portaltela.pt\/noticias\/2026\/03\/27\/governo-oferece-apoio-urgente-que-cobre-metade-dos-prejuizos-do-mau-tempo\/"},"author":{"name":"Telinha","@id":"https:\/\/portaltela.pt\/#\/schema\/person\/c4278d4a6028830caff9ee44b42d32ed"},"headline":"Governo oferece apoio urgente que cobre metade dos preju\u00edzos do mau tempo","datePublished":"2026-03-28T01:30:00+00:00","mainEntityOfPage":{"@id":"https:\/\/portaltela.pt\/noticias\/2026\/03\/27\/governo-oferece-apoio-urgente-que-cobre-metade-dos-prejuizos-do-mau-tempo\/"},"wordCount":209,"image":{"@id":"https:\/\/portaltela.pt\/noticias\/2026\/03\/27\/governo-oferece-apoio-urgente-que-cobre-metade-dos-prejuizos-do-mau-tempo\/#primaryimage"},"thumbnailUrl":"https:\/\/portaltela.pt\/s.01k8rhncp4jt1\/2026\/03\/img_1500x1000uu2026-03-27-21-13-44-2275193-im-639102428454549916.jpg","keywords":["apoio humanit\u00e1rio","desalojados","desastres","habita\u00e7\u00e3o","reconstru\u00e7\u00e3o urbana","Regi\u00e3o Centro"],"articleSection":["Economia","Finan\u00e7as"],"inLanguage":"pt-PT"},{"@type":"WebPage","@id":"https:\/\/portaltela.pt\/noticias\/2026\/03\/27\/governo-oferece-apoio-urgente-que-cobre-metade-dos-prejuizos-do-mau-tempo\/","url":"https:\/\/portaltela.pt\/noticias\/2026\/03\/27\/governo-oferece-apoio-urgente-que-cobre-metade-dos-prejuizos-do-mau-tempo\/","name":"Governo oferece apoio urgente que cobre metade dos preju\u00edzos do mau tempo - Portal Tela Portugal","isPartOf":{"@id":"https:\/\/portaltela.pt\/#website"},"primaryImageOfPage":{"@id":"https:\/\/portaltela.pt\/noticias\/2026\/03\/27\/governo-oferece-apoio-urgente-que-cobre-metade-dos-prejuizos-do-mau-tempo\/#primaryimage"},"image":{"@id":"https:\/\/portaltela.pt\/noticias\/2026\/03\/27\/governo-oferece-apoio-urgente-que-cobre-metade-dos-prejuizos-do-mau-tempo\/#primaryimage"},"thumbnailUrl":"https:\/\/portaltela.pt\/s.01k8rhncp4jt1\/2026\/03\/img_1500x1000uu2026-03-27-21-13-44-2275193-im-639102428454549916.jpg","datePublished":"2026-03-28T01:30:00+00:00","author":{"@id":"https:\/\/portaltela.pt\/#\/schema\/person\/c4278d4a6028830caff9ee44b42d32ed"},"breadcrumb":{"@id":"https:\/\/portaltela.pt\/noticias\/2026\/03\/27\/governo-oferece-apoio-urgente-que-cobre-metade-dos-prejuizos-do-mau-tempo\/#breadcrumb"},"inLanguage":"pt-PT","potentialAction":[{"@type":"ReadAction","target":["https:\/\/portaltela.pt\/noticias\/2026\/03\/27\/governo-oferece-apoio-urgente-que-cobre-metade-dos-prejuizos-do-mau-tempo\/"]}]},{"@type":"ImageObject","inLanguage":"pt-PT","@id":"https:\/\/portaltela.pt\/noticias\/2026\/03\/27\/governo-oferece-apoio-urgente-que-cobre-metade-dos-prejuizos-do-mau-tempo\/#primaryimage","url":"https:\/\/portaltela.pt\/s.01k8rhncp4jt1\/2026\/03\/img_1500x1000uu2026-03-27-21-13-44-2275193-im-639102428454549916.jpg","contentUrl":"https:\/\/portaltela.pt\/s.01k8rhncp4jt1\/2026\/03\/img_1500x1000uu2026-03-27-21-13-44-2275193-im-639102428454549916.jpg","width":796,"height":448,"caption":"Estragos atingem seis mil milh\u00f5es de euros. Medidas urgentes d\u00e3o 3,5 mil milh\u00f5es"},{"@type":"BreadcrumbList","@id":"https:\/\/portaltela.pt\/noticias\/2026\/03\/27\/governo-oferece-apoio-urgente-que-cobre-metade-dos-prejuizos-do-mau-tempo\/#breadcrumb","itemListElement":[{"@type":"ListItem","position":1,"name":"In\u00edcio","item":"https:\/\/portaltela.pt\/"},{"@type":"ListItem","position":2,"name":"Governo oferece apoio urgente que cobre metade dos preju\u00edzos do mau tempo"}]},{"@type":"WebSite","@id":"https:\/\/portaltela.pt\/#website","url":"https:\/\/portaltela.pt\/","name":"Portal Tela Portugal","description":"","potentialAction":[{"@type":"SearchAction","target":{"@type":"EntryPoint","urlTemplate":"https:\/\/portaltela.pt\/?s={search_term_string}"},"query-input":{"@type":"PropertyValueSpecification","valueRequired":true,"valueName":"search_term_string"}}],"inLanguage":"pt-PT"},{"@type":"Person","@id":"https:\/\/portaltela.pt\/#\/schema\/person\/c4278d4a6028830caff9ee44b42d32ed","name":"Telinha","image":{"@type":"ImageObject","inLanguage":"pt-PT","@id":"https:\/\/portaltela.pt\/s.01k8rhncp4jt1\/2025\/11\/talking-bot-125x125.png","url":"https:\/\/portaltela.pt\/s.01k8rhncp4jt1\/2025\/11\/talking-bot-125x125.png","contentUrl":"https:\/\/portaltela.pt\/s.01k8rhncp4jt1\/2025\/11\/talking-bot-125x125.png","caption":"Telinha"},"sameAs":["https:\/\/portaltela.pt\/"],"url":"https:\/\/portaltela.pt\/por\/367410592786\/"}]}},"_links":{"self":[{"href":"https:\/\/portaltela.pt\/api\/wp\/v2\/posts\/424576","targetHints":{"allow":["GET"]}}],"collection":[{"href":"https:\/\/portaltela.pt\/api\/wp\/v2\/posts"}],"about":[{"href":"https:\/\/portaltela.pt\/api\/wp\/v2\/types\/post"}],"author":[{"embeddable":true,"href":"https:\/\/portaltela.pt\/api\/wp\/v2\/users\/2"}],"replies":[{"embeddable":true,"href":"https:\/\/portaltela.pt\/api\/wp\/v2\/comments?post=424576"}],"version-history":[{"count":0,"href":"https:\/\/portaltela.pt\/api\/wp\/v2\/posts\/424576\/revisions"}],"wp:featuredmedia":[{"embeddable":true,"href":"https:\/\/portaltela.pt\/api\/wp\/v2\/media\/424583"}],"wp:attachment":[{"href":"https:\/\/portaltela.pt\/api\/wp\/v2\/media?parent=424576"}],"wp:term":[{"taxonomy":"category","embeddable":true,"href":"https:\/\/portaltela.pt\/api\/wp\/v2\/categories?post=424576"},{"taxonomy":"post_tag","embeddable":true,"href":"https:\/\/portaltela.pt\/api\/wp\/v2\/tags?post=424576"}],"curies":[{"name":"wp","href":"https:\/\/api.w.org\/{rel}","templated":true}]}}