{"id":424575,"date":"2026-03-27T22:30:00","date_gmt":"2026-03-28T01:30:00","guid":{"rendered":"https:\/\/portaltela.pt\/noticias\/2026\/03\/27\/alerta-queda-nas-doacoes-de-sangue-preocupa-o-sistema-de-saude\/"},"modified":"2026-03-27T22:30:00","modified_gmt":"2026-03-28T01:30:00","slug":"alerta-queda-nas-doacoes-de-sangue-preocupa-o-sistema-de-saude","status":"publish","type":"post","link":"https:\/\/portaltela.pt\/saude\/2026\/03\/27\/alerta-queda-nas-doacoes-de-sangue-preocupa-o-sistema-de-saude\/","title":{"rendered":"Alerta: queda nas doa\u00e7\u00f5es de sangue preocupa o sistema de sa\u00fade"},"content":{"rendered":"<p>Em Portugal, o n\u00famero de dadores de sangue caiu 10 mil nos \u00faltimos oito anos, o que levou \u00e0 diminui\u00e7\u00e3o das d\u00e1divas e das reservas. Os dados mais recentes, de 2024, constam no Relat\u00f3rio Anual de Hemovigil\u00e2ncia, e indicam uma redu\u00e7\u00e3o global nostock de dadores e de d\u00e1divas.<\/p>\n<p>No total, em 2024 existiam 200 965 dadores, menos que os 210 904 registados em 2017. Foram efetuadas 299 914 d\u00e1divas de sangue e de af\u00e9rese, cerca de 27,2 por 1000 habitantes, frente a 30,9 por 1000 em 2017.<\/p>\n<p>A maioria dos dadores tem entre 25 e 65 anos, com apenas 36 mil situados na faixa et\u00e1ria 18-24. A tend\u00eancia sugere menor participa\u00e7\u00e3o de jovens na d\u00e1diva, o que pode impactar a renova\u00e7\u00e3o do stock a m\u00e9dio prazo.<\/p>\n<h3>Dados-chave<\/h3>\n<p>Novas regras para dadores nasceram com o objetivo de incentivar a d\u00e1diva e aumentar as reservas. As mudan\u00e7as ainda n\u00e3o detalham medidas espec\u00edficas, mas apontam para potencial incremento da participa\u00e7\u00e3o, sobretudo entre faixas mais jovens.<\/p>\n<p>Este panorama refor\u00e7a a necessidade de estrat\u00e9gias para promover a d\u00e1diva regular e manter n\u00edveis est\u00e1veis de reservas, uma vez que a disponibilidade de sangue continua dependente de campanhas de sensibiliza\u00e7\u00e3o e de programas de fideliza\u00e7\u00e3o de dadores.<\/p>\n","protected":false},"excerpt":{"rendered":"<ul>\n<li>O n\u00famero de dadores caiu 10 mil em oito anos, levando \u00e0 diminui\u00e7\u00e3o das d\u00e1divas e das reservas de sangue.<\/li>\n<li>Dados de 2024, retirados do Relat\u00f3rio Anual de Hemovigil\u00e2ncia, indicam 200.965 dadores (210.904 em 2017).<\/li>\n<li>Foram realizadas 299.914 d\u00e1divas de sangue e af\u00e9rese, equivalentes a 27,2 por mil habitantes (frente a 30,9\/1000 em 2017).<\/li>\n<li>A maior parte dos dadores tem entre 25 e 65 anos; 36 mil est\u00e3o na faixa dos 18-24 anos.<\/li>\n<li>Novas regras para dadores pretendem incentivar \u00e0 d\u00e1diva.<\/li>\n<\/ul>\n","protected":false},"author":2,"featured_media":424581,"comment_status":"closed","ping_status":"closed","sticky":false,"template":"","format":"standard","meta":{"footnotes":""},"categories":[6745],"tags":[620,3123,1014,172,271],"class_list":["post-424575","post","type-post","status-publish","format-standard","has-post-thumbnail","hentry","category-saude","tag-doacao","tag-doacoes","tag-portugal","tag-saude","tag-saude-publica"],"yoast_head":"<!-- This site is optimized with the Yoast SEO plugin v27.2 - https:\/\/yoast.com\/product\/yoast-seo-wordpress\/ -->\n<title>Alerta: queda nas doa\u00e7\u00f5es de sangue preocupa o sistema de sa\u00fade - Portal Tela Portugal<\/title>\n<meta name=\"robots\" content=\"index, follow, max-snippet:-1, max-image-preview:large, max-video-preview:-1\" \/>\n<meta property=\"og:locale\" content=\"pt_PT\" \/>\n<meta property=\"og:type\" content=\"article\" \/>\n<meta property=\"og:title\" content=\"Alerta: queda nas doa\u00e7\u00f5es de sangue preocupa o sistema de sa\u00fade - Portal Tela Portugal\" \/>\n<meta property=\"og:description\" content=\"O n\u00famero de dadores caiu 10 mil em oito anos, levando \u00e0 diminui\u00e7\u00e3o das d\u00e1divas e das reservas de sangue. Dados de 2024, retirados do Relat\u00f3rio Anual de Hemovigil\u00e2ncia, indicam 200.965 dadores (210.904 em 2017). Foram realizadas 299.914 d\u00e1divas de sangue e af\u00e9rese, equivalentes a 27,2 por mil habitantes (frente a 30,9\/1000 em 2017). A maior parte dos dadores tem entre 25 e 65 anos; 36 mil est\u00e3o na faixa dos 18-24 anos. Novas regras para dadores pretendem incentivar \u00e0 d\u00e1diva.\" \/>\n<meta property=\"og:url\" content=\"https:\/\/portaltela.pt\/noticias\/2026\/03\/27\/alerta-queda-nas-doacoes-de-sangue-preocupa-o-sistema-de-saude\/\" \/>\n<meta property=\"og:site_name\" content=\"Portal Tela Portugal\" \/>\n<meta property=\"article:published_time\" content=\"2026-03-28T01:30:00+00:00\" \/>\n<meta name=\"author\" content=\"Telinha\" \/>\n<meta name=\"twitter:card\" content=\"summary_large_image\" \/>\n<meta name=\"twitter:label1\" content=\"Escrito por\" \/>\n\t<meta name=\"twitter:data1\" content=\"Telinha\" \/>\n\t<meta name=\"twitter:label2\" content=\"Tempo estimado de leitura\" \/>\n\t<meta name=\"twitter:data2\" content=\"1 minuto\" \/>\n<script type=\"application\/ld+json\" class=\"yoast-schema-graph\">{\"@context\":\"https:\/\/schema.org\",\"@graph\":[{\"@type\":\"Article\",\"@id\":\"https:\/\/portaltela.pt\/noticias\/2026\/03\/27\/alerta-queda-nas-doacoes-de-sangue-preocupa-o-sistema-de-saude\/#article\",\"isPartOf\":{\"@id\":\"https:\/\/portaltela.pt\/noticias\/2026\/03\/27\/alerta-queda-nas-doacoes-de-sangue-preocupa-o-sistema-de-saude\/\"},\"author\":{\"name\":\"Telinha\",\"@id\":\"https:\/\/portaltela.pt\/#\/schema\/person\/c4278d4a6028830caff9ee44b42d32ed\"},\"headline\":\"Alerta: queda nas doa\u00e7\u00f5es de sangue preocupa o sistema de sa\u00fade\",\"datePublished\":\"2026-03-28T01:30:00+00:00\",\"mainEntityOfPage\":{\"@id\":\"https:\/\/portaltela.pt\/noticias\/2026\/03\/27\/alerta-queda-nas-doacoes-de-sangue-preocupa-o-sistema-de-saude\/\"},\"wordCount\":221,\"image\":{\"@id\":\"https:\/\/portaltela.pt\/noticias\/2026\/03\/27\/alerta-queda-nas-doacoes-de-sangue-preocupa-o-sistema-de-saude\/#primaryimage\"},\"thumbnailUrl\":\"https:\/\/portaltela.pt\/s.01k8rhncp4jt1\/2026\/03\/img_1500x1000uu2015-02-09-21-00-00-434769.jpg\",\"keywords\":[\"doa\u00e7\u00e3o\",\"doa\u00e7\u00f5es\",\"Portugal\",\"sa\u00fade\",\"sa\u00fade p\u00fablica\"],\"articleSection\":[\"Sa\u00fade\"],\"inLanguage\":\"pt-PT\"},{\"@type\":\"WebPage\",\"@id\":\"https:\/\/portaltela.pt\/noticias\/2026\/03\/27\/alerta-queda-nas-doacoes-de-sangue-preocupa-o-sistema-de-saude\/\",\"url\":\"https:\/\/portaltela.pt\/noticias\/2026\/03\/27\/alerta-queda-nas-doacoes-de-sangue-preocupa-o-sistema-de-saude\/\",\"name\":\"Alerta: queda nas doa\u00e7\u00f5es de sangue preocupa o sistema de sa\u00fade - Portal Tela Portugal\",\"isPartOf\":{\"@id\":\"https:\/\/portaltela.pt\/#website\"},\"primaryImageOfPage\":{\"@id\":\"https:\/\/portaltela.pt\/noticias\/2026\/03\/27\/alerta-queda-nas-doacoes-de-sangue-preocupa-o-sistema-de-saude\/#primaryimage\"},\"image\":{\"@id\":\"https:\/\/portaltela.pt\/noticias\/2026\/03\/27\/alerta-queda-nas-doacoes-de-sangue-preocupa-o-sistema-de-saude\/#primaryimage\"},\"thumbnailUrl\":\"https:\/\/portaltela.pt\/s.01k8rhncp4jt1\/2026\/03\/img_1500x1000uu2015-02-09-21-00-00-434769.jpg\",\"datePublished\":\"2026-03-28T01:30:00+00:00\",\"author\":{\"@id\":\"https:\/\/portaltela.pt\/#\/schema\/person\/c4278d4a6028830caff9ee44b42d32ed\"},\"breadcrumb\":{\"@id\":\"https:\/\/portaltela.pt\/noticias\/2026\/03\/27\/alerta-queda-nas-doacoes-de-sangue-preocupa-o-sistema-de-saude\/#breadcrumb\"},\"inLanguage\":\"pt-PT\",\"potentialAction\":[{\"@type\":\"ReadAction\",\"target\":[\"https:\/\/portaltela.pt\/noticias\/2026\/03\/27\/alerta-queda-nas-doacoes-de-sangue-preocupa-o-sistema-de-saude\/\"]}]},{\"@type\":\"ImageObject\",\"inLanguage\":\"pt-PT\",\"@id\":\"https:\/\/portaltela.pt\/noticias\/2026\/03\/27\/alerta-queda-nas-doacoes-de-sangue-preocupa-o-sistema-de-saude\/#primaryimage\",\"url\":\"https:\/\/portaltela.pt\/s.01k8rhncp4jt1\/2026\/03\/img_1500x1000uu2015-02-09-21-00-00-434769.jpg\",\"contentUrl\":\"https:\/\/portaltela.pt\/s.01k8rhncp4jt1\/2026\/03\/img_1500x1000uu2015-02-09-21-00-00-434769.jpg\",\"width\":1500,\"height\":1000,\"caption\":\"Em 2024 estavam inscritos 200 mil dadores de sangue e foram realizadas quase 300 mil d\u00e1divas\"},{\"@type\":\"BreadcrumbList\",\"@id\":\"https:\/\/portaltela.pt\/noticias\/2026\/03\/27\/alerta-queda-nas-doacoes-de-sangue-preocupa-o-sistema-de-saude\/#breadcrumb\",\"itemListElement\":[{\"@type\":\"ListItem\",\"position\":1,\"name\":\"In\u00edcio\",\"item\":\"https:\/\/portaltela.pt\/\"},{\"@type\":\"ListItem\",\"position\":2,\"name\":\"Alerta: queda nas doa\u00e7\u00f5es de sangue preocupa o sistema de sa\u00fade\"}]},{\"@type\":\"WebSite\",\"@id\":\"https:\/\/portaltela.pt\/#website\",\"url\":\"https:\/\/portaltela.pt\/\",\"name\":\"Portal Tela Portugal\",\"description\":\"\",\"potentialAction\":[{\"@type\":\"SearchAction\",\"target\":{\"@type\":\"EntryPoint\",\"urlTemplate\":\"https:\/\/portaltela.pt\/?s={search_term_string}\"},\"query-input\":{\"@type\":\"PropertyValueSpecification\",\"valueRequired\":true,\"valueName\":\"search_term_string\"}}],\"inLanguage\":\"pt-PT\"},{\"@type\":\"Person\",\"@id\":\"https:\/\/portaltela.pt\/#\/schema\/person\/c4278d4a6028830caff9ee44b42d32ed\",\"name\":\"Telinha\",\"image\":{\"@type\":\"ImageObject\",\"inLanguage\":\"pt-PT\",\"@id\":\"https:\/\/portaltela.pt\/s.01k8rhncp4jt1\/2025\/11\/talking-bot-125x125.png\",\"url\":\"https:\/\/portaltela.pt\/s.01k8rhncp4jt1\/2025\/11\/talking-bot-125x125.png\",\"contentUrl\":\"https:\/\/portaltela.pt\/s.01k8rhncp4jt1\/2025\/11\/talking-bot-125x125.png\",\"caption\":\"Telinha\"},\"sameAs\":[\"https:\/\/portaltela.pt\/\"],\"url\":\"https:\/\/portaltela.pt\/por\/367410592786\/\"}]}<\/script>\n<!-- \/ Yoast SEO plugin. -->","yoast_head_json":{"title":"Alerta: queda nas doa\u00e7\u00f5es de sangue preocupa o sistema de sa\u00fade - Portal Tela Portugal","robots":{"index":"index","follow":"follow","max-snippet":"max-snippet:-1","max-image-preview":"max-image-preview:large","max-video-preview":"max-video-preview:-1"},"og_locale":"pt_PT","og_type":"article","og_title":"Alerta: queda nas doa\u00e7\u00f5es de sangue preocupa o sistema de sa\u00fade - Portal Tela Portugal","og_description":"O n\u00famero de dadores caiu 10 mil em oito anos, levando \u00e0 diminui\u00e7\u00e3o das d\u00e1divas e das reservas de sangue. Dados de 2024, retirados do Relat\u00f3rio Anual de Hemovigil\u00e2ncia, indicam 200.965 dadores (210.904 em 2017). Foram realizadas 299.914 d\u00e1divas de sangue e af\u00e9rese, equivalentes a 27,2 por mil habitantes (frente a 30,9\/1000 em 2017). A maior parte dos dadores tem entre 25 e 65 anos; 36 mil est\u00e3o na faixa dos 18-24 anos. Novas regras para dadores pretendem incentivar \u00e0 d\u00e1diva.","og_url":"https:\/\/portaltela.pt\/noticias\/2026\/03\/27\/alerta-queda-nas-doacoes-de-sangue-preocupa-o-sistema-de-saude\/","og_site_name":"Portal Tela Portugal","article_published_time":"2026-03-28T01:30:00+00:00","author":"Telinha","twitter_card":"summary_large_image","twitter_misc":{"Escrito por":"Telinha","Tempo estimado de leitura":"1 minuto"},"schema":{"@context":"https:\/\/schema.org","@graph":[{"@type":"Article","@id":"https:\/\/portaltela.pt\/noticias\/2026\/03\/27\/alerta-queda-nas-doacoes-de-sangue-preocupa-o-sistema-de-saude\/#article","isPartOf":{"@id":"https:\/\/portaltela.pt\/noticias\/2026\/03\/27\/alerta-queda-nas-doacoes-de-sangue-preocupa-o-sistema-de-saude\/"},"author":{"name":"Telinha","@id":"https:\/\/portaltela.pt\/#\/schema\/person\/c4278d4a6028830caff9ee44b42d32ed"},"headline":"Alerta: queda nas doa\u00e7\u00f5es de sangue preocupa o sistema de sa\u00fade","datePublished":"2026-03-28T01:30:00+00:00","mainEntityOfPage":{"@id":"https:\/\/portaltela.pt\/noticias\/2026\/03\/27\/alerta-queda-nas-doacoes-de-sangue-preocupa-o-sistema-de-saude\/"},"wordCount":221,"image":{"@id":"https:\/\/portaltela.pt\/noticias\/2026\/03\/27\/alerta-queda-nas-doacoes-de-sangue-preocupa-o-sistema-de-saude\/#primaryimage"},"thumbnailUrl":"https:\/\/portaltela.pt\/s.01k8rhncp4jt1\/2026\/03\/img_1500x1000uu2015-02-09-21-00-00-434769.jpg","keywords":["doa\u00e7\u00e3o","doa\u00e7\u00f5es","Portugal","sa\u00fade","sa\u00fade p\u00fablica"],"articleSection":["Sa\u00fade"],"inLanguage":"pt-PT"},{"@type":"WebPage","@id":"https:\/\/portaltela.pt\/noticias\/2026\/03\/27\/alerta-queda-nas-doacoes-de-sangue-preocupa-o-sistema-de-saude\/","url":"https:\/\/portaltela.pt\/noticias\/2026\/03\/27\/alerta-queda-nas-doacoes-de-sangue-preocupa-o-sistema-de-saude\/","name":"Alerta: queda nas doa\u00e7\u00f5es de sangue preocupa o sistema de sa\u00fade - Portal Tela Portugal","isPartOf":{"@id":"https:\/\/portaltela.pt\/#website"},"primaryImageOfPage":{"@id":"https:\/\/portaltela.pt\/noticias\/2026\/03\/27\/alerta-queda-nas-doacoes-de-sangue-preocupa-o-sistema-de-saude\/#primaryimage"},"image":{"@id":"https:\/\/portaltela.pt\/noticias\/2026\/03\/27\/alerta-queda-nas-doacoes-de-sangue-preocupa-o-sistema-de-saude\/#primaryimage"},"thumbnailUrl":"https:\/\/portaltela.pt\/s.01k8rhncp4jt1\/2026\/03\/img_1500x1000uu2015-02-09-21-00-00-434769.jpg","datePublished":"2026-03-28T01:30:00+00:00","author":{"@id":"https:\/\/portaltela.pt\/#\/schema\/person\/c4278d4a6028830caff9ee44b42d32ed"},"breadcrumb":{"@id":"https:\/\/portaltela.pt\/noticias\/2026\/03\/27\/alerta-queda-nas-doacoes-de-sangue-preocupa-o-sistema-de-saude\/#breadcrumb"},"inLanguage":"pt-PT","potentialAction":[{"@type":"ReadAction","target":["https:\/\/portaltela.pt\/noticias\/2026\/03\/27\/alerta-queda-nas-doacoes-de-sangue-preocupa-o-sistema-de-saude\/"]}]},{"@type":"ImageObject","inLanguage":"pt-PT","@id":"https:\/\/portaltela.pt\/noticias\/2026\/03\/27\/alerta-queda-nas-doacoes-de-sangue-preocupa-o-sistema-de-saude\/#primaryimage","url":"https:\/\/portaltela.pt\/s.01k8rhncp4jt1\/2026\/03\/img_1500x1000uu2015-02-09-21-00-00-434769.jpg","contentUrl":"https:\/\/portaltela.pt\/s.01k8rhncp4jt1\/2026\/03\/img_1500x1000uu2015-02-09-21-00-00-434769.jpg","width":1500,"height":1000,"caption":"Em 2024 estavam inscritos 200 mil dadores de sangue e foram realizadas quase 300 mil d\u00e1divas"},{"@type":"BreadcrumbList","@id":"https:\/\/portaltela.pt\/noticias\/2026\/03\/27\/alerta-queda-nas-doacoes-de-sangue-preocupa-o-sistema-de-saude\/#breadcrumb","itemListElement":[{"@type":"ListItem","position":1,"name":"In\u00edcio","item":"https:\/\/portaltela.pt\/"},{"@type":"ListItem","position":2,"name":"Alerta: queda nas doa\u00e7\u00f5es de sangue preocupa o sistema de sa\u00fade"}]},{"@type":"WebSite","@id":"https:\/\/portaltela.pt\/#website","url":"https:\/\/portaltela.pt\/","name":"Portal Tela Portugal","description":"","potentialAction":[{"@type":"SearchAction","target":{"@type":"EntryPoint","urlTemplate":"https:\/\/portaltela.pt\/?s={search_term_string}"},"query-input":{"@type":"PropertyValueSpecification","valueRequired":true,"valueName":"search_term_string"}}],"inLanguage":"pt-PT"},{"@type":"Person","@id":"https:\/\/portaltela.pt\/#\/schema\/person\/c4278d4a6028830caff9ee44b42d32ed","name":"Telinha","image":{"@type":"ImageObject","inLanguage":"pt-PT","@id":"https:\/\/portaltela.pt\/s.01k8rhncp4jt1\/2025\/11\/talking-bot-125x125.png","url":"https:\/\/portaltela.pt\/s.01k8rhncp4jt1\/2025\/11\/talking-bot-125x125.png","contentUrl":"https:\/\/portaltela.pt\/s.01k8rhncp4jt1\/2025\/11\/talking-bot-125x125.png","caption":"Telinha"},"sameAs":["https:\/\/portaltela.pt\/"],"url":"https:\/\/portaltela.pt\/por\/367410592786\/"}]}},"_links":{"self":[{"href":"https:\/\/portaltela.pt\/api\/wp\/v2\/posts\/424575","targetHints":{"allow":["GET"]}}],"collection":[{"href":"https:\/\/portaltela.pt\/api\/wp\/v2\/posts"}],"about":[{"href":"https:\/\/portaltela.pt\/api\/wp\/v2\/types\/post"}],"author":[{"embeddable":true,"href":"https:\/\/portaltela.pt\/api\/wp\/v2\/users\/2"}],"replies":[{"embeddable":true,"href":"https:\/\/portaltela.pt\/api\/wp\/v2\/comments?post=424575"}],"version-history":[{"count":0,"href":"https:\/\/portaltela.pt\/api\/wp\/v2\/posts\/424575\/revisions"}],"wp:featuredmedia":[{"embeddable":true,"href":"https:\/\/portaltela.pt\/api\/wp\/v2\/media\/424581"}],"wp:attachment":[{"href":"https:\/\/portaltela.pt\/api\/wp\/v2\/media?parent=424575"}],"wp:term":[{"taxonomy":"category","embeddable":true,"href":"https:\/\/portaltela.pt\/api\/wp\/v2\/categories?post=424575"},{"taxonomy":"post_tag","embeddable":true,"href":"https:\/\/portaltela.pt\/api\/wp\/v2\/tags?post=424575"}],"curies":[{"name":"wp","href":"https:\/\/api.w.org\/{rel}","templated":true}]}}