{"id":424567,"date":"2026-03-27T19:57:00","date_gmt":"2026-03-27T22:57:00","guid":{"rendered":"https:\/\/portaltela.pt\/noticias\/2026\/03\/27\/incendio-numa-habitacao-em-alcantara-obriga-a-evacuar-moradores-e-dois-predios\/"},"modified":"2026-03-27T19:57:00","modified_gmt":"2026-03-27T22:57:00","slug":"incendio-numa-habitacao-em-alcantara-obriga-a-evacuar-moradores-e-dois-predios","status":"publish","type":"post","link":"https:\/\/portaltela.pt\/noticias\/2026\/03\/27\/incendio-numa-habitacao-em-alcantara-obriga-a-evacuar-moradores-e-dois-predios\/","title":{"rendered":"Inc\u00eandio numa habita\u00e7\u00e3o em Alc\u00e2ntara obriga a evacuar moradores e dois pr\u00e9dios"},"content":{"rendered":"<p>Um inc\u00eandio deflagrou numa habita\u00e7\u00e3o em Alc\u00e2ntara, Lisboa, na noite de sexta-feira. N\u00e3o houve feridos, mas a propaga\u00e7\u00e3o para a cobertura obrigou a evacuar mais dois pr\u00e9dios adjacentes.<\/p>\n<p>O alerta foi dado \u00e0s 20h48. Ao chegar, os bombeiros encontraram os habitantes j\u00e1 na rua, sem v\u00edtimas, segundo a autoridade. O fogo estava confinado ao interior, no n\u00famero 39 da Travessa do Fi\u00faza.<\/p>\n<p>Inicialmente, o fogo afectava a cozinha do edif\u00edcio, mas evoluiu para a cobertura. Por precau\u00e7\u00e3o, foi decidido retirar os moradores de dois pr\u00e9dios vizinhos, com evacua\u00e7\u00e3o ordenada e sem incidentes.<\/p>\n<p>Ao todo, estiveram presentes 38 operacionais e 9 viaturas, com apoio da Autoridade Nacional de Emerg\u00eancia e Prote\u00e7\u00e3o Civil. O foco permanece na extin\u00e7\u00e3o na cobertura e na detec\u00e7\u00e3o de pontos quentes no telhado.<\/p>\n<p>O fogo j\u00e1 est\u00e1 sob controlo na \u00e1rea da cozinha. Segundo os bombeiros, o trabalho no telhado \u00e9 moroso e pode prolongar-se algumas horas at\u00e9 a completa erradica\u00e7\u00e3o das zonas quentes. Fonte: Bombeiros Sapadores de Lisboa.<\/p>\n","protected":false},"excerpt":{"rendered":"<ul>\n<li>Um inc\u00eandio deflagrou na Travessa do Fi\u00faza, n\u00ba 39, na zona de Alc\u00e2ntara, em Lisboa, na noite de sexta-feira, \u00e0s 20h48.<\/li>\n<li>N\u00e3o houve feridos, mas o fogo subiu da primeira \u00e0 cobertura do edif\u00edcio, levando \u00e0 evacua\u00e7\u00e3o de dois pr\u00e9dios adjacentes.<\/li>\n<li>O foco do inc\u00eandio, na cozinha do pr\u00e9dio, j\u00e1 foi extinto, mas trabalham-se pontos quentes no telhado, processo que pode prolongar-se.<\/li>\n<li>Foram mobilizados 38 operacionais e nove viaturas, com apoio da Autoridade Nacional de Emerg\u00eancia e Prote\u00e7\u00e3o Civil.<\/li>\n<\/ul>\n","protected":false},"author":2,"featured_media":424582,"comment_status":"closed","ping_status":"closed","sticky":false,"template":"","format":"standard","meta":{"footnotes":""},"categories":[6849,1],"tags":[5366,971,6117,2938,1438,981],"class_list":["post-424567","post","type-post","status-publish","format-standard","has-post-thumbnail","hentry","category-acidentes","category-noticias","tag-alcantara","tag-bombeiros","tag-cozinha","tag-evacuacao","tag-incendio","tag-lisboa"],"yoast_head":"<!-- This site is optimized with the Yoast SEO plugin v27.2 - https:\/\/yoast.com\/product\/yoast-seo-wordpress\/ -->\n<title>Inc\u00eandio numa habita\u00e7\u00e3o em Alc\u00e2ntara obriga a evacuar moradores e dois pr\u00e9dios - Portal Tela Portugal<\/title>\n<meta name=\"robots\" content=\"index, follow, max-snippet:-1, max-image-preview:large, max-video-preview:-1\" \/>\n<meta property=\"og:locale\" content=\"pt_PT\" \/>\n<meta property=\"og:type\" content=\"article\" \/>\n<meta property=\"og:title\" content=\"Inc\u00eandio numa habita\u00e7\u00e3o em Alc\u00e2ntara obriga a evacuar moradores e dois pr\u00e9dios - Portal Tela Portugal\" \/>\n<meta property=\"og:description\" content=\"Um inc\u00eandio deflagrou na Travessa do Fi\u00faza, n\u00ba 39, na zona de Alc\u00e2ntara, em Lisboa, na noite de sexta-feira, \u00e0s 20h48. N\u00e3o houve feridos, mas o fogo subiu da primeira \u00e0 cobertura do edif\u00edcio, levando \u00e0 evacua\u00e7\u00e3o de dois pr\u00e9dios adjacentes. O foco do inc\u00eandio, na cozinha do pr\u00e9dio, j\u00e1 foi extinto, mas trabalham-se pontos quentes no telhado, processo que pode prolongar-se. Foram mobilizados 38 operacionais e nove viaturas, com apoio da Autoridade Nacional de Emerg\u00eancia e Prote\u00e7\u00e3o Civil.\" \/>\n<meta property=\"og:url\" content=\"https:\/\/portaltela.pt\/noticias\/2026\/03\/27\/incendio-numa-habitacao-em-alcantara-obriga-a-evacuar-moradores-e-dois-predios\/\" \/>\n<meta property=\"og:site_name\" content=\"Portal Tela Portugal\" \/>\n<meta property=\"article:published_time\" content=\"2026-03-27T22:57:00+00:00\" \/>\n<meta name=\"author\" content=\"Telinha\" \/>\n<meta name=\"twitter:card\" content=\"summary_large_image\" \/>\n<meta name=\"twitter:label1\" content=\"Escrito por\" \/>\n\t<meta name=\"twitter:data1\" content=\"Telinha\" \/>\n\t<meta name=\"twitter:label2\" content=\"Tempo estimado de leitura\" \/>\n\t<meta name=\"twitter:data2\" content=\"1 minuto\" \/>\n<script type=\"application\/ld+json\" class=\"yoast-schema-graph\">{\"@context\":\"https:\/\/schema.org\",\"@graph\":[{\"@type\":\"Article\",\"@id\":\"https:\/\/portaltela.pt\/noticias\/2026\/03\/27\/incendio-numa-habitacao-em-alcantara-obriga-a-evacuar-moradores-e-dois-predios\/#article\",\"isPartOf\":{\"@id\":\"https:\/\/portaltela.pt\/noticias\/2026\/03\/27\/incendio-numa-habitacao-em-alcantara-obriga-a-evacuar-moradores-e-dois-predios\/\"},\"author\":{\"name\":\"Telinha\",\"@id\":\"https:\/\/portaltela.pt\/#\/schema\/person\/c4278d4a6028830caff9ee44b42d32ed\"},\"headline\":\"Inc\u00eandio numa habita\u00e7\u00e3o em Alc\u00e2ntara obriga a evacuar moradores e dois pr\u00e9dios\",\"datePublished\":\"2026-03-27T22:57:00+00:00\",\"mainEntityOfPage\":{\"@id\":\"https:\/\/portaltela.pt\/noticias\/2026\/03\/27\/incendio-numa-habitacao-em-alcantara-obriga-a-evacuar-moradores-e-dois-predios\/\"},\"wordCount\":192,\"image\":{\"@id\":\"https:\/\/portaltela.pt\/noticias\/2026\/03\/27\/incendio-numa-habitacao-em-alcantara-obriga-a-evacuar-moradores-e-dois-predios\/#primaryimage\"},\"thumbnailUrl\":\"https:\/\/portaltela.pt\/s.01k8rhncp4jt1\/2026\/03\/image-1648.jpg\",\"keywords\":[\"Alc\u00e2ntara\",\"bombeiros\",\"cozinha\",\"evacua\u00e7\u00e3o\",\"inc\u00eandio\",\"Lisboa\"],\"articleSection\":[\"Acidentes\",\"Not\u00edcias\"],\"inLanguage\":\"pt-PT\"},{\"@type\":\"WebPage\",\"@id\":\"https:\/\/portaltela.pt\/noticias\/2026\/03\/27\/incendio-numa-habitacao-em-alcantara-obriga-a-evacuar-moradores-e-dois-predios\/\",\"url\":\"https:\/\/portaltela.pt\/noticias\/2026\/03\/27\/incendio-numa-habitacao-em-alcantara-obriga-a-evacuar-moradores-e-dois-predios\/\",\"name\":\"Inc\u00eandio numa habita\u00e7\u00e3o em Alc\u00e2ntara obriga a evacuar moradores e dois pr\u00e9dios - Portal Tela Portugal\",\"isPartOf\":{\"@id\":\"https:\/\/portaltela.pt\/#website\"},\"primaryImageOfPage\":{\"@id\":\"https:\/\/portaltela.pt\/noticias\/2026\/03\/27\/incendio-numa-habitacao-em-alcantara-obriga-a-evacuar-moradores-e-dois-predios\/#primaryimage\"},\"image\":{\"@id\":\"https:\/\/portaltela.pt\/noticias\/2026\/03\/27\/incendio-numa-habitacao-em-alcantara-obriga-a-evacuar-moradores-e-dois-predios\/#primaryimage\"},\"thumbnailUrl\":\"https:\/\/portaltela.pt\/s.01k8rhncp4jt1\/2026\/03\/image-1648.jpg\",\"datePublished\":\"2026-03-27T22:57:00+00:00\",\"author\":{\"@id\":\"https:\/\/portaltela.pt\/#\/schema\/person\/c4278d4a6028830caff9ee44b42d32ed\"},\"breadcrumb\":{\"@id\":\"https:\/\/portaltela.pt\/noticias\/2026\/03\/27\/incendio-numa-habitacao-em-alcantara-obriga-a-evacuar-moradores-e-dois-predios\/#breadcrumb\"},\"inLanguage\":\"pt-PT\",\"potentialAction\":[{\"@type\":\"ReadAction\",\"target\":[\"https:\/\/portaltela.pt\/noticias\/2026\/03\/27\/incendio-numa-habitacao-em-alcantara-obriga-a-evacuar-moradores-e-dois-predios\/\"]}]},{\"@type\":\"ImageObject\",\"inLanguage\":\"pt-PT\",\"@id\":\"https:\/\/portaltela.pt\/noticias\/2026\/03\/27\/incendio-numa-habitacao-em-alcantara-obriga-a-evacuar-moradores-e-dois-predios\/#primaryimage\",\"url\":\"https:\/\/portaltela.pt\/s.01k8rhncp4jt1\/2026\/03\/image-1648.jpg\",\"contentUrl\":\"https:\/\/portaltela.pt\/s.01k8rhncp4jt1\/2026\/03\/image-1648.jpg\",\"width\":796,\"height\":448,\"caption\":\"Foram mobilizados 28 operacionais e dez viaturas para combater o inc\u00eandio\"},{\"@type\":\"BreadcrumbList\",\"@id\":\"https:\/\/portaltela.pt\/noticias\/2026\/03\/27\/incendio-numa-habitacao-em-alcantara-obriga-a-evacuar-moradores-e-dois-predios\/#breadcrumb\",\"itemListElement\":[{\"@type\":\"ListItem\",\"position\":1,\"name\":\"In\u00edcio\",\"item\":\"https:\/\/portaltela.pt\/\"},{\"@type\":\"ListItem\",\"position\":2,\"name\":\"Inc\u00eandio numa habita\u00e7\u00e3o em Alc\u00e2ntara obriga a evacuar moradores e dois pr\u00e9dios\"}]},{\"@type\":\"WebSite\",\"@id\":\"https:\/\/portaltela.pt\/#website\",\"url\":\"https:\/\/portaltela.pt\/\",\"name\":\"Portal Tela Portugal\",\"description\":\"\",\"potentialAction\":[{\"@type\":\"SearchAction\",\"target\":{\"@type\":\"EntryPoint\",\"urlTemplate\":\"https:\/\/portaltela.pt\/?s={search_term_string}\"},\"query-input\":{\"@type\":\"PropertyValueSpecification\",\"valueRequired\":true,\"valueName\":\"search_term_string\"}}],\"inLanguage\":\"pt-PT\"},{\"@type\":\"Person\",\"@id\":\"https:\/\/portaltela.pt\/#\/schema\/person\/c4278d4a6028830caff9ee44b42d32ed\",\"name\":\"Telinha\",\"image\":{\"@type\":\"ImageObject\",\"inLanguage\":\"pt-PT\",\"@id\":\"https:\/\/portaltela.pt\/s.01k8rhncp4jt1\/2025\/11\/talking-bot-125x125.png\",\"url\":\"https:\/\/portaltela.pt\/s.01k8rhncp4jt1\/2025\/11\/talking-bot-125x125.png\",\"contentUrl\":\"https:\/\/portaltela.pt\/s.01k8rhncp4jt1\/2025\/11\/talking-bot-125x125.png\",\"caption\":\"Telinha\"},\"sameAs\":[\"https:\/\/portaltela.pt\/\"],\"url\":\"https:\/\/portaltela.pt\/por\/367410592786\/\"}]}<\/script>\n<!-- \/ Yoast SEO plugin. -->","yoast_head_json":{"title":"Inc\u00eandio numa habita\u00e7\u00e3o em Alc\u00e2ntara obriga a evacuar moradores e dois pr\u00e9dios - Portal Tela Portugal","robots":{"index":"index","follow":"follow","max-snippet":"max-snippet:-1","max-image-preview":"max-image-preview:large","max-video-preview":"max-video-preview:-1"},"og_locale":"pt_PT","og_type":"article","og_title":"Inc\u00eandio numa habita\u00e7\u00e3o em Alc\u00e2ntara obriga a evacuar moradores e dois pr\u00e9dios - Portal Tela Portugal","og_description":"Um inc\u00eandio deflagrou na Travessa do Fi\u00faza, n\u00ba 39, na zona de Alc\u00e2ntara, em Lisboa, na noite de sexta-feira, \u00e0s 20h48. N\u00e3o houve feridos, mas o fogo subiu da primeira \u00e0 cobertura do edif\u00edcio, levando \u00e0 evacua\u00e7\u00e3o de dois pr\u00e9dios adjacentes. O foco do inc\u00eandio, na cozinha do pr\u00e9dio, j\u00e1 foi extinto, mas trabalham-se pontos quentes no telhado, processo que pode prolongar-se. Foram mobilizados 38 operacionais e nove viaturas, com apoio da Autoridade Nacional de Emerg\u00eancia e Prote\u00e7\u00e3o Civil.","og_url":"https:\/\/portaltela.pt\/noticias\/2026\/03\/27\/incendio-numa-habitacao-em-alcantara-obriga-a-evacuar-moradores-e-dois-predios\/","og_site_name":"Portal Tela Portugal","article_published_time":"2026-03-27T22:57:00+00:00","author":"Telinha","twitter_card":"summary_large_image","twitter_misc":{"Escrito por":"Telinha","Tempo estimado de leitura":"1 minuto"},"schema":{"@context":"https:\/\/schema.org","@graph":[{"@type":"Article","@id":"https:\/\/portaltela.pt\/noticias\/2026\/03\/27\/incendio-numa-habitacao-em-alcantara-obriga-a-evacuar-moradores-e-dois-predios\/#article","isPartOf":{"@id":"https:\/\/portaltela.pt\/noticias\/2026\/03\/27\/incendio-numa-habitacao-em-alcantara-obriga-a-evacuar-moradores-e-dois-predios\/"},"author":{"name":"Telinha","@id":"https:\/\/portaltela.pt\/#\/schema\/person\/c4278d4a6028830caff9ee44b42d32ed"},"headline":"Inc\u00eandio numa habita\u00e7\u00e3o em Alc\u00e2ntara obriga a evacuar moradores e dois pr\u00e9dios","datePublished":"2026-03-27T22:57:00+00:00","mainEntityOfPage":{"@id":"https:\/\/portaltela.pt\/noticias\/2026\/03\/27\/incendio-numa-habitacao-em-alcantara-obriga-a-evacuar-moradores-e-dois-predios\/"},"wordCount":192,"image":{"@id":"https:\/\/portaltela.pt\/noticias\/2026\/03\/27\/incendio-numa-habitacao-em-alcantara-obriga-a-evacuar-moradores-e-dois-predios\/#primaryimage"},"thumbnailUrl":"https:\/\/portaltela.pt\/s.01k8rhncp4jt1\/2026\/03\/image-1648.jpg","keywords":["Alc\u00e2ntara","bombeiros","cozinha","evacua\u00e7\u00e3o","inc\u00eandio","Lisboa"],"articleSection":["Acidentes","Not\u00edcias"],"inLanguage":"pt-PT"},{"@type":"WebPage","@id":"https:\/\/portaltela.pt\/noticias\/2026\/03\/27\/incendio-numa-habitacao-em-alcantara-obriga-a-evacuar-moradores-e-dois-predios\/","url":"https:\/\/portaltela.pt\/noticias\/2026\/03\/27\/incendio-numa-habitacao-em-alcantara-obriga-a-evacuar-moradores-e-dois-predios\/","name":"Inc\u00eandio numa habita\u00e7\u00e3o em Alc\u00e2ntara obriga a evacuar moradores e dois pr\u00e9dios - Portal Tela Portugal","isPartOf":{"@id":"https:\/\/portaltela.pt\/#website"},"primaryImageOfPage":{"@id":"https:\/\/portaltela.pt\/noticias\/2026\/03\/27\/incendio-numa-habitacao-em-alcantara-obriga-a-evacuar-moradores-e-dois-predios\/#primaryimage"},"image":{"@id":"https:\/\/portaltela.pt\/noticias\/2026\/03\/27\/incendio-numa-habitacao-em-alcantara-obriga-a-evacuar-moradores-e-dois-predios\/#primaryimage"},"thumbnailUrl":"https:\/\/portaltela.pt\/s.01k8rhncp4jt1\/2026\/03\/image-1648.jpg","datePublished":"2026-03-27T22:57:00+00:00","author":{"@id":"https:\/\/portaltela.pt\/#\/schema\/person\/c4278d4a6028830caff9ee44b42d32ed"},"breadcrumb":{"@id":"https:\/\/portaltela.pt\/noticias\/2026\/03\/27\/incendio-numa-habitacao-em-alcantara-obriga-a-evacuar-moradores-e-dois-predios\/#breadcrumb"},"inLanguage":"pt-PT","potentialAction":[{"@type":"ReadAction","target":["https:\/\/portaltela.pt\/noticias\/2026\/03\/27\/incendio-numa-habitacao-em-alcantara-obriga-a-evacuar-moradores-e-dois-predios\/"]}]},{"@type":"ImageObject","inLanguage":"pt-PT","@id":"https:\/\/portaltela.pt\/noticias\/2026\/03\/27\/incendio-numa-habitacao-em-alcantara-obriga-a-evacuar-moradores-e-dois-predios\/#primaryimage","url":"https:\/\/portaltela.pt\/s.01k8rhncp4jt1\/2026\/03\/image-1648.jpg","contentUrl":"https:\/\/portaltela.pt\/s.01k8rhncp4jt1\/2026\/03\/image-1648.jpg","width":796,"height":448,"caption":"Foram mobilizados 28 operacionais e dez viaturas para combater o inc\u00eandio"},{"@type":"BreadcrumbList","@id":"https:\/\/portaltela.pt\/noticias\/2026\/03\/27\/incendio-numa-habitacao-em-alcantara-obriga-a-evacuar-moradores-e-dois-predios\/#breadcrumb","itemListElement":[{"@type":"ListItem","position":1,"name":"In\u00edcio","item":"https:\/\/portaltela.pt\/"},{"@type":"ListItem","position":2,"name":"Inc\u00eandio numa habita\u00e7\u00e3o em Alc\u00e2ntara obriga a evacuar moradores e dois pr\u00e9dios"}]},{"@type":"WebSite","@id":"https:\/\/portaltela.pt\/#website","url":"https:\/\/portaltela.pt\/","name":"Portal Tela Portugal","description":"","potentialAction":[{"@type":"SearchAction","target":{"@type":"EntryPoint","urlTemplate":"https:\/\/portaltela.pt\/?s={search_term_string}"},"query-input":{"@type":"PropertyValueSpecification","valueRequired":true,"valueName":"search_term_string"}}],"inLanguage":"pt-PT"},{"@type":"Person","@id":"https:\/\/portaltela.pt\/#\/schema\/person\/c4278d4a6028830caff9ee44b42d32ed","name":"Telinha","image":{"@type":"ImageObject","inLanguage":"pt-PT","@id":"https:\/\/portaltela.pt\/s.01k8rhncp4jt1\/2025\/11\/talking-bot-125x125.png","url":"https:\/\/portaltela.pt\/s.01k8rhncp4jt1\/2025\/11\/talking-bot-125x125.png","contentUrl":"https:\/\/portaltela.pt\/s.01k8rhncp4jt1\/2025\/11\/talking-bot-125x125.png","caption":"Telinha"},"sameAs":["https:\/\/portaltela.pt\/"],"url":"https:\/\/portaltela.pt\/por\/367410592786\/"}]}},"_links":{"self":[{"href":"https:\/\/portaltela.pt\/api\/wp\/v2\/posts\/424567","targetHints":{"allow":["GET"]}}],"collection":[{"href":"https:\/\/portaltela.pt\/api\/wp\/v2\/posts"}],"about":[{"href":"https:\/\/portaltela.pt\/api\/wp\/v2\/types\/post"}],"author":[{"embeddable":true,"href":"https:\/\/portaltela.pt\/api\/wp\/v2\/users\/2"}],"replies":[{"embeddable":true,"href":"https:\/\/portaltela.pt\/api\/wp\/v2\/comments?post=424567"}],"version-history":[{"count":0,"href":"https:\/\/portaltela.pt\/api\/wp\/v2\/posts\/424567\/revisions"}],"wp:featuredmedia":[{"embeddable":true,"href":"https:\/\/portaltela.pt\/api\/wp\/v2\/media\/424582"}],"wp:attachment":[{"href":"https:\/\/portaltela.pt\/api\/wp\/v2\/media?parent=424567"}],"wp:term":[{"taxonomy":"category","embeddable":true,"href":"https:\/\/portaltela.pt\/api\/wp\/v2\/categories?post=424567"},{"taxonomy":"post_tag","embeddable":true,"href":"https:\/\/portaltela.pt\/api\/wp\/v2\/tags?post=424567"}],"curies":[{"name":"wp","href":"https:\/\/api.w.org\/{rel}","templated":true}]}}