{"id":424561,"date":"2026-03-27T22:30:00","date_gmt":"2026-03-28T01:30:00","guid":{"rendered":"https:\/\/portaltela.pt\/noticias\/2026\/03\/27\/ambulancia-com-gravida-em-parto-e-abalroada-no-hospital-de-santa-maria\/"},"modified":"2026-03-27T22:30:00","modified_gmt":"2026-03-28T01:30:00","slug":"ambulancia-com-gravida-em-parto-e-abalroada-no-hospital-de-santa-maria","status":"publish","type":"post","link":"https:\/\/portaltela.pt\/policia\/2026\/03\/27\/ambulancia-com-gravida-em-parto-e-abalroada-no-hospital-de-santa-maria\/","title":{"rendered":"Ambul\u00e2ncia com gr\u00e1vida em parto \u00e9 abalroada no Hospital de Santa Maria"},"content":{"rendered":"<p>Um agente da esquadra de motos da Divis\u00e3o de Tr\u00e2nsito da PSP de Lisboa foi abalroado por um carro \u00e0 entrada do Hospital de Santa Maria, ap\u00f3s acompanhar, desde a Ponte 25 de Abril, uma ambul\u00e2ncia dos bombeiros da Moita que transportava uma gr\u00e1vida em trabalho de parto. O incidente ocorreu no acesso \u00e0 unidade hospitalar, durante a opera\u00e7\u00e3o de desembarque da viatura policial.<\/p>\n<p>O acompanhamento de atendimento come\u00e7ou pouco depois das 08h00, com o objetivo de abrir caminho para a ambul\u00e2ncia e permitir a passagem r\u00e1pida pelo tr\u00e1fego da hora de ponta. J\u00e1 junto \u00e0 entrada do hospital, uma condutora embateu na moto policial com viol\u00eancia. O agente ficou ferido e recebeu tratamento m\u00e9dico na unidade.<\/p>\n<h3>Parto durante o transporte<\/h3>\n<p>Dentro da ambul\u00e2ncia, a gr\u00e1vida Genabu Bald\u00e9 entrava em trabalho de parto, com o nascimento a ocorrer por volta das 09h00. O parto aconteceu cerca de oito horas ap\u00f3s o in\u00edcio do pr\u00e9-trabalho de parto, e houve contacto com o INEM apenas \u00e0s 07h00, momento em que a equipa de bombeiros da Moita informou que a gr\u00e1vida se encontrava est\u00e1vel. A Viatura M\u00e9dica do Hospital do Barreiro acompanhou o transporte at\u00e9 ao HSM, devido \u00e0 falta de vagas e constrangimentos nas urg\u00eancias de obstetr\u00edcia da Margem Sul.<\/p>\n<p>M\u00e3e e beb\u00e9, um rapaz, encontraram-se bem de sa\u00fade ap\u00f3s o parto. O hospital informou que a gr\u00e1vida e o rec\u00e9m-nascido continuam est\u00e1veis, sem complica\u00e7\u00f5es de sa\u00fade aparentes.<\/p>\n","protected":false},"excerpt":{"rendered":"<ul>\n<li>Um agente da esquadra de motos da Divis\u00e3o de Tr\u00e2nsito da PSP de Lisboa foi abalroado por um carro \u00e0 entrada do Hospital de Santa Maria, enquanto escoltava uma ambul\u00e2ncia dos bombeiros da Moita com uma gr\u00e1vida em trabalho de parto.<\/li>\n<li>O acompanhamento come\u00e7ou pouco depois das oito horas, com os agentes a abrir caminho no tr\u00e2nsito da hora de ponta.<\/li>\n<li>Ao entrar no hospital, uma condutora embateu com viol\u00eancia na moto policial; o agente ferido recebeu tratamento hospitalar.<\/li>\n<li>Dentro da ambul\u00e2ncia, Genabu Bald\u00e9 deu \u00e0 luz um menino por volta das nove horas, cerca de oito horas ap\u00f3s o rompimento das \u00e1guas.<\/li>\n<li>A gr\u00e1vida foi encaminhada para o Hospital de Santa Maria com a Viatura M\u00e9dica do Hospital do Barreiro, devido \u00e0 falta de vagas nas urg\u00eancias de obstetr\u00edcia da Margem Sul; m\u00e3e e beb\u00e9 encontram-se bem.<\/li>\n<\/ul>\n","protected":false},"author":2,"featured_media":424563,"comment_status":"closed","ping_status":"closed","sticky":false,"template":"","format":"standard","meta":{"footnotes":""},"categories":[6781],"tags":[3638,2581,981,1402,4737,1381],"class_list":["post-424561","post","type-post","status-publish","format-standard","has-post-thumbnail","hentry","category-policia","tag-gravidas","tag-hospitais","tag-lisboa","tag-obstetricia","tag-partos","tag-psp"],"yoast_head":"<!-- This site is optimized with the Yoast SEO plugin v27.2 - https:\/\/yoast.com\/product\/yoast-seo-wordpress\/ -->\n<title>Ambul\u00e2ncia com gr\u00e1vida em parto \u00e9 abalroada no Hospital de Santa Maria - Portal Tela Portugal<\/title>\n<meta name=\"robots\" content=\"index, follow, max-snippet:-1, max-image-preview:large, max-video-preview:-1\" \/>\n<meta property=\"og:locale\" content=\"pt_PT\" \/>\n<meta property=\"og:type\" content=\"article\" \/>\n<meta property=\"og:title\" content=\"Ambul\u00e2ncia com gr\u00e1vida em parto \u00e9 abalroada no Hospital de Santa Maria - Portal Tela Portugal\" \/>\n<meta property=\"og:description\" content=\"Um agente da esquadra de motos da Divis\u00e3o de Tr\u00e2nsito da PSP de Lisboa foi abalroado por um carro \u00e0 entrada do Hospital de Santa Maria, enquanto escoltava uma ambul\u00e2ncia dos bombeiros da Moita com uma gr\u00e1vida em trabalho de parto. O acompanhamento come\u00e7ou pouco depois das oito horas, com os agentes a abrir caminho no tr\u00e2nsito da hora de ponta. Ao entrar no hospital, uma condutora embateu com viol\u00eancia na moto policial; o agente ferido recebeu tratamento hospitalar. Dentro da ambul\u00e2ncia, Genabu Bald\u00e9 deu \u00e0 luz um menino por volta das nove horas, cerca de oito horas ap\u00f3s o rompimento das \u00e1guas. A gr\u00e1vida foi encaminhada para o Hospital de Santa Maria com a Viatura M\u00e9dica do Hospital do Barreiro, devido \u00e0 falta de vagas nas urg\u00eancias de obstetr\u00edcia da Margem Sul; m\u00e3e e beb\u00e9 encontram-se bem.\" \/>\n<meta property=\"og:url\" content=\"https:\/\/portaltela.pt\/noticias\/2026\/03\/27\/ambulancia-com-gravida-em-parto-e-abalroada-no-hospital-de-santa-maria\/\" \/>\n<meta property=\"og:site_name\" content=\"Portal Tela Portugal\" \/>\n<meta property=\"article:published_time\" content=\"2026-03-28T01:30:00+00:00\" \/>\n<meta name=\"author\" content=\"Telinha\" \/>\n<meta name=\"twitter:card\" content=\"summary_large_image\" \/>\n<meta name=\"twitter:label1\" content=\"Escrito por\" \/>\n\t<meta name=\"twitter:data1\" content=\"Telinha\" \/>\n\t<meta name=\"twitter:label2\" content=\"Tempo estimado de leitura\" \/>\n\t<meta name=\"twitter:data2\" content=\"1 minuto\" \/>\n<script type=\"application\/ld+json\" class=\"yoast-schema-graph\">{\"@context\":\"https:\/\/schema.org\",\"@graph\":[{\"@type\":\"Article\",\"@id\":\"https:\/\/portaltela.pt\/noticias\/2026\/03\/27\/ambulancia-com-gravida-em-parto-e-abalroada-no-hospital-de-santa-maria\/#article\",\"isPartOf\":{\"@id\":\"https:\/\/portaltela.pt\/noticias\/2026\/03\/27\/ambulancia-com-gravida-em-parto-e-abalroada-no-hospital-de-santa-maria\/\"},\"author\":{\"name\":\"Telinha\",\"@id\":\"https:\/\/portaltela.pt\/#\/schema\/person\/c4278d4a6028830caff9ee44b42d32ed\"},\"headline\":\"Ambul\u00e2ncia com gr\u00e1vida em parto \u00e9 abalroada no Hospital de Santa Maria\",\"datePublished\":\"2026-03-28T01:30:00+00:00\",\"mainEntityOfPage\":{\"@id\":\"https:\/\/portaltela.pt\/noticias\/2026\/03\/27\/ambulancia-com-gravida-em-parto-e-abalroada-no-hospital-de-santa-maria\/\"},\"wordCount\":274,\"image\":{\"@id\":\"https:\/\/portaltela.pt\/noticias\/2026\/03\/27\/ambulancia-com-gravida-em-parto-e-abalroada-no-hospital-de-santa-maria\/#primaryimage\"},\"thumbnailUrl\":\"https:\/\/portaltela.pt\/s.01k8rhncp4jt1\/2026\/03\/img_1280x721uu2026-03-27-17-02-13-2275143.jpg\",\"keywords\":[\"gr\u00e1vidas\",\"hospitais\",\"Lisboa\",\"Obstetr\u00edcia\",\"Partos\",\"PSP\"],\"articleSection\":[\"Pol\u00edcia\"],\"inLanguage\":\"pt-PT\"},{\"@type\":\"WebPage\",\"@id\":\"https:\/\/portaltela.pt\/noticias\/2026\/03\/27\/ambulancia-com-gravida-em-parto-e-abalroada-no-hospital-de-santa-maria\/\",\"url\":\"https:\/\/portaltela.pt\/noticias\/2026\/03\/27\/ambulancia-com-gravida-em-parto-e-abalroada-no-hospital-de-santa-maria\/\",\"name\":\"Ambul\u00e2ncia com gr\u00e1vida em parto \u00e9 abalroada no Hospital de Santa Maria - Portal Tela Portugal\",\"isPartOf\":{\"@id\":\"https:\/\/portaltela.pt\/#website\"},\"primaryImageOfPage\":{\"@id\":\"https:\/\/portaltela.pt\/noticias\/2026\/03\/27\/ambulancia-com-gravida-em-parto-e-abalroada-no-hospital-de-santa-maria\/#primaryimage\"},\"image\":{\"@id\":\"https:\/\/portaltela.pt\/noticias\/2026\/03\/27\/ambulancia-com-gravida-em-parto-e-abalroada-no-hospital-de-santa-maria\/#primaryimage\"},\"thumbnailUrl\":\"https:\/\/portaltela.pt\/s.01k8rhncp4jt1\/2026\/03\/img_1280x721uu2026-03-27-17-02-13-2275143.jpg\",\"datePublished\":\"2026-03-28T01:30:00+00:00\",\"author\":{\"@id\":\"https:\/\/portaltela.pt\/#\/schema\/person\/c4278d4a6028830caff9ee44b42d32ed\"},\"breadcrumb\":{\"@id\":\"https:\/\/portaltela.pt\/noticias\/2026\/03\/27\/ambulancia-com-gravida-em-parto-e-abalroada-no-hospital-de-santa-maria\/#breadcrumb\"},\"inLanguage\":\"pt-PT\",\"potentialAction\":[{\"@type\":\"ReadAction\",\"target\":[\"https:\/\/portaltela.pt\/noticias\/2026\/03\/27\/ambulancia-com-gravida-em-parto-e-abalroada-no-hospital-de-santa-maria\/\"]}]},{\"@type\":\"ImageObject\",\"inLanguage\":\"pt-PT\",\"@id\":\"https:\/\/portaltela.pt\/noticias\/2026\/03\/27\/ambulancia-com-gravida-em-parto-e-abalroada-no-hospital-de-santa-maria\/#primaryimage\",\"url\":\"https:\/\/portaltela.pt\/s.01k8rhncp4jt1\/2026\/03\/img_1280x721uu2026-03-27-17-02-13-2275143.jpg\",\"contentUrl\":\"https:\/\/portaltela.pt\/s.01k8rhncp4jt1\/2026\/03\/img_1280x721uu2026-03-27-17-02-13-2275143.jpg\",\"width\":796,\"height\":448,\"caption\":\"M\u00e3e e beb\u00e9 acompanhados pelos bombeiros da Moita e m\u00e9dicos da VMER do Barreiro\"},{\"@type\":\"BreadcrumbList\",\"@id\":\"https:\/\/portaltela.pt\/noticias\/2026\/03\/27\/ambulancia-com-gravida-em-parto-e-abalroada-no-hospital-de-santa-maria\/#breadcrumb\",\"itemListElement\":[{\"@type\":\"ListItem\",\"position\":1,\"name\":\"In\u00edcio\",\"item\":\"https:\/\/portaltela.pt\/\"},{\"@type\":\"ListItem\",\"position\":2,\"name\":\"Ambul\u00e2ncia com gr\u00e1vida em parto \u00e9 abalroada no Hospital de Santa Maria\"}]},{\"@type\":\"WebSite\",\"@id\":\"https:\/\/portaltela.pt\/#website\",\"url\":\"https:\/\/portaltela.pt\/\",\"name\":\"Portal Tela Portugal\",\"description\":\"\",\"potentialAction\":[{\"@type\":\"SearchAction\",\"target\":{\"@type\":\"EntryPoint\",\"urlTemplate\":\"https:\/\/portaltela.pt\/?s={search_term_string}\"},\"query-input\":{\"@type\":\"PropertyValueSpecification\",\"valueRequired\":true,\"valueName\":\"search_term_string\"}}],\"inLanguage\":\"pt-PT\"},{\"@type\":\"Person\",\"@id\":\"https:\/\/portaltela.pt\/#\/schema\/person\/c4278d4a6028830caff9ee44b42d32ed\",\"name\":\"Telinha\",\"image\":{\"@type\":\"ImageObject\",\"inLanguage\":\"pt-PT\",\"@id\":\"https:\/\/portaltela.pt\/s.01k8rhncp4jt1\/2025\/11\/talking-bot-125x125.png\",\"url\":\"https:\/\/portaltela.pt\/s.01k8rhncp4jt1\/2025\/11\/talking-bot-125x125.png\",\"contentUrl\":\"https:\/\/portaltela.pt\/s.01k8rhncp4jt1\/2025\/11\/talking-bot-125x125.png\",\"caption\":\"Telinha\"},\"sameAs\":[\"https:\/\/portaltela.pt\/\"],\"url\":\"https:\/\/portaltela.pt\/por\/367410592786\/\"}]}<\/script>\n<!-- \/ Yoast SEO plugin. -->","yoast_head_json":{"title":"Ambul\u00e2ncia com gr\u00e1vida em parto \u00e9 abalroada no Hospital de Santa Maria - Portal Tela Portugal","robots":{"index":"index","follow":"follow","max-snippet":"max-snippet:-1","max-image-preview":"max-image-preview:large","max-video-preview":"max-video-preview:-1"},"og_locale":"pt_PT","og_type":"article","og_title":"Ambul\u00e2ncia com gr\u00e1vida em parto \u00e9 abalroada no Hospital de Santa Maria - Portal Tela Portugal","og_description":"Um agente da esquadra de motos da Divis\u00e3o de Tr\u00e2nsito da PSP de Lisboa foi abalroado por um carro \u00e0 entrada do Hospital de Santa Maria, enquanto escoltava uma ambul\u00e2ncia dos bombeiros da Moita com uma gr\u00e1vida em trabalho de parto. O acompanhamento come\u00e7ou pouco depois das oito horas, com os agentes a abrir caminho no tr\u00e2nsito da hora de ponta. Ao entrar no hospital, uma condutora embateu com viol\u00eancia na moto policial; o agente ferido recebeu tratamento hospitalar. Dentro da ambul\u00e2ncia, Genabu Bald\u00e9 deu \u00e0 luz um menino por volta das nove horas, cerca de oito horas ap\u00f3s o rompimento das \u00e1guas. A gr\u00e1vida foi encaminhada para o Hospital de Santa Maria com a Viatura M\u00e9dica do Hospital do Barreiro, devido \u00e0 falta de vagas nas urg\u00eancias de obstetr\u00edcia da Margem Sul; m\u00e3e e beb\u00e9 encontram-se bem.","og_url":"https:\/\/portaltela.pt\/noticias\/2026\/03\/27\/ambulancia-com-gravida-em-parto-e-abalroada-no-hospital-de-santa-maria\/","og_site_name":"Portal Tela Portugal","article_published_time":"2026-03-28T01:30:00+00:00","author":"Telinha","twitter_card":"summary_large_image","twitter_misc":{"Escrito por":"Telinha","Tempo estimado de leitura":"1 minuto"},"schema":{"@context":"https:\/\/schema.org","@graph":[{"@type":"Article","@id":"https:\/\/portaltela.pt\/noticias\/2026\/03\/27\/ambulancia-com-gravida-em-parto-e-abalroada-no-hospital-de-santa-maria\/#article","isPartOf":{"@id":"https:\/\/portaltela.pt\/noticias\/2026\/03\/27\/ambulancia-com-gravida-em-parto-e-abalroada-no-hospital-de-santa-maria\/"},"author":{"name":"Telinha","@id":"https:\/\/portaltela.pt\/#\/schema\/person\/c4278d4a6028830caff9ee44b42d32ed"},"headline":"Ambul\u00e2ncia com gr\u00e1vida em parto \u00e9 abalroada no Hospital de Santa Maria","datePublished":"2026-03-28T01:30:00+00:00","mainEntityOfPage":{"@id":"https:\/\/portaltela.pt\/noticias\/2026\/03\/27\/ambulancia-com-gravida-em-parto-e-abalroada-no-hospital-de-santa-maria\/"},"wordCount":274,"image":{"@id":"https:\/\/portaltela.pt\/noticias\/2026\/03\/27\/ambulancia-com-gravida-em-parto-e-abalroada-no-hospital-de-santa-maria\/#primaryimage"},"thumbnailUrl":"https:\/\/portaltela.pt\/s.01k8rhncp4jt1\/2026\/03\/img_1280x721uu2026-03-27-17-02-13-2275143.jpg","keywords":["gr\u00e1vidas","hospitais","Lisboa","Obstetr\u00edcia","Partos","PSP"],"articleSection":["Pol\u00edcia"],"inLanguage":"pt-PT"},{"@type":"WebPage","@id":"https:\/\/portaltela.pt\/noticias\/2026\/03\/27\/ambulancia-com-gravida-em-parto-e-abalroada-no-hospital-de-santa-maria\/","url":"https:\/\/portaltela.pt\/noticias\/2026\/03\/27\/ambulancia-com-gravida-em-parto-e-abalroada-no-hospital-de-santa-maria\/","name":"Ambul\u00e2ncia com gr\u00e1vida em parto \u00e9 abalroada no Hospital de Santa Maria - Portal Tela Portugal","isPartOf":{"@id":"https:\/\/portaltela.pt\/#website"},"primaryImageOfPage":{"@id":"https:\/\/portaltela.pt\/noticias\/2026\/03\/27\/ambulancia-com-gravida-em-parto-e-abalroada-no-hospital-de-santa-maria\/#primaryimage"},"image":{"@id":"https:\/\/portaltela.pt\/noticias\/2026\/03\/27\/ambulancia-com-gravida-em-parto-e-abalroada-no-hospital-de-santa-maria\/#primaryimage"},"thumbnailUrl":"https:\/\/portaltela.pt\/s.01k8rhncp4jt1\/2026\/03\/img_1280x721uu2026-03-27-17-02-13-2275143.jpg","datePublished":"2026-03-28T01:30:00+00:00","author":{"@id":"https:\/\/portaltela.pt\/#\/schema\/person\/c4278d4a6028830caff9ee44b42d32ed"},"breadcrumb":{"@id":"https:\/\/portaltela.pt\/noticias\/2026\/03\/27\/ambulancia-com-gravida-em-parto-e-abalroada-no-hospital-de-santa-maria\/#breadcrumb"},"inLanguage":"pt-PT","potentialAction":[{"@type":"ReadAction","target":["https:\/\/portaltela.pt\/noticias\/2026\/03\/27\/ambulancia-com-gravida-em-parto-e-abalroada-no-hospital-de-santa-maria\/"]}]},{"@type":"ImageObject","inLanguage":"pt-PT","@id":"https:\/\/portaltela.pt\/noticias\/2026\/03\/27\/ambulancia-com-gravida-em-parto-e-abalroada-no-hospital-de-santa-maria\/#primaryimage","url":"https:\/\/portaltela.pt\/s.01k8rhncp4jt1\/2026\/03\/img_1280x721uu2026-03-27-17-02-13-2275143.jpg","contentUrl":"https:\/\/portaltela.pt\/s.01k8rhncp4jt1\/2026\/03\/img_1280x721uu2026-03-27-17-02-13-2275143.jpg","width":796,"height":448,"caption":"M\u00e3e e beb\u00e9 acompanhados pelos bombeiros da Moita e m\u00e9dicos da VMER do Barreiro"},{"@type":"BreadcrumbList","@id":"https:\/\/portaltela.pt\/noticias\/2026\/03\/27\/ambulancia-com-gravida-em-parto-e-abalroada-no-hospital-de-santa-maria\/#breadcrumb","itemListElement":[{"@type":"ListItem","position":1,"name":"In\u00edcio","item":"https:\/\/portaltela.pt\/"},{"@type":"ListItem","position":2,"name":"Ambul\u00e2ncia com gr\u00e1vida em parto \u00e9 abalroada no Hospital de Santa Maria"}]},{"@type":"WebSite","@id":"https:\/\/portaltela.pt\/#website","url":"https:\/\/portaltela.pt\/","name":"Portal Tela Portugal","description":"","potentialAction":[{"@type":"SearchAction","target":{"@type":"EntryPoint","urlTemplate":"https:\/\/portaltela.pt\/?s={search_term_string}"},"query-input":{"@type":"PropertyValueSpecification","valueRequired":true,"valueName":"search_term_string"}}],"inLanguage":"pt-PT"},{"@type":"Person","@id":"https:\/\/portaltela.pt\/#\/schema\/person\/c4278d4a6028830caff9ee44b42d32ed","name":"Telinha","image":{"@type":"ImageObject","inLanguage":"pt-PT","@id":"https:\/\/portaltela.pt\/s.01k8rhncp4jt1\/2025\/11\/talking-bot-125x125.png","url":"https:\/\/portaltela.pt\/s.01k8rhncp4jt1\/2025\/11\/talking-bot-125x125.png","contentUrl":"https:\/\/portaltela.pt\/s.01k8rhncp4jt1\/2025\/11\/talking-bot-125x125.png","caption":"Telinha"},"sameAs":["https:\/\/portaltela.pt\/"],"url":"https:\/\/portaltela.pt\/por\/367410592786\/"}]}},"_links":{"self":[{"href":"https:\/\/portaltela.pt\/api\/wp\/v2\/posts\/424561","targetHints":{"allow":["GET"]}}],"collection":[{"href":"https:\/\/portaltela.pt\/api\/wp\/v2\/posts"}],"about":[{"href":"https:\/\/portaltela.pt\/api\/wp\/v2\/types\/post"}],"author":[{"embeddable":true,"href":"https:\/\/portaltela.pt\/api\/wp\/v2\/users\/2"}],"replies":[{"embeddable":true,"href":"https:\/\/portaltela.pt\/api\/wp\/v2\/comments?post=424561"}],"version-history":[{"count":0,"href":"https:\/\/portaltela.pt\/api\/wp\/v2\/posts\/424561\/revisions"}],"wp:featuredmedia":[{"embeddable":true,"href":"https:\/\/portaltela.pt\/api\/wp\/v2\/media\/424563"}],"wp:attachment":[{"href":"https:\/\/portaltela.pt\/api\/wp\/v2\/media?parent=424561"}],"wp:term":[{"taxonomy":"category","embeddable":true,"href":"https:\/\/portaltela.pt\/api\/wp\/v2\/categories?post=424561"},{"taxonomy":"post_tag","embeddable":true,"href":"https:\/\/portaltela.pt\/api\/wp\/v2\/tags?post=424561"}],"curies":[{"name":"wp","href":"https:\/\/api.w.org\/{rel}","templated":true}]}}