{"id":424560,"date":"2026-03-27T22:30:00","date_gmt":"2026-03-28T01:30:00","guid":{"rendered":"https:\/\/portaltela.pt\/noticias\/2026\/03\/27\/ministerio-publico-faz-buscas-na-camara-de-albufeira-por-documentos-online\/"},"modified":"2026-03-27T22:30:00","modified_gmt":"2026-03-28T01:30:00","slug":"ministerio-publico-faz-buscas-na-camara-de-albufeira-por-documentos-online","status":"publish","type":"post","link":"https:\/\/portaltela.pt\/justica\/2026\/03\/27\/ministerio-publico-faz-buscas-na-camara-de-albufeira-por-documentos-online\/","title":{"rendered":"Minist\u00e9rio P\u00fablico faz buscas na C\u00e2mara de Albufeira por documentos online"},"content":{"rendered":"<p>O Minist\u00e9rio P\u00fablico realizou buscas na C\u00e2mara Municipal de Albufeira na \u00faltima quarta-feira. O objetivo foi localizar documentos dispon\u00edveis online que possam complementar a prova relacionada com o processo em curso.<\/p>\n<p>Segundo o mandado, a opera\u00e7\u00e3o visou obter \u201coutros elementos complementares\u201d e informa\u00e7\u00f5es relativas \u00e0s atas da Assembleia Municipal de Albufeira. As buscas decorrem no \u00e2mbito da apura\u00e7\u00e3o em curso.<\/p>\n<p>A autarquia de Albufeira \u00e9 chefiada por Rui Cristina, eleito nas \u00faltimas aut\u00e1rquicas pelo partido Chega. N\u00e3o foram divulgados detalhes adicionais sobre o estado da investiga\u00e7\u00e3o nem sobre eventual deten\u00e7\u00e3o de documenta\u00e7\u00e3o espec\u00edfica.<\/p>\n","protected":false},"excerpt":{"rendered":"<ul>\n<li>O Minist\u00e9rio P\u00fablico realizou buscas na C\u00e2mara Municipal de Albufeira na \u00faltima quarta-feira.<\/li>\n<li>O mandado foca-se em documentos que est\u00e3o online e em \u201coutros elementos complementares\u201d para consolidar a prova.<\/li>\n<li>Al\u00e9m disso, pretende obter informa\u00e7\u00f5es relativas \u00e0s atas da Assembleia Municipal de Albufeira.<\/li>\n<li>A C\u00e2mara tem como presidente Rui Cristino? Wait. The input says Rui Cristina. We&#8217;ll keep Rui Cristina, elected pelo Chega.<\/li>\n<\/ul>\n<p>Let&#8217;s craft correctly:<\/p>\n<ul>\n<li>A autarquia est\u00e1 liderada por Rui Cristina, eleito nas \u00faltimas aut\u00e1rquicas pelo Chega.<\/li>\n<li>O procedimento n\u00e3o revela, no momento, conclus\u00f5es adicionais sobre o caso.<\/li>\n<\/ul>\n","protected":false},"author":2,"featured_media":424562,"comment_status":"closed","ping_status":"closed","sticky":false,"template":"","format":"standard","meta":{"footnotes":""},"categories":[6815],"tags":[5443,4846,1202,5483,2142,2613],"class_list":["post-424560","post","type-post","status-publish","format-standard","has-post-thumbnail","hentry","category-justica","tag-a-camara-municipal","tag-administracao-local","tag-albufeira","tag-assembleia-municipal","tag-chega","tag-ministerio-publico"],"yoast_head":"<!-- This site is optimized with the Yoast SEO plugin v27.2 - https:\/\/yoast.com\/product\/yoast-seo-wordpress\/ -->\n<title>Minist\u00e9rio P\u00fablico faz buscas na C\u00e2mara de Albufeira por documentos online - Portal Tela Portugal<\/title>\n<meta name=\"robots\" content=\"index, follow, max-snippet:-1, max-image-preview:large, max-video-preview:-1\" \/>\n<meta property=\"og:locale\" content=\"pt_PT\" \/>\n<meta property=\"og:type\" content=\"article\" \/>\n<meta property=\"og:title\" content=\"Minist\u00e9rio P\u00fablico faz buscas na C\u00e2mara de Albufeira por documentos online - Portal Tela Portugal\" \/>\n<meta property=\"og:description\" content=\"O Minist\u00e9rio P\u00fablico realizou buscas na C\u00e2mara Municipal de Albufeira na \u00faltima quarta-feira. O mandado foca-se em documentos que est\u00e3o online e em \u201coutros elementos complementares\u201d para consolidar a prova. Al\u00e9m disso, pretende obter informa\u00e7\u00f5es relativas \u00e0s atas da Assembleia Municipal de Albufeira. A C\u00e2mara tem como presidente Rui Cristino? Wait. The input says Rui Cristina. We&#039;ll keep Rui Cristina, elected pelo Chega. Let&#039;s craft correctly: A autarquia est\u00e1 liderada por Rui Cristina, eleito nas \u00faltimas aut\u00e1rquicas pelo Chega. O procedimento n\u00e3o revela, no momento, conclus\u00f5es adicionais sobre o caso.\" \/>\n<meta property=\"og:url\" content=\"https:\/\/portaltela.pt\/noticias\/2026\/03\/27\/ministerio-publico-faz-buscas-na-camara-de-albufeira-por-documentos-online\/\" \/>\n<meta property=\"og:site_name\" content=\"Portal Tela Portugal\" \/>\n<meta property=\"article:published_time\" content=\"2026-03-28T01:30:00+00:00\" \/>\n<meta name=\"author\" content=\"Telinha\" \/>\n<meta name=\"twitter:card\" content=\"summary_large_image\" \/>\n<meta name=\"twitter:label1\" content=\"Escrito por\" \/>\n\t<meta name=\"twitter:data1\" content=\"Telinha\" \/>\n\t<meta name=\"twitter:label2\" content=\"Tempo estimado de leitura\" \/>\n\t<meta name=\"twitter:data2\" content=\"1 minuto\" \/>\n<script type=\"application\/ld+json\" class=\"yoast-schema-graph\">{\"@context\":\"https:\/\/schema.org\",\"@graph\":[{\"@type\":\"Article\",\"@id\":\"https:\/\/portaltela.pt\/noticias\/2026\/03\/27\/ministerio-publico-faz-buscas-na-camara-de-albufeira-por-documentos-online\/#article\",\"isPartOf\":{\"@id\":\"https:\/\/portaltela.pt\/noticias\/2026\/03\/27\/ministerio-publico-faz-buscas-na-camara-de-albufeira-por-documentos-online\/\"},\"author\":{\"name\":\"Telinha\",\"@id\":\"https:\/\/portaltela.pt\/#\/schema\/person\/c4278d4a6028830caff9ee44b42d32ed\"},\"headline\":\"Minist\u00e9rio P\u00fablico faz buscas na C\u00e2mara de Albufeira por documentos online\",\"datePublished\":\"2026-03-28T01:30:00+00:00\",\"mainEntityOfPage\":{\"@id\":\"https:\/\/portaltela.pt\/noticias\/2026\/03\/27\/ministerio-publico-faz-buscas-na-camara-de-albufeira-por-documentos-online\/\"},\"wordCount\":119,\"image\":{\"@id\":\"https:\/\/portaltela.pt\/noticias\/2026\/03\/27\/ministerio-publico-faz-buscas-na-camara-de-albufeira-por-documentos-online\/#primaryimage\"},\"thumbnailUrl\":\"https:\/\/portaltela.pt\/s.01k8rhncp4jt1\/2026\/03\/img_1280x721uu2020-11-20-13-19-55-992360.jpg\",\"keywords\":[\"A C\u00e2mara Municipal\",\"Administra\u00e7\u00e3o Local\",\"Albufeira\",\"Assembleia Municipal\",\"CHEGA\",\"Minist\u00e9rio P\u00fablico\"],\"articleSection\":[\"Justi\u00e7a\"],\"inLanguage\":\"pt-PT\"},{\"@type\":\"WebPage\",\"@id\":\"https:\/\/portaltela.pt\/noticias\/2026\/03\/27\/ministerio-publico-faz-buscas-na-camara-de-albufeira-por-documentos-online\/\",\"url\":\"https:\/\/portaltela.pt\/noticias\/2026\/03\/27\/ministerio-publico-faz-buscas-na-camara-de-albufeira-por-documentos-online\/\",\"name\":\"Minist\u00e9rio P\u00fablico faz buscas na C\u00e2mara de Albufeira por documentos online - Portal Tela Portugal\",\"isPartOf\":{\"@id\":\"https:\/\/portaltela.pt\/#website\"},\"primaryImageOfPage\":{\"@id\":\"https:\/\/portaltela.pt\/noticias\/2026\/03\/27\/ministerio-publico-faz-buscas-na-camara-de-albufeira-por-documentos-online\/#primaryimage\"},\"image\":{\"@id\":\"https:\/\/portaltela.pt\/noticias\/2026\/03\/27\/ministerio-publico-faz-buscas-na-camara-de-albufeira-por-documentos-online\/#primaryimage\"},\"thumbnailUrl\":\"https:\/\/portaltela.pt\/s.01k8rhncp4jt1\/2026\/03\/img_1280x721uu2020-11-20-13-19-55-992360.jpg\",\"datePublished\":\"2026-03-28T01:30:00+00:00\",\"author\":{\"@id\":\"https:\/\/portaltela.pt\/#\/schema\/person\/c4278d4a6028830caff9ee44b42d32ed\"},\"breadcrumb\":{\"@id\":\"https:\/\/portaltela.pt\/noticias\/2026\/03\/27\/ministerio-publico-faz-buscas-na-camara-de-albufeira-por-documentos-online\/#breadcrumb\"},\"inLanguage\":\"pt-PT\",\"potentialAction\":[{\"@type\":\"ReadAction\",\"target\":[\"https:\/\/portaltela.pt\/noticias\/2026\/03\/27\/ministerio-publico-faz-buscas-na-camara-de-albufeira-por-documentos-online\/\"]}]},{\"@type\":\"ImageObject\",\"inLanguage\":\"pt-PT\",\"@id\":\"https:\/\/portaltela.pt\/noticias\/2026\/03\/27\/ministerio-publico-faz-buscas-na-camara-de-albufeira-por-documentos-online\/#primaryimage\",\"url\":\"https:\/\/portaltela.pt\/s.01k8rhncp4jt1\/2026\/03\/img_1280x721uu2020-11-20-13-19-55-992360.jpg\",\"contentUrl\":\"https:\/\/portaltela.pt\/s.01k8rhncp4jt1\/2026\/03\/img_1280x721uu2020-11-20-13-19-55-992360.jpg\",\"width\":796,\"height\":448,\"caption\":\"C\u00e2mara Municipal de Albufeira\"},{\"@type\":\"BreadcrumbList\",\"@id\":\"https:\/\/portaltela.pt\/noticias\/2026\/03\/27\/ministerio-publico-faz-buscas-na-camara-de-albufeira-por-documentos-online\/#breadcrumb\",\"itemListElement\":[{\"@type\":\"ListItem\",\"position\":1,\"name\":\"In\u00edcio\",\"item\":\"https:\/\/portaltela.pt\/\"},{\"@type\":\"ListItem\",\"position\":2,\"name\":\"Minist\u00e9rio P\u00fablico faz buscas na C\u00e2mara de Albufeira por documentos online\"}]},{\"@type\":\"WebSite\",\"@id\":\"https:\/\/portaltela.pt\/#website\",\"url\":\"https:\/\/portaltela.pt\/\",\"name\":\"Portal Tela Portugal\",\"description\":\"\",\"potentialAction\":[{\"@type\":\"SearchAction\",\"target\":{\"@type\":\"EntryPoint\",\"urlTemplate\":\"https:\/\/portaltela.pt\/?s={search_term_string}\"},\"query-input\":{\"@type\":\"PropertyValueSpecification\",\"valueRequired\":true,\"valueName\":\"search_term_string\"}}],\"inLanguage\":\"pt-PT\"},{\"@type\":\"Person\",\"@id\":\"https:\/\/portaltela.pt\/#\/schema\/person\/c4278d4a6028830caff9ee44b42d32ed\",\"name\":\"Telinha\",\"image\":{\"@type\":\"ImageObject\",\"inLanguage\":\"pt-PT\",\"@id\":\"https:\/\/portaltela.pt\/s.01k8rhncp4jt1\/2025\/11\/talking-bot-125x125.png\",\"url\":\"https:\/\/portaltela.pt\/s.01k8rhncp4jt1\/2025\/11\/talking-bot-125x125.png\",\"contentUrl\":\"https:\/\/portaltela.pt\/s.01k8rhncp4jt1\/2025\/11\/talking-bot-125x125.png\",\"caption\":\"Telinha\"},\"sameAs\":[\"https:\/\/portaltela.pt\/\"],\"url\":\"https:\/\/portaltela.pt\/por\/367410592786\/\"}]}<\/script>\n<!-- \/ Yoast SEO plugin. -->","yoast_head_json":{"title":"Minist\u00e9rio P\u00fablico faz buscas na C\u00e2mara de Albufeira por documentos online - Portal Tela Portugal","robots":{"index":"index","follow":"follow","max-snippet":"max-snippet:-1","max-image-preview":"max-image-preview:large","max-video-preview":"max-video-preview:-1"},"og_locale":"pt_PT","og_type":"article","og_title":"Minist\u00e9rio P\u00fablico faz buscas na C\u00e2mara de Albufeira por documentos online - Portal Tela Portugal","og_description":"O Minist\u00e9rio P\u00fablico realizou buscas na C\u00e2mara Municipal de Albufeira na \u00faltima quarta-feira. O mandado foca-se em documentos que est\u00e3o online e em \u201coutros elementos complementares\u201d para consolidar a prova. Al\u00e9m disso, pretende obter informa\u00e7\u00f5es relativas \u00e0s atas da Assembleia Municipal de Albufeira. A C\u00e2mara tem como presidente Rui Cristino? Wait. The input says Rui Cristina. We'll keep Rui Cristina, elected pelo Chega. Let's craft correctly: A autarquia est\u00e1 liderada por Rui Cristina, eleito nas \u00faltimas aut\u00e1rquicas pelo Chega. O procedimento n\u00e3o revela, no momento, conclus\u00f5es adicionais sobre o caso.","og_url":"https:\/\/portaltela.pt\/noticias\/2026\/03\/27\/ministerio-publico-faz-buscas-na-camara-de-albufeira-por-documentos-online\/","og_site_name":"Portal Tela Portugal","article_published_time":"2026-03-28T01:30:00+00:00","author":"Telinha","twitter_card":"summary_large_image","twitter_misc":{"Escrito por":"Telinha","Tempo estimado de leitura":"1 minuto"},"schema":{"@context":"https:\/\/schema.org","@graph":[{"@type":"Article","@id":"https:\/\/portaltela.pt\/noticias\/2026\/03\/27\/ministerio-publico-faz-buscas-na-camara-de-albufeira-por-documentos-online\/#article","isPartOf":{"@id":"https:\/\/portaltela.pt\/noticias\/2026\/03\/27\/ministerio-publico-faz-buscas-na-camara-de-albufeira-por-documentos-online\/"},"author":{"name":"Telinha","@id":"https:\/\/portaltela.pt\/#\/schema\/person\/c4278d4a6028830caff9ee44b42d32ed"},"headline":"Minist\u00e9rio P\u00fablico faz buscas na C\u00e2mara de Albufeira por documentos online","datePublished":"2026-03-28T01:30:00+00:00","mainEntityOfPage":{"@id":"https:\/\/portaltela.pt\/noticias\/2026\/03\/27\/ministerio-publico-faz-buscas-na-camara-de-albufeira-por-documentos-online\/"},"wordCount":119,"image":{"@id":"https:\/\/portaltela.pt\/noticias\/2026\/03\/27\/ministerio-publico-faz-buscas-na-camara-de-albufeira-por-documentos-online\/#primaryimage"},"thumbnailUrl":"https:\/\/portaltela.pt\/s.01k8rhncp4jt1\/2026\/03\/img_1280x721uu2020-11-20-13-19-55-992360.jpg","keywords":["A C\u00e2mara Municipal","Administra\u00e7\u00e3o Local","Albufeira","Assembleia Municipal","CHEGA","Minist\u00e9rio P\u00fablico"],"articleSection":["Justi\u00e7a"],"inLanguage":"pt-PT"},{"@type":"WebPage","@id":"https:\/\/portaltela.pt\/noticias\/2026\/03\/27\/ministerio-publico-faz-buscas-na-camara-de-albufeira-por-documentos-online\/","url":"https:\/\/portaltela.pt\/noticias\/2026\/03\/27\/ministerio-publico-faz-buscas-na-camara-de-albufeira-por-documentos-online\/","name":"Minist\u00e9rio P\u00fablico faz buscas na C\u00e2mara de Albufeira por documentos online - Portal Tela Portugal","isPartOf":{"@id":"https:\/\/portaltela.pt\/#website"},"primaryImageOfPage":{"@id":"https:\/\/portaltela.pt\/noticias\/2026\/03\/27\/ministerio-publico-faz-buscas-na-camara-de-albufeira-por-documentos-online\/#primaryimage"},"image":{"@id":"https:\/\/portaltela.pt\/noticias\/2026\/03\/27\/ministerio-publico-faz-buscas-na-camara-de-albufeira-por-documentos-online\/#primaryimage"},"thumbnailUrl":"https:\/\/portaltela.pt\/s.01k8rhncp4jt1\/2026\/03\/img_1280x721uu2020-11-20-13-19-55-992360.jpg","datePublished":"2026-03-28T01:30:00+00:00","author":{"@id":"https:\/\/portaltela.pt\/#\/schema\/person\/c4278d4a6028830caff9ee44b42d32ed"},"breadcrumb":{"@id":"https:\/\/portaltela.pt\/noticias\/2026\/03\/27\/ministerio-publico-faz-buscas-na-camara-de-albufeira-por-documentos-online\/#breadcrumb"},"inLanguage":"pt-PT","potentialAction":[{"@type":"ReadAction","target":["https:\/\/portaltela.pt\/noticias\/2026\/03\/27\/ministerio-publico-faz-buscas-na-camara-de-albufeira-por-documentos-online\/"]}]},{"@type":"ImageObject","inLanguage":"pt-PT","@id":"https:\/\/portaltela.pt\/noticias\/2026\/03\/27\/ministerio-publico-faz-buscas-na-camara-de-albufeira-por-documentos-online\/#primaryimage","url":"https:\/\/portaltela.pt\/s.01k8rhncp4jt1\/2026\/03\/img_1280x721uu2020-11-20-13-19-55-992360.jpg","contentUrl":"https:\/\/portaltela.pt\/s.01k8rhncp4jt1\/2026\/03\/img_1280x721uu2020-11-20-13-19-55-992360.jpg","width":796,"height":448,"caption":"C\u00e2mara Municipal de Albufeira"},{"@type":"BreadcrumbList","@id":"https:\/\/portaltela.pt\/noticias\/2026\/03\/27\/ministerio-publico-faz-buscas-na-camara-de-albufeira-por-documentos-online\/#breadcrumb","itemListElement":[{"@type":"ListItem","position":1,"name":"In\u00edcio","item":"https:\/\/portaltela.pt\/"},{"@type":"ListItem","position":2,"name":"Minist\u00e9rio P\u00fablico faz buscas na C\u00e2mara de Albufeira por documentos online"}]},{"@type":"WebSite","@id":"https:\/\/portaltela.pt\/#website","url":"https:\/\/portaltela.pt\/","name":"Portal Tela Portugal","description":"","potentialAction":[{"@type":"SearchAction","target":{"@type":"EntryPoint","urlTemplate":"https:\/\/portaltela.pt\/?s={search_term_string}"},"query-input":{"@type":"PropertyValueSpecification","valueRequired":true,"valueName":"search_term_string"}}],"inLanguage":"pt-PT"},{"@type":"Person","@id":"https:\/\/portaltela.pt\/#\/schema\/person\/c4278d4a6028830caff9ee44b42d32ed","name":"Telinha","image":{"@type":"ImageObject","inLanguage":"pt-PT","@id":"https:\/\/portaltela.pt\/s.01k8rhncp4jt1\/2025\/11\/talking-bot-125x125.png","url":"https:\/\/portaltela.pt\/s.01k8rhncp4jt1\/2025\/11\/talking-bot-125x125.png","contentUrl":"https:\/\/portaltela.pt\/s.01k8rhncp4jt1\/2025\/11\/talking-bot-125x125.png","caption":"Telinha"},"sameAs":["https:\/\/portaltela.pt\/"],"url":"https:\/\/portaltela.pt\/por\/367410592786\/"}]}},"_links":{"self":[{"href":"https:\/\/portaltela.pt\/api\/wp\/v2\/posts\/424560","targetHints":{"allow":["GET"]}}],"collection":[{"href":"https:\/\/portaltela.pt\/api\/wp\/v2\/posts"}],"about":[{"href":"https:\/\/portaltela.pt\/api\/wp\/v2\/types\/post"}],"author":[{"embeddable":true,"href":"https:\/\/portaltela.pt\/api\/wp\/v2\/users\/2"}],"replies":[{"embeddable":true,"href":"https:\/\/portaltela.pt\/api\/wp\/v2\/comments?post=424560"}],"version-history":[{"count":0,"href":"https:\/\/portaltela.pt\/api\/wp\/v2\/posts\/424560\/revisions"}],"wp:featuredmedia":[{"embeddable":true,"href":"https:\/\/portaltela.pt\/api\/wp\/v2\/media\/424562"}],"wp:attachment":[{"href":"https:\/\/portaltela.pt\/api\/wp\/v2\/media?parent=424560"}],"wp:term":[{"taxonomy":"category","embeddable":true,"href":"https:\/\/portaltela.pt\/api\/wp\/v2\/categories?post=424560"},{"taxonomy":"post_tag","embeddable":true,"href":"https:\/\/portaltela.pt\/api\/wp\/v2\/tags?post=424560"}],"curies":[{"name":"wp","href":"https:\/\/api.w.org\/{rel}","templated":true}]}}