{"id":424541,"date":"2026-03-27T21:00:00","date_gmt":"2026-03-28T00:00:00","guid":{"rendered":"https:\/\/portaltela.pt\/noticias\/2026\/03\/27\/suspeitas-sobre-vinicius-atrasam-punicao-a-prestianni\/"},"modified":"2026-03-27T21:00:00","modified_gmt":"2026-03-28T00:00:00","slug":"suspeitas-sobre-vinicius-atrasam-punicao-a-prestianni","status":"publish","type":"post","link":"https:\/\/portaltela.pt\/desporto\/futebol\/2026\/03\/27\/suspeitas-sobre-vinicius-atrasam-punicao-a-prestianni\/","title":{"rendered":"Suspeitas sobre Vin\u00edcius atrasam puni\u00e7\u00e3o a Prestianni"},"content":{"rendered":"<p>Suspeitas sobre Vin\u00edcius atrasam o castigo a Prestianni. A poss\u00edvel puni\u00e7\u00e3o ao jogador do Real Madrid estaria a atrasar a decis\u00e3o sobre Thiago Prestianni, acusado de racismo num jogo da Champions.<\/p>\n<p>O atraso na senten\u00e7a est\u00e1 ligado ao facto de Vini Jr. poder ser punido por alegadamente ter provocado o jogador argentino do Benfica. Assim, a UEFA mant\u00e9m a an\u00e1lise em aberto enquanto avalia todas as ocorr\u00eancias.<\/p>\n<p>Segundo o Mais Sport, a situa\u00e7\u00e3o envolve o caso de racismo ocorrido na Luz, no 1.\u00ba jogo do play-off para os oitavos da Champions, com o Benfica a vencer por 0-1. A institui\u00e7\u00e3o segue sem confirmar uma data para o veredito final.<\/p>\n","protected":false},"excerpt":{"rendered":"<ul>\n<li>Suspeitas sobre Vin\u00edcius J\u00fanior atrasam a senten\u00e7a contra Prestianni.<\/li>\n<li>O atraso est\u00e1 relacionado com o facto de Vini J\u00fanior poder tamb\u00e9m ser punido por ter provocado o jogador argentino do Benfica.<\/li>\n<li>A eventual san\u00e7\u00e3o a Vin\u00edcius J\u00fanior pode explicar o atraso da UEFA em proferir a decis\u00e3o sobre Prestianni.<\/li>\n<li>O caso envolve alegado racismo na Luz, na primeira m\u00e3o do play-off para os oitavos da Champions, com o resultado 0-1.<\/li>\n<\/ul>\n","protected":false},"author":2,"featured_media":424542,"comment_status":"closed","ping_status":"closed","sticky":false,"template":"","format":"standard","meta":{"footnotes":""},"categories":[21,24],"tags":[1946,3577,32,6032,2714,2265],"class_list":["post-424541","post","type-post","status-publish","format-standard","has-post-thumbnail","hentry","category-desporto","category-futebol","tag-benfica","tag-champions-league","tag-futebol","tag-racismo","tag-real-madrid","tag-vinicius-junior"],"yoast_head":"<!-- This site is optimized with the Yoast SEO plugin v27.2 - https:\/\/yoast.com\/product\/yoast-seo-wordpress\/ -->\n<title>Suspeitas sobre Vin\u00edcius atrasam puni\u00e7\u00e3o a Prestianni - Portal Tela Portugal<\/title>\n<meta name=\"robots\" content=\"index, follow, max-snippet:-1, max-image-preview:large, max-video-preview:-1\" \/>\n<meta property=\"og:locale\" content=\"pt_PT\" \/>\n<meta property=\"og:type\" content=\"article\" \/>\n<meta property=\"og:title\" content=\"Suspeitas sobre Vin\u00edcius atrasam puni\u00e7\u00e3o a Prestianni - Portal Tela Portugal\" \/>\n<meta property=\"og:description\" content=\"Suspeitas sobre Vin\u00edcius J\u00fanior atrasam a senten\u00e7a contra Prestianni. O atraso est\u00e1 relacionado com o facto de Vini J\u00fanior poder tamb\u00e9m ser punido por ter provocado o jogador argentino do Benfica. A eventual san\u00e7\u00e3o a Vin\u00edcius J\u00fanior pode explicar o atraso da UEFA em proferir a decis\u00e3o sobre Prestianni. O caso envolve alegado racismo na Luz, na primeira m\u00e3o do play-off para os oitavos da Champions, com o resultado 0-1.\" \/>\n<meta property=\"og:url\" content=\"https:\/\/portaltela.pt\/noticias\/2026\/03\/27\/suspeitas-sobre-vinicius-atrasam-punicao-a-prestianni\/\" \/>\n<meta property=\"og:site_name\" content=\"Portal Tela Portugal\" \/>\n<meta property=\"article:published_time\" content=\"2026-03-28T00:00:00+00:00\" \/>\n<meta name=\"author\" content=\"Telinha\" \/>\n<meta name=\"twitter:card\" content=\"summary_large_image\" \/>\n<meta name=\"twitter:label1\" content=\"Escrito por\" \/>\n\t<meta name=\"twitter:data1\" content=\"Telinha\" \/>\n\t<meta name=\"twitter:label2\" content=\"Tempo estimado de leitura\" \/>\n\t<meta name=\"twitter:data2\" content=\"1 minuto\" \/>\n<script type=\"application\/ld+json\" class=\"yoast-schema-graph\">{\"@context\":\"https:\/\/schema.org\",\"@graph\":[{\"@type\":\"Article\",\"@id\":\"https:\/\/portaltela.pt\/noticias\/2026\/03\/27\/suspeitas-sobre-vinicius-atrasam-punicao-a-prestianni\/#article\",\"isPartOf\":{\"@id\":\"https:\/\/portaltela.pt\/noticias\/2026\/03\/27\/suspeitas-sobre-vinicius-atrasam-punicao-a-prestianni\/\"},\"author\":{\"name\":\"Telinha\",\"@id\":\"https:\/\/portaltela.pt\/#\/schema\/person\/c4278d4a6028830caff9ee44b42d32ed\"},\"headline\":\"Suspeitas sobre Vin\u00edcius atrasam puni\u00e7\u00e3o a Prestianni\",\"datePublished\":\"2026-03-28T00:00:00+00:00\",\"mainEntityOfPage\":{\"@id\":\"https:\/\/portaltela.pt\/noticias\/2026\/03\/27\/suspeitas-sobre-vinicius-atrasam-punicao-a-prestianni\/\"},\"wordCount\":127,\"image\":{\"@id\":\"https:\/\/portaltela.pt\/noticias\/2026\/03\/27\/suspeitas-sobre-vinicius-atrasam-punicao-a-prestianni\/#primaryimage\"},\"thumbnailUrl\":\"https:\/\/portaltela.pt\/s.01k8rhncp4jt1\/2026\/03\/img_1500x1000uu2026-02-26-17-32-20-2269179-1.jpg\",\"keywords\":[\"Benfica\",\"Champions League\",\"futebol\",\"racismo\",\"Real Madrid\",\"Vin\u00edcius J\u00fanior\"],\"articleSection\":[\"Desporto\",\"Futebol\"],\"inLanguage\":\"pt-PT\"},{\"@type\":\"WebPage\",\"@id\":\"https:\/\/portaltela.pt\/noticias\/2026\/03\/27\/suspeitas-sobre-vinicius-atrasam-punicao-a-prestianni\/\",\"url\":\"https:\/\/portaltela.pt\/noticias\/2026\/03\/27\/suspeitas-sobre-vinicius-atrasam-punicao-a-prestianni\/\",\"name\":\"Suspeitas sobre Vin\u00edcius atrasam puni\u00e7\u00e3o a Prestianni - Portal Tela Portugal\",\"isPartOf\":{\"@id\":\"https:\/\/portaltela.pt\/#website\"},\"primaryImageOfPage\":{\"@id\":\"https:\/\/portaltela.pt\/noticias\/2026\/03\/27\/suspeitas-sobre-vinicius-atrasam-punicao-a-prestianni\/#primaryimage\"},\"image\":{\"@id\":\"https:\/\/portaltela.pt\/noticias\/2026\/03\/27\/suspeitas-sobre-vinicius-atrasam-punicao-a-prestianni\/#primaryimage\"},\"thumbnailUrl\":\"https:\/\/portaltela.pt\/s.01k8rhncp4jt1\/2026\/03\/img_1500x1000uu2026-02-26-17-32-20-2269179-1.jpg\",\"datePublished\":\"2026-03-28T00:00:00+00:00\",\"author\":{\"@id\":\"https:\/\/portaltela.pt\/#\/schema\/person\/c4278d4a6028830caff9ee44b42d32ed\"},\"breadcrumb\":{\"@id\":\"https:\/\/portaltela.pt\/noticias\/2026\/03\/27\/suspeitas-sobre-vinicius-atrasam-punicao-a-prestianni\/#breadcrumb\"},\"inLanguage\":\"pt-PT\",\"potentialAction\":[{\"@type\":\"ReadAction\",\"target\":[\"https:\/\/portaltela.pt\/noticias\/2026\/03\/27\/suspeitas-sobre-vinicius-atrasam-punicao-a-prestianni\/\"]}]},{\"@type\":\"ImageObject\",\"inLanguage\":\"pt-PT\",\"@id\":\"https:\/\/portaltela.pt\/noticias\/2026\/03\/27\/suspeitas-sobre-vinicius-atrasam-punicao-a-prestianni\/#primaryimage\",\"url\":\"https:\/\/portaltela.pt\/s.01k8rhncp4jt1\/2026\/03\/img_1500x1000uu2026-02-26-17-32-20-2269179-1.jpg\",\"contentUrl\":\"https:\/\/portaltela.pt\/s.01k8rhncp4jt1\/2026\/03\/img_1500x1000uu2026-02-26-17-32-20-2269179-1.jpg\",\"width\":796,\"height\":448,\"caption\":\"Vin\u00edcius Jr. acusou Prestianni de lhe ter chamado \\\"mono\\\"\"},{\"@type\":\"BreadcrumbList\",\"@id\":\"https:\/\/portaltela.pt\/noticias\/2026\/03\/27\/suspeitas-sobre-vinicius-atrasam-punicao-a-prestianni\/#breadcrumb\",\"itemListElement\":[{\"@type\":\"ListItem\",\"position\":1,\"name\":\"In\u00edcio\",\"item\":\"https:\/\/portaltela.pt\/\"},{\"@type\":\"ListItem\",\"position\":2,\"name\":\"Suspeitas sobre Vin\u00edcius atrasam puni\u00e7\u00e3o a Prestianni\"}]},{\"@type\":\"WebSite\",\"@id\":\"https:\/\/portaltela.pt\/#website\",\"url\":\"https:\/\/portaltela.pt\/\",\"name\":\"Portal Tela Portugal\",\"description\":\"\",\"potentialAction\":[{\"@type\":\"SearchAction\",\"target\":{\"@type\":\"EntryPoint\",\"urlTemplate\":\"https:\/\/portaltela.pt\/?s={search_term_string}\"},\"query-input\":{\"@type\":\"PropertyValueSpecification\",\"valueRequired\":true,\"valueName\":\"search_term_string\"}}],\"inLanguage\":\"pt-PT\"},{\"@type\":\"Person\",\"@id\":\"https:\/\/portaltela.pt\/#\/schema\/person\/c4278d4a6028830caff9ee44b42d32ed\",\"name\":\"Telinha\",\"image\":{\"@type\":\"ImageObject\",\"inLanguage\":\"pt-PT\",\"@id\":\"https:\/\/portaltela.pt\/s.01k8rhncp4jt1\/2025\/11\/talking-bot-125x125.png\",\"url\":\"https:\/\/portaltela.pt\/s.01k8rhncp4jt1\/2025\/11\/talking-bot-125x125.png\",\"contentUrl\":\"https:\/\/portaltela.pt\/s.01k8rhncp4jt1\/2025\/11\/talking-bot-125x125.png\",\"caption\":\"Telinha\"},\"sameAs\":[\"https:\/\/portaltela.pt\/\"],\"url\":\"https:\/\/portaltela.pt\/por\/367410592786\/\"}]}<\/script>\n<!-- \/ Yoast SEO plugin. -->","yoast_head_json":{"title":"Suspeitas sobre Vin\u00edcius atrasam puni\u00e7\u00e3o a Prestianni - Portal Tela Portugal","robots":{"index":"index","follow":"follow","max-snippet":"max-snippet:-1","max-image-preview":"max-image-preview:large","max-video-preview":"max-video-preview:-1"},"og_locale":"pt_PT","og_type":"article","og_title":"Suspeitas sobre Vin\u00edcius atrasam puni\u00e7\u00e3o a Prestianni - Portal Tela Portugal","og_description":"Suspeitas sobre Vin\u00edcius J\u00fanior atrasam a senten\u00e7a contra Prestianni. O atraso est\u00e1 relacionado com o facto de Vini J\u00fanior poder tamb\u00e9m ser punido por ter provocado o jogador argentino do Benfica. A eventual san\u00e7\u00e3o a Vin\u00edcius J\u00fanior pode explicar o atraso da UEFA em proferir a decis\u00e3o sobre Prestianni. O caso envolve alegado racismo na Luz, na primeira m\u00e3o do play-off para os oitavos da Champions, com o resultado 0-1.","og_url":"https:\/\/portaltela.pt\/noticias\/2026\/03\/27\/suspeitas-sobre-vinicius-atrasam-punicao-a-prestianni\/","og_site_name":"Portal Tela Portugal","article_published_time":"2026-03-28T00:00:00+00:00","author":"Telinha","twitter_card":"summary_large_image","twitter_misc":{"Escrito por":"Telinha","Tempo estimado de leitura":"1 minuto"},"schema":{"@context":"https:\/\/schema.org","@graph":[{"@type":"Article","@id":"https:\/\/portaltela.pt\/noticias\/2026\/03\/27\/suspeitas-sobre-vinicius-atrasam-punicao-a-prestianni\/#article","isPartOf":{"@id":"https:\/\/portaltela.pt\/noticias\/2026\/03\/27\/suspeitas-sobre-vinicius-atrasam-punicao-a-prestianni\/"},"author":{"name":"Telinha","@id":"https:\/\/portaltela.pt\/#\/schema\/person\/c4278d4a6028830caff9ee44b42d32ed"},"headline":"Suspeitas sobre Vin\u00edcius atrasam puni\u00e7\u00e3o a Prestianni","datePublished":"2026-03-28T00:00:00+00:00","mainEntityOfPage":{"@id":"https:\/\/portaltela.pt\/noticias\/2026\/03\/27\/suspeitas-sobre-vinicius-atrasam-punicao-a-prestianni\/"},"wordCount":127,"image":{"@id":"https:\/\/portaltela.pt\/noticias\/2026\/03\/27\/suspeitas-sobre-vinicius-atrasam-punicao-a-prestianni\/#primaryimage"},"thumbnailUrl":"https:\/\/portaltela.pt\/s.01k8rhncp4jt1\/2026\/03\/img_1500x1000uu2026-02-26-17-32-20-2269179-1.jpg","keywords":["Benfica","Champions League","futebol","racismo","Real Madrid","Vin\u00edcius J\u00fanior"],"articleSection":["Desporto","Futebol"],"inLanguage":"pt-PT"},{"@type":"WebPage","@id":"https:\/\/portaltela.pt\/noticias\/2026\/03\/27\/suspeitas-sobre-vinicius-atrasam-punicao-a-prestianni\/","url":"https:\/\/portaltela.pt\/noticias\/2026\/03\/27\/suspeitas-sobre-vinicius-atrasam-punicao-a-prestianni\/","name":"Suspeitas sobre Vin\u00edcius atrasam puni\u00e7\u00e3o a Prestianni - Portal Tela Portugal","isPartOf":{"@id":"https:\/\/portaltela.pt\/#website"},"primaryImageOfPage":{"@id":"https:\/\/portaltela.pt\/noticias\/2026\/03\/27\/suspeitas-sobre-vinicius-atrasam-punicao-a-prestianni\/#primaryimage"},"image":{"@id":"https:\/\/portaltela.pt\/noticias\/2026\/03\/27\/suspeitas-sobre-vinicius-atrasam-punicao-a-prestianni\/#primaryimage"},"thumbnailUrl":"https:\/\/portaltela.pt\/s.01k8rhncp4jt1\/2026\/03\/img_1500x1000uu2026-02-26-17-32-20-2269179-1.jpg","datePublished":"2026-03-28T00:00:00+00:00","author":{"@id":"https:\/\/portaltela.pt\/#\/schema\/person\/c4278d4a6028830caff9ee44b42d32ed"},"breadcrumb":{"@id":"https:\/\/portaltela.pt\/noticias\/2026\/03\/27\/suspeitas-sobre-vinicius-atrasam-punicao-a-prestianni\/#breadcrumb"},"inLanguage":"pt-PT","potentialAction":[{"@type":"ReadAction","target":["https:\/\/portaltela.pt\/noticias\/2026\/03\/27\/suspeitas-sobre-vinicius-atrasam-punicao-a-prestianni\/"]}]},{"@type":"ImageObject","inLanguage":"pt-PT","@id":"https:\/\/portaltela.pt\/noticias\/2026\/03\/27\/suspeitas-sobre-vinicius-atrasam-punicao-a-prestianni\/#primaryimage","url":"https:\/\/portaltela.pt\/s.01k8rhncp4jt1\/2026\/03\/img_1500x1000uu2026-02-26-17-32-20-2269179-1.jpg","contentUrl":"https:\/\/portaltela.pt\/s.01k8rhncp4jt1\/2026\/03\/img_1500x1000uu2026-02-26-17-32-20-2269179-1.jpg","width":796,"height":448,"caption":"Vin\u00edcius Jr. acusou Prestianni de lhe ter chamado \"mono\""},{"@type":"BreadcrumbList","@id":"https:\/\/portaltela.pt\/noticias\/2026\/03\/27\/suspeitas-sobre-vinicius-atrasam-punicao-a-prestianni\/#breadcrumb","itemListElement":[{"@type":"ListItem","position":1,"name":"In\u00edcio","item":"https:\/\/portaltela.pt\/"},{"@type":"ListItem","position":2,"name":"Suspeitas sobre Vin\u00edcius atrasam puni\u00e7\u00e3o a Prestianni"}]},{"@type":"WebSite","@id":"https:\/\/portaltela.pt\/#website","url":"https:\/\/portaltela.pt\/","name":"Portal Tela Portugal","description":"","potentialAction":[{"@type":"SearchAction","target":{"@type":"EntryPoint","urlTemplate":"https:\/\/portaltela.pt\/?s={search_term_string}"},"query-input":{"@type":"PropertyValueSpecification","valueRequired":true,"valueName":"search_term_string"}}],"inLanguage":"pt-PT"},{"@type":"Person","@id":"https:\/\/portaltela.pt\/#\/schema\/person\/c4278d4a6028830caff9ee44b42d32ed","name":"Telinha","image":{"@type":"ImageObject","inLanguage":"pt-PT","@id":"https:\/\/portaltela.pt\/s.01k8rhncp4jt1\/2025\/11\/talking-bot-125x125.png","url":"https:\/\/portaltela.pt\/s.01k8rhncp4jt1\/2025\/11\/talking-bot-125x125.png","contentUrl":"https:\/\/portaltela.pt\/s.01k8rhncp4jt1\/2025\/11\/talking-bot-125x125.png","caption":"Telinha"},"sameAs":["https:\/\/portaltela.pt\/"],"url":"https:\/\/portaltela.pt\/por\/367410592786\/"}]}},"_links":{"self":[{"href":"https:\/\/portaltela.pt\/api\/wp\/v2\/posts\/424541","targetHints":{"allow":["GET"]}}],"collection":[{"href":"https:\/\/portaltela.pt\/api\/wp\/v2\/posts"}],"about":[{"href":"https:\/\/portaltela.pt\/api\/wp\/v2\/types\/post"}],"author":[{"embeddable":true,"href":"https:\/\/portaltela.pt\/api\/wp\/v2\/users\/2"}],"replies":[{"embeddable":true,"href":"https:\/\/portaltela.pt\/api\/wp\/v2\/comments?post=424541"}],"version-history":[{"count":0,"href":"https:\/\/portaltela.pt\/api\/wp\/v2\/posts\/424541\/revisions"}],"wp:featuredmedia":[{"embeddable":true,"href":"https:\/\/portaltela.pt\/api\/wp\/v2\/media\/424542"}],"wp:attachment":[{"href":"https:\/\/portaltela.pt\/api\/wp\/v2\/media?parent=424541"}],"wp:term":[{"taxonomy":"category","embeddable":true,"href":"https:\/\/portaltela.pt\/api\/wp\/v2\/categories?post=424541"},{"taxonomy":"post_tag","embeddable":true,"href":"https:\/\/portaltela.pt\/api\/wp\/v2\/tags?post=424541"}],"curies":[{"name":"wp","href":"https:\/\/api.w.org\/{rel}","templated":true}]}}