{"id":424537,"date":"2026-03-27T20:35:00","date_gmt":"2026-03-27T23:35:00","guid":{"rendered":"https:\/\/portaltela.pt\/noticias\/2026\/03\/27\/carneiro-avisa-se-psd-tentar-desequilibrar-o-tc-votara-contra\/"},"modified":"2026-03-27T20:35:00","modified_gmt":"2026-03-27T23:35:00","slug":"carneiro-avisa-se-psd-tentar-desequilibrar-o-tc-votara-contra","status":"publish","type":"post","link":"https:\/\/portaltela.pt\/noticias\/2026\/03\/27\/carneiro-avisa-se-psd-tentar-desequilibrar-o-tc-votara-contra\/","title":{"rendered":"Carneiro avisa: se PSD tentar desequilibrar o TC, votar\u00e1 contra"},"content":{"rendered":"<p>O secret\u00e1rio-geral do PS, Jos\u00e9 Lu\u00eds Carneiro, abriu o 25\u00ba congresso do partido com um aviso direto aos aliados do PSD. No discurso de arranque, desafiou Montenegro a escolher entre uma via moderada ou demagogia e populismo. O objetivo, segundo o l\u00edder socialista, \u00e9 exigir clarifica\u00e7\u00f5es \u00e0 AD sobre a sua posi\u00e7\u00e3o perante acordos com a extrema-direita ou a abertura a converg\u00eancias moderadas.<\/p>\n<p>Carneiro salientou a necessidade de decidir sobre o rumo pol\u00edtico. Afirmou que o PS n\u00e3o aceitar\u00e1 um cont\u00ednuo muro de sil\u00eancio por parte da AD quando se discute a participa\u00e7\u00e3o em acordos que envolvam for\u00e7as de direita. O discurso incidiu na import\u00e2ncia de transpar\u00eancia e de posicionamentos firmes para evitar rupturas institucionais.<\/p>\n<p>O secret\u00e1rio-geral enfatizou ainda o papel do Governo na condu\u00e7\u00e3o de reformas. Afirmou que, se o Governo procurar desequilibrar o Tribunal Constitucional, o PS responder\u00e1 com um posicionamento firme, descrevendo-o como um rotundo n\u00e3o. A declara\u00e7\u00e3o surge no contexto de debates sobre organiza\u00e7\u00e3o b\u00e1sica do poder judici\u00e1rio.<\/p>\n<p>O tema de fundo foi, segundo a interven\u00e7\u00e3o, a necessidade de equil\u00edbrio institucional e a salvaguarda do funcionamento democr\u00e1tico. Carneiro sustentou que o PS pretende manter posi\u00e7\u00e3o de responsabilidade, sem ceder a press\u00f5es que possam comprometer a estabilidade pol\u00edtica.<\/p>\n<p>O 25\u00ba congresso decorre em local n\u00e3o especificado no texto base. A fala de Carneiro ocorreu na sess\u00e3o de abertura, com foco na atua\u00e7\u00e3o governamental, nas rela\u00e7\u00f5es entre PS, AD e PSD, e nas possibilidades de concerta\u00e7\u00e3o pol\u00edtica no arco moderado.<\/p>\n","protected":false},"excerpt":{"rendered":"<ul>\n<li>No arranque do 25.\u00ba congresso do Partido Socialista, Jos\u00e9 Lu\u00eds Carneiro afirmou que Montenegro deve escolher entre a \u201cvia moderada\u201d ou a demagogia e o populismo.<\/li>\n<li>Carneiro desafiou Montenegro a decidir entre manter o di\u00e1logo com contributos socialistas ou abrir-se a converg\u00eancias moderadas com o PS.<\/li>\n<li>O secret\u00e1rio-geral socialista disse que o Governo \u201ctentar desequilibrar o Tribunal Constitucional\u201d ter\u00e1 um \u201crotundo n\u00e3o\u201d por parte do PS.<\/li>\n<li>A interven\u00e7\u00e3o ocorreu no discurso de abertura do congresso do PS, em que o l\u00edder admitiu posi\u00e7\u00f5es claras sobre a rela\u00e7\u00e3o com a direita e a necessidade de defini\u00e7\u00e3o de apoios.<\/li>\n<\/ul>\n","protected":false},"author":2,"featured_media":424538,"comment_status":"closed","ping_status":"closed","sticky":false,"template":"","format":"standard","meta":{"footnotes":""},"categories":[6815,1],"tags":[5517,34,2832,2144,3695,7405],"class_list":["post-424537","post","type-post","status-publish","format-standard","has-post-thumbnail","hentry","category-justica","category-noticias","tag-extrema-direita","tag-governo","tag-politica","tag-ps","tag-psd","tag-tribunal-constitucional"],"yoast_head":"<!-- This site is optimized with the Yoast SEO plugin v27.2 - https:\/\/yoast.com\/product\/yoast-seo-wordpress\/ -->\n<title>Carneiro avisa: se PSD tentar desequilibrar o TC, votar\u00e1 contra - Portal Tela Portugal<\/title>\n<meta name=\"robots\" content=\"index, follow, max-snippet:-1, max-image-preview:large, max-video-preview:-1\" \/>\n<meta property=\"og:locale\" content=\"pt_PT\" \/>\n<meta property=\"og:type\" content=\"article\" \/>\n<meta property=\"og:title\" content=\"Carneiro avisa: se PSD tentar desequilibrar o TC, votar\u00e1 contra - Portal Tela Portugal\" \/>\n<meta property=\"og:description\" content=\"No arranque do 25.\u00ba congresso do Partido Socialista, Jos\u00e9 Lu\u00eds Carneiro afirmou que Montenegro deve escolher entre a \u201cvia moderada\u201d ou a demagogia e o populismo. Carneiro desafiou Montenegro a decidir entre manter o di\u00e1logo com contributos socialistas ou abrir-se a converg\u00eancias moderadas com o PS. O secret\u00e1rio-geral socialista disse que o Governo \u201ctentar desequilibrar o Tribunal Constitucional\u201d ter\u00e1 um \u201crotundo n\u00e3o\u201d por parte do PS. A interven\u00e7\u00e3o ocorreu no discurso de abertura do congresso do PS, em que o l\u00edder admitiu posi\u00e7\u00f5es claras sobre a rela\u00e7\u00e3o com a direita e a necessidade de defini\u00e7\u00e3o de apoios.\" \/>\n<meta property=\"og:url\" content=\"https:\/\/portaltela.pt\/noticias\/2026\/03\/27\/carneiro-avisa-se-psd-tentar-desequilibrar-o-tc-votara-contra\/\" \/>\n<meta property=\"og:site_name\" content=\"Portal Tela Portugal\" \/>\n<meta property=\"article:published_time\" content=\"2026-03-27T23:35:00+00:00\" \/>\n<meta name=\"author\" content=\"Telinha\" \/>\n<meta name=\"twitter:card\" content=\"summary_large_image\" \/>\n<meta name=\"twitter:label1\" content=\"Escrito por\" \/>\n\t<meta name=\"twitter:data1\" content=\"Telinha\" \/>\n\t<meta name=\"twitter:label2\" content=\"Tempo estimado de leitura\" \/>\n\t<meta name=\"twitter:data2\" content=\"1 minuto\" \/>\n<script type=\"application\/ld+json\" class=\"yoast-schema-graph\">{\"@context\":\"https:\/\/schema.org\",\"@graph\":[{\"@type\":\"Article\",\"@id\":\"https:\/\/portaltela.pt\/noticias\/2026\/03\/27\/carneiro-avisa-se-psd-tentar-desequilibrar-o-tc-votara-contra\/#article\",\"isPartOf\":{\"@id\":\"https:\/\/portaltela.pt\/noticias\/2026\/03\/27\/carneiro-avisa-se-psd-tentar-desequilibrar-o-tc-votara-contra\/\"},\"author\":{\"name\":\"Telinha\",\"@id\":\"https:\/\/portaltela.pt\/#\/schema\/person\/c4278d4a6028830caff9ee44b42d32ed\"},\"headline\":\"Carneiro avisa: se PSD tentar desequilibrar o TC, votar\u00e1 contra\",\"datePublished\":\"2026-03-27T23:35:00+00:00\",\"mainEntityOfPage\":{\"@id\":\"https:\/\/portaltela.pt\/noticias\/2026\/03\/27\/carneiro-avisa-se-psd-tentar-desequilibrar-o-tc-votara-contra\/\"},\"wordCount\":281,\"image\":{\"@id\":\"https:\/\/portaltela.pt\/noticias\/2026\/03\/27\/carneiro-avisa-se-psd-tentar-desequilibrar-o-tc-votara-contra\/#primaryimage\"},\"thumbnailUrl\":\"https:\/\/portaltela.pt\/s.01k8rhncp4jt1\/2026\/03\/7a022932-a1d1-4199-9788-2c450f1b24a5_1200x675.jpg\",\"keywords\":[\"extrema-direita\",\"governo\",\"pol\u00edtica\",\"PS\",\"PSD\",\"Tribunal Constitucional\"],\"articleSection\":[\"Justi\u00e7a\",\"Not\u00edcias\"],\"inLanguage\":\"pt-PT\"},{\"@type\":\"WebPage\",\"@id\":\"https:\/\/portaltela.pt\/noticias\/2026\/03\/27\/carneiro-avisa-se-psd-tentar-desequilibrar-o-tc-votara-contra\/\",\"url\":\"https:\/\/portaltela.pt\/noticias\/2026\/03\/27\/carneiro-avisa-se-psd-tentar-desequilibrar-o-tc-votara-contra\/\",\"name\":\"Carneiro avisa: se PSD tentar desequilibrar o TC, votar\u00e1 contra - Portal Tela Portugal\",\"isPartOf\":{\"@id\":\"https:\/\/portaltela.pt\/#website\"},\"primaryImageOfPage\":{\"@id\":\"https:\/\/portaltela.pt\/noticias\/2026\/03\/27\/carneiro-avisa-se-psd-tentar-desequilibrar-o-tc-votara-contra\/#primaryimage\"},\"image\":{\"@id\":\"https:\/\/portaltela.pt\/noticias\/2026\/03\/27\/carneiro-avisa-se-psd-tentar-desequilibrar-o-tc-votara-contra\/#primaryimage\"},\"thumbnailUrl\":\"https:\/\/portaltela.pt\/s.01k8rhncp4jt1\/2026\/03\/7a022932-a1d1-4199-9788-2c450f1b24a5_1200x675.jpg\",\"datePublished\":\"2026-03-27T23:35:00+00:00\",\"author\":{\"@id\":\"https:\/\/portaltela.pt\/#\/schema\/person\/c4278d4a6028830caff9ee44b42d32ed\"},\"breadcrumb\":{\"@id\":\"https:\/\/portaltela.pt\/noticias\/2026\/03\/27\/carneiro-avisa-se-psd-tentar-desequilibrar-o-tc-votara-contra\/#breadcrumb\"},\"inLanguage\":\"pt-PT\",\"potentialAction\":[{\"@type\":\"ReadAction\",\"target\":[\"https:\/\/portaltela.pt\/noticias\/2026\/03\/27\/carneiro-avisa-se-psd-tentar-desequilibrar-o-tc-votara-contra\/\"]}]},{\"@type\":\"ImageObject\",\"inLanguage\":\"pt-PT\",\"@id\":\"https:\/\/portaltela.pt\/noticias\/2026\/03\/27\/carneiro-avisa-se-psd-tentar-desequilibrar-o-tc-votara-contra\/#primaryimage\",\"url\":\"https:\/\/portaltela.pt\/s.01k8rhncp4jt1\/2026\/03\/7a022932-a1d1-4199-9788-2c450f1b24a5_1200x675.jpg\",\"contentUrl\":\"https:\/\/portaltela.pt\/s.01k8rhncp4jt1\/2026\/03\/7a022932-a1d1-4199-9788-2c450f1b24a5_1200x675.jpg\",\"width\":796,\"height\":448,\"caption\":\"Photo\"},{\"@type\":\"BreadcrumbList\",\"@id\":\"https:\/\/portaltela.pt\/noticias\/2026\/03\/27\/carneiro-avisa-se-psd-tentar-desequilibrar-o-tc-votara-contra\/#breadcrumb\",\"itemListElement\":[{\"@type\":\"ListItem\",\"position\":1,\"name\":\"In\u00edcio\",\"item\":\"https:\/\/portaltela.pt\/\"},{\"@type\":\"ListItem\",\"position\":2,\"name\":\"Carneiro avisa: se PSD tentar desequilibrar o TC, votar\u00e1 contra\"}]},{\"@type\":\"WebSite\",\"@id\":\"https:\/\/portaltela.pt\/#website\",\"url\":\"https:\/\/portaltela.pt\/\",\"name\":\"Portal Tela Portugal\",\"description\":\"\",\"potentialAction\":[{\"@type\":\"SearchAction\",\"target\":{\"@type\":\"EntryPoint\",\"urlTemplate\":\"https:\/\/portaltela.pt\/?s={search_term_string}\"},\"query-input\":{\"@type\":\"PropertyValueSpecification\",\"valueRequired\":true,\"valueName\":\"search_term_string\"}}],\"inLanguage\":\"pt-PT\"},{\"@type\":\"Person\",\"@id\":\"https:\/\/portaltela.pt\/#\/schema\/person\/c4278d4a6028830caff9ee44b42d32ed\",\"name\":\"Telinha\",\"image\":{\"@type\":\"ImageObject\",\"inLanguage\":\"pt-PT\",\"@id\":\"https:\/\/portaltela.pt\/s.01k8rhncp4jt1\/2025\/11\/talking-bot-125x125.png\",\"url\":\"https:\/\/portaltela.pt\/s.01k8rhncp4jt1\/2025\/11\/talking-bot-125x125.png\",\"contentUrl\":\"https:\/\/portaltela.pt\/s.01k8rhncp4jt1\/2025\/11\/talking-bot-125x125.png\",\"caption\":\"Telinha\"},\"sameAs\":[\"https:\/\/portaltela.pt\/\"],\"url\":\"https:\/\/portaltela.pt\/por\/367410592786\/\"}]}<\/script>\n<!-- \/ Yoast SEO plugin. -->","yoast_head_json":{"title":"Carneiro avisa: se PSD tentar desequilibrar o TC, votar\u00e1 contra - Portal Tela Portugal","robots":{"index":"index","follow":"follow","max-snippet":"max-snippet:-1","max-image-preview":"max-image-preview:large","max-video-preview":"max-video-preview:-1"},"og_locale":"pt_PT","og_type":"article","og_title":"Carneiro avisa: se PSD tentar desequilibrar o TC, votar\u00e1 contra - Portal Tela Portugal","og_description":"No arranque do 25.\u00ba congresso do Partido Socialista, Jos\u00e9 Lu\u00eds Carneiro afirmou que Montenegro deve escolher entre a \u201cvia moderada\u201d ou a demagogia e o populismo. Carneiro desafiou Montenegro a decidir entre manter o di\u00e1logo com contributos socialistas ou abrir-se a converg\u00eancias moderadas com o PS. O secret\u00e1rio-geral socialista disse que o Governo \u201ctentar desequilibrar o Tribunal Constitucional\u201d ter\u00e1 um \u201crotundo n\u00e3o\u201d por parte do PS. A interven\u00e7\u00e3o ocorreu no discurso de abertura do congresso do PS, em que o l\u00edder admitiu posi\u00e7\u00f5es claras sobre a rela\u00e7\u00e3o com a direita e a necessidade de defini\u00e7\u00e3o de apoios.","og_url":"https:\/\/portaltela.pt\/noticias\/2026\/03\/27\/carneiro-avisa-se-psd-tentar-desequilibrar-o-tc-votara-contra\/","og_site_name":"Portal Tela Portugal","article_published_time":"2026-03-27T23:35:00+00:00","author":"Telinha","twitter_card":"summary_large_image","twitter_misc":{"Escrito por":"Telinha","Tempo estimado de leitura":"1 minuto"},"schema":{"@context":"https:\/\/schema.org","@graph":[{"@type":"Article","@id":"https:\/\/portaltela.pt\/noticias\/2026\/03\/27\/carneiro-avisa-se-psd-tentar-desequilibrar-o-tc-votara-contra\/#article","isPartOf":{"@id":"https:\/\/portaltela.pt\/noticias\/2026\/03\/27\/carneiro-avisa-se-psd-tentar-desequilibrar-o-tc-votara-contra\/"},"author":{"name":"Telinha","@id":"https:\/\/portaltela.pt\/#\/schema\/person\/c4278d4a6028830caff9ee44b42d32ed"},"headline":"Carneiro avisa: se PSD tentar desequilibrar o TC, votar\u00e1 contra","datePublished":"2026-03-27T23:35:00+00:00","mainEntityOfPage":{"@id":"https:\/\/portaltela.pt\/noticias\/2026\/03\/27\/carneiro-avisa-se-psd-tentar-desequilibrar-o-tc-votara-contra\/"},"wordCount":281,"image":{"@id":"https:\/\/portaltela.pt\/noticias\/2026\/03\/27\/carneiro-avisa-se-psd-tentar-desequilibrar-o-tc-votara-contra\/#primaryimage"},"thumbnailUrl":"https:\/\/portaltela.pt\/s.01k8rhncp4jt1\/2026\/03\/7a022932-a1d1-4199-9788-2c450f1b24a5_1200x675.jpg","keywords":["extrema-direita","governo","pol\u00edtica","PS","PSD","Tribunal Constitucional"],"articleSection":["Justi\u00e7a","Not\u00edcias"],"inLanguage":"pt-PT"},{"@type":"WebPage","@id":"https:\/\/portaltela.pt\/noticias\/2026\/03\/27\/carneiro-avisa-se-psd-tentar-desequilibrar-o-tc-votara-contra\/","url":"https:\/\/portaltela.pt\/noticias\/2026\/03\/27\/carneiro-avisa-se-psd-tentar-desequilibrar-o-tc-votara-contra\/","name":"Carneiro avisa: se PSD tentar desequilibrar o TC, votar\u00e1 contra - Portal Tela Portugal","isPartOf":{"@id":"https:\/\/portaltela.pt\/#website"},"primaryImageOfPage":{"@id":"https:\/\/portaltela.pt\/noticias\/2026\/03\/27\/carneiro-avisa-se-psd-tentar-desequilibrar-o-tc-votara-contra\/#primaryimage"},"image":{"@id":"https:\/\/portaltela.pt\/noticias\/2026\/03\/27\/carneiro-avisa-se-psd-tentar-desequilibrar-o-tc-votara-contra\/#primaryimage"},"thumbnailUrl":"https:\/\/portaltela.pt\/s.01k8rhncp4jt1\/2026\/03\/7a022932-a1d1-4199-9788-2c450f1b24a5_1200x675.jpg","datePublished":"2026-03-27T23:35:00+00:00","author":{"@id":"https:\/\/portaltela.pt\/#\/schema\/person\/c4278d4a6028830caff9ee44b42d32ed"},"breadcrumb":{"@id":"https:\/\/portaltela.pt\/noticias\/2026\/03\/27\/carneiro-avisa-se-psd-tentar-desequilibrar-o-tc-votara-contra\/#breadcrumb"},"inLanguage":"pt-PT","potentialAction":[{"@type":"ReadAction","target":["https:\/\/portaltela.pt\/noticias\/2026\/03\/27\/carneiro-avisa-se-psd-tentar-desequilibrar-o-tc-votara-contra\/"]}]},{"@type":"ImageObject","inLanguage":"pt-PT","@id":"https:\/\/portaltela.pt\/noticias\/2026\/03\/27\/carneiro-avisa-se-psd-tentar-desequilibrar-o-tc-votara-contra\/#primaryimage","url":"https:\/\/portaltela.pt\/s.01k8rhncp4jt1\/2026\/03\/7a022932-a1d1-4199-9788-2c450f1b24a5_1200x675.jpg","contentUrl":"https:\/\/portaltela.pt\/s.01k8rhncp4jt1\/2026\/03\/7a022932-a1d1-4199-9788-2c450f1b24a5_1200x675.jpg","width":796,"height":448,"caption":"Photo"},{"@type":"BreadcrumbList","@id":"https:\/\/portaltela.pt\/noticias\/2026\/03\/27\/carneiro-avisa-se-psd-tentar-desequilibrar-o-tc-votara-contra\/#breadcrumb","itemListElement":[{"@type":"ListItem","position":1,"name":"In\u00edcio","item":"https:\/\/portaltela.pt\/"},{"@type":"ListItem","position":2,"name":"Carneiro avisa: se PSD tentar desequilibrar o TC, votar\u00e1 contra"}]},{"@type":"WebSite","@id":"https:\/\/portaltela.pt\/#website","url":"https:\/\/portaltela.pt\/","name":"Portal Tela Portugal","description":"","potentialAction":[{"@type":"SearchAction","target":{"@type":"EntryPoint","urlTemplate":"https:\/\/portaltela.pt\/?s={search_term_string}"},"query-input":{"@type":"PropertyValueSpecification","valueRequired":true,"valueName":"search_term_string"}}],"inLanguage":"pt-PT"},{"@type":"Person","@id":"https:\/\/portaltela.pt\/#\/schema\/person\/c4278d4a6028830caff9ee44b42d32ed","name":"Telinha","image":{"@type":"ImageObject","inLanguage":"pt-PT","@id":"https:\/\/portaltela.pt\/s.01k8rhncp4jt1\/2025\/11\/talking-bot-125x125.png","url":"https:\/\/portaltela.pt\/s.01k8rhncp4jt1\/2025\/11\/talking-bot-125x125.png","contentUrl":"https:\/\/portaltela.pt\/s.01k8rhncp4jt1\/2025\/11\/talking-bot-125x125.png","caption":"Telinha"},"sameAs":["https:\/\/portaltela.pt\/"],"url":"https:\/\/portaltela.pt\/por\/367410592786\/"}]}},"_links":{"self":[{"href":"https:\/\/portaltela.pt\/api\/wp\/v2\/posts\/424537","targetHints":{"allow":["GET"]}}],"collection":[{"href":"https:\/\/portaltela.pt\/api\/wp\/v2\/posts"}],"about":[{"href":"https:\/\/portaltela.pt\/api\/wp\/v2\/types\/post"}],"author":[{"embeddable":true,"href":"https:\/\/portaltela.pt\/api\/wp\/v2\/users\/2"}],"replies":[{"embeddable":true,"href":"https:\/\/portaltela.pt\/api\/wp\/v2\/comments?post=424537"}],"version-history":[{"count":0,"href":"https:\/\/portaltela.pt\/api\/wp\/v2\/posts\/424537\/revisions"}],"wp:featuredmedia":[{"embeddable":true,"href":"https:\/\/portaltela.pt\/api\/wp\/v2\/media\/424538"}],"wp:attachment":[{"href":"https:\/\/portaltela.pt\/api\/wp\/v2\/media?parent=424537"}],"wp:term":[{"taxonomy":"category","embeddable":true,"href":"https:\/\/portaltela.pt\/api\/wp\/v2\/categories?post=424537"},{"taxonomy":"post_tag","embeddable":true,"href":"https:\/\/portaltela.pt\/api\/wp\/v2\/tags?post=424537"}],"curies":[{"name":"wp","href":"https:\/\/api.w.org\/{rel}","templated":true}]}}