{"id":424533,"date":"2026-03-27T20:19:49","date_gmt":"2026-03-27T23:19:49","guid":{"rendered":"https:\/\/portaltela.pt\/noticias\/2026\/03\/27\/elite-em-acao-nos-nacionais-de-coimbra\/"},"modified":"2026-03-27T20:19:49","modified_gmt":"2026-03-27T23:19:49","slug":"elite-em-acao-nos-nacionais-de-coimbra","status":"publish","type":"post","link":"https:\/\/portaltela.pt\/desporto\/futebol\/2026\/03\/27\/elite-em-acao-nos-nacionais-de-coimbra\/","title":{"rendered":"Elite em a\u00e7\u00e3o nos Nacionais de Coimbra"},"content":{"rendered":"<p>Coimbra recebe, a partir deste s\u00e1bado, os Nacionais de juniores e seniores de nata\u00e7\u00e3o, que se prolongam at\u00e9 ter\u00e7a-feira. A prova decorre no complexo municipal, reunindo atletas em busca de t\u00edtulos nacionais e m\u00ednimos para competi\u00e7\u00f5es internacionais.<\/p>\n<p>O cartaz de participantes inclui nomes de relevo como Diogo Ribeiro, Miguel Nascimento, Diana Dur\u00e3es (Benfica), Camila Rebelo, Gabriel Lopes (Louzan), Jo\u00e3o Costa (V. Guimar\u00e3es), Ana Pinho Rodrigues (Sp. Braga) e Francisca Martins (FOCA). A presen\u00e7a destes atletas_ele pode elevar o n\u00edvel das eliminat\u00f3rias e finais.<\/p>\n<p>A competi\u00e7\u00e3o re\u00fane mais de 500 nadadores de 79 clubes, com foco na obten\u00e7\u00e3o de recordes nacionais e m\u00ednimos para fases internacionais da temporada. As provas devem destacar a consist\u00eancia dos clubes ao longo da exigente agenda.<\/p>\n<h3>Destaques e objetivo<\/h3>\n<p>Al\u00e9m de definir campe\u00f5es, o evento serve para estabelecer marcas que assegurem participa\u00e7\u00e3o em grandes palcos internacionais, com expectativa de disputas acirradas entre as equipas. Organiza\u00e7\u00f5es locais enfatizam o car\u00e1ter competitivo da edi\u00e7\u00e3o.<\/p>\n<p>A participa\u00e7\u00e3o de clubes tradicionais, como Benfica, Louzan, V. Guimar\u00e3es, Sp. Braga e FOCA, \u00e9 apontada como elemento determinante para o desenrolar da competi\u00e7\u00e3o. Os jogos prometem decis\u00f5es t\u00e9cnicas relevantes ao longo dos dias.<\/p>\n","protected":false},"excerpt":{"rendered":"<ul>\n<li>Coimbra recebe este s\u00e1bado os Nacionais de juniores e seniores, que v\u00e3o at\u00e9 ter\u00e7a-feira.<\/li>\n<li>Entre os nomes em destaque est\u00e3o Diogo Ribeiro, Miguel Nascimento e Diana Dur\u00e3es (Benfica), Camila Rebelo e Gabriel Lopes (Louzan), Jo\u00e3o Costa (Vitoria de Guimar\u00e3es), Ana Pinho Rodrigues (Sp. Braga) e Francisca Martins (FOCA).<\/li>\n<li>A competi\u00e7\u00e3o re\u00fane mais de 500 nadadores de 79 clubes.<\/li>\n<li>Os atletas procuram bater recordes nacionais e obter m\u00ednimos para as grandes competi\u00e7\u00f5es internacionais da temporada.<\/li>\n<li>O evento apresenta o que h\u00e1 de melhor na modalidade nesta fase da \u00e9poca.<\/li>\n<\/ul>\n","protected":false},"author":2,"featured_media":424534,"comment_status":"closed","ping_status":"closed","sticky":false,"template":"","format":"standard","meta":{"footnotes":""},"categories":[21,24],"tags":[1946,1070,1350,209,2070,5393],"class_list":["post-424533","post","type-post","status-publish","format-standard","has-post-thumbnail","hentry","category-desporto","category-futebol","tag-benfica","tag-coimbra","tag-nacionais","tag-natacao","tag-sp-braga","tag-v-guimaraes"],"yoast_head":"<!-- This site is optimized with the Yoast SEO plugin v27.2 - https:\/\/yoast.com\/product\/yoast-seo-wordpress\/ -->\n<title>Elite em a\u00e7\u00e3o nos Nacionais de Coimbra - Portal Tela Portugal<\/title>\n<meta name=\"robots\" content=\"index, follow, max-snippet:-1, max-image-preview:large, max-video-preview:-1\" \/>\n<meta property=\"og:locale\" content=\"pt_PT\" \/>\n<meta property=\"og:type\" content=\"article\" \/>\n<meta property=\"og:title\" content=\"Elite em a\u00e7\u00e3o nos Nacionais de Coimbra - Portal Tela Portugal\" \/>\n<meta property=\"og:description\" content=\"Coimbra recebe este s\u00e1bado os Nacionais de juniores e seniores, que v\u00e3o at\u00e9 ter\u00e7a-feira. Entre os nomes em destaque est\u00e3o Diogo Ribeiro, Miguel Nascimento e Diana Dur\u00e3es (Benfica), Camila Rebelo e Gabriel Lopes (Louzan), Jo\u00e3o Costa (Vitoria de Guimar\u00e3es), Ana Pinho Rodrigues (Sp. Braga) e Francisca Martins (FOCA). A competi\u00e7\u00e3o re\u00fane mais de 500 nadadores de 79 clubes. Os atletas procuram bater recordes nacionais e obter m\u00ednimos para as grandes competi\u00e7\u00f5es internacionais da temporada. O evento apresenta o que h\u00e1 de melhor na modalidade nesta fase da \u00e9poca.\" \/>\n<meta property=\"og:url\" content=\"https:\/\/portaltela.pt\/noticias\/2026\/03\/27\/elite-em-acao-nos-nacionais-de-coimbra\/\" \/>\n<meta property=\"og:site_name\" content=\"Portal Tela Portugal\" \/>\n<meta property=\"article:published_time\" content=\"2026-03-27T23:19:49+00:00\" \/>\n<meta name=\"author\" content=\"Telinha\" \/>\n<meta name=\"twitter:card\" content=\"summary_large_image\" \/>\n<meta name=\"twitter:label1\" content=\"Escrito por\" \/>\n\t<meta name=\"twitter:data1\" content=\"Telinha\" \/>\n\t<meta name=\"twitter:label2\" content=\"Tempo estimado de leitura\" \/>\n\t<meta name=\"twitter:data2\" content=\"1 minuto\" \/>\n<script type=\"application\/ld+json\" class=\"yoast-schema-graph\">{\"@context\":\"https:\/\/schema.org\",\"@graph\":[{\"@type\":\"Article\",\"@id\":\"https:\/\/portaltela.pt\/noticias\/2026\/03\/27\/elite-em-acao-nos-nacionais-de-coimbra\/#article\",\"isPartOf\":{\"@id\":\"https:\/\/portaltela.pt\/noticias\/2026\/03\/27\/elite-em-acao-nos-nacionais-de-coimbra\/\"},\"author\":{\"name\":\"Telinha\",\"@id\":\"https:\/\/portaltela.pt\/#\/schema\/person\/c4278d4a6028830caff9ee44b42d32ed\"},\"headline\":\"Elite em a\u00e7\u00e3o nos Nacionais de Coimbra\",\"datePublished\":\"2026-03-27T23:19:49+00:00\",\"mainEntityOfPage\":{\"@id\":\"https:\/\/portaltela.pt\/noticias\/2026\/03\/27\/elite-em-acao-nos-nacionais-de-coimbra\/\"},\"wordCount\":224,\"image\":{\"@id\":\"https:\/\/portaltela.pt\/noticias\/2026\/03\/27\/elite-em-acao-nos-nacionais-de-coimbra\/#primaryimage\"},\"thumbnailUrl\":\"https:\/\/portaltela.pt\/s.01k8rhncp4jt1\/2026\/03\/img_920x518uu2025-11-16-19-17-28-2403145.jpg\",\"keywords\":[\"Benfica\",\"Coimbra\",\"Nacionais\",\"nata\u00e7\u00e3o\",\"Sp. Braga\",\"V. Guimar\u00e3es\"],\"articleSection\":[\"Desporto\",\"Futebol\"],\"inLanguage\":\"pt-PT\"},{\"@type\":\"WebPage\",\"@id\":\"https:\/\/portaltela.pt\/noticias\/2026\/03\/27\/elite-em-acao-nos-nacionais-de-coimbra\/\",\"url\":\"https:\/\/portaltela.pt\/noticias\/2026\/03\/27\/elite-em-acao-nos-nacionais-de-coimbra\/\",\"name\":\"Elite em a\u00e7\u00e3o nos Nacionais de Coimbra - Portal Tela Portugal\",\"isPartOf\":{\"@id\":\"https:\/\/portaltela.pt\/#website\"},\"primaryImageOfPage\":{\"@id\":\"https:\/\/portaltela.pt\/noticias\/2026\/03\/27\/elite-em-acao-nos-nacionais-de-coimbra\/#primaryimage\"},\"image\":{\"@id\":\"https:\/\/portaltela.pt\/noticias\/2026\/03\/27\/elite-em-acao-nos-nacionais-de-coimbra\/#primaryimage\"},\"thumbnailUrl\":\"https:\/\/portaltela.pt\/s.01k8rhncp4jt1\/2026\/03\/img_920x518uu2025-11-16-19-17-28-2403145.jpg\",\"datePublished\":\"2026-03-27T23:19:49+00:00\",\"author\":{\"@id\":\"https:\/\/portaltela.pt\/#\/schema\/person\/c4278d4a6028830caff9ee44b42d32ed\"},\"breadcrumb\":{\"@id\":\"https:\/\/portaltela.pt\/noticias\/2026\/03\/27\/elite-em-acao-nos-nacionais-de-coimbra\/#breadcrumb\"},\"inLanguage\":\"pt-PT\",\"potentialAction\":[{\"@type\":\"ReadAction\",\"target\":[\"https:\/\/portaltela.pt\/noticias\/2026\/03\/27\/elite-em-acao-nos-nacionais-de-coimbra\/\"]}]},{\"@type\":\"ImageObject\",\"inLanguage\":\"pt-PT\",\"@id\":\"https:\/\/portaltela.pt\/noticias\/2026\/03\/27\/elite-em-acao-nos-nacionais-de-coimbra\/#primaryimage\",\"url\":\"https:\/\/portaltela.pt\/s.01k8rhncp4jt1\/2026\/03\/img_920x518uu2025-11-16-19-17-28-2403145.jpg\",\"contentUrl\":\"https:\/\/portaltela.pt\/s.01k8rhncp4jt1\/2026\/03\/img_920x518uu2025-11-16-19-17-28-2403145.jpg\",\"width\":796,\"height\":448,\"caption\":\"Diogo Ribeiro vai estar em a\u00e7\u00e3o\"},{\"@type\":\"BreadcrumbList\",\"@id\":\"https:\/\/portaltela.pt\/noticias\/2026\/03\/27\/elite-em-acao-nos-nacionais-de-coimbra\/#breadcrumb\",\"itemListElement\":[{\"@type\":\"ListItem\",\"position\":1,\"name\":\"In\u00edcio\",\"item\":\"https:\/\/portaltela.pt\/\"},{\"@type\":\"ListItem\",\"position\":2,\"name\":\"Elite em a\u00e7\u00e3o nos Nacionais de Coimbra\"}]},{\"@type\":\"WebSite\",\"@id\":\"https:\/\/portaltela.pt\/#website\",\"url\":\"https:\/\/portaltela.pt\/\",\"name\":\"Portal Tela Portugal\",\"description\":\"\",\"potentialAction\":[{\"@type\":\"SearchAction\",\"target\":{\"@type\":\"EntryPoint\",\"urlTemplate\":\"https:\/\/portaltela.pt\/?s={search_term_string}\"},\"query-input\":{\"@type\":\"PropertyValueSpecification\",\"valueRequired\":true,\"valueName\":\"search_term_string\"}}],\"inLanguage\":\"pt-PT\"},{\"@type\":\"Person\",\"@id\":\"https:\/\/portaltela.pt\/#\/schema\/person\/c4278d4a6028830caff9ee44b42d32ed\",\"name\":\"Telinha\",\"image\":{\"@type\":\"ImageObject\",\"inLanguage\":\"pt-PT\",\"@id\":\"https:\/\/portaltela.pt\/s.01k8rhncp4jt1\/2025\/11\/talking-bot-125x125.png\",\"url\":\"https:\/\/portaltela.pt\/s.01k8rhncp4jt1\/2025\/11\/talking-bot-125x125.png\",\"contentUrl\":\"https:\/\/portaltela.pt\/s.01k8rhncp4jt1\/2025\/11\/talking-bot-125x125.png\",\"caption\":\"Telinha\"},\"sameAs\":[\"https:\/\/portaltela.pt\/\"],\"url\":\"https:\/\/portaltela.pt\/por\/367410592786\/\"}]}<\/script>\n<!-- \/ Yoast SEO plugin. -->","yoast_head_json":{"title":"Elite em a\u00e7\u00e3o nos Nacionais de Coimbra - Portal Tela Portugal","robots":{"index":"index","follow":"follow","max-snippet":"max-snippet:-1","max-image-preview":"max-image-preview:large","max-video-preview":"max-video-preview:-1"},"og_locale":"pt_PT","og_type":"article","og_title":"Elite em a\u00e7\u00e3o nos Nacionais de Coimbra - Portal Tela Portugal","og_description":"Coimbra recebe este s\u00e1bado os Nacionais de juniores e seniores, que v\u00e3o at\u00e9 ter\u00e7a-feira. Entre os nomes em destaque est\u00e3o Diogo Ribeiro, Miguel Nascimento e Diana Dur\u00e3es (Benfica), Camila Rebelo e Gabriel Lopes (Louzan), Jo\u00e3o Costa (Vitoria de Guimar\u00e3es), Ana Pinho Rodrigues (Sp. Braga) e Francisca Martins (FOCA). A competi\u00e7\u00e3o re\u00fane mais de 500 nadadores de 79 clubes. Os atletas procuram bater recordes nacionais e obter m\u00ednimos para as grandes competi\u00e7\u00f5es internacionais da temporada. O evento apresenta o que h\u00e1 de melhor na modalidade nesta fase da \u00e9poca.","og_url":"https:\/\/portaltela.pt\/noticias\/2026\/03\/27\/elite-em-acao-nos-nacionais-de-coimbra\/","og_site_name":"Portal Tela Portugal","article_published_time":"2026-03-27T23:19:49+00:00","author":"Telinha","twitter_card":"summary_large_image","twitter_misc":{"Escrito por":"Telinha","Tempo estimado de leitura":"1 minuto"},"schema":{"@context":"https:\/\/schema.org","@graph":[{"@type":"Article","@id":"https:\/\/portaltela.pt\/noticias\/2026\/03\/27\/elite-em-acao-nos-nacionais-de-coimbra\/#article","isPartOf":{"@id":"https:\/\/portaltela.pt\/noticias\/2026\/03\/27\/elite-em-acao-nos-nacionais-de-coimbra\/"},"author":{"name":"Telinha","@id":"https:\/\/portaltela.pt\/#\/schema\/person\/c4278d4a6028830caff9ee44b42d32ed"},"headline":"Elite em a\u00e7\u00e3o nos Nacionais de Coimbra","datePublished":"2026-03-27T23:19:49+00:00","mainEntityOfPage":{"@id":"https:\/\/portaltela.pt\/noticias\/2026\/03\/27\/elite-em-acao-nos-nacionais-de-coimbra\/"},"wordCount":224,"image":{"@id":"https:\/\/portaltela.pt\/noticias\/2026\/03\/27\/elite-em-acao-nos-nacionais-de-coimbra\/#primaryimage"},"thumbnailUrl":"https:\/\/portaltela.pt\/s.01k8rhncp4jt1\/2026\/03\/img_920x518uu2025-11-16-19-17-28-2403145.jpg","keywords":["Benfica","Coimbra","Nacionais","nata\u00e7\u00e3o","Sp. Braga","V. Guimar\u00e3es"],"articleSection":["Desporto","Futebol"],"inLanguage":"pt-PT"},{"@type":"WebPage","@id":"https:\/\/portaltela.pt\/noticias\/2026\/03\/27\/elite-em-acao-nos-nacionais-de-coimbra\/","url":"https:\/\/portaltela.pt\/noticias\/2026\/03\/27\/elite-em-acao-nos-nacionais-de-coimbra\/","name":"Elite em a\u00e7\u00e3o nos Nacionais de Coimbra - Portal Tela Portugal","isPartOf":{"@id":"https:\/\/portaltela.pt\/#website"},"primaryImageOfPage":{"@id":"https:\/\/portaltela.pt\/noticias\/2026\/03\/27\/elite-em-acao-nos-nacionais-de-coimbra\/#primaryimage"},"image":{"@id":"https:\/\/portaltela.pt\/noticias\/2026\/03\/27\/elite-em-acao-nos-nacionais-de-coimbra\/#primaryimage"},"thumbnailUrl":"https:\/\/portaltela.pt\/s.01k8rhncp4jt1\/2026\/03\/img_920x518uu2025-11-16-19-17-28-2403145.jpg","datePublished":"2026-03-27T23:19:49+00:00","author":{"@id":"https:\/\/portaltela.pt\/#\/schema\/person\/c4278d4a6028830caff9ee44b42d32ed"},"breadcrumb":{"@id":"https:\/\/portaltela.pt\/noticias\/2026\/03\/27\/elite-em-acao-nos-nacionais-de-coimbra\/#breadcrumb"},"inLanguage":"pt-PT","potentialAction":[{"@type":"ReadAction","target":["https:\/\/portaltela.pt\/noticias\/2026\/03\/27\/elite-em-acao-nos-nacionais-de-coimbra\/"]}]},{"@type":"ImageObject","inLanguage":"pt-PT","@id":"https:\/\/portaltela.pt\/noticias\/2026\/03\/27\/elite-em-acao-nos-nacionais-de-coimbra\/#primaryimage","url":"https:\/\/portaltela.pt\/s.01k8rhncp4jt1\/2026\/03\/img_920x518uu2025-11-16-19-17-28-2403145.jpg","contentUrl":"https:\/\/portaltela.pt\/s.01k8rhncp4jt1\/2026\/03\/img_920x518uu2025-11-16-19-17-28-2403145.jpg","width":796,"height":448,"caption":"Diogo Ribeiro vai estar em a\u00e7\u00e3o"},{"@type":"BreadcrumbList","@id":"https:\/\/portaltela.pt\/noticias\/2026\/03\/27\/elite-em-acao-nos-nacionais-de-coimbra\/#breadcrumb","itemListElement":[{"@type":"ListItem","position":1,"name":"In\u00edcio","item":"https:\/\/portaltela.pt\/"},{"@type":"ListItem","position":2,"name":"Elite em a\u00e7\u00e3o nos Nacionais de Coimbra"}]},{"@type":"WebSite","@id":"https:\/\/portaltela.pt\/#website","url":"https:\/\/portaltela.pt\/","name":"Portal Tela Portugal","description":"","potentialAction":[{"@type":"SearchAction","target":{"@type":"EntryPoint","urlTemplate":"https:\/\/portaltela.pt\/?s={search_term_string}"},"query-input":{"@type":"PropertyValueSpecification","valueRequired":true,"valueName":"search_term_string"}}],"inLanguage":"pt-PT"},{"@type":"Person","@id":"https:\/\/portaltela.pt\/#\/schema\/person\/c4278d4a6028830caff9ee44b42d32ed","name":"Telinha","image":{"@type":"ImageObject","inLanguage":"pt-PT","@id":"https:\/\/portaltela.pt\/s.01k8rhncp4jt1\/2025\/11\/talking-bot-125x125.png","url":"https:\/\/portaltela.pt\/s.01k8rhncp4jt1\/2025\/11\/talking-bot-125x125.png","contentUrl":"https:\/\/portaltela.pt\/s.01k8rhncp4jt1\/2025\/11\/talking-bot-125x125.png","caption":"Telinha"},"sameAs":["https:\/\/portaltela.pt\/"],"url":"https:\/\/portaltela.pt\/por\/367410592786\/"}]}},"_links":{"self":[{"href":"https:\/\/portaltela.pt\/api\/wp\/v2\/posts\/424533","targetHints":{"allow":["GET"]}}],"collection":[{"href":"https:\/\/portaltela.pt\/api\/wp\/v2\/posts"}],"about":[{"href":"https:\/\/portaltela.pt\/api\/wp\/v2\/types\/post"}],"author":[{"embeddable":true,"href":"https:\/\/portaltela.pt\/api\/wp\/v2\/users\/2"}],"replies":[{"embeddable":true,"href":"https:\/\/portaltela.pt\/api\/wp\/v2\/comments?post=424533"}],"version-history":[{"count":0,"href":"https:\/\/portaltela.pt\/api\/wp\/v2\/posts\/424533\/revisions"}],"wp:featuredmedia":[{"embeddable":true,"href":"https:\/\/portaltela.pt\/api\/wp\/v2\/media\/424534"}],"wp:attachment":[{"href":"https:\/\/portaltela.pt\/api\/wp\/v2\/media?parent=424533"}],"wp:term":[{"taxonomy":"category","embeddable":true,"href":"https:\/\/portaltela.pt\/api\/wp\/v2\/categories?post=424533"},{"taxonomy":"post_tag","embeddable":true,"href":"https:\/\/portaltela.pt\/api\/wp\/v2\/tags?post=424533"}],"curies":[{"name":"wp","href":"https:\/\/api.w.org\/{rel}","templated":true}]}}