{"id":424524,"date":"2026-03-27T19:45:00","date_gmt":"2026-03-27T22:45:00","guid":{"rendered":"https:\/\/portaltela.pt\/noticias\/2026\/03\/27\/schjelderup-marca-noruega-perde-frente-aos-paises-baixos\/"},"modified":"2026-03-27T19:45:00","modified_gmt":"2026-03-27T22:45:00","slug":"schjelderup-marca-noruega-perde-frente-aos-paises-baixos","status":"publish","type":"post","link":"https:\/\/portaltela.pt\/desporto\/copa-do-mundo\/2026\/03\/27\/schjelderup-marca-noruega-perde-frente-aos-paises-baixos\/","title":{"rendered":"Schjelderup marca, Noruega perde frente aos Pa\u00edses Baixos"},"content":{"rendered":"<p>A Noruega viu-se derrotada pelos Pa\u00edses-Baixos num encontro referente ao Mundial 2026, apesar de Schjelderup ter colocado o time noruegu\u00eas em vantagem ao marcar um golo. O resultado final confirmou a vit\u00f3ria da equipa holandesa.<\/p>\n<p>No decorrer da partida, a Noruega manteve-se perto dos holandeses durante a primeira parte, mas acabou por sofrer a reviravolta na fase seguinte. A contribui\u00e7\u00e3o de Schjelup, ao abrir o marcador, destacou-se num contexto de jogo disputado.<\/p>\n<p>A sele\u00e7\u00e3o holandesa conseguiu capitalizar o momentum, assegurando a vit\u00f3ria frente aos noruegueses. O jogo envolveu jogadores-chave de ambas as forma\u00e7\u00f5es, com impacto direto na classifica\u00e7\u00e3o do grupo para o Mundial 2026.<\/p>\n","protected":false},"excerpt":{"rendered":"<ul>\n<li>Schjelderup marcou, mas a Noruega foi derrotada pelos Pa\u00edses Baixos no Mundial de 2026.<\/li>\n<li>O resultado ficou definido no encontro entre as duas sele\u00e7\u00f5es no Mundial de 2026.<\/li>\n<\/ul>\n","protected":false},"author":2,"featured_media":424527,"comment_status":"closed","ping_status":"closed","sticky":false,"template":"","format":"standard","meta":{"footnotes":""},"categories":[6695,21],"tags":[90,32,3338,2227,242,2057],"class_list":["post-424524","post","type-post","status-publish","format-standard","has-post-thumbnail","hentry","category-copa-do-mundo","category-desporto","tag-copa-do-mundo","tag-futebol","tag-futebol-internacional","tag-holanda","tag-jogadores","tag-selecao-nacional"],"yoast_head":"<!-- This site is optimized with the Yoast SEO plugin v27.2 - https:\/\/yoast.com\/product\/yoast-seo-wordpress\/ -->\n<title>Schjelderup marca, Noruega perde frente aos Pa\u00edses Baixos - Portal Tela Portugal<\/title>\n<meta name=\"robots\" content=\"index, follow, max-snippet:-1, max-image-preview:large, max-video-preview:-1\" \/>\n<meta property=\"og:locale\" content=\"pt_PT\" \/>\n<meta property=\"og:type\" content=\"article\" \/>\n<meta property=\"og:title\" content=\"Schjelderup marca, Noruega perde frente aos Pa\u00edses Baixos - Portal Tela Portugal\" \/>\n<meta property=\"og:description\" content=\"Schjelderup marcou, mas a Noruega foi derrotada pelos Pa\u00edses Baixos no Mundial de 2026. O resultado ficou definido no encontro entre as duas sele\u00e7\u00f5es no Mundial de 2026.\" \/>\n<meta property=\"og:url\" content=\"https:\/\/portaltela.pt\/noticias\/2026\/03\/27\/schjelderup-marca-noruega-perde-frente-aos-paises-baixos\/\" \/>\n<meta property=\"og:site_name\" content=\"Portal Tela Portugal\" \/>\n<meta property=\"article:published_time\" content=\"2026-03-27T22:45:00+00:00\" \/>\n<meta name=\"author\" content=\"Telinha\" \/>\n<meta name=\"twitter:card\" content=\"summary_large_image\" \/>\n<meta name=\"twitter:label1\" content=\"Escrito por\" \/>\n\t<meta name=\"twitter:data1\" content=\"Telinha\" \/>\n\t<meta name=\"twitter:label2\" content=\"Tempo estimado de leitura\" \/>\n\t<meta name=\"twitter:data2\" content=\"1 minuto\" \/>\n<script type=\"application\/ld+json\" class=\"yoast-schema-graph\">{\"@context\":\"https:\/\/schema.org\",\"@graph\":[{\"@type\":\"Article\",\"@id\":\"https:\/\/portaltela.pt\/noticias\/2026\/03\/27\/schjelderup-marca-noruega-perde-frente-aos-paises-baixos\/#article\",\"isPartOf\":{\"@id\":\"https:\/\/portaltela.pt\/noticias\/2026\/03\/27\/schjelderup-marca-noruega-perde-frente-aos-paises-baixos\/\"},\"author\":{\"name\":\"Telinha\",\"@id\":\"https:\/\/portaltela.pt\/#\/schema\/person\/c4278d4a6028830caff9ee44b42d32ed\"},\"headline\":\"Schjelderup marca, Noruega perde frente aos Pa\u00edses Baixos\",\"datePublished\":\"2026-03-27T22:45:00+00:00\",\"mainEntityOfPage\":{\"@id\":\"https:\/\/portaltela.pt\/noticias\/2026\/03\/27\/schjelderup-marca-noruega-perde-frente-aos-paises-baixos\/\"},\"wordCount\":119,\"image\":{\"@id\":\"https:\/\/portaltela.pt\/noticias\/2026\/03\/27\/schjelderup-marca-noruega-perde-frente-aos-paises-baixos\/#primaryimage\"},\"thumbnailUrl\":\"https:\/\/portaltela.pt\/s.01k8rhncp4jt1\/2026\/03\/CACHE_780X1200_ANALOG_WATERMARKED_46838648_617164416417677.jpg\",\"keywords\":[\"copa do mundo\",\"futebol\",\"futebol internacional\",\"Holanda\",\"jogadores\",\"Sele\u00e7\u00e3o Nacional\"],\"articleSection\":[\"Copa do Mundo\",\"Desporto\"],\"inLanguage\":\"pt-PT\"},{\"@type\":\"WebPage\",\"@id\":\"https:\/\/portaltela.pt\/noticias\/2026\/03\/27\/schjelderup-marca-noruega-perde-frente-aos-paises-baixos\/\",\"url\":\"https:\/\/portaltela.pt\/noticias\/2026\/03\/27\/schjelderup-marca-noruega-perde-frente-aos-paises-baixos\/\",\"name\":\"Schjelderup marca, Noruega perde frente aos Pa\u00edses Baixos - Portal Tela Portugal\",\"isPartOf\":{\"@id\":\"https:\/\/portaltela.pt\/#website\"},\"primaryImageOfPage\":{\"@id\":\"https:\/\/portaltela.pt\/noticias\/2026\/03\/27\/schjelderup-marca-noruega-perde-frente-aos-paises-baixos\/#primaryimage\"},\"image\":{\"@id\":\"https:\/\/portaltela.pt\/noticias\/2026\/03\/27\/schjelderup-marca-noruega-perde-frente-aos-paises-baixos\/#primaryimage\"},\"thumbnailUrl\":\"https:\/\/portaltela.pt\/s.01k8rhncp4jt1\/2026\/03\/CACHE_780X1200_ANALOG_WATERMARKED_46838648_617164416417677.jpg\",\"datePublished\":\"2026-03-27T22:45:00+00:00\",\"author\":{\"@id\":\"https:\/\/portaltela.pt\/#\/schema\/person\/c4278d4a6028830caff9ee44b42d32ed\"},\"breadcrumb\":{\"@id\":\"https:\/\/portaltela.pt\/noticias\/2026\/03\/27\/schjelderup-marca-noruega-perde-frente-aos-paises-baixos\/#breadcrumb\"},\"inLanguage\":\"pt-PT\",\"potentialAction\":[{\"@type\":\"ReadAction\",\"target\":[\"https:\/\/portaltela.pt\/noticias\/2026\/03\/27\/schjelderup-marca-noruega-perde-frente-aos-paises-baixos\/\"]}]},{\"@type\":\"ImageObject\",\"inLanguage\":\"pt-PT\",\"@id\":\"https:\/\/portaltela.pt\/noticias\/2026\/03\/27\/schjelderup-marca-noruega-perde-frente-aos-paises-baixos\/#primaryimage\",\"url\":\"https:\/\/portaltela.pt\/s.01k8rhncp4jt1\/2026\/03\/CACHE_780X1200_ANALOG_WATERMARKED_46838648_617164416417677.jpg\",\"contentUrl\":\"https:\/\/portaltela.pt\/s.01k8rhncp4jt1\/2026\/03\/CACHE_780X1200_ANALOG_WATERMARKED_46838648_617164416417677.jpg\",\"width\":796,\"height\":448,\"caption\":\"Photo\"},{\"@type\":\"BreadcrumbList\",\"@id\":\"https:\/\/portaltela.pt\/noticias\/2026\/03\/27\/schjelderup-marca-noruega-perde-frente-aos-paises-baixos\/#breadcrumb\",\"itemListElement\":[{\"@type\":\"ListItem\",\"position\":1,\"name\":\"In\u00edcio\",\"item\":\"https:\/\/portaltela.pt\/\"},{\"@type\":\"ListItem\",\"position\":2,\"name\":\"Schjelderup marca, Noruega perde frente aos Pa\u00edses Baixos\"}]},{\"@type\":\"WebSite\",\"@id\":\"https:\/\/portaltela.pt\/#website\",\"url\":\"https:\/\/portaltela.pt\/\",\"name\":\"Portal Tela Portugal\",\"description\":\"\",\"potentialAction\":[{\"@type\":\"SearchAction\",\"target\":{\"@type\":\"EntryPoint\",\"urlTemplate\":\"https:\/\/portaltela.pt\/?s={search_term_string}\"},\"query-input\":{\"@type\":\"PropertyValueSpecification\",\"valueRequired\":true,\"valueName\":\"search_term_string\"}}],\"inLanguage\":\"pt-PT\"},{\"@type\":\"Person\",\"@id\":\"https:\/\/portaltela.pt\/#\/schema\/person\/c4278d4a6028830caff9ee44b42d32ed\",\"name\":\"Telinha\",\"image\":{\"@type\":\"ImageObject\",\"inLanguage\":\"pt-PT\",\"@id\":\"https:\/\/portaltela.pt\/s.01k8rhncp4jt1\/2025\/11\/talking-bot-125x125.png\",\"url\":\"https:\/\/portaltela.pt\/s.01k8rhncp4jt1\/2025\/11\/talking-bot-125x125.png\",\"contentUrl\":\"https:\/\/portaltela.pt\/s.01k8rhncp4jt1\/2025\/11\/talking-bot-125x125.png\",\"caption\":\"Telinha\"},\"sameAs\":[\"https:\/\/portaltela.pt\/\"],\"url\":\"https:\/\/portaltela.pt\/por\/367410592786\/\"}]}<\/script>\n<!-- \/ Yoast SEO plugin. -->","yoast_head_json":{"title":"Schjelderup marca, Noruega perde frente aos Pa\u00edses Baixos - Portal Tela Portugal","robots":{"index":"index","follow":"follow","max-snippet":"max-snippet:-1","max-image-preview":"max-image-preview:large","max-video-preview":"max-video-preview:-1"},"og_locale":"pt_PT","og_type":"article","og_title":"Schjelderup marca, Noruega perde frente aos Pa\u00edses Baixos - Portal Tela Portugal","og_description":"Schjelderup marcou, mas a Noruega foi derrotada pelos Pa\u00edses Baixos no Mundial de 2026. O resultado ficou definido no encontro entre as duas sele\u00e7\u00f5es no Mundial de 2026.","og_url":"https:\/\/portaltela.pt\/noticias\/2026\/03\/27\/schjelderup-marca-noruega-perde-frente-aos-paises-baixos\/","og_site_name":"Portal Tela Portugal","article_published_time":"2026-03-27T22:45:00+00:00","author":"Telinha","twitter_card":"summary_large_image","twitter_misc":{"Escrito por":"Telinha","Tempo estimado de leitura":"1 minuto"},"schema":{"@context":"https:\/\/schema.org","@graph":[{"@type":"Article","@id":"https:\/\/portaltela.pt\/noticias\/2026\/03\/27\/schjelderup-marca-noruega-perde-frente-aos-paises-baixos\/#article","isPartOf":{"@id":"https:\/\/portaltela.pt\/noticias\/2026\/03\/27\/schjelderup-marca-noruega-perde-frente-aos-paises-baixos\/"},"author":{"name":"Telinha","@id":"https:\/\/portaltela.pt\/#\/schema\/person\/c4278d4a6028830caff9ee44b42d32ed"},"headline":"Schjelderup marca, Noruega perde frente aos Pa\u00edses Baixos","datePublished":"2026-03-27T22:45:00+00:00","mainEntityOfPage":{"@id":"https:\/\/portaltela.pt\/noticias\/2026\/03\/27\/schjelderup-marca-noruega-perde-frente-aos-paises-baixos\/"},"wordCount":119,"image":{"@id":"https:\/\/portaltela.pt\/noticias\/2026\/03\/27\/schjelderup-marca-noruega-perde-frente-aos-paises-baixos\/#primaryimage"},"thumbnailUrl":"https:\/\/portaltela.pt\/s.01k8rhncp4jt1\/2026\/03\/CACHE_780X1200_ANALOG_WATERMARKED_46838648_617164416417677.jpg","keywords":["copa do mundo","futebol","futebol internacional","Holanda","jogadores","Sele\u00e7\u00e3o Nacional"],"articleSection":["Copa do Mundo","Desporto"],"inLanguage":"pt-PT"},{"@type":"WebPage","@id":"https:\/\/portaltela.pt\/noticias\/2026\/03\/27\/schjelderup-marca-noruega-perde-frente-aos-paises-baixos\/","url":"https:\/\/portaltela.pt\/noticias\/2026\/03\/27\/schjelderup-marca-noruega-perde-frente-aos-paises-baixos\/","name":"Schjelderup marca, Noruega perde frente aos Pa\u00edses Baixos - Portal Tela Portugal","isPartOf":{"@id":"https:\/\/portaltela.pt\/#website"},"primaryImageOfPage":{"@id":"https:\/\/portaltela.pt\/noticias\/2026\/03\/27\/schjelderup-marca-noruega-perde-frente-aos-paises-baixos\/#primaryimage"},"image":{"@id":"https:\/\/portaltela.pt\/noticias\/2026\/03\/27\/schjelderup-marca-noruega-perde-frente-aos-paises-baixos\/#primaryimage"},"thumbnailUrl":"https:\/\/portaltela.pt\/s.01k8rhncp4jt1\/2026\/03\/CACHE_780X1200_ANALOG_WATERMARKED_46838648_617164416417677.jpg","datePublished":"2026-03-27T22:45:00+00:00","author":{"@id":"https:\/\/portaltela.pt\/#\/schema\/person\/c4278d4a6028830caff9ee44b42d32ed"},"breadcrumb":{"@id":"https:\/\/portaltela.pt\/noticias\/2026\/03\/27\/schjelderup-marca-noruega-perde-frente-aos-paises-baixos\/#breadcrumb"},"inLanguage":"pt-PT","potentialAction":[{"@type":"ReadAction","target":["https:\/\/portaltela.pt\/noticias\/2026\/03\/27\/schjelderup-marca-noruega-perde-frente-aos-paises-baixos\/"]}]},{"@type":"ImageObject","inLanguage":"pt-PT","@id":"https:\/\/portaltela.pt\/noticias\/2026\/03\/27\/schjelderup-marca-noruega-perde-frente-aos-paises-baixos\/#primaryimage","url":"https:\/\/portaltela.pt\/s.01k8rhncp4jt1\/2026\/03\/CACHE_780X1200_ANALOG_WATERMARKED_46838648_617164416417677.jpg","contentUrl":"https:\/\/portaltela.pt\/s.01k8rhncp4jt1\/2026\/03\/CACHE_780X1200_ANALOG_WATERMARKED_46838648_617164416417677.jpg","width":796,"height":448,"caption":"Photo"},{"@type":"BreadcrumbList","@id":"https:\/\/portaltela.pt\/noticias\/2026\/03\/27\/schjelderup-marca-noruega-perde-frente-aos-paises-baixos\/#breadcrumb","itemListElement":[{"@type":"ListItem","position":1,"name":"In\u00edcio","item":"https:\/\/portaltela.pt\/"},{"@type":"ListItem","position":2,"name":"Schjelderup marca, Noruega perde frente aos Pa\u00edses Baixos"}]},{"@type":"WebSite","@id":"https:\/\/portaltela.pt\/#website","url":"https:\/\/portaltela.pt\/","name":"Portal Tela Portugal","description":"","potentialAction":[{"@type":"SearchAction","target":{"@type":"EntryPoint","urlTemplate":"https:\/\/portaltela.pt\/?s={search_term_string}"},"query-input":{"@type":"PropertyValueSpecification","valueRequired":true,"valueName":"search_term_string"}}],"inLanguage":"pt-PT"},{"@type":"Person","@id":"https:\/\/portaltela.pt\/#\/schema\/person\/c4278d4a6028830caff9ee44b42d32ed","name":"Telinha","image":{"@type":"ImageObject","inLanguage":"pt-PT","@id":"https:\/\/portaltela.pt\/s.01k8rhncp4jt1\/2025\/11\/talking-bot-125x125.png","url":"https:\/\/portaltela.pt\/s.01k8rhncp4jt1\/2025\/11\/talking-bot-125x125.png","contentUrl":"https:\/\/portaltela.pt\/s.01k8rhncp4jt1\/2025\/11\/talking-bot-125x125.png","caption":"Telinha"},"sameAs":["https:\/\/portaltela.pt\/"],"url":"https:\/\/portaltela.pt\/por\/367410592786\/"}]}},"_links":{"self":[{"href":"https:\/\/portaltela.pt\/api\/wp\/v2\/posts\/424524","targetHints":{"allow":["GET"]}}],"collection":[{"href":"https:\/\/portaltela.pt\/api\/wp\/v2\/posts"}],"about":[{"href":"https:\/\/portaltela.pt\/api\/wp\/v2\/types\/post"}],"author":[{"embeddable":true,"href":"https:\/\/portaltela.pt\/api\/wp\/v2\/users\/2"}],"replies":[{"embeddable":true,"href":"https:\/\/portaltela.pt\/api\/wp\/v2\/comments?post=424524"}],"version-history":[{"count":0,"href":"https:\/\/portaltela.pt\/api\/wp\/v2\/posts\/424524\/revisions"}],"wp:featuredmedia":[{"embeddable":true,"href":"https:\/\/portaltela.pt\/api\/wp\/v2\/media\/424527"}],"wp:attachment":[{"href":"https:\/\/portaltela.pt\/api\/wp\/v2\/media?parent=424524"}],"wp:term":[{"taxonomy":"category","embeddable":true,"href":"https:\/\/portaltela.pt\/api\/wp\/v2\/categories?post=424524"},{"taxonomy":"post_tag","embeddable":true,"href":"https:\/\/portaltela.pt\/api\/wp\/v2\/tags?post=424524"}],"curies":[{"name":"wp","href":"https:\/\/api.w.org\/{rel}","templated":true}]}}