{"id":424523,"date":"2026-03-27T20:12:36","date_gmt":"2026-03-27T23:12:36","guid":{"rendered":"https:\/\/portaltela.pt\/noticias\/2026\/03\/27\/imagens-mostram-estado-do-carro-de-tiger-woods-apos-acidente-na-florida\/"},"modified":"2026-03-27T20:12:36","modified_gmt":"2026-03-27T23:12:36","slug":"imagens-mostram-estado-do-carro-de-tiger-woods-apos-acidente-na-florida","status":"publish","type":"post","link":"https:\/\/portaltela.pt\/desporto\/futebol\/2026\/03\/27\/imagens-mostram-estado-do-carro-de-tiger-woods-apos-acidente-na-florida\/","title":{"rendered":"Imagens mostram estado do carro de Tiger Woods ap\u00f3s acidente na Fl\u00f3rida"},"content":{"rendered":"<p>Tiger Woods sofreu um acidente de via\u00e7\u00e3o na Florida, na tarde desta sexta-feira, sem feridos reportados. O golfista, de 50 anos, conduzia o SUV no momento do capotamento.<\/p>\n<p>Segundo a imprensa internacional, o ve\u00edculo embateu a alta velocidade num cami\u00e3o que rebocava um outro carro. O estado do SUV ficou gravemente danificado, com as imagens a mostrarem o impacto.<\/p>\n<p>Woods foi detido mais tarde, ap\u00f3s a ocorr\u00eancia, por apresentar sinais de embriaguez, segundo relatos de ag\u00eancias internacionais. N\u00e3o h\u00e1 confirma\u00e7\u00e3o oficial de outras circunst\u00e2ncias.<\/p>\n<p>As fotos divulgadas pelos meios de comunica\u00e7\u00e3o mostram o ve\u00edculo acidentado e o ponto onde ocorreu o acidente, embora n\u00e3o adicionem novas informa\u00e7\u00f5es sobre o estado cl\u00ednico do atleta.<\/p>\n","protected":false},"excerpt":{"rendered":"<ul>\n<li>Tiger Woods, de 50 anos, sofreu um acidente de via\u00e7\u00e3o na Florida, sem feridos reportados.<\/li>\n<li>O golfista seguia ao volante do seu SUV, que ter\u00e1 capotado ap\u00f3s alegadamente colidir a alta velocidade com um cami\u00e3o que rebocava outro ve\u00edculo.<\/li>\n<li>O estado do SUV ficou evidente nas imagens feitas no local, mostrando danos consider\u00e1veis ao ve\u00edculo.<\/li>\n<li>Woods foi detido por apresentar sinais de embriaguez ap\u00f3s o acidente.<\/li>\n<li>O incidente ocorreu ao in\u00edcio da tarde de sexta-feira, conforme a imprensa internacional.<\/li>\n<\/ul>\n","protected":false},"author":2,"featured_media":424526,"comment_status":"closed","ping_status":"closed","sticky":false,"template":"","format":"standard","meta":{"footnotes":""},"categories":[21,24],"tags":[5487,4169,3259,1727,60,1600],"class_list":["post-424523","post","type-post","status-publish","format-standard","has-post-thumbnail","hentry","category-desporto","category-futebol","tag-acidente","tag-acidente-rodoviario","tag-celebidades","tag-conducao-sob-o-alcool","tag-esportes","tag-estados-unidos"],"yoast_head":"<!-- This site is optimized with the Yoast SEO plugin v27.2 - https:\/\/yoast.com\/product\/yoast-seo-wordpress\/ -->\n<title>Imagens mostram estado do carro de Tiger Woods ap\u00f3s acidente na Fl\u00f3rida - Portal Tela Portugal<\/title>\n<meta name=\"robots\" content=\"index, follow, max-snippet:-1, max-image-preview:large, max-video-preview:-1\" \/>\n<meta property=\"og:locale\" content=\"pt_PT\" \/>\n<meta property=\"og:type\" content=\"article\" \/>\n<meta property=\"og:title\" content=\"Imagens mostram estado do carro de Tiger Woods ap\u00f3s acidente na Fl\u00f3rida - Portal Tela Portugal\" \/>\n<meta property=\"og:description\" content=\"Tiger Woods, de 50 anos, sofreu um acidente de via\u00e7\u00e3o na Florida, sem feridos reportados. O golfista seguia ao volante do seu SUV, que ter\u00e1 capotado ap\u00f3s alegadamente colidir a alta velocidade com um cami\u00e3o que rebocava outro ve\u00edculo. O estado do SUV ficou evidente nas imagens feitas no local, mostrando danos consider\u00e1veis ao ve\u00edculo. Woods foi detido por apresentar sinais de embriaguez ap\u00f3s o acidente. O incidente ocorreu ao in\u00edcio da tarde de sexta-feira, conforme a imprensa internacional.\" \/>\n<meta property=\"og:url\" content=\"https:\/\/portaltela.pt\/noticias\/2026\/03\/27\/imagens-mostram-estado-do-carro-de-tiger-woods-apos-acidente-na-florida\/\" \/>\n<meta property=\"og:site_name\" content=\"Portal Tela Portugal\" \/>\n<meta property=\"article:published_time\" content=\"2026-03-27T23:12:36+00:00\" \/>\n<meta name=\"author\" content=\"Telinha\" \/>\n<meta name=\"twitter:card\" content=\"summary_large_image\" \/>\n<meta name=\"twitter:label1\" content=\"Escrito por\" \/>\n\t<meta name=\"twitter:data1\" content=\"Telinha\" \/>\n\t<meta name=\"twitter:label2\" content=\"Tempo estimado de leitura\" \/>\n\t<meta name=\"twitter:data2\" content=\"1 minuto\" \/>\n<script type=\"application\/ld+json\" class=\"yoast-schema-graph\">{\"@context\":\"https:\/\/schema.org\",\"@graph\":[{\"@type\":\"Article\",\"@id\":\"https:\/\/portaltela.pt\/noticias\/2026\/03\/27\/imagens-mostram-estado-do-carro-de-tiger-woods-apos-acidente-na-florida\/#article\",\"isPartOf\":{\"@id\":\"https:\/\/portaltela.pt\/noticias\/2026\/03\/27\/imagens-mostram-estado-do-carro-de-tiger-woods-apos-acidente-na-florida\/\"},\"author\":{\"name\":\"Telinha\",\"@id\":\"https:\/\/portaltela.pt\/#\/schema\/person\/c4278d4a6028830caff9ee44b42d32ed\"},\"headline\":\"Imagens mostram estado do carro de Tiger Woods ap\u00f3s acidente na Fl\u00f3rida\",\"datePublished\":\"2026-03-27T23:12:36+00:00\",\"mainEntityOfPage\":{\"@id\":\"https:\/\/portaltela.pt\/noticias\/2026\/03\/27\/imagens-mostram-estado-do-carro-de-tiger-woods-apos-acidente-na-florida\/\"},\"wordCount\":140,\"image\":{\"@id\":\"https:\/\/portaltela.pt\/noticias\/2026\/03\/27\/imagens-mostram-estado-do-carro-de-tiger-woods-apos-acidente-na-florida\/#primaryimage\"},\"thumbnailUrl\":\"https:\/\/portaltela.pt\/s.01k8rhncp4jt1\/2026\/03\/img_1200x721uu2026-03-27-23-09-40-2429780.jpg\",\"keywords\":[\"acidente\",\"acidente rodovi\u00e1rio\",\"celebidades\",\"condu\u00e7\u00e3o sob o \u00e1lcool\",\"esportes\",\"Estados Unidos\"],\"articleSection\":[\"Desporto\",\"Futebol\"],\"inLanguage\":\"pt-PT\"},{\"@type\":\"WebPage\",\"@id\":\"https:\/\/portaltela.pt\/noticias\/2026\/03\/27\/imagens-mostram-estado-do-carro-de-tiger-woods-apos-acidente-na-florida\/\",\"url\":\"https:\/\/portaltela.pt\/noticias\/2026\/03\/27\/imagens-mostram-estado-do-carro-de-tiger-woods-apos-acidente-na-florida\/\",\"name\":\"Imagens mostram estado do carro de Tiger Woods ap\u00f3s acidente na Fl\u00f3rida - Portal Tela Portugal\",\"isPartOf\":{\"@id\":\"https:\/\/portaltela.pt\/#website\"},\"primaryImageOfPage\":{\"@id\":\"https:\/\/portaltela.pt\/noticias\/2026\/03\/27\/imagens-mostram-estado-do-carro-de-tiger-woods-apos-acidente-na-florida\/#primaryimage\"},\"image\":{\"@id\":\"https:\/\/portaltela.pt\/noticias\/2026\/03\/27\/imagens-mostram-estado-do-carro-de-tiger-woods-apos-acidente-na-florida\/#primaryimage\"},\"thumbnailUrl\":\"https:\/\/portaltela.pt\/s.01k8rhncp4jt1\/2026\/03\/img_1200x721uu2026-03-27-23-09-40-2429780.jpg\",\"datePublished\":\"2026-03-27T23:12:36+00:00\",\"author\":{\"@id\":\"https:\/\/portaltela.pt\/#\/schema\/person\/c4278d4a6028830caff9ee44b42d32ed\"},\"breadcrumb\":{\"@id\":\"https:\/\/portaltela.pt\/noticias\/2026\/03\/27\/imagens-mostram-estado-do-carro-de-tiger-woods-apos-acidente-na-florida\/#breadcrumb\"},\"inLanguage\":\"pt-PT\",\"potentialAction\":[{\"@type\":\"ReadAction\",\"target\":[\"https:\/\/portaltela.pt\/noticias\/2026\/03\/27\/imagens-mostram-estado-do-carro-de-tiger-woods-apos-acidente-na-florida\/\"]}]},{\"@type\":\"ImageObject\",\"inLanguage\":\"pt-PT\",\"@id\":\"https:\/\/portaltela.pt\/noticias\/2026\/03\/27\/imagens-mostram-estado-do-carro-de-tiger-woods-apos-acidente-na-florida\/#primaryimage\",\"url\":\"https:\/\/portaltela.pt\/s.01k8rhncp4jt1\/2026\/03\/img_1200x721uu2026-03-27-23-09-40-2429780.jpg\",\"contentUrl\":\"https:\/\/portaltela.pt\/s.01k8rhncp4jt1\/2026\/03\/img_1200x721uu2026-03-27-23-09-40-2429780.jpg\",\"width\":796,\"height\":448,\"caption\":\"As imagens do estado em que ficou o carro de Tiger Woods ap\u00f3s o acidente de via\u00e7\u00e3o na Florida\"},{\"@type\":\"BreadcrumbList\",\"@id\":\"https:\/\/portaltela.pt\/noticias\/2026\/03\/27\/imagens-mostram-estado-do-carro-de-tiger-woods-apos-acidente-na-florida\/#breadcrumb\",\"itemListElement\":[{\"@type\":\"ListItem\",\"position\":1,\"name\":\"In\u00edcio\",\"item\":\"https:\/\/portaltela.pt\/\"},{\"@type\":\"ListItem\",\"position\":2,\"name\":\"Imagens mostram estado do carro de Tiger Woods ap\u00f3s acidente na Fl\u00f3rida\"}]},{\"@type\":\"WebSite\",\"@id\":\"https:\/\/portaltela.pt\/#website\",\"url\":\"https:\/\/portaltela.pt\/\",\"name\":\"Portal Tela Portugal\",\"description\":\"\",\"potentialAction\":[{\"@type\":\"SearchAction\",\"target\":{\"@type\":\"EntryPoint\",\"urlTemplate\":\"https:\/\/portaltela.pt\/?s={search_term_string}\"},\"query-input\":{\"@type\":\"PropertyValueSpecification\",\"valueRequired\":true,\"valueName\":\"search_term_string\"}}],\"inLanguage\":\"pt-PT\"},{\"@type\":\"Person\",\"@id\":\"https:\/\/portaltela.pt\/#\/schema\/person\/c4278d4a6028830caff9ee44b42d32ed\",\"name\":\"Telinha\",\"image\":{\"@type\":\"ImageObject\",\"inLanguage\":\"pt-PT\",\"@id\":\"https:\/\/portaltela.pt\/s.01k8rhncp4jt1\/2025\/11\/talking-bot-125x125.png\",\"url\":\"https:\/\/portaltela.pt\/s.01k8rhncp4jt1\/2025\/11\/talking-bot-125x125.png\",\"contentUrl\":\"https:\/\/portaltela.pt\/s.01k8rhncp4jt1\/2025\/11\/talking-bot-125x125.png\",\"caption\":\"Telinha\"},\"sameAs\":[\"https:\/\/portaltela.pt\/\"],\"url\":\"https:\/\/portaltela.pt\/por\/367410592786\/\"}]}<\/script>\n<!-- \/ Yoast SEO plugin. -->","yoast_head_json":{"title":"Imagens mostram estado do carro de Tiger Woods ap\u00f3s acidente na Fl\u00f3rida - Portal Tela Portugal","robots":{"index":"index","follow":"follow","max-snippet":"max-snippet:-1","max-image-preview":"max-image-preview:large","max-video-preview":"max-video-preview:-1"},"og_locale":"pt_PT","og_type":"article","og_title":"Imagens mostram estado do carro de Tiger Woods ap\u00f3s acidente na Fl\u00f3rida - Portal Tela Portugal","og_description":"Tiger Woods, de 50 anos, sofreu um acidente de via\u00e7\u00e3o na Florida, sem feridos reportados. O golfista seguia ao volante do seu SUV, que ter\u00e1 capotado ap\u00f3s alegadamente colidir a alta velocidade com um cami\u00e3o que rebocava outro ve\u00edculo. O estado do SUV ficou evidente nas imagens feitas no local, mostrando danos consider\u00e1veis ao ve\u00edculo. Woods foi detido por apresentar sinais de embriaguez ap\u00f3s o acidente. O incidente ocorreu ao in\u00edcio da tarde de sexta-feira, conforme a imprensa internacional.","og_url":"https:\/\/portaltela.pt\/noticias\/2026\/03\/27\/imagens-mostram-estado-do-carro-de-tiger-woods-apos-acidente-na-florida\/","og_site_name":"Portal Tela Portugal","article_published_time":"2026-03-27T23:12:36+00:00","author":"Telinha","twitter_card":"summary_large_image","twitter_misc":{"Escrito por":"Telinha","Tempo estimado de leitura":"1 minuto"},"schema":{"@context":"https:\/\/schema.org","@graph":[{"@type":"Article","@id":"https:\/\/portaltela.pt\/noticias\/2026\/03\/27\/imagens-mostram-estado-do-carro-de-tiger-woods-apos-acidente-na-florida\/#article","isPartOf":{"@id":"https:\/\/portaltela.pt\/noticias\/2026\/03\/27\/imagens-mostram-estado-do-carro-de-tiger-woods-apos-acidente-na-florida\/"},"author":{"name":"Telinha","@id":"https:\/\/portaltela.pt\/#\/schema\/person\/c4278d4a6028830caff9ee44b42d32ed"},"headline":"Imagens mostram estado do carro de Tiger Woods ap\u00f3s acidente na Fl\u00f3rida","datePublished":"2026-03-27T23:12:36+00:00","mainEntityOfPage":{"@id":"https:\/\/portaltela.pt\/noticias\/2026\/03\/27\/imagens-mostram-estado-do-carro-de-tiger-woods-apos-acidente-na-florida\/"},"wordCount":140,"image":{"@id":"https:\/\/portaltela.pt\/noticias\/2026\/03\/27\/imagens-mostram-estado-do-carro-de-tiger-woods-apos-acidente-na-florida\/#primaryimage"},"thumbnailUrl":"https:\/\/portaltela.pt\/s.01k8rhncp4jt1\/2026\/03\/img_1200x721uu2026-03-27-23-09-40-2429780.jpg","keywords":["acidente","acidente rodovi\u00e1rio","celebidades","condu\u00e7\u00e3o sob o \u00e1lcool","esportes","Estados Unidos"],"articleSection":["Desporto","Futebol"],"inLanguage":"pt-PT"},{"@type":"WebPage","@id":"https:\/\/portaltela.pt\/noticias\/2026\/03\/27\/imagens-mostram-estado-do-carro-de-tiger-woods-apos-acidente-na-florida\/","url":"https:\/\/portaltela.pt\/noticias\/2026\/03\/27\/imagens-mostram-estado-do-carro-de-tiger-woods-apos-acidente-na-florida\/","name":"Imagens mostram estado do carro de Tiger Woods ap\u00f3s acidente na Fl\u00f3rida - Portal Tela Portugal","isPartOf":{"@id":"https:\/\/portaltela.pt\/#website"},"primaryImageOfPage":{"@id":"https:\/\/portaltela.pt\/noticias\/2026\/03\/27\/imagens-mostram-estado-do-carro-de-tiger-woods-apos-acidente-na-florida\/#primaryimage"},"image":{"@id":"https:\/\/portaltela.pt\/noticias\/2026\/03\/27\/imagens-mostram-estado-do-carro-de-tiger-woods-apos-acidente-na-florida\/#primaryimage"},"thumbnailUrl":"https:\/\/portaltela.pt\/s.01k8rhncp4jt1\/2026\/03\/img_1200x721uu2026-03-27-23-09-40-2429780.jpg","datePublished":"2026-03-27T23:12:36+00:00","author":{"@id":"https:\/\/portaltela.pt\/#\/schema\/person\/c4278d4a6028830caff9ee44b42d32ed"},"breadcrumb":{"@id":"https:\/\/portaltela.pt\/noticias\/2026\/03\/27\/imagens-mostram-estado-do-carro-de-tiger-woods-apos-acidente-na-florida\/#breadcrumb"},"inLanguage":"pt-PT","potentialAction":[{"@type":"ReadAction","target":["https:\/\/portaltela.pt\/noticias\/2026\/03\/27\/imagens-mostram-estado-do-carro-de-tiger-woods-apos-acidente-na-florida\/"]}]},{"@type":"ImageObject","inLanguage":"pt-PT","@id":"https:\/\/portaltela.pt\/noticias\/2026\/03\/27\/imagens-mostram-estado-do-carro-de-tiger-woods-apos-acidente-na-florida\/#primaryimage","url":"https:\/\/portaltela.pt\/s.01k8rhncp4jt1\/2026\/03\/img_1200x721uu2026-03-27-23-09-40-2429780.jpg","contentUrl":"https:\/\/portaltela.pt\/s.01k8rhncp4jt1\/2026\/03\/img_1200x721uu2026-03-27-23-09-40-2429780.jpg","width":796,"height":448,"caption":"As imagens do estado em que ficou o carro de Tiger Woods ap\u00f3s o acidente de via\u00e7\u00e3o na Florida"},{"@type":"BreadcrumbList","@id":"https:\/\/portaltela.pt\/noticias\/2026\/03\/27\/imagens-mostram-estado-do-carro-de-tiger-woods-apos-acidente-na-florida\/#breadcrumb","itemListElement":[{"@type":"ListItem","position":1,"name":"In\u00edcio","item":"https:\/\/portaltela.pt\/"},{"@type":"ListItem","position":2,"name":"Imagens mostram estado do carro de Tiger Woods ap\u00f3s acidente na Fl\u00f3rida"}]},{"@type":"WebSite","@id":"https:\/\/portaltela.pt\/#website","url":"https:\/\/portaltela.pt\/","name":"Portal Tela Portugal","description":"","potentialAction":[{"@type":"SearchAction","target":{"@type":"EntryPoint","urlTemplate":"https:\/\/portaltela.pt\/?s={search_term_string}"},"query-input":{"@type":"PropertyValueSpecification","valueRequired":true,"valueName":"search_term_string"}}],"inLanguage":"pt-PT"},{"@type":"Person","@id":"https:\/\/portaltela.pt\/#\/schema\/person\/c4278d4a6028830caff9ee44b42d32ed","name":"Telinha","image":{"@type":"ImageObject","inLanguage":"pt-PT","@id":"https:\/\/portaltela.pt\/s.01k8rhncp4jt1\/2025\/11\/talking-bot-125x125.png","url":"https:\/\/portaltela.pt\/s.01k8rhncp4jt1\/2025\/11\/talking-bot-125x125.png","contentUrl":"https:\/\/portaltela.pt\/s.01k8rhncp4jt1\/2025\/11\/talking-bot-125x125.png","caption":"Telinha"},"sameAs":["https:\/\/portaltela.pt\/"],"url":"https:\/\/portaltela.pt\/por\/367410592786\/"}]}},"_links":{"self":[{"href":"https:\/\/portaltela.pt\/api\/wp\/v2\/posts\/424523","targetHints":{"allow":["GET"]}}],"collection":[{"href":"https:\/\/portaltela.pt\/api\/wp\/v2\/posts"}],"about":[{"href":"https:\/\/portaltela.pt\/api\/wp\/v2\/types\/post"}],"author":[{"embeddable":true,"href":"https:\/\/portaltela.pt\/api\/wp\/v2\/users\/2"}],"replies":[{"embeddable":true,"href":"https:\/\/portaltela.pt\/api\/wp\/v2\/comments?post=424523"}],"version-history":[{"count":0,"href":"https:\/\/portaltela.pt\/api\/wp\/v2\/posts\/424523\/revisions"}],"wp:featuredmedia":[{"embeddable":true,"href":"https:\/\/portaltela.pt\/api\/wp\/v2\/media\/424526"}],"wp:attachment":[{"href":"https:\/\/portaltela.pt\/api\/wp\/v2\/media?parent=424523"}],"wp:term":[{"taxonomy":"category","embeddable":true,"href":"https:\/\/portaltela.pt\/api\/wp\/v2\/categories?post=424523"},{"taxonomy":"post_tag","embeddable":true,"href":"https:\/\/portaltela.pt\/api\/wp\/v2\/tags?post=424523"}],"curies":[{"name":"wp","href":"https:\/\/api.w.org\/{rel}","templated":true}]}}