{"id":424503,"date":"2026-03-27T19:32:00","date_gmt":"2026-03-27T22:32:00","guid":{"rendered":"https:\/\/portaltela.pt\/noticias\/2026\/03\/27\/schjelderup-celebra-primeiro-golo-pela-noruega-apos-passagem-pelo-benfica\/"},"modified":"2026-03-27T19:32:00","modified_gmt":"2026-03-27T22:32:00","slug":"schjelderup-celebra-primeiro-golo-pela-noruega-apos-passagem-pelo-benfica","status":"publish","type":"post","link":"https:\/\/portaltela.pt\/desporto\/futebol\/2026\/03\/27\/schjelderup-celebra-primeiro-golo-pela-noruega-apos-passagem-pelo-benfica\/","title":{"rendered":"Schjelderup celebra primeiro golo pela Noruega ap\u00f3s passagem pelo Benfica"},"content":{"rendered":"<p>Andreas Schjelderup estreou-se a marcar pela sele\u00e7\u00e3o da Noruega num duelo frente \u00e0 Holanda, que terminou 1-2 a favor dos neerlandeses. O avan\u00e7ado mostrou-se satisfeito com o momento vivido em campo.<\/p>\n<p>Seguiu-se o objetivo de destacar o impacto da regularidade no Benfica, onde tem atuado com frequ\u00eancia. O jogador explicou que a continuidade no clube tem aumentado a confian\u00e7a para a fase internacional.<\/p>\n<p>Depois do jogo, Schjelderup reencontrou o golo repetidamente no balne\u00e1rio, o que tornou a conquista ainda mais gratificante. O atleta referiu que esperava por esse momento h\u00e1 algum tempo.<\/p>\n","protected":false},"excerpt":{"rendered":"<ul>\n<li>Andreas Schjelderup marcou pela primeira vez pela sele\u00e7\u00e3o da Noruega, no duelo com a Holanda, que terminou 1-2.<\/li>\n<li>O avan\u00e7ado ficou satisfeito com o momento, descrevendo-o como incr\u00edvel e \u00f3tima oportunidade, no grande est\u00e1dio.<\/li>\n<li>A meio-campo destacou ter jogado com regularidade pelo Benfica recentemente, o que lhe proporcionou mais confian\u00e7a.<\/li>\n<li>Refor\u00e7ou que quer manter o desempenho positivo e continuar a evoluir.<\/li>\n<li>Revelou que viu o golo duas ou tr\u00eas vezes no balne\u00e1rio ap\u00f3s o jogo, descrevendo o momento como \u201cmaravilhoso\u201d.<\/li>\n<\/ul>\n","protected":false},"author":2,"featured_media":424504,"comment_status":"closed","ping_status":"closed","sticky":false,"template":"","format":"standard","meta":{"footnotes":""},"categories":[21,24],"tags":[1946,3972,32,2125,5654,2057],"class_list":["post-424503","post","type-post","status-publish","format-standard","has-post-thumbnail","hentry","category-desporto","category-futebol","tag-benfica","tag-benfica-sad","tag-futebol","tag-noruega","tag-schjelderup","tag-selecao-nacional"],"yoast_head":"<!-- This site is optimized with the Yoast SEO plugin v27.2 - https:\/\/yoast.com\/product\/yoast-seo-wordpress\/ -->\n<title>Schjelderup celebra primeiro golo pela Noruega ap\u00f3s passagem pelo Benfica - Portal Tela Portugal<\/title>\n<meta name=\"robots\" content=\"index, follow, max-snippet:-1, max-image-preview:large, max-video-preview:-1\" \/>\n<meta property=\"og:locale\" content=\"pt_PT\" \/>\n<meta property=\"og:type\" content=\"article\" \/>\n<meta property=\"og:title\" content=\"Schjelderup celebra primeiro golo pela Noruega ap\u00f3s passagem pelo Benfica - Portal Tela Portugal\" \/>\n<meta property=\"og:description\" content=\"Andreas Schjelderup marcou pela primeira vez pela sele\u00e7\u00e3o da Noruega, no duelo com a Holanda, que terminou 1-2. O avan\u00e7ado ficou satisfeito com o momento, descrevendo-o como incr\u00edvel e \u00f3tima oportunidade, no grande est\u00e1dio. A meio-campo destacou ter jogado com regularidade pelo Benfica recentemente, o que lhe proporcionou mais confian\u00e7a. Refor\u00e7ou que quer manter o desempenho positivo e continuar a evoluir. Revelou que viu o golo duas ou tr\u00eas vezes no balne\u00e1rio ap\u00f3s o jogo, descrevendo o momento como \u201cmaravilhoso\u201d.\" \/>\n<meta property=\"og:url\" content=\"https:\/\/portaltela.pt\/noticias\/2026\/03\/27\/schjelderup-celebra-primeiro-golo-pela-noruega-apos-passagem-pelo-benfica\/\" \/>\n<meta property=\"og:site_name\" content=\"Portal Tela Portugal\" \/>\n<meta property=\"article:published_time\" content=\"2026-03-27T22:32:00+00:00\" \/>\n<meta name=\"author\" content=\"Telinha\" \/>\n<meta name=\"twitter:card\" content=\"summary_large_image\" \/>\n<meta name=\"twitter:label1\" content=\"Escrito por\" \/>\n\t<meta name=\"twitter:data1\" content=\"Telinha\" \/>\n<script type=\"application\/ld+json\" class=\"yoast-schema-graph\">{\"@context\":\"https:\/\/schema.org\",\"@graph\":[{\"@type\":\"Article\",\"@id\":\"https:\/\/portaltela.pt\/noticias\/2026\/03\/27\/schjelderup-celebra-primeiro-golo-pela-noruega-apos-passagem-pelo-benfica\/#article\",\"isPartOf\":{\"@id\":\"https:\/\/portaltela.pt\/noticias\/2026\/03\/27\/schjelderup-celebra-primeiro-golo-pela-noruega-apos-passagem-pelo-benfica\/\"},\"author\":{\"name\":\"Telinha\",\"@id\":\"https:\/\/portaltela.pt\/#\/schema\/person\/c4278d4a6028830caff9ee44b42d32ed\"},\"headline\":\"Schjelderup celebra primeiro golo pela Noruega ap\u00f3s passagem pelo Benfica\",\"datePublished\":\"2026-03-27T22:32:00+00:00\",\"mainEntityOfPage\":{\"@id\":\"https:\/\/portaltela.pt\/noticias\/2026\/03\/27\/schjelderup-celebra-primeiro-golo-pela-noruega-apos-passagem-pelo-benfica\/\"},\"wordCount\":107,\"image\":{\"@id\":\"https:\/\/portaltela.pt\/noticias\/2026\/03\/27\/schjelderup-celebra-primeiro-golo-pela-noruega-apos-passagem-pelo-benfica\/#primaryimage\"},\"thumbnailUrl\":\"https:\/\/portaltela.pt\/s.01k8rhncp4jt1\/2026\/03\/img_920x518uu2026-03-27-22-32-13-2429775.jpg\",\"keywords\":[\"Benfica\",\"Benfica SAD\",\"futebol\",\"Noruega\",\"Schjelderup\",\"Sele\u00e7\u00e3o Nacional\"],\"articleSection\":[\"Desporto\",\"Futebol\"],\"inLanguage\":\"pt-PT\"},{\"@type\":\"WebPage\",\"@id\":\"https:\/\/portaltela.pt\/noticias\/2026\/03\/27\/schjelderup-celebra-primeiro-golo-pela-noruega-apos-passagem-pelo-benfica\/\",\"url\":\"https:\/\/portaltela.pt\/noticias\/2026\/03\/27\/schjelderup-celebra-primeiro-golo-pela-noruega-apos-passagem-pelo-benfica\/\",\"name\":\"Schjelderup celebra primeiro golo pela Noruega ap\u00f3s passagem pelo Benfica - Portal Tela Portugal\",\"isPartOf\":{\"@id\":\"https:\/\/portaltela.pt\/#website\"},\"primaryImageOfPage\":{\"@id\":\"https:\/\/portaltela.pt\/noticias\/2026\/03\/27\/schjelderup-celebra-primeiro-golo-pela-noruega-apos-passagem-pelo-benfica\/#primaryimage\"},\"image\":{\"@id\":\"https:\/\/portaltela.pt\/noticias\/2026\/03\/27\/schjelderup-celebra-primeiro-golo-pela-noruega-apos-passagem-pelo-benfica\/#primaryimage\"},\"thumbnailUrl\":\"https:\/\/portaltela.pt\/s.01k8rhncp4jt1\/2026\/03\/img_920x518uu2026-03-27-22-32-13-2429775.jpg\",\"datePublished\":\"2026-03-27T22:32:00+00:00\",\"author\":{\"@id\":\"https:\/\/portaltela.pt\/#\/schema\/person\/c4278d4a6028830caff9ee44b42d32ed\"},\"breadcrumb\":{\"@id\":\"https:\/\/portaltela.pt\/noticias\/2026\/03\/27\/schjelderup-celebra-primeiro-golo-pela-noruega-apos-passagem-pelo-benfica\/#breadcrumb\"},\"inLanguage\":\"pt-PT\",\"potentialAction\":[{\"@type\":\"ReadAction\",\"target\":[\"https:\/\/portaltela.pt\/noticias\/2026\/03\/27\/schjelderup-celebra-primeiro-golo-pela-noruega-apos-passagem-pelo-benfica\/\"]}]},{\"@type\":\"ImageObject\",\"inLanguage\":\"pt-PT\",\"@id\":\"https:\/\/portaltela.pt\/noticias\/2026\/03\/27\/schjelderup-celebra-primeiro-golo-pela-noruega-apos-passagem-pelo-benfica\/#primaryimage\",\"url\":\"https:\/\/portaltela.pt\/s.01k8rhncp4jt1\/2026\/03\/img_920x518uu2026-03-27-22-32-13-2429775.jpg\",\"contentUrl\":\"https:\/\/portaltela.pt\/s.01k8rhncp4jt1\/2026\/03\/img_920x518uu2026-03-27-22-32-13-2429775.jpg\",\"width\":796,\"height\":448,\"caption\":\"Schjelderup na Noruega\"},{\"@type\":\"BreadcrumbList\",\"@id\":\"https:\/\/portaltela.pt\/noticias\/2026\/03\/27\/schjelderup-celebra-primeiro-golo-pela-noruega-apos-passagem-pelo-benfica\/#breadcrumb\",\"itemListElement\":[{\"@type\":\"ListItem\",\"position\":1,\"name\":\"In\u00edcio\",\"item\":\"https:\/\/portaltela.pt\/\"},{\"@type\":\"ListItem\",\"position\":2,\"name\":\"Schjelderup celebra primeiro golo pela Noruega ap\u00f3s passagem pelo Benfica\"}]},{\"@type\":\"WebSite\",\"@id\":\"https:\/\/portaltela.pt\/#website\",\"url\":\"https:\/\/portaltela.pt\/\",\"name\":\"Portal Tela Portugal\",\"description\":\"\",\"potentialAction\":[{\"@type\":\"SearchAction\",\"target\":{\"@type\":\"EntryPoint\",\"urlTemplate\":\"https:\/\/portaltela.pt\/?s={search_term_string}\"},\"query-input\":{\"@type\":\"PropertyValueSpecification\",\"valueRequired\":true,\"valueName\":\"search_term_string\"}}],\"inLanguage\":\"pt-PT\"},{\"@type\":\"Person\",\"@id\":\"https:\/\/portaltela.pt\/#\/schema\/person\/c4278d4a6028830caff9ee44b42d32ed\",\"name\":\"Telinha\",\"image\":{\"@type\":\"ImageObject\",\"inLanguage\":\"pt-PT\",\"@id\":\"https:\/\/portaltela.pt\/s.01k8rhncp4jt1\/2025\/11\/talking-bot-125x125.png\",\"url\":\"https:\/\/portaltela.pt\/s.01k8rhncp4jt1\/2025\/11\/talking-bot-125x125.png\",\"contentUrl\":\"https:\/\/portaltela.pt\/s.01k8rhncp4jt1\/2025\/11\/talking-bot-125x125.png\",\"caption\":\"Telinha\"},\"sameAs\":[\"https:\/\/portaltela.pt\/\"],\"url\":\"https:\/\/portaltela.pt\/por\/367410592786\/\"}]}<\/script>\n<!-- \/ Yoast SEO plugin. -->","yoast_head_json":{"title":"Schjelderup celebra primeiro golo pela Noruega ap\u00f3s passagem pelo Benfica - Portal Tela Portugal","robots":{"index":"index","follow":"follow","max-snippet":"max-snippet:-1","max-image-preview":"max-image-preview:large","max-video-preview":"max-video-preview:-1"},"og_locale":"pt_PT","og_type":"article","og_title":"Schjelderup celebra primeiro golo pela Noruega ap\u00f3s passagem pelo Benfica - Portal Tela Portugal","og_description":"Andreas Schjelderup marcou pela primeira vez pela sele\u00e7\u00e3o da Noruega, no duelo com a Holanda, que terminou 1-2. O avan\u00e7ado ficou satisfeito com o momento, descrevendo-o como incr\u00edvel e \u00f3tima oportunidade, no grande est\u00e1dio. A meio-campo destacou ter jogado com regularidade pelo Benfica recentemente, o que lhe proporcionou mais confian\u00e7a. Refor\u00e7ou que quer manter o desempenho positivo e continuar a evoluir. Revelou que viu o golo duas ou tr\u00eas vezes no balne\u00e1rio ap\u00f3s o jogo, descrevendo o momento como \u201cmaravilhoso\u201d.","og_url":"https:\/\/portaltela.pt\/noticias\/2026\/03\/27\/schjelderup-celebra-primeiro-golo-pela-noruega-apos-passagem-pelo-benfica\/","og_site_name":"Portal Tela Portugal","article_published_time":"2026-03-27T22:32:00+00:00","author":"Telinha","twitter_card":"summary_large_image","twitter_misc":{"Escrito por":"Telinha"},"schema":{"@context":"https:\/\/schema.org","@graph":[{"@type":"Article","@id":"https:\/\/portaltela.pt\/noticias\/2026\/03\/27\/schjelderup-celebra-primeiro-golo-pela-noruega-apos-passagem-pelo-benfica\/#article","isPartOf":{"@id":"https:\/\/portaltela.pt\/noticias\/2026\/03\/27\/schjelderup-celebra-primeiro-golo-pela-noruega-apos-passagem-pelo-benfica\/"},"author":{"name":"Telinha","@id":"https:\/\/portaltela.pt\/#\/schema\/person\/c4278d4a6028830caff9ee44b42d32ed"},"headline":"Schjelderup celebra primeiro golo pela Noruega ap\u00f3s passagem pelo Benfica","datePublished":"2026-03-27T22:32:00+00:00","mainEntityOfPage":{"@id":"https:\/\/portaltela.pt\/noticias\/2026\/03\/27\/schjelderup-celebra-primeiro-golo-pela-noruega-apos-passagem-pelo-benfica\/"},"wordCount":107,"image":{"@id":"https:\/\/portaltela.pt\/noticias\/2026\/03\/27\/schjelderup-celebra-primeiro-golo-pela-noruega-apos-passagem-pelo-benfica\/#primaryimage"},"thumbnailUrl":"https:\/\/portaltela.pt\/s.01k8rhncp4jt1\/2026\/03\/img_920x518uu2026-03-27-22-32-13-2429775.jpg","keywords":["Benfica","Benfica SAD","futebol","Noruega","Schjelderup","Sele\u00e7\u00e3o Nacional"],"articleSection":["Desporto","Futebol"],"inLanguage":"pt-PT"},{"@type":"WebPage","@id":"https:\/\/portaltela.pt\/noticias\/2026\/03\/27\/schjelderup-celebra-primeiro-golo-pela-noruega-apos-passagem-pelo-benfica\/","url":"https:\/\/portaltela.pt\/noticias\/2026\/03\/27\/schjelderup-celebra-primeiro-golo-pela-noruega-apos-passagem-pelo-benfica\/","name":"Schjelderup celebra primeiro golo pela Noruega ap\u00f3s passagem pelo Benfica - Portal Tela Portugal","isPartOf":{"@id":"https:\/\/portaltela.pt\/#website"},"primaryImageOfPage":{"@id":"https:\/\/portaltela.pt\/noticias\/2026\/03\/27\/schjelderup-celebra-primeiro-golo-pela-noruega-apos-passagem-pelo-benfica\/#primaryimage"},"image":{"@id":"https:\/\/portaltela.pt\/noticias\/2026\/03\/27\/schjelderup-celebra-primeiro-golo-pela-noruega-apos-passagem-pelo-benfica\/#primaryimage"},"thumbnailUrl":"https:\/\/portaltela.pt\/s.01k8rhncp4jt1\/2026\/03\/img_920x518uu2026-03-27-22-32-13-2429775.jpg","datePublished":"2026-03-27T22:32:00+00:00","author":{"@id":"https:\/\/portaltela.pt\/#\/schema\/person\/c4278d4a6028830caff9ee44b42d32ed"},"breadcrumb":{"@id":"https:\/\/portaltela.pt\/noticias\/2026\/03\/27\/schjelderup-celebra-primeiro-golo-pela-noruega-apos-passagem-pelo-benfica\/#breadcrumb"},"inLanguage":"pt-PT","potentialAction":[{"@type":"ReadAction","target":["https:\/\/portaltela.pt\/noticias\/2026\/03\/27\/schjelderup-celebra-primeiro-golo-pela-noruega-apos-passagem-pelo-benfica\/"]}]},{"@type":"ImageObject","inLanguage":"pt-PT","@id":"https:\/\/portaltela.pt\/noticias\/2026\/03\/27\/schjelderup-celebra-primeiro-golo-pela-noruega-apos-passagem-pelo-benfica\/#primaryimage","url":"https:\/\/portaltela.pt\/s.01k8rhncp4jt1\/2026\/03\/img_920x518uu2026-03-27-22-32-13-2429775.jpg","contentUrl":"https:\/\/portaltela.pt\/s.01k8rhncp4jt1\/2026\/03\/img_920x518uu2026-03-27-22-32-13-2429775.jpg","width":796,"height":448,"caption":"Schjelderup na Noruega"},{"@type":"BreadcrumbList","@id":"https:\/\/portaltela.pt\/noticias\/2026\/03\/27\/schjelderup-celebra-primeiro-golo-pela-noruega-apos-passagem-pelo-benfica\/#breadcrumb","itemListElement":[{"@type":"ListItem","position":1,"name":"In\u00edcio","item":"https:\/\/portaltela.pt\/"},{"@type":"ListItem","position":2,"name":"Schjelderup celebra primeiro golo pela Noruega ap\u00f3s passagem pelo Benfica"}]},{"@type":"WebSite","@id":"https:\/\/portaltela.pt\/#website","url":"https:\/\/portaltela.pt\/","name":"Portal Tela Portugal","description":"","potentialAction":[{"@type":"SearchAction","target":{"@type":"EntryPoint","urlTemplate":"https:\/\/portaltela.pt\/?s={search_term_string}"},"query-input":{"@type":"PropertyValueSpecification","valueRequired":true,"valueName":"search_term_string"}}],"inLanguage":"pt-PT"},{"@type":"Person","@id":"https:\/\/portaltela.pt\/#\/schema\/person\/c4278d4a6028830caff9ee44b42d32ed","name":"Telinha","image":{"@type":"ImageObject","inLanguage":"pt-PT","@id":"https:\/\/portaltela.pt\/s.01k8rhncp4jt1\/2025\/11\/talking-bot-125x125.png","url":"https:\/\/portaltela.pt\/s.01k8rhncp4jt1\/2025\/11\/talking-bot-125x125.png","contentUrl":"https:\/\/portaltela.pt\/s.01k8rhncp4jt1\/2025\/11\/talking-bot-125x125.png","caption":"Telinha"},"sameAs":["https:\/\/portaltela.pt\/"],"url":"https:\/\/portaltela.pt\/por\/367410592786\/"}]}},"_links":{"self":[{"href":"https:\/\/portaltela.pt\/api\/wp\/v2\/posts\/424503","targetHints":{"allow":["GET"]}}],"collection":[{"href":"https:\/\/portaltela.pt\/api\/wp\/v2\/posts"}],"about":[{"href":"https:\/\/portaltela.pt\/api\/wp\/v2\/types\/post"}],"author":[{"embeddable":true,"href":"https:\/\/portaltela.pt\/api\/wp\/v2\/users\/2"}],"replies":[{"embeddable":true,"href":"https:\/\/portaltela.pt\/api\/wp\/v2\/comments?post=424503"}],"version-history":[{"count":0,"href":"https:\/\/portaltela.pt\/api\/wp\/v2\/posts\/424503\/revisions"}],"wp:featuredmedia":[{"embeddable":true,"href":"https:\/\/portaltela.pt\/api\/wp\/v2\/media\/424504"}],"wp:attachment":[{"href":"https:\/\/portaltela.pt\/api\/wp\/v2\/media?parent=424503"}],"wp:term":[{"taxonomy":"category","embeddable":true,"href":"https:\/\/portaltela.pt\/api\/wp\/v2\/categories?post=424503"},{"taxonomy":"post_tag","embeddable":true,"href":"https:\/\/portaltela.pt\/api\/wp\/v2\/tags?post=424503"}],"curies":[{"name":"wp","href":"https:\/\/api.w.org\/{rel}","templated":true}]}}