{"id":424499,"date":"2026-03-27T19:45:09","date_gmt":"2026-03-27T22:45:09","guid":{"rendered":"https:\/\/portaltela.pt\/noticias\/2026\/03\/27\/garcia-pereira-quer-acusacao-do-mp-contra-ventura-por-discriminacao-e-odio\/"},"modified":"2026-03-27T19:45:09","modified_gmt":"2026-03-27T22:45:09","slug":"garcia-pereira-quer-acusacao-do-mp-contra-ventura-por-discriminacao-e-odio","status":"publish","type":"post","link":"https:\/\/portaltela.pt\/noticias\/2026\/03\/27\/garcia-pereira-quer-acusacao-do-mp-contra-ventura-por-discriminacao-e-odio\/","title":{"rendered":"Garcia Pereira quer acusa\u00e7\u00e3o do MP contra Ventura por discrimina\u00e7\u00e3o e \u00f3dio"},"content":{"rendered":"<p>O advogado Garcia Pereira pediu ao Minist\u00e9rio P\u00fablico que deduza acusa\u00e7\u00e3o penal contra o l\u00edder do Chega, Andr\u00e9 Ventura. O alvo s\u00e3o crimes de discrimina\u00e7\u00e3o e incitamento ao \u00f3dio e \u00e0 viol\u00eancia, alegadamente contidos em cartazes sobre a comunidade cigana e o Bangladesh. A iniciativa envolve seis queixosos representados por Pereira.<\/p>\n<p>O requerimento foi apresentado ao DIAP de Lisboa, na sexta-feira, e sustenta que j\u00e1 existem elementos suficientes para acusa\u00e7\u00e3o, mesmo ap\u00f3s o despacho de arquivamento anterior. O documento defende que houve conduta volunt\u00e1ria, consciente e planeada por Ventura.<\/p>\n<p>Segundo o pedido, Ventura agiu sabendo que a sua conduta era proibida por lei, defendendo a acusa\u00e7\u00e3o de discrimina\u00e7\u00e3o e de incitamento ao \u00f3dio e \u00e0 viol\u00eancia. Os cartazes questionados eram parte da campanha presidencial de 2026.<\/p>\n<p>A queixa surge no seguimento de uma a\u00e7\u00e3o c\u00edvel movida por seis queixosos que se sentiram atingidos pelos cartazes. O caso envolve a decis\u00e3o do Minist\u00e9rio P\u00fablico de n\u00e3o avan\u00e7ar com uma queixa-crime contra Ventura.<\/p>\n<p>O contexto remonta a 13 de mar\u00e7o, quando Garcia Pereira elogiou uma decis\u00e3o judicial que manteve a retirada dos cartazes e classificou o despacho do MP como xen\u00f3fobo. O advogado discorda do racioc\u00ednio do MP de que as express\u00f5es n\u00e3o tinham natureza discriminat\u00f3ria.<\/p>\n<p>A primeira inst\u00e2ncia j\u00e1 havia condenado Ventura a retirar os cartazes e a abster-se de futuras campanhas com conte\u00fado id\u00eantico. A decis\u00e3o determinou a remo\u00e7\u00e3o em 24 horas e orientou a cessa\u00e7\u00e3o de a\u00e7\u00f5es afins no futuro.<\/p>\n","protected":false},"excerpt":{"rendered":"<ul>\n<li>O advogado Garcia Pereira pediu ao Minist\u00e9rio P\u00fablico que deduz acusa\u00e7\u00e3o penal contra Andr\u00e9 Ventura, por crimes de discrimina\u00e7\u00e3o e incitamento ao \u00f3dio e \u00e0 viol\u00eancia, relacionados com cartazes sobre Bangladesh e ciganos.<\/li>\n<li>O requerimento, dirigido ao Departamento de Investiga\u00e7\u00e3o e A\u00e7\u00e3o Penal de Lisboa, sustenta que h\u00e1 mat\u00e9ria suficiente para acusa\u00e7\u00e3o pelo menos pelos crimes de discrimina\u00e7\u00e3o e incitamento ao \u00f3dio e \u00e0 viol\u00eancia.<\/li>\n<li>Garcia Pereira representa seis queixosos que se sentiram atingidos pelos cartazes da campanha presidencial de Ventura contra a comunidade cigana.<\/li>\n<li>O advogado criticou o despacho do Minist\u00e9rio P\u00fablico que arquivou a queixa-crime, afirmando que as afirma\u00e7\u00f5es nos cartazes s\u00e3o discriminat\u00f3rias e xen\u00f3fobas, e elogiou o ac\u00f3rd\u00e3o que manteve a retirada dos cartazes.<\/li>\n<li>Na primeira inst\u00e2ncia, Ventura foi condenado a retirar os cartazes no prazo de 24 horas e a abster-se de promover cartazes de teor id\u00eantico no futuro.<\/li>\n<\/ul>\n","protected":false},"author":2,"featured_media":424502,"comment_status":"closed","ping_status":"closed","sticky":false,"template":"","format":"standard","meta":{"footnotes":""},"categories":[6815,1],"tags":[147,1695,3544,2613,2832,1014],"class_list":["post-424499","post","type-post","status-publish","format-standard","has-post-thumbnail","hentry","category-justica","category-noticias","tag-crime","tag-discriminacao","tag-incitacao-ao-odio","tag-ministerio-publico","tag-politica","tag-portugal"],"yoast_head":"<!-- This site is optimized with the Yoast SEO plugin v27.2 - https:\/\/yoast.com\/product\/yoast-seo-wordpress\/ -->\n<title>Garcia Pereira quer acusa\u00e7\u00e3o do MP contra Ventura por discrimina\u00e7\u00e3o e \u00f3dio - Portal Tela Portugal<\/title>\n<meta name=\"robots\" content=\"index, follow, max-snippet:-1, max-image-preview:large, max-video-preview:-1\" \/>\n<meta property=\"og:locale\" content=\"pt_PT\" \/>\n<meta property=\"og:type\" content=\"article\" \/>\n<meta property=\"og:title\" content=\"Garcia Pereira quer acusa\u00e7\u00e3o do MP contra Ventura por discrimina\u00e7\u00e3o e \u00f3dio - Portal Tela Portugal\" \/>\n<meta property=\"og:description\" content=\"O advogado Garcia Pereira pediu ao Minist\u00e9rio P\u00fablico que deduz acusa\u00e7\u00e3o penal contra Andr\u00e9 Ventura, por crimes de discrimina\u00e7\u00e3o e incitamento ao \u00f3dio e \u00e0 viol\u00eancia, relacionados com cartazes sobre Bangladesh e ciganos. O requerimento, dirigido ao Departamento de Investiga\u00e7\u00e3o e A\u00e7\u00e3o Penal de Lisboa, sustenta que h\u00e1 mat\u00e9ria suficiente para acusa\u00e7\u00e3o pelo menos pelos crimes de discrimina\u00e7\u00e3o e incitamento ao \u00f3dio e \u00e0 viol\u00eancia. Garcia Pereira representa seis queixosos que se sentiram atingidos pelos cartazes da campanha presidencial de Ventura contra a comunidade cigana. O advogado criticou o despacho do Minist\u00e9rio P\u00fablico que arquivou a queixa-crime, afirmando que as afirma\u00e7\u00f5es nos cartazes s\u00e3o discriminat\u00f3rias e xen\u00f3fobas, e elogiou o ac\u00f3rd\u00e3o que manteve a retirada dos cartazes. Na primeira inst\u00e2ncia, Ventura foi condenado a retirar os cartazes no prazo de 24 horas e a abster-se de promover cartazes de teor id\u00eantico no futuro.\" \/>\n<meta property=\"og:url\" content=\"https:\/\/portaltela.pt\/noticias\/2026\/03\/27\/garcia-pereira-quer-acusacao-do-mp-contra-ventura-por-discriminacao-e-odio\/\" \/>\n<meta property=\"og:site_name\" content=\"Portal Tela Portugal\" \/>\n<meta property=\"article:published_time\" content=\"2026-03-27T22:45:09+00:00\" \/>\n<meta name=\"author\" content=\"Telinha\" \/>\n<meta name=\"twitter:card\" content=\"summary_large_image\" \/>\n<meta name=\"twitter:label1\" content=\"Escrito por\" \/>\n\t<meta name=\"twitter:data1\" content=\"Telinha\" \/>\n\t<meta name=\"twitter:label2\" content=\"Tempo estimado de leitura\" \/>\n\t<meta name=\"twitter:data2\" content=\"1 minuto\" \/>\n<script type=\"application\/ld+json\" class=\"yoast-schema-graph\">{\"@context\":\"https:\/\/schema.org\",\"@graph\":[{\"@type\":\"Article\",\"@id\":\"https:\/\/portaltela.pt\/noticias\/2026\/03\/27\/garcia-pereira-quer-acusacao-do-mp-contra-ventura-por-discriminacao-e-odio\/#article\",\"isPartOf\":{\"@id\":\"https:\/\/portaltela.pt\/noticias\/2026\/03\/27\/garcia-pereira-quer-acusacao-do-mp-contra-ventura-por-discriminacao-e-odio\/\"},\"author\":{\"name\":\"Telinha\",\"@id\":\"https:\/\/portaltela.pt\/#\/schema\/person\/c4278d4a6028830caff9ee44b42d32ed\"},\"headline\":\"Garcia Pereira quer acusa\u00e7\u00e3o do MP contra Ventura por discrimina\u00e7\u00e3o e \u00f3dio\",\"datePublished\":\"2026-03-27T22:45:09+00:00\",\"mainEntityOfPage\":{\"@id\":\"https:\/\/portaltela.pt\/noticias\/2026\/03\/27\/garcia-pereira-quer-acusacao-do-mp-contra-ventura-por-discriminacao-e-odio\/\"},\"wordCount\":284,\"image\":{\"@id\":\"https:\/\/portaltela.pt\/noticias\/2026\/03\/27\/garcia-pereira-quer-acusacao-do-mp-contra-ventura-por-discriminacao-e-odio\/#primaryimage\"},\"thumbnailUrl\":\"https:\/\/portaltela.pt\/s.01k8rhncp4jt1\/2026\/03\/img_1500x1000uu2025-10-30-17-55-56-2244531-im-638974596275686741.jpg\",\"keywords\":[\"crime\",\"discrimina\u00e7\u00e3o\",\"incita\u00e7\u00e3o ao \u00f3dio\",\"Minist\u00e9rio P\u00fablico\",\"pol\u00edtica\",\"Portugal\"],\"articleSection\":[\"Justi\u00e7a\",\"Not\u00edcias\"],\"inLanguage\":\"pt-PT\"},{\"@type\":\"WebPage\",\"@id\":\"https:\/\/portaltela.pt\/noticias\/2026\/03\/27\/garcia-pereira-quer-acusacao-do-mp-contra-ventura-por-discriminacao-e-odio\/\",\"url\":\"https:\/\/portaltela.pt\/noticias\/2026\/03\/27\/garcia-pereira-quer-acusacao-do-mp-contra-ventura-por-discriminacao-e-odio\/\",\"name\":\"Garcia Pereira quer acusa\u00e7\u00e3o do MP contra Ventura por discrimina\u00e7\u00e3o e \u00f3dio - Portal Tela Portugal\",\"isPartOf\":{\"@id\":\"https:\/\/portaltela.pt\/#website\"},\"primaryImageOfPage\":{\"@id\":\"https:\/\/portaltela.pt\/noticias\/2026\/03\/27\/garcia-pereira-quer-acusacao-do-mp-contra-ventura-por-discriminacao-e-odio\/#primaryimage\"},\"image\":{\"@id\":\"https:\/\/portaltela.pt\/noticias\/2026\/03\/27\/garcia-pereira-quer-acusacao-do-mp-contra-ventura-por-discriminacao-e-odio\/#primaryimage\"},\"thumbnailUrl\":\"https:\/\/portaltela.pt\/s.01k8rhncp4jt1\/2026\/03\/img_1500x1000uu2025-10-30-17-55-56-2244531-im-638974596275686741.jpg\",\"datePublished\":\"2026-03-27T22:45:09+00:00\",\"author\":{\"@id\":\"https:\/\/portaltela.pt\/#\/schema\/person\/c4278d4a6028830caff9ee44b42d32ed\"},\"breadcrumb\":{\"@id\":\"https:\/\/portaltela.pt\/noticias\/2026\/03\/27\/garcia-pereira-quer-acusacao-do-mp-contra-ventura-por-discriminacao-e-odio\/#breadcrumb\"},\"inLanguage\":\"pt-PT\",\"potentialAction\":[{\"@type\":\"ReadAction\",\"target\":[\"https:\/\/portaltela.pt\/noticias\/2026\/03\/27\/garcia-pereira-quer-acusacao-do-mp-contra-ventura-por-discriminacao-e-odio\/\"]}]},{\"@type\":\"ImageObject\",\"inLanguage\":\"pt-PT\",\"@id\":\"https:\/\/portaltela.pt\/noticias\/2026\/03\/27\/garcia-pereira-quer-acusacao-do-mp-contra-ventura-por-discriminacao-e-odio\/#primaryimage\",\"url\":\"https:\/\/portaltela.pt\/s.01k8rhncp4jt1\/2026\/03\/img_1500x1000uu2025-10-30-17-55-56-2244531-im-638974596275686741.jpg\",\"contentUrl\":\"https:\/\/portaltela.pt\/s.01k8rhncp4jt1\/2026\/03\/img_1500x1000uu2025-10-30-17-55-56-2244531-im-638974596275686741.jpg\",\"width\":796,\"height\":448,\"caption\":\"Garcia Pereira\"},{\"@type\":\"BreadcrumbList\",\"@id\":\"https:\/\/portaltela.pt\/noticias\/2026\/03\/27\/garcia-pereira-quer-acusacao-do-mp-contra-ventura-por-discriminacao-e-odio\/#breadcrumb\",\"itemListElement\":[{\"@type\":\"ListItem\",\"position\":1,\"name\":\"In\u00edcio\",\"item\":\"https:\/\/portaltela.pt\/\"},{\"@type\":\"ListItem\",\"position\":2,\"name\":\"Garcia Pereira quer acusa\u00e7\u00e3o do MP contra Ventura por discrimina\u00e7\u00e3o e \u00f3dio\"}]},{\"@type\":\"WebSite\",\"@id\":\"https:\/\/portaltela.pt\/#website\",\"url\":\"https:\/\/portaltela.pt\/\",\"name\":\"Portal Tela Portugal\",\"description\":\"\",\"potentialAction\":[{\"@type\":\"SearchAction\",\"target\":{\"@type\":\"EntryPoint\",\"urlTemplate\":\"https:\/\/portaltela.pt\/?s={search_term_string}\"},\"query-input\":{\"@type\":\"PropertyValueSpecification\",\"valueRequired\":true,\"valueName\":\"search_term_string\"}}],\"inLanguage\":\"pt-PT\"},{\"@type\":\"Person\",\"@id\":\"https:\/\/portaltela.pt\/#\/schema\/person\/c4278d4a6028830caff9ee44b42d32ed\",\"name\":\"Telinha\",\"image\":{\"@type\":\"ImageObject\",\"inLanguage\":\"pt-PT\",\"@id\":\"https:\/\/portaltela.pt\/s.01k8rhncp4jt1\/2025\/11\/talking-bot-125x125.png\",\"url\":\"https:\/\/portaltela.pt\/s.01k8rhncp4jt1\/2025\/11\/talking-bot-125x125.png\",\"contentUrl\":\"https:\/\/portaltela.pt\/s.01k8rhncp4jt1\/2025\/11\/talking-bot-125x125.png\",\"caption\":\"Telinha\"},\"sameAs\":[\"https:\/\/portaltela.pt\/\"],\"url\":\"https:\/\/portaltela.pt\/por\/367410592786\/\"}]}<\/script>\n<!-- \/ Yoast SEO plugin. -->","yoast_head_json":{"title":"Garcia Pereira quer acusa\u00e7\u00e3o do MP contra Ventura por discrimina\u00e7\u00e3o e \u00f3dio - Portal Tela Portugal","robots":{"index":"index","follow":"follow","max-snippet":"max-snippet:-1","max-image-preview":"max-image-preview:large","max-video-preview":"max-video-preview:-1"},"og_locale":"pt_PT","og_type":"article","og_title":"Garcia Pereira quer acusa\u00e7\u00e3o do MP contra Ventura por discrimina\u00e7\u00e3o e \u00f3dio - Portal Tela Portugal","og_description":"O advogado Garcia Pereira pediu ao Minist\u00e9rio P\u00fablico que deduz acusa\u00e7\u00e3o penal contra Andr\u00e9 Ventura, por crimes de discrimina\u00e7\u00e3o e incitamento ao \u00f3dio e \u00e0 viol\u00eancia, relacionados com cartazes sobre Bangladesh e ciganos. O requerimento, dirigido ao Departamento de Investiga\u00e7\u00e3o e A\u00e7\u00e3o Penal de Lisboa, sustenta que h\u00e1 mat\u00e9ria suficiente para acusa\u00e7\u00e3o pelo menos pelos crimes de discrimina\u00e7\u00e3o e incitamento ao \u00f3dio e \u00e0 viol\u00eancia. Garcia Pereira representa seis queixosos que se sentiram atingidos pelos cartazes da campanha presidencial de Ventura contra a comunidade cigana. O advogado criticou o despacho do Minist\u00e9rio P\u00fablico que arquivou a queixa-crime, afirmando que as afirma\u00e7\u00f5es nos cartazes s\u00e3o discriminat\u00f3rias e xen\u00f3fobas, e elogiou o ac\u00f3rd\u00e3o que manteve a retirada dos cartazes. Na primeira inst\u00e2ncia, Ventura foi condenado a retirar os cartazes no prazo de 24 horas e a abster-se de promover cartazes de teor id\u00eantico no futuro.","og_url":"https:\/\/portaltela.pt\/noticias\/2026\/03\/27\/garcia-pereira-quer-acusacao-do-mp-contra-ventura-por-discriminacao-e-odio\/","og_site_name":"Portal Tela Portugal","article_published_time":"2026-03-27T22:45:09+00:00","author":"Telinha","twitter_card":"summary_large_image","twitter_misc":{"Escrito por":"Telinha","Tempo estimado de leitura":"1 minuto"},"schema":{"@context":"https:\/\/schema.org","@graph":[{"@type":"Article","@id":"https:\/\/portaltela.pt\/noticias\/2026\/03\/27\/garcia-pereira-quer-acusacao-do-mp-contra-ventura-por-discriminacao-e-odio\/#article","isPartOf":{"@id":"https:\/\/portaltela.pt\/noticias\/2026\/03\/27\/garcia-pereira-quer-acusacao-do-mp-contra-ventura-por-discriminacao-e-odio\/"},"author":{"name":"Telinha","@id":"https:\/\/portaltela.pt\/#\/schema\/person\/c4278d4a6028830caff9ee44b42d32ed"},"headline":"Garcia Pereira quer acusa\u00e7\u00e3o do MP contra Ventura por discrimina\u00e7\u00e3o e \u00f3dio","datePublished":"2026-03-27T22:45:09+00:00","mainEntityOfPage":{"@id":"https:\/\/portaltela.pt\/noticias\/2026\/03\/27\/garcia-pereira-quer-acusacao-do-mp-contra-ventura-por-discriminacao-e-odio\/"},"wordCount":284,"image":{"@id":"https:\/\/portaltela.pt\/noticias\/2026\/03\/27\/garcia-pereira-quer-acusacao-do-mp-contra-ventura-por-discriminacao-e-odio\/#primaryimage"},"thumbnailUrl":"https:\/\/portaltela.pt\/s.01k8rhncp4jt1\/2026\/03\/img_1500x1000uu2025-10-30-17-55-56-2244531-im-638974596275686741.jpg","keywords":["crime","discrimina\u00e7\u00e3o","incita\u00e7\u00e3o ao \u00f3dio","Minist\u00e9rio P\u00fablico","pol\u00edtica","Portugal"],"articleSection":["Justi\u00e7a","Not\u00edcias"],"inLanguage":"pt-PT"},{"@type":"WebPage","@id":"https:\/\/portaltela.pt\/noticias\/2026\/03\/27\/garcia-pereira-quer-acusacao-do-mp-contra-ventura-por-discriminacao-e-odio\/","url":"https:\/\/portaltela.pt\/noticias\/2026\/03\/27\/garcia-pereira-quer-acusacao-do-mp-contra-ventura-por-discriminacao-e-odio\/","name":"Garcia Pereira quer acusa\u00e7\u00e3o do MP contra Ventura por discrimina\u00e7\u00e3o e \u00f3dio - Portal Tela Portugal","isPartOf":{"@id":"https:\/\/portaltela.pt\/#website"},"primaryImageOfPage":{"@id":"https:\/\/portaltela.pt\/noticias\/2026\/03\/27\/garcia-pereira-quer-acusacao-do-mp-contra-ventura-por-discriminacao-e-odio\/#primaryimage"},"image":{"@id":"https:\/\/portaltela.pt\/noticias\/2026\/03\/27\/garcia-pereira-quer-acusacao-do-mp-contra-ventura-por-discriminacao-e-odio\/#primaryimage"},"thumbnailUrl":"https:\/\/portaltela.pt\/s.01k8rhncp4jt1\/2026\/03\/img_1500x1000uu2025-10-30-17-55-56-2244531-im-638974596275686741.jpg","datePublished":"2026-03-27T22:45:09+00:00","author":{"@id":"https:\/\/portaltela.pt\/#\/schema\/person\/c4278d4a6028830caff9ee44b42d32ed"},"breadcrumb":{"@id":"https:\/\/portaltela.pt\/noticias\/2026\/03\/27\/garcia-pereira-quer-acusacao-do-mp-contra-ventura-por-discriminacao-e-odio\/#breadcrumb"},"inLanguage":"pt-PT","potentialAction":[{"@type":"ReadAction","target":["https:\/\/portaltela.pt\/noticias\/2026\/03\/27\/garcia-pereira-quer-acusacao-do-mp-contra-ventura-por-discriminacao-e-odio\/"]}]},{"@type":"ImageObject","inLanguage":"pt-PT","@id":"https:\/\/portaltela.pt\/noticias\/2026\/03\/27\/garcia-pereira-quer-acusacao-do-mp-contra-ventura-por-discriminacao-e-odio\/#primaryimage","url":"https:\/\/portaltela.pt\/s.01k8rhncp4jt1\/2026\/03\/img_1500x1000uu2025-10-30-17-55-56-2244531-im-638974596275686741.jpg","contentUrl":"https:\/\/portaltela.pt\/s.01k8rhncp4jt1\/2026\/03\/img_1500x1000uu2025-10-30-17-55-56-2244531-im-638974596275686741.jpg","width":796,"height":448,"caption":"Garcia Pereira"},{"@type":"BreadcrumbList","@id":"https:\/\/portaltela.pt\/noticias\/2026\/03\/27\/garcia-pereira-quer-acusacao-do-mp-contra-ventura-por-discriminacao-e-odio\/#breadcrumb","itemListElement":[{"@type":"ListItem","position":1,"name":"In\u00edcio","item":"https:\/\/portaltela.pt\/"},{"@type":"ListItem","position":2,"name":"Garcia Pereira quer acusa\u00e7\u00e3o do MP contra Ventura por discrimina\u00e7\u00e3o e \u00f3dio"}]},{"@type":"WebSite","@id":"https:\/\/portaltela.pt\/#website","url":"https:\/\/portaltela.pt\/","name":"Portal Tela Portugal","description":"","potentialAction":[{"@type":"SearchAction","target":{"@type":"EntryPoint","urlTemplate":"https:\/\/portaltela.pt\/?s={search_term_string}"},"query-input":{"@type":"PropertyValueSpecification","valueRequired":true,"valueName":"search_term_string"}}],"inLanguage":"pt-PT"},{"@type":"Person","@id":"https:\/\/portaltela.pt\/#\/schema\/person\/c4278d4a6028830caff9ee44b42d32ed","name":"Telinha","image":{"@type":"ImageObject","inLanguage":"pt-PT","@id":"https:\/\/portaltela.pt\/s.01k8rhncp4jt1\/2025\/11\/talking-bot-125x125.png","url":"https:\/\/portaltela.pt\/s.01k8rhncp4jt1\/2025\/11\/talking-bot-125x125.png","contentUrl":"https:\/\/portaltela.pt\/s.01k8rhncp4jt1\/2025\/11\/talking-bot-125x125.png","caption":"Telinha"},"sameAs":["https:\/\/portaltela.pt\/"],"url":"https:\/\/portaltela.pt\/por\/367410592786\/"}]}},"_links":{"self":[{"href":"https:\/\/portaltela.pt\/api\/wp\/v2\/posts\/424499","targetHints":{"allow":["GET"]}}],"collection":[{"href":"https:\/\/portaltela.pt\/api\/wp\/v2\/posts"}],"about":[{"href":"https:\/\/portaltela.pt\/api\/wp\/v2\/types\/post"}],"author":[{"embeddable":true,"href":"https:\/\/portaltela.pt\/api\/wp\/v2\/users\/2"}],"replies":[{"embeddable":true,"href":"https:\/\/portaltela.pt\/api\/wp\/v2\/comments?post=424499"}],"version-history":[{"count":0,"href":"https:\/\/portaltela.pt\/api\/wp\/v2\/posts\/424499\/revisions"}],"wp:featuredmedia":[{"embeddable":true,"href":"https:\/\/portaltela.pt\/api\/wp\/v2\/media\/424502"}],"wp:attachment":[{"href":"https:\/\/portaltela.pt\/api\/wp\/v2\/media?parent=424499"}],"wp:term":[{"taxonomy":"category","embeddable":true,"href":"https:\/\/portaltela.pt\/api\/wp\/v2\/categories?post=424499"},{"taxonomy":"post_tag","embeddable":true,"href":"https:\/\/portaltela.pt\/api\/wp\/v2\/tags?post=424499"}],"curies":[{"name":"wp","href":"https:\/\/api.w.org\/{rel}","templated":true}]}}