{"id":424498,"date":"2026-03-27T19:30:38","date_gmt":"2026-03-27T22:30:38","guid":{"rendered":"https:\/\/portaltela.pt\/noticias\/2026\/03\/27\/enviado-do-cm-relata-escalada-de-ataques-israelitas-nos-suburbios-de-beirute\/"},"modified":"2026-03-27T19:30:38","modified_gmt":"2026-03-27T22:30:38","slug":"enviado-do-cm-relata-escalada-de-ataques-israelitas-nos-suburbios-de-beirute","status":"publish","type":"post","link":"https:\/\/portaltela.pt\/noticias\/internacional\/2026\/03\/27\/enviado-do-cm-relata-escalada-de-ataques-israelitas-nos-suburbios-de-beirute\/","title":{"rendered":"Enviado do CM relata escalada de ataques israelitas nos sub\u00farbios de Beirute"},"content":{"rendered":"<p>O enviado do CM no L\u00edbano descreve uma intensifica\u00e7\u00e3o dos ataques israelitas nos sub\u00farbios de Beirute. Segundo Alfredo Leite, Diretor-adjunto do CM, for\u00e7as do Hezbollah dispararam m\u00edsseis enquanto ca\u00e7as israelitas se dirigiam \u00e0 capital libanesa, marcando um momento in\u00e9dito desde o in\u00edcio do conflito.<\/p>\n<p>A situa\u00e7\u00e3o ocorre num contexto de escalada entre Israel e Hezbollah. O relato aponta que a troca de fogo se tornou mais contundente e frequente, aumentando a tens\u00e3o na regi\u00e3o ao redor de Beirute.<\/p>\n<p>Beirute tamb\u00e9m enfrenta press\u00e3o humanit\u00e1ria, com relatos de fuga maci\u00e7a da popula\u00e7\u00e3o a partir do sul do L\u00edbano. Organiza\u00e7\u00f5es locais descrevem dificuldades log\u00edsticas e riscos redobrados para civis.<\/p>\n<h3>Troca de fogo entre for\u00e7as israelitas e Hezbollah<\/h3>\n<p>A cobertura do enviado do CM destaca que os ataques t\u00eam impacto direto na mobilidade de civis e na atividade de infraestrutura na capital. Informa\u00e7\u00f5es adicionais indicam que os confrontos persistem nas \u00e1reas pr\u00f3ximas \u00e0 cidade.<\/p>\n<h3>Continuidade do conflito e impactos locais<\/h3>\n<p>Entre os desdobramentos, surgem relatos sobre a\u00e7\u00f5es militares adicionais, com envolvimento de diferentes unidades e amplia\u00e7\u00e3o do raio de hostilidades. O envio di\u00e1rio de atualiza\u00e7\u00f5es busca refletir a evolu\u00e7\u00e3o da situa\u00e7\u00e3o.<\/p>\n<h3>Arte como resposta humana ao conflito<\/h3>\n<p>Paralelamente, destaca-se a atua\u00e7\u00e3o de uma atriz portuguesa num teatro liban\u00eas, que procura humanizar os efeitos da guerra atrav\u00e9s da arte. O projeto visa sensibilizar o p\u00fablico para a realidade vivida pela popula\u00e7\u00e3o local.<\/p>\n","protected":false},"excerpt":{"rendered":"<ul>\n<li>Enviado do CM relata intensifica\u00e7\u00e3o de ataques israelitas nos sub\u00farbios de Beirute, incluindo disparos de m\u00edsseis por Hezbollah quando ca\u00e7as israelitas se dirigiam \u00e0 capital do L\u00edbano, algo in\u00e9dito desde o in\u00edcio do conflito.<\/li>\n<li>O relato de Alfredo Leite, Diretor-adjunto do CM, descreve o momento em que for\u00e7as do Hezbollah atacaram durante a aproxima\u00e7\u00e3o de aeronaves israelitas.<\/li>\n<li>Beirute vive uma situa\u00e7\u00e3o humanit\u00e1ria agravada pela fuga em massa da popula\u00e7\u00e3o que sai do sul do L\u00edbano.<\/li>\n<li>Observadores mencionam uma forte troca de fogo entre Israel e Hezbollah.<\/li>\n<li>No L\u00edbano, uma pe\u00e7a teatral com uma atriz portuguesa ajuda a humanizar os efeitos da guerra, intitulado \u201cA arte salva\u201d.<\/li>\n<\/ul>\n","protected":false},"author":2,"featured_media":424501,"comment_status":"closed","ping_status":"closed","sticky":false,"template":"","format":"standard","meta":{"footnotes":""},"categories":[6790,4],"tags":[70,254,2198,3708,6558,3786],"class_list":["post-424498","post","type-post","status-publish","format-standard","has-post-thumbnail","hentry","category-conflitos","category-internacional","tag-arte","tag-conflito","tag-conflitos-internacionais","tag-israel","tag-populacao-civil","tag-refugiados-internos"],"yoast_head":"<!-- This site is optimized with the Yoast SEO plugin v27.2 - https:\/\/yoast.com\/product\/yoast-seo-wordpress\/ -->\n<title>Enviado do CM relata escalada de ataques israelitas nos sub\u00farbios de Beirute - Portal Tela Portugal<\/title>\n<meta name=\"robots\" content=\"index, follow, max-snippet:-1, max-image-preview:large, max-video-preview:-1\" \/>\n<meta property=\"og:locale\" content=\"pt_PT\" \/>\n<meta property=\"og:type\" content=\"article\" \/>\n<meta property=\"og:title\" content=\"Enviado do CM relata escalada de ataques israelitas nos sub\u00farbios de Beirute - Portal Tela Portugal\" \/>\n<meta property=\"og:description\" content=\"Enviado do CM relata intensifica\u00e7\u00e3o de ataques israelitas nos sub\u00farbios de Beirute, incluindo disparos de m\u00edsseis por Hezbollah quando ca\u00e7as israelitas se dirigiam \u00e0 capital do L\u00edbano, algo in\u00e9dito desde o in\u00edcio do conflito. O relato de Alfredo Leite, Diretor-adjunto do CM, descreve o momento em que for\u00e7as do Hezbollah atacaram durante a aproxima\u00e7\u00e3o de aeronaves israelitas. Beirute vive uma situa\u00e7\u00e3o humanit\u00e1ria agravada pela fuga em massa da popula\u00e7\u00e3o que sai do sul do L\u00edbano. Observadores mencionam uma forte troca de fogo entre Israel e Hezbollah. No L\u00edbano, uma pe\u00e7a teatral com uma atriz portuguesa ajuda a humanizar os efeitos da guerra, intitulado \u201cA arte salva\u201d.\" \/>\n<meta property=\"og:url\" content=\"https:\/\/portaltela.pt\/noticias\/2026\/03\/27\/enviado-do-cm-relata-escalada-de-ataques-israelitas-nos-suburbios-de-beirute\/\" \/>\n<meta property=\"og:site_name\" content=\"Portal Tela Portugal\" \/>\n<meta property=\"article:published_time\" content=\"2026-03-27T22:30:38+00:00\" \/>\n<meta name=\"author\" content=\"Telinha\" \/>\n<meta name=\"twitter:card\" content=\"summary_large_image\" \/>\n<meta name=\"twitter:label1\" content=\"Escrito por\" \/>\n\t<meta name=\"twitter:data1\" content=\"Telinha\" \/>\n\t<meta name=\"twitter:label2\" content=\"Tempo estimado de leitura\" \/>\n\t<meta name=\"twitter:data2\" content=\"1 minuto\" \/>\n<script type=\"application\/ld+json\" class=\"yoast-schema-graph\">{\"@context\":\"https:\/\/schema.org\",\"@graph\":[{\"@type\":\"Article\",\"@id\":\"https:\/\/portaltela.pt\/noticias\/2026\/03\/27\/enviado-do-cm-relata-escalada-de-ataques-israelitas-nos-suburbios-de-beirute\/#article\",\"isPartOf\":{\"@id\":\"https:\/\/portaltela.pt\/noticias\/2026\/03\/27\/enviado-do-cm-relata-escalada-de-ataques-israelitas-nos-suburbios-de-beirute\/\"},\"author\":{\"name\":\"Telinha\",\"@id\":\"https:\/\/portaltela.pt\/#\/schema\/person\/c4278d4a6028830caff9ee44b42d32ed\"},\"headline\":\"Enviado do CM relata escalada de ataques israelitas nos sub\u00farbios de Beirute\",\"datePublished\":\"2026-03-27T22:30:38+00:00\",\"mainEntityOfPage\":{\"@id\":\"https:\/\/portaltela.pt\/noticias\/2026\/03\/27\/enviado-do-cm-relata-escalada-de-ataques-israelitas-nos-suburbios-de-beirute\/\"},\"wordCount\":272,\"image\":{\"@id\":\"https:\/\/portaltela.pt\/noticias\/2026\/03\/27\/enviado-do-cm-relata-escalada-de-ataques-israelitas-nos-suburbios-de-beirute\/#primaryimage\"},\"thumbnailUrl\":\"https:\/\/portaltela.pt\/s.01k8rhncp4jt1\/2026\/03\/img_1280x722uu2026-03-27-22-29-53-2275214.jpg\",\"keywords\":[\"arte\",\"conflito\",\"conflitos internacionais\",\"Israel\",\"popula\u00e7\u00e3o civil\",\"refugiados internos\"],\"articleSection\":[\"Conflitos\",\"Internacional\"],\"inLanguage\":\"pt-PT\"},{\"@type\":\"WebPage\",\"@id\":\"https:\/\/portaltela.pt\/noticias\/2026\/03\/27\/enviado-do-cm-relata-escalada-de-ataques-israelitas-nos-suburbios-de-beirute\/\",\"url\":\"https:\/\/portaltela.pt\/noticias\/2026\/03\/27\/enviado-do-cm-relata-escalada-de-ataques-israelitas-nos-suburbios-de-beirute\/\",\"name\":\"Enviado do CM relata escalada de ataques israelitas nos sub\u00farbios de Beirute - Portal Tela Portugal\",\"isPartOf\":{\"@id\":\"https:\/\/portaltela.pt\/#website\"},\"primaryImageOfPage\":{\"@id\":\"https:\/\/portaltela.pt\/noticias\/2026\/03\/27\/enviado-do-cm-relata-escalada-de-ataques-israelitas-nos-suburbios-de-beirute\/#primaryimage\"},\"image\":{\"@id\":\"https:\/\/portaltela.pt\/noticias\/2026\/03\/27\/enviado-do-cm-relata-escalada-de-ataques-israelitas-nos-suburbios-de-beirute\/#primaryimage\"},\"thumbnailUrl\":\"https:\/\/portaltela.pt\/s.01k8rhncp4jt1\/2026\/03\/img_1280x722uu2026-03-27-22-29-53-2275214.jpg\",\"datePublished\":\"2026-03-27T22:30:38+00:00\",\"author\":{\"@id\":\"https:\/\/portaltela.pt\/#\/schema\/person\/c4278d4a6028830caff9ee44b42d32ed\"},\"breadcrumb\":{\"@id\":\"https:\/\/portaltela.pt\/noticias\/2026\/03\/27\/enviado-do-cm-relata-escalada-de-ataques-israelitas-nos-suburbios-de-beirute\/#breadcrumb\"},\"inLanguage\":\"pt-PT\",\"potentialAction\":[{\"@type\":\"ReadAction\",\"target\":[\"https:\/\/portaltela.pt\/noticias\/2026\/03\/27\/enviado-do-cm-relata-escalada-de-ataques-israelitas-nos-suburbios-de-beirute\/\"]}]},{\"@type\":\"ImageObject\",\"inLanguage\":\"pt-PT\",\"@id\":\"https:\/\/portaltela.pt\/noticias\/2026\/03\/27\/enviado-do-cm-relata-escalada-de-ataques-israelitas-nos-suburbios-de-beirute\/#primaryimage\",\"url\":\"https:\/\/portaltela.pt\/s.01k8rhncp4jt1\/2026\/03\/img_1280x722uu2026-03-27-22-29-53-2275214.jpg\",\"contentUrl\":\"https:\/\/portaltela.pt\/s.01k8rhncp4jt1\/2026\/03\/img_1280x722uu2026-03-27-22-29-53-2275214.jpg\",\"width\":796,\"height\":448,\"caption\":\"Alfredo Leite, Diretor-adjunto do CM, relata momento em que for\u00e7as do Hezbollah dispararam m\u00edsseis quando ca\u00e7as israelitas se dirigiam \u00e0 capital do L\u00edbano, algo que ainda n\u00e3o tinha acontecido desde o in\u00edcio do conflito.\"},{\"@type\":\"BreadcrumbList\",\"@id\":\"https:\/\/portaltela.pt\/noticias\/2026\/03\/27\/enviado-do-cm-relata-escalada-de-ataques-israelitas-nos-suburbios-de-beirute\/#breadcrumb\",\"itemListElement\":[{\"@type\":\"ListItem\",\"position\":1,\"name\":\"In\u00edcio\",\"item\":\"https:\/\/portaltela.pt\/\"},{\"@type\":\"ListItem\",\"position\":2,\"name\":\"Enviado do CM relata escalada de ataques israelitas nos sub\u00farbios de Beirute\"}]},{\"@type\":\"WebSite\",\"@id\":\"https:\/\/portaltela.pt\/#website\",\"url\":\"https:\/\/portaltela.pt\/\",\"name\":\"Portal Tela Portugal\",\"description\":\"\",\"potentialAction\":[{\"@type\":\"SearchAction\",\"target\":{\"@type\":\"EntryPoint\",\"urlTemplate\":\"https:\/\/portaltela.pt\/?s={search_term_string}\"},\"query-input\":{\"@type\":\"PropertyValueSpecification\",\"valueRequired\":true,\"valueName\":\"search_term_string\"}}],\"inLanguage\":\"pt-PT\"},{\"@type\":\"Person\",\"@id\":\"https:\/\/portaltela.pt\/#\/schema\/person\/c4278d4a6028830caff9ee44b42d32ed\",\"name\":\"Telinha\",\"image\":{\"@type\":\"ImageObject\",\"inLanguage\":\"pt-PT\",\"@id\":\"https:\/\/portaltela.pt\/s.01k8rhncp4jt1\/2025\/11\/talking-bot-125x125.png\",\"url\":\"https:\/\/portaltela.pt\/s.01k8rhncp4jt1\/2025\/11\/talking-bot-125x125.png\",\"contentUrl\":\"https:\/\/portaltela.pt\/s.01k8rhncp4jt1\/2025\/11\/talking-bot-125x125.png\",\"caption\":\"Telinha\"},\"sameAs\":[\"https:\/\/portaltela.pt\/\"],\"url\":\"https:\/\/portaltela.pt\/por\/367410592786\/\"}]}<\/script>\n<!-- \/ Yoast SEO plugin. -->","yoast_head_json":{"title":"Enviado do CM relata escalada de ataques israelitas nos sub\u00farbios de Beirute - Portal Tela Portugal","robots":{"index":"index","follow":"follow","max-snippet":"max-snippet:-1","max-image-preview":"max-image-preview:large","max-video-preview":"max-video-preview:-1"},"og_locale":"pt_PT","og_type":"article","og_title":"Enviado do CM relata escalada de ataques israelitas nos sub\u00farbios de Beirute - Portal Tela Portugal","og_description":"Enviado do CM relata intensifica\u00e7\u00e3o de ataques israelitas nos sub\u00farbios de Beirute, incluindo disparos de m\u00edsseis por Hezbollah quando ca\u00e7as israelitas se dirigiam \u00e0 capital do L\u00edbano, algo in\u00e9dito desde o in\u00edcio do conflito. O relato de Alfredo Leite, Diretor-adjunto do CM, descreve o momento em que for\u00e7as do Hezbollah atacaram durante a aproxima\u00e7\u00e3o de aeronaves israelitas. Beirute vive uma situa\u00e7\u00e3o humanit\u00e1ria agravada pela fuga em massa da popula\u00e7\u00e3o que sai do sul do L\u00edbano. Observadores mencionam uma forte troca de fogo entre Israel e Hezbollah. No L\u00edbano, uma pe\u00e7a teatral com uma atriz portuguesa ajuda a humanizar os efeitos da guerra, intitulado \u201cA arte salva\u201d.","og_url":"https:\/\/portaltela.pt\/noticias\/2026\/03\/27\/enviado-do-cm-relata-escalada-de-ataques-israelitas-nos-suburbios-de-beirute\/","og_site_name":"Portal Tela Portugal","article_published_time":"2026-03-27T22:30:38+00:00","author":"Telinha","twitter_card":"summary_large_image","twitter_misc":{"Escrito por":"Telinha","Tempo estimado de leitura":"1 minuto"},"schema":{"@context":"https:\/\/schema.org","@graph":[{"@type":"Article","@id":"https:\/\/portaltela.pt\/noticias\/2026\/03\/27\/enviado-do-cm-relata-escalada-de-ataques-israelitas-nos-suburbios-de-beirute\/#article","isPartOf":{"@id":"https:\/\/portaltela.pt\/noticias\/2026\/03\/27\/enviado-do-cm-relata-escalada-de-ataques-israelitas-nos-suburbios-de-beirute\/"},"author":{"name":"Telinha","@id":"https:\/\/portaltela.pt\/#\/schema\/person\/c4278d4a6028830caff9ee44b42d32ed"},"headline":"Enviado do CM relata escalada de ataques israelitas nos sub\u00farbios de Beirute","datePublished":"2026-03-27T22:30:38+00:00","mainEntityOfPage":{"@id":"https:\/\/portaltela.pt\/noticias\/2026\/03\/27\/enviado-do-cm-relata-escalada-de-ataques-israelitas-nos-suburbios-de-beirute\/"},"wordCount":272,"image":{"@id":"https:\/\/portaltela.pt\/noticias\/2026\/03\/27\/enviado-do-cm-relata-escalada-de-ataques-israelitas-nos-suburbios-de-beirute\/#primaryimage"},"thumbnailUrl":"https:\/\/portaltela.pt\/s.01k8rhncp4jt1\/2026\/03\/img_1280x722uu2026-03-27-22-29-53-2275214.jpg","keywords":["arte","conflito","conflitos internacionais","Israel","popula\u00e7\u00e3o civil","refugiados internos"],"articleSection":["Conflitos","Internacional"],"inLanguage":"pt-PT"},{"@type":"WebPage","@id":"https:\/\/portaltela.pt\/noticias\/2026\/03\/27\/enviado-do-cm-relata-escalada-de-ataques-israelitas-nos-suburbios-de-beirute\/","url":"https:\/\/portaltela.pt\/noticias\/2026\/03\/27\/enviado-do-cm-relata-escalada-de-ataques-israelitas-nos-suburbios-de-beirute\/","name":"Enviado do CM relata escalada de ataques israelitas nos sub\u00farbios de Beirute - Portal Tela Portugal","isPartOf":{"@id":"https:\/\/portaltela.pt\/#website"},"primaryImageOfPage":{"@id":"https:\/\/portaltela.pt\/noticias\/2026\/03\/27\/enviado-do-cm-relata-escalada-de-ataques-israelitas-nos-suburbios-de-beirute\/#primaryimage"},"image":{"@id":"https:\/\/portaltela.pt\/noticias\/2026\/03\/27\/enviado-do-cm-relata-escalada-de-ataques-israelitas-nos-suburbios-de-beirute\/#primaryimage"},"thumbnailUrl":"https:\/\/portaltela.pt\/s.01k8rhncp4jt1\/2026\/03\/img_1280x722uu2026-03-27-22-29-53-2275214.jpg","datePublished":"2026-03-27T22:30:38+00:00","author":{"@id":"https:\/\/portaltela.pt\/#\/schema\/person\/c4278d4a6028830caff9ee44b42d32ed"},"breadcrumb":{"@id":"https:\/\/portaltela.pt\/noticias\/2026\/03\/27\/enviado-do-cm-relata-escalada-de-ataques-israelitas-nos-suburbios-de-beirute\/#breadcrumb"},"inLanguage":"pt-PT","potentialAction":[{"@type":"ReadAction","target":["https:\/\/portaltela.pt\/noticias\/2026\/03\/27\/enviado-do-cm-relata-escalada-de-ataques-israelitas-nos-suburbios-de-beirute\/"]}]},{"@type":"ImageObject","inLanguage":"pt-PT","@id":"https:\/\/portaltela.pt\/noticias\/2026\/03\/27\/enviado-do-cm-relata-escalada-de-ataques-israelitas-nos-suburbios-de-beirute\/#primaryimage","url":"https:\/\/portaltela.pt\/s.01k8rhncp4jt1\/2026\/03\/img_1280x722uu2026-03-27-22-29-53-2275214.jpg","contentUrl":"https:\/\/portaltela.pt\/s.01k8rhncp4jt1\/2026\/03\/img_1280x722uu2026-03-27-22-29-53-2275214.jpg","width":796,"height":448,"caption":"Alfredo Leite, Diretor-adjunto do CM, relata momento em que for\u00e7as do Hezbollah dispararam m\u00edsseis quando ca\u00e7as israelitas se dirigiam \u00e0 capital do L\u00edbano, algo que ainda n\u00e3o tinha acontecido desde o in\u00edcio do conflito."},{"@type":"BreadcrumbList","@id":"https:\/\/portaltela.pt\/noticias\/2026\/03\/27\/enviado-do-cm-relata-escalada-de-ataques-israelitas-nos-suburbios-de-beirute\/#breadcrumb","itemListElement":[{"@type":"ListItem","position":1,"name":"In\u00edcio","item":"https:\/\/portaltela.pt\/"},{"@type":"ListItem","position":2,"name":"Enviado do CM relata escalada de ataques israelitas nos sub\u00farbios de Beirute"}]},{"@type":"WebSite","@id":"https:\/\/portaltela.pt\/#website","url":"https:\/\/portaltela.pt\/","name":"Portal Tela Portugal","description":"","potentialAction":[{"@type":"SearchAction","target":{"@type":"EntryPoint","urlTemplate":"https:\/\/portaltela.pt\/?s={search_term_string}"},"query-input":{"@type":"PropertyValueSpecification","valueRequired":true,"valueName":"search_term_string"}}],"inLanguage":"pt-PT"},{"@type":"Person","@id":"https:\/\/portaltela.pt\/#\/schema\/person\/c4278d4a6028830caff9ee44b42d32ed","name":"Telinha","image":{"@type":"ImageObject","inLanguage":"pt-PT","@id":"https:\/\/portaltela.pt\/s.01k8rhncp4jt1\/2025\/11\/talking-bot-125x125.png","url":"https:\/\/portaltela.pt\/s.01k8rhncp4jt1\/2025\/11\/talking-bot-125x125.png","contentUrl":"https:\/\/portaltela.pt\/s.01k8rhncp4jt1\/2025\/11\/talking-bot-125x125.png","caption":"Telinha"},"sameAs":["https:\/\/portaltela.pt\/"],"url":"https:\/\/portaltela.pt\/por\/367410592786\/"}]}},"_links":{"self":[{"href":"https:\/\/portaltela.pt\/api\/wp\/v2\/posts\/424498","targetHints":{"allow":["GET"]}}],"collection":[{"href":"https:\/\/portaltela.pt\/api\/wp\/v2\/posts"}],"about":[{"href":"https:\/\/portaltela.pt\/api\/wp\/v2\/types\/post"}],"author":[{"embeddable":true,"href":"https:\/\/portaltela.pt\/api\/wp\/v2\/users\/2"}],"replies":[{"embeddable":true,"href":"https:\/\/portaltela.pt\/api\/wp\/v2\/comments?post=424498"}],"version-history":[{"count":0,"href":"https:\/\/portaltela.pt\/api\/wp\/v2\/posts\/424498\/revisions"}],"wp:featuredmedia":[{"embeddable":true,"href":"https:\/\/portaltela.pt\/api\/wp\/v2\/media\/424501"}],"wp:attachment":[{"href":"https:\/\/portaltela.pt\/api\/wp\/v2\/media?parent=424498"}],"wp:term":[{"taxonomy":"category","embeddable":true,"href":"https:\/\/portaltela.pt\/api\/wp\/v2\/categories?post=424498"},{"taxonomy":"post_tag","embeddable":true,"href":"https:\/\/portaltela.pt\/api\/wp\/v2\/tags?post=424498"}],"curies":[{"name":"wp","href":"https:\/\/api.w.org\/{rel}","templated":true}]}}