{"id":424490,"date":"2026-03-27T19:36:00","date_gmt":"2026-03-27T22:36:00","guid":{"rendered":"https:\/\/portaltela.pt\/noticias\/2026\/03\/27\/incendio-em-habitacao-atinge-alcantara-lisboa\/"},"modified":"2026-03-27T19:36:00","modified_gmt":"2026-03-27T22:36:00","slug":"incendio-em-habitacao-atinge-alcantara-lisboa","status":"publish","type":"post","link":"https:\/\/portaltela.pt\/acidentes\/2026\/03\/27\/incendio-em-habitacao-atinge-alcantara-lisboa\/","title":{"rendered":"Inc\u00eandio em habita\u00e7\u00e3o atinge Alc\u00e2ntara, Lisboa"},"content":{"rendered":"<p>Um inc\u00eandio deflagrou numa moradia na Travessa do Fi\u00faza, 39, em Alc\u00e2ntara, Lisboa. O fogo ocorreu na noite de sexta-feira e n\u00e3o h\u00e1 v\u00edtimas at\u00e9 ao momento, segundo os Bombeiros Sapadores de Lisboa.<\/p>\n<p>A circula\u00e7\u00e3o de moradores ficou limitada ao exterior do edif\u00edcio, que j\u00e1 estavam na rua quando chegaram os bombeiros. N\u00e3o houve registo de feridos nem de pessoas desalojadas em consequ\u00eancia do incidente.<\/p>\n<p>O fogo est\u00e1 confinado ao primeiro andar e ao interior da habita\u00e7\u00e3o, sem risco de propaga\u00e7\u00e3o para pr\u00e9dios vizinhos, indicou a mesma fonte. A atua\u00e7\u00e3o dos operacionais permanece no local.<\/p>\n<p>Foram mobilizados 28 operacionais e 10 viaturas para combater o inc\u00eandio, que se mant\u00e9m ativo e sob monitoriza\u00e7\u00e3o at\u00e9 ao seu total controle. N\u00e3o est\u00e3o indicadas causas preliminares.<\/p>\n","protected":false},"excerpt":{"rendered":"<ul>\n<li>Um inc\u00eandio deflagrou numa moradia na Travessa do Fi\u00faza, n\u00ba 39, em Alc\u00e2ntara, Lisboa, na noite de sexta-feira.<\/li>\n<li>O alerta foi dado \u00e0s 20:48 e, \u00e0 chegada, os moradores j\u00e1 estavam na rua, sem v\u00edtimas reportadas.<\/li>\n<li>O fogo est\u00e1 confinado ao primeiro andar e ao interior da casa, sem risco de propaga\u00e7\u00e3o para pr\u00e9dios vizinhos.<\/li>\n<li>S\u00e3o 28 operacionais e 10 viaturas mobilizados, que permanecem no local a combater o inc\u00eandio.<\/li>\n<li>N\u00e3o foram avan\u00e7adas informa\u00e7\u00f5es sobre a origem do fogo ou danos materiais adicionais.<\/li>\n<\/ul>\n","protected":false},"author":2,"featured_media":424492,"comment_status":"closed","ping_status":"closed","sticky":false,"template":"","format":"standard","meta":{"footnotes":""},"categories":[6849],"tags":[5366,971,150,1438,981],"class_list":["post-424490","post","type-post","status-publish","format-standard","has-post-thumbnail","hentry","category-acidentes","tag-alcantara","tag-bombeiros","tag-habitacao","tag-incendio","tag-lisboa"],"yoast_head":"<!-- This site is optimized with the Yoast SEO plugin v27.2 - https:\/\/yoast.com\/product\/yoast-seo-wordpress\/ -->\n<title>Inc\u00eandio em habita\u00e7\u00e3o atinge Alc\u00e2ntara, Lisboa - Portal Tela Portugal<\/title>\n<meta name=\"robots\" content=\"index, follow, max-snippet:-1, max-image-preview:large, max-video-preview:-1\" \/>\n<meta property=\"og:locale\" content=\"pt_PT\" \/>\n<meta property=\"og:type\" content=\"article\" \/>\n<meta property=\"og:title\" content=\"Inc\u00eandio em habita\u00e7\u00e3o atinge Alc\u00e2ntara, Lisboa - Portal Tela Portugal\" \/>\n<meta property=\"og:description\" content=\"Um inc\u00eandio deflagrou numa moradia na Travessa do Fi\u00faza, n\u00ba 39, em Alc\u00e2ntara, Lisboa, na noite de sexta-feira. O alerta foi dado \u00e0s 20:48 e, \u00e0 chegada, os moradores j\u00e1 estavam na rua, sem v\u00edtimas reportadas. O fogo est\u00e1 confinado ao primeiro andar e ao interior da casa, sem risco de propaga\u00e7\u00e3o para pr\u00e9dios vizinhos. S\u00e3o 28 operacionais e 10 viaturas mobilizados, que permanecem no local a combater o inc\u00eandio. N\u00e3o foram avan\u00e7adas informa\u00e7\u00f5es sobre a origem do fogo ou danos materiais adicionais.\" \/>\n<meta property=\"og:url\" content=\"https:\/\/portaltela.pt\/noticias\/2026\/03\/27\/incendio-em-habitacao-atinge-alcantara-lisboa\/\" \/>\n<meta property=\"og:site_name\" content=\"Portal Tela Portugal\" \/>\n<meta property=\"article:published_time\" content=\"2026-03-27T22:36:00+00:00\" \/>\n<meta name=\"author\" content=\"Telinha\" \/>\n<meta name=\"twitter:card\" content=\"summary_large_image\" \/>\n<meta name=\"twitter:label1\" content=\"Escrito por\" \/>\n\t<meta name=\"twitter:data1\" content=\"Telinha\" \/>\n\t<meta name=\"twitter:label2\" content=\"Tempo estimado de leitura\" \/>\n\t<meta name=\"twitter:data2\" content=\"1 minuto\" \/>\n<script type=\"application\/ld+json\" class=\"yoast-schema-graph\">{\"@context\":\"https:\/\/schema.org\",\"@graph\":[{\"@type\":\"Article\",\"@id\":\"https:\/\/portaltela.pt\/noticias\/2026\/03\/27\/incendio-em-habitacao-atinge-alcantara-lisboa\/#article\",\"isPartOf\":{\"@id\":\"https:\/\/portaltela.pt\/noticias\/2026\/03\/27\/incendio-em-habitacao-atinge-alcantara-lisboa\/\"},\"author\":{\"name\":\"Telinha\",\"@id\":\"https:\/\/portaltela.pt\/#\/schema\/person\/c4278d4a6028830caff9ee44b42d32ed\"},\"headline\":\"Inc\u00eandio em habita\u00e7\u00e3o atinge Alc\u00e2ntara, Lisboa\",\"datePublished\":\"2026-03-27T22:36:00+00:00\",\"mainEntityOfPage\":{\"@id\":\"https:\/\/portaltela.pt\/noticias\/2026\/03\/27\/incendio-em-habitacao-atinge-alcantara-lisboa\/\"},\"wordCount\":147,\"image\":{\"@id\":\"https:\/\/portaltela.pt\/noticias\/2026\/03\/27\/incendio-em-habitacao-atinge-alcantara-lisboa\/#primaryimage\"},\"thumbnailUrl\":\"https:\/\/portaltela.pt\/s.01k8rhncp4jt1\/2026\/03\/img_1500x1000uu2026-03-27-22-40-30-2275215.jpg\",\"keywords\":[\"Alc\u00e2ntara\",\"bombeiros\",\"habita\u00e7\u00e3o\",\"inc\u00eandio\",\"Lisboa\"],\"articleSection\":[\"Acidentes\"],\"inLanguage\":\"pt-PT\"},{\"@type\":\"WebPage\",\"@id\":\"https:\/\/portaltela.pt\/noticias\/2026\/03\/27\/incendio-em-habitacao-atinge-alcantara-lisboa\/\",\"url\":\"https:\/\/portaltela.pt\/noticias\/2026\/03\/27\/incendio-em-habitacao-atinge-alcantara-lisboa\/\",\"name\":\"Inc\u00eandio em habita\u00e7\u00e3o atinge Alc\u00e2ntara, Lisboa - Portal Tela Portugal\",\"isPartOf\":{\"@id\":\"https:\/\/portaltela.pt\/#website\"},\"primaryImageOfPage\":{\"@id\":\"https:\/\/portaltela.pt\/noticias\/2026\/03\/27\/incendio-em-habitacao-atinge-alcantara-lisboa\/#primaryimage\"},\"image\":{\"@id\":\"https:\/\/portaltela.pt\/noticias\/2026\/03\/27\/incendio-em-habitacao-atinge-alcantara-lisboa\/#primaryimage\"},\"thumbnailUrl\":\"https:\/\/portaltela.pt\/s.01k8rhncp4jt1\/2026\/03\/img_1500x1000uu2026-03-27-22-40-30-2275215.jpg\",\"datePublished\":\"2026-03-27T22:36:00+00:00\",\"author\":{\"@id\":\"https:\/\/portaltela.pt\/#\/schema\/person\/c4278d4a6028830caff9ee44b42d32ed\"},\"breadcrumb\":{\"@id\":\"https:\/\/portaltela.pt\/noticias\/2026\/03\/27\/incendio-em-habitacao-atinge-alcantara-lisboa\/#breadcrumb\"},\"inLanguage\":\"pt-PT\",\"potentialAction\":[{\"@type\":\"ReadAction\",\"target\":[\"https:\/\/portaltela.pt\/noticias\/2026\/03\/27\/incendio-em-habitacao-atinge-alcantara-lisboa\/\"]}]},{\"@type\":\"ImageObject\",\"inLanguage\":\"pt-PT\",\"@id\":\"https:\/\/portaltela.pt\/noticias\/2026\/03\/27\/incendio-em-habitacao-atinge-alcantara-lisboa\/#primaryimage\",\"url\":\"https:\/\/portaltela.pt\/s.01k8rhncp4jt1\/2026\/03\/img_1500x1000uu2026-03-27-22-40-30-2275215.jpg\",\"contentUrl\":\"https:\/\/portaltela.pt\/s.01k8rhncp4jt1\/2026\/03\/img_1500x1000uu2026-03-27-22-40-30-2275215.jpg\",\"width\":796,\"height\":448,\"caption\":\"Inc\u00eandio deflagra em edif\u00edcio de Alc\u00e2ntara, Lisboa, com 28 operacionais no local\"},{\"@type\":\"BreadcrumbList\",\"@id\":\"https:\/\/portaltela.pt\/noticias\/2026\/03\/27\/incendio-em-habitacao-atinge-alcantara-lisboa\/#breadcrumb\",\"itemListElement\":[{\"@type\":\"ListItem\",\"position\":1,\"name\":\"In\u00edcio\",\"item\":\"https:\/\/portaltela.pt\/\"},{\"@type\":\"ListItem\",\"position\":2,\"name\":\"Inc\u00eandio em habita\u00e7\u00e3o atinge Alc\u00e2ntara, Lisboa\"}]},{\"@type\":\"WebSite\",\"@id\":\"https:\/\/portaltela.pt\/#website\",\"url\":\"https:\/\/portaltela.pt\/\",\"name\":\"Portal Tela Portugal\",\"description\":\"\",\"potentialAction\":[{\"@type\":\"SearchAction\",\"target\":{\"@type\":\"EntryPoint\",\"urlTemplate\":\"https:\/\/portaltela.pt\/?s={search_term_string}\"},\"query-input\":{\"@type\":\"PropertyValueSpecification\",\"valueRequired\":true,\"valueName\":\"search_term_string\"}}],\"inLanguage\":\"pt-PT\"},{\"@type\":\"Person\",\"@id\":\"https:\/\/portaltela.pt\/#\/schema\/person\/c4278d4a6028830caff9ee44b42d32ed\",\"name\":\"Telinha\",\"image\":{\"@type\":\"ImageObject\",\"inLanguage\":\"pt-PT\",\"@id\":\"https:\/\/portaltela.pt\/s.01k8rhncp4jt1\/2025\/11\/talking-bot-125x125.png\",\"url\":\"https:\/\/portaltela.pt\/s.01k8rhncp4jt1\/2025\/11\/talking-bot-125x125.png\",\"contentUrl\":\"https:\/\/portaltela.pt\/s.01k8rhncp4jt1\/2025\/11\/talking-bot-125x125.png\",\"caption\":\"Telinha\"},\"sameAs\":[\"https:\/\/portaltela.pt\/\"],\"url\":\"https:\/\/portaltela.pt\/por\/367410592786\/\"}]}<\/script>\n<!-- \/ Yoast SEO plugin. -->","yoast_head_json":{"title":"Inc\u00eandio em habita\u00e7\u00e3o atinge Alc\u00e2ntara, Lisboa - Portal Tela Portugal","robots":{"index":"index","follow":"follow","max-snippet":"max-snippet:-1","max-image-preview":"max-image-preview:large","max-video-preview":"max-video-preview:-1"},"og_locale":"pt_PT","og_type":"article","og_title":"Inc\u00eandio em habita\u00e7\u00e3o atinge Alc\u00e2ntara, Lisboa - Portal Tela Portugal","og_description":"Um inc\u00eandio deflagrou numa moradia na Travessa do Fi\u00faza, n\u00ba 39, em Alc\u00e2ntara, Lisboa, na noite de sexta-feira. O alerta foi dado \u00e0s 20:48 e, \u00e0 chegada, os moradores j\u00e1 estavam na rua, sem v\u00edtimas reportadas. O fogo est\u00e1 confinado ao primeiro andar e ao interior da casa, sem risco de propaga\u00e7\u00e3o para pr\u00e9dios vizinhos. S\u00e3o 28 operacionais e 10 viaturas mobilizados, que permanecem no local a combater o inc\u00eandio. N\u00e3o foram avan\u00e7adas informa\u00e7\u00f5es sobre a origem do fogo ou danos materiais adicionais.","og_url":"https:\/\/portaltela.pt\/noticias\/2026\/03\/27\/incendio-em-habitacao-atinge-alcantara-lisboa\/","og_site_name":"Portal Tela Portugal","article_published_time":"2026-03-27T22:36:00+00:00","author":"Telinha","twitter_card":"summary_large_image","twitter_misc":{"Escrito por":"Telinha","Tempo estimado de leitura":"1 minuto"},"schema":{"@context":"https:\/\/schema.org","@graph":[{"@type":"Article","@id":"https:\/\/portaltela.pt\/noticias\/2026\/03\/27\/incendio-em-habitacao-atinge-alcantara-lisboa\/#article","isPartOf":{"@id":"https:\/\/portaltela.pt\/noticias\/2026\/03\/27\/incendio-em-habitacao-atinge-alcantara-lisboa\/"},"author":{"name":"Telinha","@id":"https:\/\/portaltela.pt\/#\/schema\/person\/c4278d4a6028830caff9ee44b42d32ed"},"headline":"Inc\u00eandio em habita\u00e7\u00e3o atinge Alc\u00e2ntara, Lisboa","datePublished":"2026-03-27T22:36:00+00:00","mainEntityOfPage":{"@id":"https:\/\/portaltela.pt\/noticias\/2026\/03\/27\/incendio-em-habitacao-atinge-alcantara-lisboa\/"},"wordCount":147,"image":{"@id":"https:\/\/portaltela.pt\/noticias\/2026\/03\/27\/incendio-em-habitacao-atinge-alcantara-lisboa\/#primaryimage"},"thumbnailUrl":"https:\/\/portaltela.pt\/s.01k8rhncp4jt1\/2026\/03\/img_1500x1000uu2026-03-27-22-40-30-2275215.jpg","keywords":["Alc\u00e2ntara","bombeiros","habita\u00e7\u00e3o","inc\u00eandio","Lisboa"],"articleSection":["Acidentes"],"inLanguage":"pt-PT"},{"@type":"WebPage","@id":"https:\/\/portaltela.pt\/noticias\/2026\/03\/27\/incendio-em-habitacao-atinge-alcantara-lisboa\/","url":"https:\/\/portaltela.pt\/noticias\/2026\/03\/27\/incendio-em-habitacao-atinge-alcantara-lisboa\/","name":"Inc\u00eandio em habita\u00e7\u00e3o atinge Alc\u00e2ntara, Lisboa - Portal Tela Portugal","isPartOf":{"@id":"https:\/\/portaltela.pt\/#website"},"primaryImageOfPage":{"@id":"https:\/\/portaltela.pt\/noticias\/2026\/03\/27\/incendio-em-habitacao-atinge-alcantara-lisboa\/#primaryimage"},"image":{"@id":"https:\/\/portaltela.pt\/noticias\/2026\/03\/27\/incendio-em-habitacao-atinge-alcantara-lisboa\/#primaryimage"},"thumbnailUrl":"https:\/\/portaltela.pt\/s.01k8rhncp4jt1\/2026\/03\/img_1500x1000uu2026-03-27-22-40-30-2275215.jpg","datePublished":"2026-03-27T22:36:00+00:00","author":{"@id":"https:\/\/portaltela.pt\/#\/schema\/person\/c4278d4a6028830caff9ee44b42d32ed"},"breadcrumb":{"@id":"https:\/\/portaltela.pt\/noticias\/2026\/03\/27\/incendio-em-habitacao-atinge-alcantara-lisboa\/#breadcrumb"},"inLanguage":"pt-PT","potentialAction":[{"@type":"ReadAction","target":["https:\/\/portaltela.pt\/noticias\/2026\/03\/27\/incendio-em-habitacao-atinge-alcantara-lisboa\/"]}]},{"@type":"ImageObject","inLanguage":"pt-PT","@id":"https:\/\/portaltela.pt\/noticias\/2026\/03\/27\/incendio-em-habitacao-atinge-alcantara-lisboa\/#primaryimage","url":"https:\/\/portaltela.pt\/s.01k8rhncp4jt1\/2026\/03\/img_1500x1000uu2026-03-27-22-40-30-2275215.jpg","contentUrl":"https:\/\/portaltela.pt\/s.01k8rhncp4jt1\/2026\/03\/img_1500x1000uu2026-03-27-22-40-30-2275215.jpg","width":796,"height":448,"caption":"Inc\u00eandio deflagra em edif\u00edcio de Alc\u00e2ntara, Lisboa, com 28 operacionais no local"},{"@type":"BreadcrumbList","@id":"https:\/\/portaltela.pt\/noticias\/2026\/03\/27\/incendio-em-habitacao-atinge-alcantara-lisboa\/#breadcrumb","itemListElement":[{"@type":"ListItem","position":1,"name":"In\u00edcio","item":"https:\/\/portaltela.pt\/"},{"@type":"ListItem","position":2,"name":"Inc\u00eandio em habita\u00e7\u00e3o atinge Alc\u00e2ntara, Lisboa"}]},{"@type":"WebSite","@id":"https:\/\/portaltela.pt\/#website","url":"https:\/\/portaltela.pt\/","name":"Portal Tela Portugal","description":"","potentialAction":[{"@type":"SearchAction","target":{"@type":"EntryPoint","urlTemplate":"https:\/\/portaltela.pt\/?s={search_term_string}"},"query-input":{"@type":"PropertyValueSpecification","valueRequired":true,"valueName":"search_term_string"}}],"inLanguage":"pt-PT"},{"@type":"Person","@id":"https:\/\/portaltela.pt\/#\/schema\/person\/c4278d4a6028830caff9ee44b42d32ed","name":"Telinha","image":{"@type":"ImageObject","inLanguage":"pt-PT","@id":"https:\/\/portaltela.pt\/s.01k8rhncp4jt1\/2025\/11\/talking-bot-125x125.png","url":"https:\/\/portaltela.pt\/s.01k8rhncp4jt1\/2025\/11\/talking-bot-125x125.png","contentUrl":"https:\/\/portaltela.pt\/s.01k8rhncp4jt1\/2025\/11\/talking-bot-125x125.png","caption":"Telinha"},"sameAs":["https:\/\/portaltela.pt\/"],"url":"https:\/\/portaltela.pt\/por\/367410592786\/"}]}},"_links":{"self":[{"href":"https:\/\/portaltela.pt\/api\/wp\/v2\/posts\/424490","targetHints":{"allow":["GET"]}}],"collection":[{"href":"https:\/\/portaltela.pt\/api\/wp\/v2\/posts"}],"about":[{"href":"https:\/\/portaltela.pt\/api\/wp\/v2\/types\/post"}],"author":[{"embeddable":true,"href":"https:\/\/portaltela.pt\/api\/wp\/v2\/users\/2"}],"replies":[{"embeddable":true,"href":"https:\/\/portaltela.pt\/api\/wp\/v2\/comments?post=424490"}],"version-history":[{"count":0,"href":"https:\/\/portaltela.pt\/api\/wp\/v2\/posts\/424490\/revisions"}],"wp:featuredmedia":[{"embeddable":true,"href":"https:\/\/portaltela.pt\/api\/wp\/v2\/media\/424492"}],"wp:attachment":[{"href":"https:\/\/portaltela.pt\/api\/wp\/v2\/media?parent=424490"}],"wp:term":[{"taxonomy":"category","embeddable":true,"href":"https:\/\/portaltela.pt\/api\/wp\/v2\/categories?post=424490"},{"taxonomy":"post_tag","embeddable":true,"href":"https:\/\/portaltela.pt\/api\/wp\/v2\/tags?post=424490"}],"curies":[{"name":"wp","href":"https:\/\/api.w.org\/{rel}","templated":true}]}}