{"id":424485,"date":"2026-03-27T19:30:00","date_gmt":"2026-03-27T22:30:00","guid":{"rendered":"https:\/\/portaltela.pt\/noticias\/2026\/03\/27\/nuno-markl-admite-que-ha-momentos-em-que-se-sente-por-baixo\/"},"modified":"2026-03-27T19:30:00","modified_gmt":"2026-03-27T22:30:00","slug":"nuno-markl-admite-que-ha-momentos-em-que-se-sente-por-baixo","status":"publish","type":"post","link":"https:\/\/portaltela.pt\/saude\/2026\/03\/27\/nuno-markl-admite-que-ha-momentos-em-que-se-sente-por-baixo\/","title":{"rendered":"Nuno Markl admite que h\u00e1 momentos em que se sente por baixo"},"content":{"rendered":"<p>O humorista e radialista Nuno Markl revelou, durante uma emiss\u00e3o da manh\u00e3, que o seu processo de recupera\u00e7\u00e3o ap\u00f3s dois AVC ocorridos em novembro continua marcado por momentos de fragilidade emocional. O regresso ao ar coincidiu com a sua situa\u00e7\u00e3o cl\u00ednica, j\u00e1 que esteve em hospital para o highlight da rubrica O Homem Que Mordeu o C\u00e3o.<\/p>\n<p>No \u00e1udio transmitido, Markl admitiu que, em alguns dias, se viu incapaz de manter a motiva\u00e7\u00e3o e acabou por se deixar abater. Relatou tamb\u00e9m que a habita\u00e7\u00e3o onde vive n\u00e3o est\u00e1 adaptada para circula\u00e7\u00e3o em cadeira de rodas, obrigando-o a manter-se de p\u00e9 e a depender de ajuda externa.<\/p>\n<p>A emo\u00e7\u00e3o tomou conta quando o humorista se viu frente ao espelho da casa de banho e constatou que o corpo j\u00e1 n\u00e3o representa a pessoa que era. Reconheceu ter ficado emocionado e chorou ao falar da dificuldade de enfrentar o dia a dia nesta fase da recupera\u00e7\u00e3o.<\/p>\n<p>Apesar das dificuldades, Markl disse ter recebido mensagens de pessoas com experi\u00eancias semelhantes, que indicam que o regresso a casa \u00e9 sempre desafiante. Essas partilhas t\u00eam servido de apoio e motiva\u00e7\u00e3o para o apresentador seguir em frente.<\/p>\n","protected":false},"excerpt":{"rendered":"<ul>\n<li>Nuno Markl revela que ainda enfrenta momentos de fragilidade emocional ap\u00f3s dois AVC ocorridos em novembro passado.<\/li>\n<li>O humorista participou na emiss\u00e3o das Manh\u00e3s da Comercial diretamente do hospital, falando sobre o regresso \u00e0 casa.<\/li>\n<li>Assinala que a casa n\u00e3o est\u00e1 adaptada \u00e0 circula\u00e7\u00e3o em cadeira de rodas, obrigando-o a andar em p\u00e9 e a pedir ajuda.<\/li>\n<li>Contou que olhou para o pr\u00f3prio reflexo no espelho e derramou l\u00e1grimas, reconhecendo n\u00e3o estar ainda plenamente preparado para a nova condi\u00e7\u00e3o.<\/li>\n<li>Recebe apoio de pessoas que passaram por experi\u00eancias semelhantes e diz que o regresso a casa costuma ser complicado, o que o tem encorajado a partilhar o estado atual.<\/li>\n<\/ul>\n","protected":false},"author":2,"featured_media":424487,"comment_status":"closed","ping_status":"closed","sticky":false,"template":"","format":"standard","meta":{"footnotes":""},"categories":[6745],"tags":[7048,2110,2737,6346,172,55],"class_list":["post-424485","post","type-post","status-publish","format-standard","has-post-thumbnail","hentry","category-saude","tag-avc","tag-mobilidade","tag-pessoas-com-deficiencia","tag-recuperacao","tag-saude","tag-saude-mental"],"yoast_head":"<!-- This site is optimized with the Yoast SEO plugin v27.2 - https:\/\/yoast.com\/product\/yoast-seo-wordpress\/ -->\n<title>Nuno Markl admite que h\u00e1 momentos em que se sente por baixo - Portal Tela Portugal<\/title>\n<meta name=\"robots\" content=\"index, follow, max-snippet:-1, max-image-preview:large, max-video-preview:-1\" \/>\n<meta property=\"og:locale\" content=\"pt_PT\" \/>\n<meta property=\"og:type\" content=\"article\" \/>\n<meta property=\"og:title\" content=\"Nuno Markl admite que h\u00e1 momentos em que se sente por baixo - Portal Tela Portugal\" \/>\n<meta property=\"og:description\" content=\"Nuno Markl revela que ainda enfrenta momentos de fragilidade emocional ap\u00f3s dois AVC ocorridos em novembro passado. O humorista participou na emiss\u00e3o das Manh\u00e3s da Comercial diretamente do hospital, falando sobre o regresso \u00e0 casa. Assinala que a casa n\u00e3o est\u00e1 adaptada \u00e0 circula\u00e7\u00e3o em cadeira de rodas, obrigando-o a andar em p\u00e9 e a pedir ajuda. Contou que olhou para o pr\u00f3prio reflexo no espelho e derramou l\u00e1grimas, reconhecendo n\u00e3o estar ainda plenamente preparado para a nova condi\u00e7\u00e3o. Recebe apoio de pessoas que passaram por experi\u00eancias semelhantes e diz que o regresso a casa costuma ser complicado, o que o tem encorajado a partilhar o estado atual.\" \/>\n<meta property=\"og:url\" content=\"https:\/\/portaltela.pt\/noticias\/2026\/03\/27\/nuno-markl-admite-que-ha-momentos-em-que-se-sente-por-baixo\/\" \/>\n<meta property=\"og:site_name\" content=\"Portal Tela Portugal\" \/>\n<meta property=\"article:published_time\" content=\"2026-03-27T22:30:00+00:00\" \/>\n<meta name=\"author\" content=\"Telinha\" \/>\n<meta name=\"twitter:card\" content=\"summary_large_image\" \/>\n<meta name=\"twitter:label1\" content=\"Escrito por\" \/>\n\t<meta name=\"twitter:data1\" content=\"Telinha\" \/>\n\t<meta name=\"twitter:label2\" content=\"Tempo estimado de leitura\" \/>\n\t<meta name=\"twitter:data2\" content=\"1 minuto\" \/>\n<script type=\"application\/ld+json\" class=\"yoast-schema-graph\">{\"@context\":\"https:\/\/schema.org\",\"@graph\":[{\"@type\":\"Article\",\"@id\":\"https:\/\/portaltela.pt\/noticias\/2026\/03\/27\/nuno-markl-admite-que-ha-momentos-em-que-se-sente-por-baixo\/#article\",\"isPartOf\":{\"@id\":\"https:\/\/portaltela.pt\/noticias\/2026\/03\/27\/nuno-markl-admite-que-ha-momentos-em-que-se-sente-por-baixo\/\"},\"author\":{\"name\":\"Telinha\",\"@id\":\"https:\/\/portaltela.pt\/#\/schema\/person\/c4278d4a6028830caff9ee44b42d32ed\"},\"headline\":\"Nuno Markl admite que h\u00e1 momentos em que se sente por baixo\",\"datePublished\":\"2026-03-27T22:30:00+00:00\",\"mainEntityOfPage\":{\"@id\":\"https:\/\/portaltela.pt\/noticias\/2026\/03\/27\/nuno-markl-admite-que-ha-momentos-em-que-se-sente-por-baixo\/\"},\"wordCount\":219,\"image\":{\"@id\":\"https:\/\/portaltela.pt\/noticias\/2026\/03\/27\/nuno-markl-admite-que-ha-momentos-em-que-se-sente-por-baixo\/#primaryimage\"},\"thumbnailUrl\":\"https:\/\/portaltela.pt\/s.01k8rhncp4jt1\/2026\/03\/img_1280x718uu2026-03-12-10-40-27-2271886.jpg\",\"keywords\":[\"AVC\",\"mobilidade\",\"pessoas com defici\u00eancia\",\"recupera\u00e7\u00e3o\",\"sa\u00fade\",\"sa\u00fade mental\"],\"articleSection\":[\"Sa\u00fade\"],\"inLanguage\":\"pt-PT\"},{\"@type\":\"WebPage\",\"@id\":\"https:\/\/portaltela.pt\/noticias\/2026\/03\/27\/nuno-markl-admite-que-ha-momentos-em-que-se-sente-por-baixo\/\",\"url\":\"https:\/\/portaltela.pt\/noticias\/2026\/03\/27\/nuno-markl-admite-que-ha-momentos-em-que-se-sente-por-baixo\/\",\"name\":\"Nuno Markl admite que h\u00e1 momentos em que se sente por baixo - Portal Tela Portugal\",\"isPartOf\":{\"@id\":\"https:\/\/portaltela.pt\/#website\"},\"primaryImageOfPage\":{\"@id\":\"https:\/\/portaltela.pt\/noticias\/2026\/03\/27\/nuno-markl-admite-que-ha-momentos-em-que-se-sente-por-baixo\/#primaryimage\"},\"image\":{\"@id\":\"https:\/\/portaltela.pt\/noticias\/2026\/03\/27\/nuno-markl-admite-que-ha-momentos-em-que-se-sente-por-baixo\/#primaryimage\"},\"thumbnailUrl\":\"https:\/\/portaltela.pt\/s.01k8rhncp4jt1\/2026\/03\/img_1280x718uu2026-03-12-10-40-27-2271886.jpg\",\"datePublished\":\"2026-03-27T22:30:00+00:00\",\"author\":{\"@id\":\"https:\/\/portaltela.pt\/#\/schema\/person\/c4278d4a6028830caff9ee44b42d32ed\"},\"breadcrumb\":{\"@id\":\"https:\/\/portaltela.pt\/noticias\/2026\/03\/27\/nuno-markl-admite-que-ha-momentos-em-que-se-sente-por-baixo\/#breadcrumb\"},\"inLanguage\":\"pt-PT\",\"potentialAction\":[{\"@type\":\"ReadAction\",\"target\":[\"https:\/\/portaltela.pt\/noticias\/2026\/03\/27\/nuno-markl-admite-que-ha-momentos-em-que-se-sente-por-baixo\/\"]}]},{\"@type\":\"ImageObject\",\"inLanguage\":\"pt-PT\",\"@id\":\"https:\/\/portaltela.pt\/noticias\/2026\/03\/27\/nuno-markl-admite-que-ha-momentos-em-que-se-sente-por-baixo\/#primaryimage\",\"url\":\"https:\/\/portaltela.pt\/s.01k8rhncp4jt1\/2026\/03\/img_1280x718uu2026-03-12-10-40-27-2271886.jpg\",\"contentUrl\":\"https:\/\/portaltela.pt\/s.01k8rhncp4jt1\/2026\/03\/img_1280x718uu2026-03-12-10-40-27-2271886.jpg\",\"width\":796,\"height\":448,\"caption\":\"Nuno Markl est\u00e1 de volta a casa! E \u00e0s \\\"patas\\\" das suas cadelinhas\"},{\"@type\":\"BreadcrumbList\",\"@id\":\"https:\/\/portaltela.pt\/noticias\/2026\/03\/27\/nuno-markl-admite-que-ha-momentos-em-que-se-sente-por-baixo\/#breadcrumb\",\"itemListElement\":[{\"@type\":\"ListItem\",\"position\":1,\"name\":\"In\u00edcio\",\"item\":\"https:\/\/portaltela.pt\/\"},{\"@type\":\"ListItem\",\"position\":2,\"name\":\"Nuno Markl admite que h\u00e1 momentos em que se sente por baixo\"}]},{\"@type\":\"WebSite\",\"@id\":\"https:\/\/portaltela.pt\/#website\",\"url\":\"https:\/\/portaltela.pt\/\",\"name\":\"Portal Tela Portugal\",\"description\":\"\",\"potentialAction\":[{\"@type\":\"SearchAction\",\"target\":{\"@type\":\"EntryPoint\",\"urlTemplate\":\"https:\/\/portaltela.pt\/?s={search_term_string}\"},\"query-input\":{\"@type\":\"PropertyValueSpecification\",\"valueRequired\":true,\"valueName\":\"search_term_string\"}}],\"inLanguage\":\"pt-PT\"},{\"@type\":\"Person\",\"@id\":\"https:\/\/portaltela.pt\/#\/schema\/person\/c4278d4a6028830caff9ee44b42d32ed\",\"name\":\"Telinha\",\"image\":{\"@type\":\"ImageObject\",\"inLanguage\":\"pt-PT\",\"@id\":\"https:\/\/portaltela.pt\/s.01k8rhncp4jt1\/2025\/11\/talking-bot-125x125.png\",\"url\":\"https:\/\/portaltela.pt\/s.01k8rhncp4jt1\/2025\/11\/talking-bot-125x125.png\",\"contentUrl\":\"https:\/\/portaltela.pt\/s.01k8rhncp4jt1\/2025\/11\/talking-bot-125x125.png\",\"caption\":\"Telinha\"},\"sameAs\":[\"https:\/\/portaltela.pt\/\"],\"url\":\"https:\/\/portaltela.pt\/por\/367410592786\/\"}]}<\/script>\n<!-- \/ Yoast SEO plugin. -->","yoast_head_json":{"title":"Nuno Markl admite que h\u00e1 momentos em que se sente por baixo - Portal Tela Portugal","robots":{"index":"index","follow":"follow","max-snippet":"max-snippet:-1","max-image-preview":"max-image-preview:large","max-video-preview":"max-video-preview:-1"},"og_locale":"pt_PT","og_type":"article","og_title":"Nuno Markl admite que h\u00e1 momentos em que se sente por baixo - Portal Tela Portugal","og_description":"Nuno Markl revela que ainda enfrenta momentos de fragilidade emocional ap\u00f3s dois AVC ocorridos em novembro passado. O humorista participou na emiss\u00e3o das Manh\u00e3s da Comercial diretamente do hospital, falando sobre o regresso \u00e0 casa. Assinala que a casa n\u00e3o est\u00e1 adaptada \u00e0 circula\u00e7\u00e3o em cadeira de rodas, obrigando-o a andar em p\u00e9 e a pedir ajuda. Contou que olhou para o pr\u00f3prio reflexo no espelho e derramou l\u00e1grimas, reconhecendo n\u00e3o estar ainda plenamente preparado para a nova condi\u00e7\u00e3o. Recebe apoio de pessoas que passaram por experi\u00eancias semelhantes e diz que o regresso a casa costuma ser complicado, o que o tem encorajado a partilhar o estado atual.","og_url":"https:\/\/portaltela.pt\/noticias\/2026\/03\/27\/nuno-markl-admite-que-ha-momentos-em-que-se-sente-por-baixo\/","og_site_name":"Portal Tela Portugal","article_published_time":"2026-03-27T22:30:00+00:00","author":"Telinha","twitter_card":"summary_large_image","twitter_misc":{"Escrito por":"Telinha","Tempo estimado de leitura":"1 minuto"},"schema":{"@context":"https:\/\/schema.org","@graph":[{"@type":"Article","@id":"https:\/\/portaltela.pt\/noticias\/2026\/03\/27\/nuno-markl-admite-que-ha-momentos-em-que-se-sente-por-baixo\/#article","isPartOf":{"@id":"https:\/\/portaltela.pt\/noticias\/2026\/03\/27\/nuno-markl-admite-que-ha-momentos-em-que-se-sente-por-baixo\/"},"author":{"name":"Telinha","@id":"https:\/\/portaltela.pt\/#\/schema\/person\/c4278d4a6028830caff9ee44b42d32ed"},"headline":"Nuno Markl admite que h\u00e1 momentos em que se sente por baixo","datePublished":"2026-03-27T22:30:00+00:00","mainEntityOfPage":{"@id":"https:\/\/portaltela.pt\/noticias\/2026\/03\/27\/nuno-markl-admite-que-ha-momentos-em-que-se-sente-por-baixo\/"},"wordCount":219,"image":{"@id":"https:\/\/portaltela.pt\/noticias\/2026\/03\/27\/nuno-markl-admite-que-ha-momentos-em-que-se-sente-por-baixo\/#primaryimage"},"thumbnailUrl":"https:\/\/portaltela.pt\/s.01k8rhncp4jt1\/2026\/03\/img_1280x718uu2026-03-12-10-40-27-2271886.jpg","keywords":["AVC","mobilidade","pessoas com defici\u00eancia","recupera\u00e7\u00e3o","sa\u00fade","sa\u00fade mental"],"articleSection":["Sa\u00fade"],"inLanguage":"pt-PT"},{"@type":"WebPage","@id":"https:\/\/portaltela.pt\/noticias\/2026\/03\/27\/nuno-markl-admite-que-ha-momentos-em-que-se-sente-por-baixo\/","url":"https:\/\/portaltela.pt\/noticias\/2026\/03\/27\/nuno-markl-admite-que-ha-momentos-em-que-se-sente-por-baixo\/","name":"Nuno Markl admite que h\u00e1 momentos em que se sente por baixo - Portal Tela Portugal","isPartOf":{"@id":"https:\/\/portaltela.pt\/#website"},"primaryImageOfPage":{"@id":"https:\/\/portaltela.pt\/noticias\/2026\/03\/27\/nuno-markl-admite-que-ha-momentos-em-que-se-sente-por-baixo\/#primaryimage"},"image":{"@id":"https:\/\/portaltela.pt\/noticias\/2026\/03\/27\/nuno-markl-admite-que-ha-momentos-em-que-se-sente-por-baixo\/#primaryimage"},"thumbnailUrl":"https:\/\/portaltela.pt\/s.01k8rhncp4jt1\/2026\/03\/img_1280x718uu2026-03-12-10-40-27-2271886.jpg","datePublished":"2026-03-27T22:30:00+00:00","author":{"@id":"https:\/\/portaltela.pt\/#\/schema\/person\/c4278d4a6028830caff9ee44b42d32ed"},"breadcrumb":{"@id":"https:\/\/portaltela.pt\/noticias\/2026\/03\/27\/nuno-markl-admite-que-ha-momentos-em-que-se-sente-por-baixo\/#breadcrumb"},"inLanguage":"pt-PT","potentialAction":[{"@type":"ReadAction","target":["https:\/\/portaltela.pt\/noticias\/2026\/03\/27\/nuno-markl-admite-que-ha-momentos-em-que-se-sente-por-baixo\/"]}]},{"@type":"ImageObject","inLanguage":"pt-PT","@id":"https:\/\/portaltela.pt\/noticias\/2026\/03\/27\/nuno-markl-admite-que-ha-momentos-em-que-se-sente-por-baixo\/#primaryimage","url":"https:\/\/portaltela.pt\/s.01k8rhncp4jt1\/2026\/03\/img_1280x718uu2026-03-12-10-40-27-2271886.jpg","contentUrl":"https:\/\/portaltela.pt\/s.01k8rhncp4jt1\/2026\/03\/img_1280x718uu2026-03-12-10-40-27-2271886.jpg","width":796,"height":448,"caption":"Nuno Markl est\u00e1 de volta a casa! E \u00e0s \"patas\" das suas cadelinhas"},{"@type":"BreadcrumbList","@id":"https:\/\/portaltela.pt\/noticias\/2026\/03\/27\/nuno-markl-admite-que-ha-momentos-em-que-se-sente-por-baixo\/#breadcrumb","itemListElement":[{"@type":"ListItem","position":1,"name":"In\u00edcio","item":"https:\/\/portaltela.pt\/"},{"@type":"ListItem","position":2,"name":"Nuno Markl admite que h\u00e1 momentos em que se sente por baixo"}]},{"@type":"WebSite","@id":"https:\/\/portaltela.pt\/#website","url":"https:\/\/portaltela.pt\/","name":"Portal Tela Portugal","description":"","potentialAction":[{"@type":"SearchAction","target":{"@type":"EntryPoint","urlTemplate":"https:\/\/portaltela.pt\/?s={search_term_string}"},"query-input":{"@type":"PropertyValueSpecification","valueRequired":true,"valueName":"search_term_string"}}],"inLanguage":"pt-PT"},{"@type":"Person","@id":"https:\/\/portaltela.pt\/#\/schema\/person\/c4278d4a6028830caff9ee44b42d32ed","name":"Telinha","image":{"@type":"ImageObject","inLanguage":"pt-PT","@id":"https:\/\/portaltela.pt\/s.01k8rhncp4jt1\/2025\/11\/talking-bot-125x125.png","url":"https:\/\/portaltela.pt\/s.01k8rhncp4jt1\/2025\/11\/talking-bot-125x125.png","contentUrl":"https:\/\/portaltela.pt\/s.01k8rhncp4jt1\/2025\/11\/talking-bot-125x125.png","caption":"Telinha"},"sameAs":["https:\/\/portaltela.pt\/"],"url":"https:\/\/portaltela.pt\/por\/367410592786\/"}]}},"_links":{"self":[{"href":"https:\/\/portaltela.pt\/api\/wp\/v2\/posts\/424485","targetHints":{"allow":["GET"]}}],"collection":[{"href":"https:\/\/portaltela.pt\/api\/wp\/v2\/posts"}],"about":[{"href":"https:\/\/portaltela.pt\/api\/wp\/v2\/types\/post"}],"author":[{"embeddable":true,"href":"https:\/\/portaltela.pt\/api\/wp\/v2\/users\/2"}],"replies":[{"embeddable":true,"href":"https:\/\/portaltela.pt\/api\/wp\/v2\/comments?post=424485"}],"version-history":[{"count":0,"href":"https:\/\/portaltela.pt\/api\/wp\/v2\/posts\/424485\/revisions"}],"wp:featuredmedia":[{"embeddable":true,"href":"https:\/\/portaltela.pt\/api\/wp\/v2\/media\/424487"}],"wp:attachment":[{"href":"https:\/\/portaltela.pt\/api\/wp\/v2\/media?parent=424485"}],"wp:term":[{"taxonomy":"category","embeddable":true,"href":"https:\/\/portaltela.pt\/api\/wp\/v2\/categories?post=424485"},{"taxonomy":"post_tag","embeddable":true,"href":"https:\/\/portaltela.pt\/api\/wp\/v2\/tags?post=424485"}],"curies":[{"name":"wp","href":"https:\/\/api.w.org\/{rel}","templated":true}]}}