{"id":424481,"date":"2026-03-27T19:30:17","date_gmt":"2026-03-27T22:30:17","guid":{"rendered":"https:\/\/portaltela.pt\/noticias\/2026\/03\/27\/ex-capitao-da-bosnia-elogia-dedic-jovem-de-ouro-e-talento-puro\/"},"modified":"2026-03-27T19:30:17","modified_gmt":"2026-03-27T22:30:17","slug":"ex-capitao-da-bosnia-elogia-dedic-jovem-de-ouro-e-talento-puro","status":"publish","type":"post","link":"https:\/\/portaltela.pt\/desporto\/futebol\/2026\/03\/27\/ex-capitao-da-bosnia-elogia-dedic-jovem-de-ouro-e-talento-puro\/","title":{"rendered":"Ex-capit\u00e3o da B\u00f3snia elogia Dedic: jovem de ouro e talento puro"},"content":{"rendered":"<p>Miralem Pjanic, ex-capit\u00e3o da B\u00f3snia-Herzegovina, elogiou publicamente Dedic, lateral-direito do Benfica, destacando a personalidade e as decis\u00f5es ao longo da carreira do jogador. O antigo m\u00e9dio descreveu Dedic como talento puro e cristalino.<\/p>\n<p>Pjanic lembrou que conhece bem a fam\u00edlia de Dedic e reconheceu a decis\u00e3o do defesa de se desenvolver no futebol austr\u00edaco, onde ganhou experi\u00eancia em campo. O hist\u00f3rico internacional do ex-jogador refor\u00e7a a confian\u00e7a na continuidade do talento no futuro da sele\u00e7\u00e3o.<\/p>\n<p>Ao falar do desempenho, Pjanic ressaltou a ousadia de Dedic quando atua com a bola e a sua capacidade de avan\u00e7ar sobre o advers\u00e1rio, cruzar e rematar com regularidade. O antigo capit\u00e3o soma 116 internacionaliza\u00e7\u00f5es pela B\u00f3snia, atr\u00e1s apenas de Dzeko, com 147.<\/p>\n<p>Atualmente, Dedic est\u00e1 mobilizado com a sele\u00e7\u00e3o da B\u00f3snia-Herzegovina, que disputa o playoff de acesso ao Mundial 2026. A equipa mede for\u00e7as com a It\u00e1lia na final do playoff, marcada para a pr\u00f3xima ter\u00e7a-feira. A partida ocorre num contexto de esfor\u00e7o para qualifica\u00e7\u00e3o ao torneio.<\/p>\n<p>A B\u00f3snia tem como objetivo obter o bilhete para o Mundial, mantendo a aposta na continuidade do ciclo com Dedic como uma pe\u00e7a-chave na posi\u00e7\u00e3o de lateral. O confronto com a It\u00e1lia representa uma etapa decisiva para o futuro do futebol bosn\u00edaco.<\/p>\n","protected":false},"excerpt":{"rendered":"<ul>\n<li>Miralem Pjanic elogiou Dedic, lateral-direito do Benfica, destacando a personalidade, as decis\u00f5es e o talento do jogador.<\/li>\n<li>O ex-m\u00e9dio disse que Dedic optou pela \u00c1ustria para se desenvolver e ganhar experi\u00eancia em campo.<\/li>\n<li>Pjanic \u00e9 o segundo jogador com mais internacionaliza\u00e7\u00f5es pela B\u00f3snia, com 116 jogos, atr\u00e1s de Edin Dzeko (147); jogaram juntos oito vezes.<\/li>\n<li>Dedic est\u00e1 focado na sele\u00e7\u00e3o da B\u00f3snia, que luta pela qualifica\u00e7\u00e3o para o Mundial de 2026.<\/li>\n<li>A B\u00f3snia defronta a It\u00e1lia na final do playoff, na ter\u00e7a-feira.<\/li>\n<\/ul>\n","protected":false},"author":2,"featured_media":424482,"comment_status":"closed","ping_status":"closed","sticky":false,"template":"","format":"standard","meta":{"footnotes":""},"categories":[21,24],"tags":[1946,1544,32,242,6959,2057],"class_list":["post-424481","post","type-post","status-publish","format-standard","has-post-thumbnail","hentry","category-desporto","category-futebol","tag-benfica","tag-bosnia-herzegovina","tag-futebol","tag-jogadores","tag-jogadores-internacionais","tag-selecao-nacional"],"yoast_head":"<!-- This site is optimized with the Yoast SEO plugin v27.2 - https:\/\/yoast.com\/product\/yoast-seo-wordpress\/ -->\n<title>Ex-capit\u00e3o da B\u00f3snia elogia Dedic: jovem de ouro e talento puro - Portal Tela Portugal<\/title>\n<meta name=\"robots\" content=\"index, follow, max-snippet:-1, max-image-preview:large, max-video-preview:-1\" \/>\n<meta property=\"og:locale\" content=\"pt_PT\" \/>\n<meta property=\"og:type\" content=\"article\" \/>\n<meta property=\"og:title\" content=\"Ex-capit\u00e3o da B\u00f3snia elogia Dedic: jovem de ouro e talento puro - Portal Tela Portugal\" \/>\n<meta property=\"og:description\" content=\"Miralem Pjanic elogiou Dedic, lateral-direito do Benfica, destacando a personalidade, as decis\u00f5es e o talento do jogador. O ex-m\u00e9dio disse que Dedic optou pela \u00c1ustria para se desenvolver e ganhar experi\u00eancia em campo. Pjanic \u00e9 o segundo jogador com mais internacionaliza\u00e7\u00f5es pela B\u00f3snia, com 116 jogos, atr\u00e1s de Edin Dzeko (147); jogaram juntos oito vezes. Dedic est\u00e1 focado na sele\u00e7\u00e3o da B\u00f3snia, que luta pela qualifica\u00e7\u00e3o para o Mundial de 2026. A B\u00f3snia defronta a It\u00e1lia na final do playoff, na ter\u00e7a-feira.\" \/>\n<meta property=\"og:url\" content=\"https:\/\/portaltela.pt\/noticias\/2026\/03\/27\/ex-capitao-da-bosnia-elogia-dedic-jovem-de-ouro-e-talento-puro\/\" \/>\n<meta property=\"og:site_name\" content=\"Portal Tela Portugal\" \/>\n<meta property=\"article:published_time\" content=\"2026-03-27T22:30:17+00:00\" \/>\n<meta name=\"author\" content=\"Telinha\" \/>\n<meta name=\"twitter:card\" content=\"summary_large_image\" \/>\n<meta name=\"twitter:label1\" content=\"Escrito por\" \/>\n\t<meta name=\"twitter:data1\" content=\"Telinha\" \/>\n\t<meta name=\"twitter:label2\" content=\"Tempo estimado de leitura\" \/>\n\t<meta name=\"twitter:data2\" content=\"1 minuto\" \/>\n<script type=\"application\/ld+json\" class=\"yoast-schema-graph\">{\"@context\":\"https:\/\/schema.org\",\"@graph\":[{\"@type\":\"Article\",\"@id\":\"https:\/\/portaltela.pt\/noticias\/2026\/03\/27\/ex-capitao-da-bosnia-elogia-dedic-jovem-de-ouro-e-talento-puro\/#article\",\"isPartOf\":{\"@id\":\"https:\/\/portaltela.pt\/noticias\/2026\/03\/27\/ex-capitao-da-bosnia-elogia-dedic-jovem-de-ouro-e-talento-puro\/\"},\"author\":{\"name\":\"Telinha\",\"@id\":\"https:\/\/portaltela.pt\/#\/schema\/person\/c4278d4a6028830caff9ee44b42d32ed\"},\"headline\":\"Ex-capit\u00e3o da B\u00f3snia elogia Dedic: jovem de ouro e talento puro\",\"datePublished\":\"2026-03-27T22:30:17+00:00\",\"mainEntityOfPage\":{\"@id\":\"https:\/\/portaltela.pt\/noticias\/2026\/03\/27\/ex-capitao-da-bosnia-elogia-dedic-jovem-de-ouro-e-talento-puro\/\"},\"wordCount\":246,\"image\":{\"@id\":\"https:\/\/portaltela.pt\/noticias\/2026\/03\/27\/ex-capitao-da-bosnia-elogia-dedic-jovem-de-ouro-e-talento-puro\/#primaryimage\"},\"thumbnailUrl\":\"https:\/\/portaltela.pt\/s.01k8rhncp4jt1\/2026\/03\/img_920x518uu2026-03-27-22-29-39-2429774.jpg\",\"keywords\":[\"Benfica\",\"B\u00f3snia-Herzeg\u00f3vina\",\"futebol\",\"jogadores\",\"jogadores internacionais\",\"Sele\u00e7\u00e3o Nacional\"],\"articleSection\":[\"Desporto\",\"Futebol\"],\"inLanguage\":\"pt-PT\"},{\"@type\":\"WebPage\",\"@id\":\"https:\/\/portaltela.pt\/noticias\/2026\/03\/27\/ex-capitao-da-bosnia-elogia-dedic-jovem-de-ouro-e-talento-puro\/\",\"url\":\"https:\/\/portaltela.pt\/noticias\/2026\/03\/27\/ex-capitao-da-bosnia-elogia-dedic-jovem-de-ouro-e-talento-puro\/\",\"name\":\"Ex-capit\u00e3o da B\u00f3snia elogia Dedic: jovem de ouro e talento puro - Portal Tela Portugal\",\"isPartOf\":{\"@id\":\"https:\/\/portaltela.pt\/#website\"},\"primaryImageOfPage\":{\"@id\":\"https:\/\/portaltela.pt\/noticias\/2026\/03\/27\/ex-capitao-da-bosnia-elogia-dedic-jovem-de-ouro-e-talento-puro\/#primaryimage\"},\"image\":{\"@id\":\"https:\/\/portaltela.pt\/noticias\/2026\/03\/27\/ex-capitao-da-bosnia-elogia-dedic-jovem-de-ouro-e-talento-puro\/#primaryimage\"},\"thumbnailUrl\":\"https:\/\/portaltela.pt\/s.01k8rhncp4jt1\/2026\/03\/img_920x518uu2026-03-27-22-29-39-2429774.jpg\",\"datePublished\":\"2026-03-27T22:30:17+00:00\",\"author\":{\"@id\":\"https:\/\/portaltela.pt\/#\/schema\/person\/c4278d4a6028830caff9ee44b42d32ed\"},\"breadcrumb\":{\"@id\":\"https:\/\/portaltela.pt\/noticias\/2026\/03\/27\/ex-capitao-da-bosnia-elogia-dedic-jovem-de-ouro-e-talento-puro\/#breadcrumb\"},\"inLanguage\":\"pt-PT\",\"potentialAction\":[{\"@type\":\"ReadAction\",\"target\":[\"https:\/\/portaltela.pt\/noticias\/2026\/03\/27\/ex-capitao-da-bosnia-elogia-dedic-jovem-de-ouro-e-talento-puro\/\"]}]},{\"@type\":\"ImageObject\",\"inLanguage\":\"pt-PT\",\"@id\":\"https:\/\/portaltela.pt\/noticias\/2026\/03\/27\/ex-capitao-da-bosnia-elogia-dedic-jovem-de-ouro-e-talento-puro\/#primaryimage\",\"url\":\"https:\/\/portaltela.pt\/s.01k8rhncp4jt1\/2026\/03\/img_920x518uu2026-03-27-22-29-39-2429774.jpg\",\"contentUrl\":\"https:\/\/portaltela.pt\/s.01k8rhncp4jt1\/2026\/03\/img_920x518uu2026-03-27-22-29-39-2429774.jpg\",\"width\":796,\"height\":448,\"caption\":\"Dedic\"},{\"@type\":\"BreadcrumbList\",\"@id\":\"https:\/\/portaltela.pt\/noticias\/2026\/03\/27\/ex-capitao-da-bosnia-elogia-dedic-jovem-de-ouro-e-talento-puro\/#breadcrumb\",\"itemListElement\":[{\"@type\":\"ListItem\",\"position\":1,\"name\":\"In\u00edcio\",\"item\":\"https:\/\/portaltela.pt\/\"},{\"@type\":\"ListItem\",\"position\":2,\"name\":\"Ex-capit\u00e3o da B\u00f3snia elogia Dedic: jovem de ouro e talento puro\"}]},{\"@type\":\"WebSite\",\"@id\":\"https:\/\/portaltela.pt\/#website\",\"url\":\"https:\/\/portaltela.pt\/\",\"name\":\"Portal Tela Portugal\",\"description\":\"\",\"potentialAction\":[{\"@type\":\"SearchAction\",\"target\":{\"@type\":\"EntryPoint\",\"urlTemplate\":\"https:\/\/portaltela.pt\/?s={search_term_string}\"},\"query-input\":{\"@type\":\"PropertyValueSpecification\",\"valueRequired\":true,\"valueName\":\"search_term_string\"}}],\"inLanguage\":\"pt-PT\"},{\"@type\":\"Person\",\"@id\":\"https:\/\/portaltela.pt\/#\/schema\/person\/c4278d4a6028830caff9ee44b42d32ed\",\"name\":\"Telinha\",\"image\":{\"@type\":\"ImageObject\",\"inLanguage\":\"pt-PT\",\"@id\":\"https:\/\/portaltela.pt\/s.01k8rhncp4jt1\/2025\/11\/talking-bot-125x125.png\",\"url\":\"https:\/\/portaltela.pt\/s.01k8rhncp4jt1\/2025\/11\/talking-bot-125x125.png\",\"contentUrl\":\"https:\/\/portaltela.pt\/s.01k8rhncp4jt1\/2025\/11\/talking-bot-125x125.png\",\"caption\":\"Telinha\"},\"sameAs\":[\"https:\/\/portaltela.pt\/\"],\"url\":\"https:\/\/portaltela.pt\/por\/367410592786\/\"}]}<\/script>\n<!-- \/ Yoast SEO plugin. -->","yoast_head_json":{"title":"Ex-capit\u00e3o da B\u00f3snia elogia Dedic: jovem de ouro e talento puro - Portal Tela Portugal","robots":{"index":"index","follow":"follow","max-snippet":"max-snippet:-1","max-image-preview":"max-image-preview:large","max-video-preview":"max-video-preview:-1"},"og_locale":"pt_PT","og_type":"article","og_title":"Ex-capit\u00e3o da B\u00f3snia elogia Dedic: jovem de ouro e talento puro - Portal Tela Portugal","og_description":"Miralem Pjanic elogiou Dedic, lateral-direito do Benfica, destacando a personalidade, as decis\u00f5es e o talento do jogador. O ex-m\u00e9dio disse que Dedic optou pela \u00c1ustria para se desenvolver e ganhar experi\u00eancia em campo. Pjanic \u00e9 o segundo jogador com mais internacionaliza\u00e7\u00f5es pela B\u00f3snia, com 116 jogos, atr\u00e1s de Edin Dzeko (147); jogaram juntos oito vezes. Dedic est\u00e1 focado na sele\u00e7\u00e3o da B\u00f3snia, que luta pela qualifica\u00e7\u00e3o para o Mundial de 2026. A B\u00f3snia defronta a It\u00e1lia na final do playoff, na ter\u00e7a-feira.","og_url":"https:\/\/portaltela.pt\/noticias\/2026\/03\/27\/ex-capitao-da-bosnia-elogia-dedic-jovem-de-ouro-e-talento-puro\/","og_site_name":"Portal Tela Portugal","article_published_time":"2026-03-27T22:30:17+00:00","author":"Telinha","twitter_card":"summary_large_image","twitter_misc":{"Escrito por":"Telinha","Tempo estimado de leitura":"1 minuto"},"schema":{"@context":"https:\/\/schema.org","@graph":[{"@type":"Article","@id":"https:\/\/portaltela.pt\/noticias\/2026\/03\/27\/ex-capitao-da-bosnia-elogia-dedic-jovem-de-ouro-e-talento-puro\/#article","isPartOf":{"@id":"https:\/\/portaltela.pt\/noticias\/2026\/03\/27\/ex-capitao-da-bosnia-elogia-dedic-jovem-de-ouro-e-talento-puro\/"},"author":{"name":"Telinha","@id":"https:\/\/portaltela.pt\/#\/schema\/person\/c4278d4a6028830caff9ee44b42d32ed"},"headline":"Ex-capit\u00e3o da B\u00f3snia elogia Dedic: jovem de ouro e talento puro","datePublished":"2026-03-27T22:30:17+00:00","mainEntityOfPage":{"@id":"https:\/\/portaltela.pt\/noticias\/2026\/03\/27\/ex-capitao-da-bosnia-elogia-dedic-jovem-de-ouro-e-talento-puro\/"},"wordCount":246,"image":{"@id":"https:\/\/portaltela.pt\/noticias\/2026\/03\/27\/ex-capitao-da-bosnia-elogia-dedic-jovem-de-ouro-e-talento-puro\/#primaryimage"},"thumbnailUrl":"https:\/\/portaltela.pt\/s.01k8rhncp4jt1\/2026\/03\/img_920x518uu2026-03-27-22-29-39-2429774.jpg","keywords":["Benfica","B\u00f3snia-Herzeg\u00f3vina","futebol","jogadores","jogadores internacionais","Sele\u00e7\u00e3o Nacional"],"articleSection":["Desporto","Futebol"],"inLanguage":"pt-PT"},{"@type":"WebPage","@id":"https:\/\/portaltela.pt\/noticias\/2026\/03\/27\/ex-capitao-da-bosnia-elogia-dedic-jovem-de-ouro-e-talento-puro\/","url":"https:\/\/portaltela.pt\/noticias\/2026\/03\/27\/ex-capitao-da-bosnia-elogia-dedic-jovem-de-ouro-e-talento-puro\/","name":"Ex-capit\u00e3o da B\u00f3snia elogia Dedic: jovem de ouro e talento puro - Portal Tela Portugal","isPartOf":{"@id":"https:\/\/portaltela.pt\/#website"},"primaryImageOfPage":{"@id":"https:\/\/portaltela.pt\/noticias\/2026\/03\/27\/ex-capitao-da-bosnia-elogia-dedic-jovem-de-ouro-e-talento-puro\/#primaryimage"},"image":{"@id":"https:\/\/portaltela.pt\/noticias\/2026\/03\/27\/ex-capitao-da-bosnia-elogia-dedic-jovem-de-ouro-e-talento-puro\/#primaryimage"},"thumbnailUrl":"https:\/\/portaltela.pt\/s.01k8rhncp4jt1\/2026\/03\/img_920x518uu2026-03-27-22-29-39-2429774.jpg","datePublished":"2026-03-27T22:30:17+00:00","author":{"@id":"https:\/\/portaltela.pt\/#\/schema\/person\/c4278d4a6028830caff9ee44b42d32ed"},"breadcrumb":{"@id":"https:\/\/portaltela.pt\/noticias\/2026\/03\/27\/ex-capitao-da-bosnia-elogia-dedic-jovem-de-ouro-e-talento-puro\/#breadcrumb"},"inLanguage":"pt-PT","potentialAction":[{"@type":"ReadAction","target":["https:\/\/portaltela.pt\/noticias\/2026\/03\/27\/ex-capitao-da-bosnia-elogia-dedic-jovem-de-ouro-e-talento-puro\/"]}]},{"@type":"ImageObject","inLanguage":"pt-PT","@id":"https:\/\/portaltela.pt\/noticias\/2026\/03\/27\/ex-capitao-da-bosnia-elogia-dedic-jovem-de-ouro-e-talento-puro\/#primaryimage","url":"https:\/\/portaltela.pt\/s.01k8rhncp4jt1\/2026\/03\/img_920x518uu2026-03-27-22-29-39-2429774.jpg","contentUrl":"https:\/\/portaltela.pt\/s.01k8rhncp4jt1\/2026\/03\/img_920x518uu2026-03-27-22-29-39-2429774.jpg","width":796,"height":448,"caption":"Dedic"},{"@type":"BreadcrumbList","@id":"https:\/\/portaltela.pt\/noticias\/2026\/03\/27\/ex-capitao-da-bosnia-elogia-dedic-jovem-de-ouro-e-talento-puro\/#breadcrumb","itemListElement":[{"@type":"ListItem","position":1,"name":"In\u00edcio","item":"https:\/\/portaltela.pt\/"},{"@type":"ListItem","position":2,"name":"Ex-capit\u00e3o da B\u00f3snia elogia Dedic: jovem de ouro e talento puro"}]},{"@type":"WebSite","@id":"https:\/\/portaltela.pt\/#website","url":"https:\/\/portaltela.pt\/","name":"Portal Tela Portugal","description":"","potentialAction":[{"@type":"SearchAction","target":{"@type":"EntryPoint","urlTemplate":"https:\/\/portaltela.pt\/?s={search_term_string}"},"query-input":{"@type":"PropertyValueSpecification","valueRequired":true,"valueName":"search_term_string"}}],"inLanguage":"pt-PT"},{"@type":"Person","@id":"https:\/\/portaltela.pt\/#\/schema\/person\/c4278d4a6028830caff9ee44b42d32ed","name":"Telinha","image":{"@type":"ImageObject","inLanguage":"pt-PT","@id":"https:\/\/portaltela.pt\/s.01k8rhncp4jt1\/2025\/11\/talking-bot-125x125.png","url":"https:\/\/portaltela.pt\/s.01k8rhncp4jt1\/2025\/11\/talking-bot-125x125.png","contentUrl":"https:\/\/portaltela.pt\/s.01k8rhncp4jt1\/2025\/11\/talking-bot-125x125.png","caption":"Telinha"},"sameAs":["https:\/\/portaltela.pt\/"],"url":"https:\/\/portaltela.pt\/por\/367410592786\/"}]}},"_links":{"self":[{"href":"https:\/\/portaltela.pt\/api\/wp\/v2\/posts\/424481","targetHints":{"allow":["GET"]}}],"collection":[{"href":"https:\/\/portaltela.pt\/api\/wp\/v2\/posts"}],"about":[{"href":"https:\/\/portaltela.pt\/api\/wp\/v2\/types\/post"}],"author":[{"embeddable":true,"href":"https:\/\/portaltela.pt\/api\/wp\/v2\/users\/2"}],"replies":[{"embeddable":true,"href":"https:\/\/portaltela.pt\/api\/wp\/v2\/comments?post=424481"}],"version-history":[{"count":0,"href":"https:\/\/portaltela.pt\/api\/wp\/v2\/posts\/424481\/revisions"}],"wp:featuredmedia":[{"embeddable":true,"href":"https:\/\/portaltela.pt\/api\/wp\/v2\/media\/424482"}],"wp:attachment":[{"href":"https:\/\/portaltela.pt\/api\/wp\/v2\/media?parent=424481"}],"wp:term":[{"taxonomy":"category","embeddable":true,"href":"https:\/\/portaltela.pt\/api\/wp\/v2\/categories?post=424481"},{"taxonomy":"post_tag","embeddable":true,"href":"https:\/\/portaltela.pt\/api\/wp\/v2\/tags?post=424481"}],"curies":[{"name":"wp","href":"https:\/\/api.w.org\/{rel}","templated":true}]}}