{"id":424474,"date":"2026-03-27T19:06:53","date_gmt":"2026-03-27T22:06:53","guid":{"rendered":"https:\/\/portaltela.pt\/noticias\/2026\/03\/27\/tais-pina-vai-falhar-europeus-de-tbilissi-devido-a-lesao\/"},"modified":"2026-03-27T19:06:53","modified_gmt":"2026-03-27T22:06:53","slug":"tais-pina-vai-falhar-europeus-de-tbilissi-devido-a-lesao","status":"publish","type":"post","link":"https:\/\/portaltela.pt\/desporto\/futebol\/2026\/03\/27\/tais-pina-vai-falhar-europeus-de-tbilissi-devido-a-lesao\/","title":{"rendered":"Ta\u00eds Pina vai falhar Europeus de Tbilissi devido a les\u00e3o"},"content":{"rendered":"<p>Ta\u00eds Pina vai falhar os Europeus de judo em Tbilissi devido a uma les\u00e3o no dedo m\u00e9dio da m\u00e3o esquerda. A confirma\u00e7\u00e3o foi dada pela Federa\u00e7\u00e3o Portuguesa de Judo (FPJ) ap\u00f3s avalia\u00e7\u00e3o da atleta e indica\u00e7\u00e3o de que ser\u00e1 operada.<\/p>\n<p>A atleta de 21 anos, que em Paris 2024 fez a sua estreia ol\u00edmpica, agravou a les\u00e3o na \u00faltima prova, o Grand Slam de Tbilissi. Ap\u00f3s a opera\u00e7\u00e3o, a recupera\u00e7\u00e3o dever\u00e1 seguir, com regresso previsto perto do in\u00edcio da qualifica\u00e7\u00e3o ol\u00edmpica, em junho.<\/p>\n<p>Al\u00e9m de Ta\u00eds Pina, Portugal contar\u00e1 com aus\u00eancias j\u00e1 anunciadas: Patr\u00edcia Sampaio, que sofreu rotura do ligamento lateral do joelho esquerdo em fevereiro, e Catarina Costa, que se encontra a recuperar de uma cirurgia ao cotovelo. Sampaio n\u00e3o defender\u00e1 o t\u00edtulo conquistado no Europeu anterior em Podgorica, enquanto Costa n\u00e3o compete ap\u00f3s medalhas nas \u00faltimas edi\u00e7\u00f5es.<\/p>\n","protected":false},"excerpt":{"rendered":"<ul>\n<li>Ta\u00eds Pina (-70 kg) vai falhar os Europeus de judo em Tbilissi devido a uma les\u00e3o no dedo m\u00e9dio da m\u00e3o esquerda e ser\u00e1 operada; a recupera\u00e7\u00e3o deve ocorrer at\u00e9 ao in\u00edcio da qualifica\u00e7\u00e3o ol\u00edmpica, em junho.<\/li>\n<li>Os Europeus decorrem entre 16 e 19 de abril; Ta\u00eds Pina fez a sua estreia ol\u00edmpica em Paris 2024.<\/li>\n<li>Portugal fica ainda sem Patr\u00edcia Sampaio (-78 kg), por ruptura do ligamento lateral do joelho esquerdo, e sem Catarina Costa (-48 kg), em recupera\u00e7\u00e3o de cirurgia ao cotovelo.<\/li>\n<li>Sampaio \u00e9 bronze ol\u00edmpico (2024) e bronze mundial (2025); Costa tem medalhas nas \u00faltimas quatro edi\u00e7\u00f5es do Europeu (tr\u00eas pratas e um bronze).<\/li>\n<li>A comitiva portuguesa inclui Bernardo Tralh\u00e3o (-60 kg), Miguel Gago (-66 kg), Otari Kvantidze (-73 kg), Jo\u00e3o Fernando (-81 kg), Jorge Fonseca (-100 kg), Diogo Brites (+100 kg), Maria Siderot (-52 kg), B\u00e1rbara Timo (-70 kg) e Rochele Nunes (+78 kg); Fonseca, Timo e Nunes j\u00e1 subiram ao p\u00f3dio continental.<\/li>\n<\/ul>\n","protected":false},"author":2,"featured_media":424477,"comment_status":"closed","ping_status":"closed","sticky":false,"template":"","format":"standard","meta":{"footnotes":""},"categories":[21,24],"tags":[252,59,1862,2538,84,1014],"class_list":["post-424474","post","type-post","status-publish","format-standard","has-post-thumbnail","hentry","category-desporto","category-futebol","tag-atletas","tag-europeus","tag-judo","tag-lesoes","tag-olimpiadas","tag-portugal"],"yoast_head":"<!-- This site is optimized with the Yoast SEO plugin v27.2 - https:\/\/yoast.com\/product\/yoast-seo-wordpress\/ -->\n<title>Ta\u00eds Pina vai falhar Europeus de Tbilissi devido a les\u00e3o - Portal Tela Portugal<\/title>\n<meta name=\"robots\" content=\"index, follow, max-snippet:-1, max-image-preview:large, max-video-preview:-1\" \/>\n<meta property=\"og:locale\" content=\"pt_PT\" \/>\n<meta property=\"og:type\" content=\"article\" \/>\n<meta property=\"og:title\" content=\"Ta\u00eds Pina vai falhar Europeus de Tbilissi devido a les\u00e3o - Portal Tela Portugal\" \/>\n<meta property=\"og:description\" content=\"Ta\u00eds Pina (-70 kg) vai falhar os Europeus de judo em Tbilissi devido a uma les\u00e3o no dedo m\u00e9dio da m\u00e3o esquerda e ser\u00e1 operada; a recupera\u00e7\u00e3o deve ocorrer at\u00e9 ao in\u00edcio da qualifica\u00e7\u00e3o ol\u00edmpica, em junho. Os Europeus decorrem entre 16 e 19 de abril; Ta\u00eds Pina fez a sua estreia ol\u00edmpica em Paris 2024. Portugal fica ainda sem Patr\u00edcia Sampaio (-78 kg), por ruptura do ligamento lateral do joelho esquerdo, e sem Catarina Costa (-48 kg), em recupera\u00e7\u00e3o de cirurgia ao cotovelo. Sampaio \u00e9 bronze ol\u00edmpico (2024) e bronze mundial (2025); Costa tem medalhas nas \u00faltimas quatro edi\u00e7\u00f5es do Europeu (tr\u00eas pratas e um bronze). A comitiva portuguesa inclui Bernardo Tralh\u00e3o (-60 kg), Miguel Gago (-66 kg), Otari Kvantidze (-73 kg), Jo\u00e3o Fernando (-81 kg), Jorge Fonseca (-100 kg), Diogo Brites (+100 kg), Maria Siderot (-52 kg), B\u00e1rbara Timo (-70 kg) e Rochele Nunes (+78 kg); Fonseca, Timo e Nunes j\u00e1 subiram ao p\u00f3dio continental.\" \/>\n<meta property=\"og:url\" content=\"https:\/\/portaltela.pt\/noticias\/2026\/03\/27\/tais-pina-vai-falhar-europeus-de-tbilissi-devido-a-lesao\/\" \/>\n<meta property=\"og:site_name\" content=\"Portal Tela Portugal\" \/>\n<meta property=\"article:published_time\" content=\"2026-03-27T22:06:53+00:00\" \/>\n<meta name=\"author\" content=\"Telinha\" \/>\n<meta name=\"twitter:card\" content=\"summary_large_image\" \/>\n<meta name=\"twitter:label1\" content=\"Escrito por\" \/>\n\t<meta name=\"twitter:data1\" content=\"Telinha\" \/>\n\t<meta name=\"twitter:label2\" content=\"Tempo estimado de leitura\" \/>\n\t<meta name=\"twitter:data2\" content=\"1 minuto\" \/>\n<script type=\"application\/ld+json\" class=\"yoast-schema-graph\">{\"@context\":\"https:\/\/schema.org\",\"@graph\":[{\"@type\":\"Article\",\"@id\":\"https:\/\/portaltela.pt\/noticias\/2026\/03\/27\/tais-pina-vai-falhar-europeus-de-tbilissi-devido-a-lesao\/#article\",\"isPartOf\":{\"@id\":\"https:\/\/portaltela.pt\/noticias\/2026\/03\/27\/tais-pina-vai-falhar-europeus-de-tbilissi-devido-a-lesao\/\"},\"author\":{\"name\":\"Telinha\",\"@id\":\"https:\/\/portaltela.pt\/#\/schema\/person\/c4278d4a6028830caff9ee44b42d32ed\"},\"headline\":\"Ta\u00eds Pina vai falhar Europeus de Tbilissi devido a les\u00e3o\",\"datePublished\":\"2026-03-27T22:06:53+00:00\",\"mainEntityOfPage\":{\"@id\":\"https:\/\/portaltela.pt\/noticias\/2026\/03\/27\/tais-pina-vai-falhar-europeus-de-tbilissi-devido-a-lesao\/\"},\"wordCount\":175,\"image\":{\"@id\":\"https:\/\/portaltela.pt\/noticias\/2026\/03\/27\/tais-pina-vai-falhar-europeus-de-tbilissi-devido-a-lesao\/#primaryimage\"},\"thumbnailUrl\":\"https:\/\/portaltela.pt\/s.01k8rhncp4jt1\/2026\/03\/img_920x518uu2025-06-17-16-12-06-2370289.jpg\",\"keywords\":[\"atletas\",\"europeus\",\"judo\",\"les\u00f5es\",\"olimp\u00edadas\",\"Portugal\"],\"articleSection\":[\"Desporto\",\"Futebol\"],\"inLanguage\":\"pt-PT\"},{\"@type\":\"WebPage\",\"@id\":\"https:\/\/portaltela.pt\/noticias\/2026\/03\/27\/tais-pina-vai-falhar-europeus-de-tbilissi-devido-a-lesao\/\",\"url\":\"https:\/\/portaltela.pt\/noticias\/2026\/03\/27\/tais-pina-vai-falhar-europeus-de-tbilissi-devido-a-lesao\/\",\"name\":\"Ta\u00eds Pina vai falhar Europeus de Tbilissi devido a les\u00e3o - Portal Tela Portugal\",\"isPartOf\":{\"@id\":\"https:\/\/portaltela.pt\/#website\"},\"primaryImageOfPage\":{\"@id\":\"https:\/\/portaltela.pt\/noticias\/2026\/03\/27\/tais-pina-vai-falhar-europeus-de-tbilissi-devido-a-lesao\/#primaryimage\"},\"image\":{\"@id\":\"https:\/\/portaltela.pt\/noticias\/2026\/03\/27\/tais-pina-vai-falhar-europeus-de-tbilissi-devido-a-lesao\/#primaryimage\"},\"thumbnailUrl\":\"https:\/\/portaltela.pt\/s.01k8rhncp4jt1\/2026\/03\/img_920x518uu2025-06-17-16-12-06-2370289.jpg\",\"datePublished\":\"2026-03-27T22:06:53+00:00\",\"author\":{\"@id\":\"https:\/\/portaltela.pt\/#\/schema\/person\/c4278d4a6028830caff9ee44b42d32ed\"},\"breadcrumb\":{\"@id\":\"https:\/\/portaltela.pt\/noticias\/2026\/03\/27\/tais-pina-vai-falhar-europeus-de-tbilissi-devido-a-lesao\/#breadcrumb\"},\"inLanguage\":\"pt-PT\",\"potentialAction\":[{\"@type\":\"ReadAction\",\"target\":[\"https:\/\/portaltela.pt\/noticias\/2026\/03\/27\/tais-pina-vai-falhar-europeus-de-tbilissi-devido-a-lesao\/\"]}]},{\"@type\":\"ImageObject\",\"inLanguage\":\"pt-PT\",\"@id\":\"https:\/\/portaltela.pt\/noticias\/2026\/03\/27\/tais-pina-vai-falhar-europeus-de-tbilissi-devido-a-lesao\/#primaryimage\",\"url\":\"https:\/\/portaltela.pt\/s.01k8rhncp4jt1\/2026\/03\/img_920x518uu2025-06-17-16-12-06-2370289.jpg\",\"contentUrl\":\"https:\/\/portaltela.pt\/s.01k8rhncp4jt1\/2026\/03\/img_920x518uu2025-06-17-16-12-06-2370289.jpg\",\"width\":796,\"height\":448,\"caption\":\"Ta\u00eds Pina lesionada\"},{\"@type\":\"BreadcrumbList\",\"@id\":\"https:\/\/portaltela.pt\/noticias\/2026\/03\/27\/tais-pina-vai-falhar-europeus-de-tbilissi-devido-a-lesao\/#breadcrumb\",\"itemListElement\":[{\"@type\":\"ListItem\",\"position\":1,\"name\":\"In\u00edcio\",\"item\":\"https:\/\/portaltela.pt\/\"},{\"@type\":\"ListItem\",\"position\":2,\"name\":\"Ta\u00eds Pina vai falhar Europeus de Tbilissi devido a les\u00e3o\"}]},{\"@type\":\"WebSite\",\"@id\":\"https:\/\/portaltela.pt\/#website\",\"url\":\"https:\/\/portaltela.pt\/\",\"name\":\"Portal Tela Portugal\",\"description\":\"\",\"potentialAction\":[{\"@type\":\"SearchAction\",\"target\":{\"@type\":\"EntryPoint\",\"urlTemplate\":\"https:\/\/portaltela.pt\/?s={search_term_string}\"},\"query-input\":{\"@type\":\"PropertyValueSpecification\",\"valueRequired\":true,\"valueName\":\"search_term_string\"}}],\"inLanguage\":\"pt-PT\"},{\"@type\":\"Person\",\"@id\":\"https:\/\/portaltela.pt\/#\/schema\/person\/c4278d4a6028830caff9ee44b42d32ed\",\"name\":\"Telinha\",\"image\":{\"@type\":\"ImageObject\",\"inLanguage\":\"pt-PT\",\"@id\":\"https:\/\/portaltela.pt\/s.01k8rhncp4jt1\/2025\/11\/talking-bot-125x125.png\",\"url\":\"https:\/\/portaltela.pt\/s.01k8rhncp4jt1\/2025\/11\/talking-bot-125x125.png\",\"contentUrl\":\"https:\/\/portaltela.pt\/s.01k8rhncp4jt1\/2025\/11\/talking-bot-125x125.png\",\"caption\":\"Telinha\"},\"sameAs\":[\"https:\/\/portaltela.pt\/\"],\"url\":\"https:\/\/portaltela.pt\/por\/367410592786\/\"}]}<\/script>\n<!-- \/ Yoast SEO plugin. -->","yoast_head_json":{"title":"Ta\u00eds Pina vai falhar Europeus de Tbilissi devido a les\u00e3o - Portal Tela Portugal","robots":{"index":"index","follow":"follow","max-snippet":"max-snippet:-1","max-image-preview":"max-image-preview:large","max-video-preview":"max-video-preview:-1"},"og_locale":"pt_PT","og_type":"article","og_title":"Ta\u00eds Pina vai falhar Europeus de Tbilissi devido a les\u00e3o - Portal Tela Portugal","og_description":"Ta\u00eds Pina (-70 kg) vai falhar os Europeus de judo em Tbilissi devido a uma les\u00e3o no dedo m\u00e9dio da m\u00e3o esquerda e ser\u00e1 operada; a recupera\u00e7\u00e3o deve ocorrer at\u00e9 ao in\u00edcio da qualifica\u00e7\u00e3o ol\u00edmpica, em junho. Os Europeus decorrem entre 16 e 19 de abril; Ta\u00eds Pina fez a sua estreia ol\u00edmpica em Paris 2024. Portugal fica ainda sem Patr\u00edcia Sampaio (-78 kg), por ruptura do ligamento lateral do joelho esquerdo, e sem Catarina Costa (-48 kg), em recupera\u00e7\u00e3o de cirurgia ao cotovelo. Sampaio \u00e9 bronze ol\u00edmpico (2024) e bronze mundial (2025); Costa tem medalhas nas \u00faltimas quatro edi\u00e7\u00f5es do Europeu (tr\u00eas pratas e um bronze). A comitiva portuguesa inclui Bernardo Tralh\u00e3o (-60 kg), Miguel Gago (-66 kg), Otari Kvantidze (-73 kg), Jo\u00e3o Fernando (-81 kg), Jorge Fonseca (-100 kg), Diogo Brites (+100 kg), Maria Siderot (-52 kg), B\u00e1rbara Timo (-70 kg) e Rochele Nunes (+78 kg); Fonseca, Timo e Nunes j\u00e1 subiram ao p\u00f3dio continental.","og_url":"https:\/\/portaltela.pt\/noticias\/2026\/03\/27\/tais-pina-vai-falhar-europeus-de-tbilissi-devido-a-lesao\/","og_site_name":"Portal Tela Portugal","article_published_time":"2026-03-27T22:06:53+00:00","author":"Telinha","twitter_card":"summary_large_image","twitter_misc":{"Escrito por":"Telinha","Tempo estimado de leitura":"1 minuto"},"schema":{"@context":"https:\/\/schema.org","@graph":[{"@type":"Article","@id":"https:\/\/portaltela.pt\/noticias\/2026\/03\/27\/tais-pina-vai-falhar-europeus-de-tbilissi-devido-a-lesao\/#article","isPartOf":{"@id":"https:\/\/portaltela.pt\/noticias\/2026\/03\/27\/tais-pina-vai-falhar-europeus-de-tbilissi-devido-a-lesao\/"},"author":{"name":"Telinha","@id":"https:\/\/portaltela.pt\/#\/schema\/person\/c4278d4a6028830caff9ee44b42d32ed"},"headline":"Ta\u00eds Pina vai falhar Europeus de Tbilissi devido a les\u00e3o","datePublished":"2026-03-27T22:06:53+00:00","mainEntityOfPage":{"@id":"https:\/\/portaltela.pt\/noticias\/2026\/03\/27\/tais-pina-vai-falhar-europeus-de-tbilissi-devido-a-lesao\/"},"wordCount":175,"image":{"@id":"https:\/\/portaltela.pt\/noticias\/2026\/03\/27\/tais-pina-vai-falhar-europeus-de-tbilissi-devido-a-lesao\/#primaryimage"},"thumbnailUrl":"https:\/\/portaltela.pt\/s.01k8rhncp4jt1\/2026\/03\/img_920x518uu2025-06-17-16-12-06-2370289.jpg","keywords":["atletas","europeus","judo","les\u00f5es","olimp\u00edadas","Portugal"],"articleSection":["Desporto","Futebol"],"inLanguage":"pt-PT"},{"@type":"WebPage","@id":"https:\/\/portaltela.pt\/noticias\/2026\/03\/27\/tais-pina-vai-falhar-europeus-de-tbilissi-devido-a-lesao\/","url":"https:\/\/portaltela.pt\/noticias\/2026\/03\/27\/tais-pina-vai-falhar-europeus-de-tbilissi-devido-a-lesao\/","name":"Ta\u00eds Pina vai falhar Europeus de Tbilissi devido a les\u00e3o - Portal Tela Portugal","isPartOf":{"@id":"https:\/\/portaltela.pt\/#website"},"primaryImageOfPage":{"@id":"https:\/\/portaltela.pt\/noticias\/2026\/03\/27\/tais-pina-vai-falhar-europeus-de-tbilissi-devido-a-lesao\/#primaryimage"},"image":{"@id":"https:\/\/portaltela.pt\/noticias\/2026\/03\/27\/tais-pina-vai-falhar-europeus-de-tbilissi-devido-a-lesao\/#primaryimage"},"thumbnailUrl":"https:\/\/portaltela.pt\/s.01k8rhncp4jt1\/2026\/03\/img_920x518uu2025-06-17-16-12-06-2370289.jpg","datePublished":"2026-03-27T22:06:53+00:00","author":{"@id":"https:\/\/portaltela.pt\/#\/schema\/person\/c4278d4a6028830caff9ee44b42d32ed"},"breadcrumb":{"@id":"https:\/\/portaltela.pt\/noticias\/2026\/03\/27\/tais-pina-vai-falhar-europeus-de-tbilissi-devido-a-lesao\/#breadcrumb"},"inLanguage":"pt-PT","potentialAction":[{"@type":"ReadAction","target":["https:\/\/portaltela.pt\/noticias\/2026\/03\/27\/tais-pina-vai-falhar-europeus-de-tbilissi-devido-a-lesao\/"]}]},{"@type":"ImageObject","inLanguage":"pt-PT","@id":"https:\/\/portaltela.pt\/noticias\/2026\/03\/27\/tais-pina-vai-falhar-europeus-de-tbilissi-devido-a-lesao\/#primaryimage","url":"https:\/\/portaltela.pt\/s.01k8rhncp4jt1\/2026\/03\/img_920x518uu2025-06-17-16-12-06-2370289.jpg","contentUrl":"https:\/\/portaltela.pt\/s.01k8rhncp4jt1\/2026\/03\/img_920x518uu2025-06-17-16-12-06-2370289.jpg","width":796,"height":448,"caption":"Ta\u00eds Pina lesionada"},{"@type":"BreadcrumbList","@id":"https:\/\/portaltela.pt\/noticias\/2026\/03\/27\/tais-pina-vai-falhar-europeus-de-tbilissi-devido-a-lesao\/#breadcrumb","itemListElement":[{"@type":"ListItem","position":1,"name":"In\u00edcio","item":"https:\/\/portaltela.pt\/"},{"@type":"ListItem","position":2,"name":"Ta\u00eds Pina vai falhar Europeus de Tbilissi devido a les\u00e3o"}]},{"@type":"WebSite","@id":"https:\/\/portaltela.pt\/#website","url":"https:\/\/portaltela.pt\/","name":"Portal Tela Portugal","description":"","potentialAction":[{"@type":"SearchAction","target":{"@type":"EntryPoint","urlTemplate":"https:\/\/portaltela.pt\/?s={search_term_string}"},"query-input":{"@type":"PropertyValueSpecification","valueRequired":true,"valueName":"search_term_string"}}],"inLanguage":"pt-PT"},{"@type":"Person","@id":"https:\/\/portaltela.pt\/#\/schema\/person\/c4278d4a6028830caff9ee44b42d32ed","name":"Telinha","image":{"@type":"ImageObject","inLanguage":"pt-PT","@id":"https:\/\/portaltela.pt\/s.01k8rhncp4jt1\/2025\/11\/talking-bot-125x125.png","url":"https:\/\/portaltela.pt\/s.01k8rhncp4jt1\/2025\/11\/talking-bot-125x125.png","contentUrl":"https:\/\/portaltela.pt\/s.01k8rhncp4jt1\/2025\/11\/talking-bot-125x125.png","caption":"Telinha"},"sameAs":["https:\/\/portaltela.pt\/"],"url":"https:\/\/portaltela.pt\/por\/367410592786\/"}]}},"_links":{"self":[{"href":"https:\/\/portaltela.pt\/api\/wp\/v2\/posts\/424474","targetHints":{"allow":["GET"]}}],"collection":[{"href":"https:\/\/portaltela.pt\/api\/wp\/v2\/posts"}],"about":[{"href":"https:\/\/portaltela.pt\/api\/wp\/v2\/types\/post"}],"author":[{"embeddable":true,"href":"https:\/\/portaltela.pt\/api\/wp\/v2\/users\/2"}],"replies":[{"embeddable":true,"href":"https:\/\/portaltela.pt\/api\/wp\/v2\/comments?post=424474"}],"version-history":[{"count":0,"href":"https:\/\/portaltela.pt\/api\/wp\/v2\/posts\/424474\/revisions"}],"wp:featuredmedia":[{"embeddable":true,"href":"https:\/\/portaltela.pt\/api\/wp\/v2\/media\/424477"}],"wp:attachment":[{"href":"https:\/\/portaltela.pt\/api\/wp\/v2\/media?parent=424474"}],"wp:term":[{"taxonomy":"category","embeddable":true,"href":"https:\/\/portaltela.pt\/api\/wp\/v2\/categories?post=424474"},{"taxonomy":"post_tag","embeddable":true,"href":"https:\/\/portaltela.pt\/api\/wp\/v2\/tags?post=424474"}],"curies":[{"name":"wp","href":"https:\/\/api.w.org\/{rel}","templated":true}]}}