{"id":424466,"date":"2026-03-27T19:00:00","date_gmt":"2026-03-27T22:00:00","guid":{"rendered":"https:\/\/portaltela.pt\/noticias\/2026\/03\/27\/prestianni-recebe-cinco-jogos-de-castigo-e-cinco-suspensoes-pinto-ve-decisao-equilibrada-da-uefa\/"},"modified":"2026-03-27T19:00:00","modified_gmt":"2026-03-27T22:00:00","slug":"prestianni-recebe-cinco-jogos-de-castigo-e-cinco-suspensoes-pinto-ve-decisao-equilibrada-da-uefa","status":"publish","type":"post","link":"https:\/\/portaltela.pt\/desporto\/futebol\/2026\/03\/27\/prestianni-recebe-cinco-jogos-de-castigo-e-cinco-suspensoes-pinto-ve-decisao-equilibrada-da-uefa\/","title":{"rendered":"Prestianni recebe cinco jogos de castigo e cinco suspens\u00f5es, Pinto v\u00ea decis\u00e3o equilibrada da UEFA"},"content":{"rendered":"<p>A UEFA est\u00e1 a avaliar o caso de alegado racismo envolvendo o jogador do Benfica Prestianni e Vin\u00edcius J\u00fanior. Fala-se na possibilidade de cinco jogos de castigo, com cinco de pena suspensa, num processo que ainda decorre.<\/p>\n<p>V\u00edtor Pinto, subdiretor do jornal Record, comentou o caso no programa Record na Hora, exibido no Now. O jornalista explicou por que a percep\u00e7\u00e3o de uma decis\u00e3o equilibrada ganha for\u00e7a junto de quem acompanha o processo.<\/p>\n<p>No debate, o foco recai sobre quais provas e contexto poder\u00e3o fundamentar a decis\u00e3o da UEFA, bem como eventuais san\u00e7\u00f5es proporcionais aos factos apurados. As informa\u00e7\u00f5es chegam numa fase de an\u00e1lise em que os detalhes ainda n\u00e3o s\u00e3o oficiais.<\/p>\n","protected":false},"excerpt":{"rendered":"<ul>\n<li>V\u00edtor Pinto, subdiretor da Record, comenta o alegado caso de racismo envolvendo um jogador do Benfica e Vin\u00edcius J\u00fanior.<\/li>\n<li>As declara\u00e7\u00f5es foram feitas no programa Record na Hora, dispon\u00edvel no Now.<\/li>\n<li>Pinto afirma que tudo aponta para uma decis\u00e3o da UEFA considerada equilibrada.<\/li>\n<li>A poss\u00edvel san\u00e7\u00e3o referida envolve cinco jogos de castigo para o jogador e mais cinco de pena suspensa.<\/li>\n<li>O assunto est\u00e1 a ser acompanhado pela imprensa desportiva, com o Record a apresentar a perspetiva do convidado.<\/li>\n<\/ul>\n","protected":false},"author":2,"featured_media":424468,"comment_status":"closed","ping_status":"closed","sticky":false,"template":"","format":"standard","meta":{"footnotes":""},"categories":[21,24],"tags":[1946,32,3817,6032,2679,2265],"class_list":["post-424466","post","type-post","status-publish","format-standard","has-post-thumbnail","hentry","category-desporto","category-futebol","tag-benfica","tag-futebol","tag-prestianni","tag-racismo","tag-record-na-hora","tag-vinicius-junior"],"yoast_head":"<!-- This site is optimized with the Yoast SEO plugin v27.2 - https:\/\/yoast.com\/product\/yoast-seo-wordpress\/ -->\n<title>Prestianni recebe cinco jogos de castigo e cinco suspens\u00f5es, Pinto v\u00ea decis\u00e3o equilibrada da UEFA - Portal Tela Portugal<\/title>\n<meta name=\"robots\" content=\"index, follow, max-snippet:-1, max-image-preview:large, max-video-preview:-1\" \/>\n<meta property=\"og:locale\" content=\"pt_PT\" \/>\n<meta property=\"og:type\" content=\"article\" \/>\n<meta property=\"og:title\" content=\"Prestianni recebe cinco jogos de castigo e cinco suspens\u00f5es, Pinto v\u00ea decis\u00e3o equilibrada da UEFA - Portal Tela Portugal\" \/>\n<meta property=\"og:description\" content=\"V\u00edtor Pinto, subdiretor da Record, comenta o alegado caso de racismo envolvendo um jogador do Benfica e Vin\u00edcius J\u00fanior. As declara\u00e7\u00f5es foram feitas no programa Record na Hora, dispon\u00edvel no Now. Pinto afirma que tudo aponta para uma decis\u00e3o da UEFA considerada equilibrada. A poss\u00edvel san\u00e7\u00e3o referida envolve cinco jogos de castigo para o jogador e mais cinco de pena suspensa. O assunto est\u00e1 a ser acompanhado pela imprensa desportiva, com o Record a apresentar a perspetiva do convidado.\" \/>\n<meta property=\"og:url\" content=\"https:\/\/portaltela.pt\/noticias\/2026\/03\/27\/prestianni-recebe-cinco-jogos-de-castigo-e-cinco-suspensoes-pinto-ve-decisao-equilibrada-da-uefa\/\" \/>\n<meta property=\"og:site_name\" content=\"Portal Tela Portugal\" \/>\n<meta property=\"article:published_time\" content=\"2026-03-27T22:00:00+00:00\" \/>\n<meta name=\"author\" content=\"Telinha\" \/>\n<meta name=\"twitter:card\" content=\"summary_large_image\" \/>\n<meta name=\"twitter:label1\" content=\"Escrito por\" \/>\n\t<meta name=\"twitter:data1\" content=\"Telinha\" \/>\n\t<meta name=\"twitter:label2\" content=\"Tempo estimado de leitura\" \/>\n\t<meta name=\"twitter:data2\" content=\"1 minuto\" \/>\n<script type=\"application\/ld+json\" class=\"yoast-schema-graph\">{\"@context\":\"https:\/\/schema.org\",\"@graph\":[{\"@type\":\"Article\",\"@id\":\"https:\/\/portaltela.pt\/noticias\/2026\/03\/27\/prestianni-recebe-cinco-jogos-de-castigo-e-cinco-suspensoes-pinto-ve-decisao-equilibrada-da-uefa\/#article\",\"isPartOf\":{\"@id\":\"https:\/\/portaltela.pt\/noticias\/2026\/03\/27\/prestianni-recebe-cinco-jogos-de-castigo-e-cinco-suspensoes-pinto-ve-decisao-equilibrada-da-uefa\/\"},\"author\":{\"name\":\"Telinha\",\"@id\":\"https:\/\/portaltela.pt\/#\/schema\/person\/c4278d4a6028830caff9ee44b42d32ed\"},\"headline\":\"Prestianni recebe cinco jogos de castigo e cinco suspens\u00f5es, Pinto v\u00ea decis\u00e3o equilibrada da UEFA\",\"datePublished\":\"2026-03-27T22:00:00+00:00\",\"mainEntityOfPage\":{\"@id\":\"https:\/\/portaltela.pt\/noticias\/2026\/03\/27\/prestianni-recebe-cinco-jogos-de-castigo-e-cinco-suspensoes-pinto-ve-decisao-equilibrada-da-uefa\/\"},\"wordCount\":142,\"image\":{\"@id\":\"https:\/\/portaltela.pt\/noticias\/2026\/03\/27\/prestianni-recebe-cinco-jogos-de-castigo-e-cinco-suspensoes-pinto-ve-decisao-equilibrada-da-uefa\/#primaryimage\"},\"thumbnailUrl\":\"https:\/\/portaltela.pt\/s.01k8rhncp4jt1\/2026\/03\/img_1200x721uu2026-03-27-21-56-29-2429769.jpg\",\"keywords\":[\"Benfica\",\"futebol\",\"Prestianni\",\"racismo\",\"Record na Hora\",\"Vin\u00edcius J\u00fanior\"],\"articleSection\":[\"Desporto\",\"Futebol\"],\"inLanguage\":\"pt-PT\"},{\"@type\":\"WebPage\",\"@id\":\"https:\/\/portaltela.pt\/noticias\/2026\/03\/27\/prestianni-recebe-cinco-jogos-de-castigo-e-cinco-suspensoes-pinto-ve-decisao-equilibrada-da-uefa\/\",\"url\":\"https:\/\/portaltela.pt\/noticias\/2026\/03\/27\/prestianni-recebe-cinco-jogos-de-castigo-e-cinco-suspensoes-pinto-ve-decisao-equilibrada-da-uefa\/\",\"name\":\"Prestianni recebe cinco jogos de castigo e cinco suspens\u00f5es, Pinto v\u00ea decis\u00e3o equilibrada da UEFA - Portal Tela Portugal\",\"isPartOf\":{\"@id\":\"https:\/\/portaltela.pt\/#website\"},\"primaryImageOfPage\":{\"@id\":\"https:\/\/portaltela.pt\/noticias\/2026\/03\/27\/prestianni-recebe-cinco-jogos-de-castigo-e-cinco-suspensoes-pinto-ve-decisao-equilibrada-da-uefa\/#primaryimage\"},\"image\":{\"@id\":\"https:\/\/portaltela.pt\/noticias\/2026\/03\/27\/prestianni-recebe-cinco-jogos-de-castigo-e-cinco-suspensoes-pinto-ve-decisao-equilibrada-da-uefa\/#primaryimage\"},\"thumbnailUrl\":\"https:\/\/portaltela.pt\/s.01k8rhncp4jt1\/2026\/03\/img_1200x721uu2026-03-27-21-56-29-2429769.jpg\",\"datePublished\":\"2026-03-27T22:00:00+00:00\",\"author\":{\"@id\":\"https:\/\/portaltela.pt\/#\/schema\/person\/c4278d4a6028830caff9ee44b42d32ed\"},\"breadcrumb\":{\"@id\":\"https:\/\/portaltela.pt\/noticias\/2026\/03\/27\/prestianni-recebe-cinco-jogos-de-castigo-e-cinco-suspensoes-pinto-ve-decisao-equilibrada-da-uefa\/#breadcrumb\"},\"inLanguage\":\"pt-PT\",\"potentialAction\":[{\"@type\":\"ReadAction\",\"target\":[\"https:\/\/portaltela.pt\/noticias\/2026\/03\/27\/prestianni-recebe-cinco-jogos-de-castigo-e-cinco-suspensoes-pinto-ve-decisao-equilibrada-da-uefa\/\"]}]},{\"@type\":\"ImageObject\",\"inLanguage\":\"pt-PT\",\"@id\":\"https:\/\/portaltela.pt\/noticias\/2026\/03\/27\/prestianni-recebe-cinco-jogos-de-castigo-e-cinco-suspensoes-pinto-ve-decisao-equilibrada-da-uefa\/#primaryimage\",\"url\":\"https:\/\/portaltela.pt\/s.01k8rhncp4jt1\/2026\/03\/img_1200x721uu2026-03-27-21-56-29-2429769.jpg\",\"contentUrl\":\"https:\/\/portaltela.pt\/s.01k8rhncp4jt1\/2026\/03\/img_1200x721uu2026-03-27-21-56-29-2429769.jpg\",\"width\":796,\"height\":448,\"caption\":\"Cinco jogos de castigo para Prestianni e mais 5 de pena suspensa? V\u00edtor Pinto explica por que tudo aponta para decis\u00e3o \\\"equilibrada\\\" da UEFA\"},{\"@type\":\"BreadcrumbList\",\"@id\":\"https:\/\/portaltela.pt\/noticias\/2026\/03\/27\/prestianni-recebe-cinco-jogos-de-castigo-e-cinco-suspensoes-pinto-ve-decisao-equilibrada-da-uefa\/#breadcrumb\",\"itemListElement\":[{\"@type\":\"ListItem\",\"position\":1,\"name\":\"In\u00edcio\",\"item\":\"https:\/\/portaltela.pt\/\"},{\"@type\":\"ListItem\",\"position\":2,\"name\":\"Prestianni recebe cinco jogos de castigo e cinco suspens\u00f5es, Pinto v\u00ea decis\u00e3o equilibrada da UEFA\"}]},{\"@type\":\"WebSite\",\"@id\":\"https:\/\/portaltela.pt\/#website\",\"url\":\"https:\/\/portaltela.pt\/\",\"name\":\"Portal Tela Portugal\",\"description\":\"\",\"potentialAction\":[{\"@type\":\"SearchAction\",\"target\":{\"@type\":\"EntryPoint\",\"urlTemplate\":\"https:\/\/portaltela.pt\/?s={search_term_string}\"},\"query-input\":{\"@type\":\"PropertyValueSpecification\",\"valueRequired\":true,\"valueName\":\"search_term_string\"}}],\"inLanguage\":\"pt-PT\"},{\"@type\":\"Person\",\"@id\":\"https:\/\/portaltela.pt\/#\/schema\/person\/c4278d4a6028830caff9ee44b42d32ed\",\"name\":\"Telinha\",\"image\":{\"@type\":\"ImageObject\",\"inLanguage\":\"pt-PT\",\"@id\":\"https:\/\/portaltela.pt\/s.01k8rhncp4jt1\/2025\/11\/talking-bot-125x125.png\",\"url\":\"https:\/\/portaltela.pt\/s.01k8rhncp4jt1\/2025\/11\/talking-bot-125x125.png\",\"contentUrl\":\"https:\/\/portaltela.pt\/s.01k8rhncp4jt1\/2025\/11\/talking-bot-125x125.png\",\"caption\":\"Telinha\"},\"sameAs\":[\"https:\/\/portaltela.pt\/\"],\"url\":\"https:\/\/portaltela.pt\/por\/367410592786\/\"}]}<\/script>\n<!-- \/ Yoast SEO plugin. -->","yoast_head_json":{"title":"Prestianni recebe cinco jogos de castigo e cinco suspens\u00f5es, Pinto v\u00ea decis\u00e3o equilibrada da UEFA - Portal Tela Portugal","robots":{"index":"index","follow":"follow","max-snippet":"max-snippet:-1","max-image-preview":"max-image-preview:large","max-video-preview":"max-video-preview:-1"},"og_locale":"pt_PT","og_type":"article","og_title":"Prestianni recebe cinco jogos de castigo e cinco suspens\u00f5es, Pinto v\u00ea decis\u00e3o equilibrada da UEFA - Portal Tela Portugal","og_description":"V\u00edtor Pinto, subdiretor da Record, comenta o alegado caso de racismo envolvendo um jogador do Benfica e Vin\u00edcius J\u00fanior. As declara\u00e7\u00f5es foram feitas no programa Record na Hora, dispon\u00edvel no Now. Pinto afirma que tudo aponta para uma decis\u00e3o da UEFA considerada equilibrada. A poss\u00edvel san\u00e7\u00e3o referida envolve cinco jogos de castigo para o jogador e mais cinco de pena suspensa. O assunto est\u00e1 a ser acompanhado pela imprensa desportiva, com o Record a apresentar a perspetiva do convidado.","og_url":"https:\/\/portaltela.pt\/noticias\/2026\/03\/27\/prestianni-recebe-cinco-jogos-de-castigo-e-cinco-suspensoes-pinto-ve-decisao-equilibrada-da-uefa\/","og_site_name":"Portal Tela Portugal","article_published_time":"2026-03-27T22:00:00+00:00","author":"Telinha","twitter_card":"summary_large_image","twitter_misc":{"Escrito por":"Telinha","Tempo estimado de leitura":"1 minuto"},"schema":{"@context":"https:\/\/schema.org","@graph":[{"@type":"Article","@id":"https:\/\/portaltela.pt\/noticias\/2026\/03\/27\/prestianni-recebe-cinco-jogos-de-castigo-e-cinco-suspensoes-pinto-ve-decisao-equilibrada-da-uefa\/#article","isPartOf":{"@id":"https:\/\/portaltela.pt\/noticias\/2026\/03\/27\/prestianni-recebe-cinco-jogos-de-castigo-e-cinco-suspensoes-pinto-ve-decisao-equilibrada-da-uefa\/"},"author":{"name":"Telinha","@id":"https:\/\/portaltela.pt\/#\/schema\/person\/c4278d4a6028830caff9ee44b42d32ed"},"headline":"Prestianni recebe cinco jogos de castigo e cinco suspens\u00f5es, Pinto v\u00ea decis\u00e3o equilibrada da UEFA","datePublished":"2026-03-27T22:00:00+00:00","mainEntityOfPage":{"@id":"https:\/\/portaltela.pt\/noticias\/2026\/03\/27\/prestianni-recebe-cinco-jogos-de-castigo-e-cinco-suspensoes-pinto-ve-decisao-equilibrada-da-uefa\/"},"wordCount":142,"image":{"@id":"https:\/\/portaltela.pt\/noticias\/2026\/03\/27\/prestianni-recebe-cinco-jogos-de-castigo-e-cinco-suspensoes-pinto-ve-decisao-equilibrada-da-uefa\/#primaryimage"},"thumbnailUrl":"https:\/\/portaltela.pt\/s.01k8rhncp4jt1\/2026\/03\/img_1200x721uu2026-03-27-21-56-29-2429769.jpg","keywords":["Benfica","futebol","Prestianni","racismo","Record na Hora","Vin\u00edcius J\u00fanior"],"articleSection":["Desporto","Futebol"],"inLanguage":"pt-PT"},{"@type":"WebPage","@id":"https:\/\/portaltela.pt\/noticias\/2026\/03\/27\/prestianni-recebe-cinco-jogos-de-castigo-e-cinco-suspensoes-pinto-ve-decisao-equilibrada-da-uefa\/","url":"https:\/\/portaltela.pt\/noticias\/2026\/03\/27\/prestianni-recebe-cinco-jogos-de-castigo-e-cinco-suspensoes-pinto-ve-decisao-equilibrada-da-uefa\/","name":"Prestianni recebe cinco jogos de castigo e cinco suspens\u00f5es, Pinto v\u00ea decis\u00e3o equilibrada da UEFA - Portal Tela Portugal","isPartOf":{"@id":"https:\/\/portaltela.pt\/#website"},"primaryImageOfPage":{"@id":"https:\/\/portaltela.pt\/noticias\/2026\/03\/27\/prestianni-recebe-cinco-jogos-de-castigo-e-cinco-suspensoes-pinto-ve-decisao-equilibrada-da-uefa\/#primaryimage"},"image":{"@id":"https:\/\/portaltela.pt\/noticias\/2026\/03\/27\/prestianni-recebe-cinco-jogos-de-castigo-e-cinco-suspensoes-pinto-ve-decisao-equilibrada-da-uefa\/#primaryimage"},"thumbnailUrl":"https:\/\/portaltela.pt\/s.01k8rhncp4jt1\/2026\/03\/img_1200x721uu2026-03-27-21-56-29-2429769.jpg","datePublished":"2026-03-27T22:00:00+00:00","author":{"@id":"https:\/\/portaltela.pt\/#\/schema\/person\/c4278d4a6028830caff9ee44b42d32ed"},"breadcrumb":{"@id":"https:\/\/portaltela.pt\/noticias\/2026\/03\/27\/prestianni-recebe-cinco-jogos-de-castigo-e-cinco-suspensoes-pinto-ve-decisao-equilibrada-da-uefa\/#breadcrumb"},"inLanguage":"pt-PT","potentialAction":[{"@type":"ReadAction","target":["https:\/\/portaltela.pt\/noticias\/2026\/03\/27\/prestianni-recebe-cinco-jogos-de-castigo-e-cinco-suspensoes-pinto-ve-decisao-equilibrada-da-uefa\/"]}]},{"@type":"ImageObject","inLanguage":"pt-PT","@id":"https:\/\/portaltela.pt\/noticias\/2026\/03\/27\/prestianni-recebe-cinco-jogos-de-castigo-e-cinco-suspensoes-pinto-ve-decisao-equilibrada-da-uefa\/#primaryimage","url":"https:\/\/portaltela.pt\/s.01k8rhncp4jt1\/2026\/03\/img_1200x721uu2026-03-27-21-56-29-2429769.jpg","contentUrl":"https:\/\/portaltela.pt\/s.01k8rhncp4jt1\/2026\/03\/img_1200x721uu2026-03-27-21-56-29-2429769.jpg","width":796,"height":448,"caption":"Cinco jogos de castigo para Prestianni e mais 5 de pena suspensa? V\u00edtor Pinto explica por que tudo aponta para decis\u00e3o \"equilibrada\" da UEFA"},{"@type":"BreadcrumbList","@id":"https:\/\/portaltela.pt\/noticias\/2026\/03\/27\/prestianni-recebe-cinco-jogos-de-castigo-e-cinco-suspensoes-pinto-ve-decisao-equilibrada-da-uefa\/#breadcrumb","itemListElement":[{"@type":"ListItem","position":1,"name":"In\u00edcio","item":"https:\/\/portaltela.pt\/"},{"@type":"ListItem","position":2,"name":"Prestianni recebe cinco jogos de castigo e cinco suspens\u00f5es, Pinto v\u00ea decis\u00e3o equilibrada da UEFA"}]},{"@type":"WebSite","@id":"https:\/\/portaltela.pt\/#website","url":"https:\/\/portaltela.pt\/","name":"Portal Tela Portugal","description":"","potentialAction":[{"@type":"SearchAction","target":{"@type":"EntryPoint","urlTemplate":"https:\/\/portaltela.pt\/?s={search_term_string}"},"query-input":{"@type":"PropertyValueSpecification","valueRequired":true,"valueName":"search_term_string"}}],"inLanguage":"pt-PT"},{"@type":"Person","@id":"https:\/\/portaltela.pt\/#\/schema\/person\/c4278d4a6028830caff9ee44b42d32ed","name":"Telinha","image":{"@type":"ImageObject","inLanguage":"pt-PT","@id":"https:\/\/portaltela.pt\/s.01k8rhncp4jt1\/2025\/11\/talking-bot-125x125.png","url":"https:\/\/portaltela.pt\/s.01k8rhncp4jt1\/2025\/11\/talking-bot-125x125.png","contentUrl":"https:\/\/portaltela.pt\/s.01k8rhncp4jt1\/2025\/11\/talking-bot-125x125.png","caption":"Telinha"},"sameAs":["https:\/\/portaltela.pt\/"],"url":"https:\/\/portaltela.pt\/por\/367410592786\/"}]}},"_links":{"self":[{"href":"https:\/\/portaltela.pt\/api\/wp\/v2\/posts\/424466","targetHints":{"allow":["GET"]}}],"collection":[{"href":"https:\/\/portaltela.pt\/api\/wp\/v2\/posts"}],"about":[{"href":"https:\/\/portaltela.pt\/api\/wp\/v2\/types\/post"}],"author":[{"embeddable":true,"href":"https:\/\/portaltela.pt\/api\/wp\/v2\/users\/2"}],"replies":[{"embeddable":true,"href":"https:\/\/portaltela.pt\/api\/wp\/v2\/comments?post=424466"}],"version-history":[{"count":0,"href":"https:\/\/portaltela.pt\/api\/wp\/v2\/posts\/424466\/revisions"}],"wp:featuredmedia":[{"embeddable":true,"href":"https:\/\/portaltela.pt\/api\/wp\/v2\/media\/424468"}],"wp:attachment":[{"href":"https:\/\/portaltela.pt\/api\/wp\/v2\/media?parent=424466"}],"wp:term":[{"taxonomy":"category","embeddable":true,"href":"https:\/\/portaltela.pt\/api\/wp\/v2\/categories?post=424466"},{"taxonomy":"post_tag","embeddable":true,"href":"https:\/\/portaltela.pt\/api\/wp\/v2\/tags?post=424466"}],"curies":[{"name":"wp","href":"https:\/\/api.w.org\/{rel}","templated":true}]}}