{"id":424460,"date":"2026-03-27T18:52:24","date_gmt":"2026-03-27T21:52:24","guid":{"rendered":"https:\/\/portaltela.pt\/noticias\/2026\/03\/27\/camara-de-loures-despeja-duas-familias-no-bairro-da-quinta-do-mocho\/"},"modified":"2026-03-27T18:52:24","modified_gmt":"2026-03-27T21:52:24","slug":"camara-de-loures-despeja-duas-familias-no-bairro-da-quinta-do-mocho","status":"publish","type":"post","link":"https:\/\/portaltela.pt\/sociedade\/2026\/03\/27\/camara-de-loures-despeja-duas-familias-no-bairro-da-quinta-do-mocho\/","title":{"rendered":"C\u00e2mara de Loures despeja duas fam\u00edlias no Bairro da Quinta do Mocho"},"content":{"rendered":"<p>A C\u00e2mara de Loures despejou hoje duas fam\u00edlias no Bairro da Quinta do Mocho, no distrito de Lisboa. Segundo o movimento Vida Justa, uma das fam\u00edlias tem contrato de arrendamento municipal e acolheu temporariamente um sobrinho despejado h\u00e1 meses, o que, alegadamente, ter\u00e1 dado origem ao processo de desocupa\u00e7\u00e3o.<\/p>\n<p>A autarquia, confirmando \u00e0 Lusa, aponta que o arrendamento em quest\u00e3o apresentava m\u00faltiplos incumprimentos. Entre os motivos est\u00e3o a aus\u00eancia de resid\u00eancia permanente da arrendat\u00e1ria, a ced\u00eancia de espa\u00e7o a terceiros sem autoriza\u00e7\u00e3o, a falta de entrega de documentos e a exist\u00eancia de d\u00edvida de renda.<\/p>\n<p>Vida Justa descreve o despejo como violento, com forte presen\u00e7a policial, e sustenta que a fam\u00edlia n\u00e3o teve possibilidade de levar itens do interior, incluindo o contrato de arrendamento que a identificava como arrendat\u00e1ria. O movimento tamb\u00e9m acusa a PSP de n\u00e3o se identificar no local.<\/p>\n<p>A organiza\u00e7\u00e3o social denuncia que a C\u00e2mara tem adotado uma pol\u00edtica de despejos, em vez de abrir procedimentos administrativos para resolu\u00e7\u00e3o de contratos ou a audi\u00eancia de interessados, o que poderia permitir alternativas para familiares n\u00e3o autorizados.<\/p>\n<p>Na semana passada, o grupo afirma ter ocorrido outro despejo em Loures, na Apela\u00e7\u00e3o, envolvendo cinco pessoas, incluindo tr\u00eas menores, sem aviso pr\u00e9vio. Alega aus\u00eancia de assistentes sociais durante o processo.<\/p>\n<p>O Vida Justa aponta que a falta de acompanhamento por parte de t\u00e9cnicos municipais contraria a Lei de Bases da Habita\u00e7\u00e3o e critica a aus\u00eancia de assist\u00eancia social para as fam\u00edlias despejadas, especialmente quando h\u00e1 crian\u00e7as envolvidas.<\/p>\n<p>A autarquia, liderada por Ricardo Le\u00e3o (PS), tem reiterado que o munic\u00edpio n\u00e3o tolera habita\u00e7\u00f5es ilegais e tem refor\u00e7ado o controlo do ordenamento do territ\u00f3rio, com foco em evitar constru\u00e7\u00f5es irregulares no concelho, como no Talude.<\/p>\n","protected":false},"excerpt":{"rendered":"<ul>\n<li>A C\u00e2mara de Loures despejou duas fam\u00edlias no Bairro da Quinta do Mocho nesta sexta-feira, uma delas com contrato de arrendamento municipal, segundo o movimento Vida Justa, que tamb\u00e9m viu um sobrinho despejado no mesmo bairro.<\/li>\n<li>O Vida Justa sustenta que a C\u00e2mara usou o acolhimento do familiar para iniciar a desocupa\u00e7\u00e3o, enquanto a C\u00e2mara alegou v\u00e1rios incumprimentos no arrendamento, incluindo aus\u00eancia de resid\u00eancia permanente, ced\u00eancia a terceiros, falta de documentos e d\u00edvida de renda.<\/li>\n<li>O movimento critica o despejo como violento, com forte dispositivo policial, e afirma que a arrendat\u00e1ria n\u00e3o p\u00f4de levar o contrato; a PSP teria recusado identificar-se durante a opera\u00e7\u00e3o.<\/li>\n<li>O Vida Justa aponta ainda um despejo recente, na Apela\u00e7\u00e3o, de uma fam\u00edlia de cinco pessoas, incluindo tr\u00eas menores, sem aviso pr\u00e9vio e sem assistentes sociais presentes, contrariamente \u00e0 Lei de Bases da Habita\u00e7\u00e3o.<\/li>\n<li>A C\u00e2mara sustenta que o arrendamento apresentava incumprimentos e que a pol\u00edtica de habita\u00e7\u00e3o visa evitar constru\u00e7\u00f5es ilegais; o Vida Justa acusa o autarca de promover despejos em detrimento de fam\u00edlias, defendendo que h\u00e1 agravamento da situa\u00e7\u00e3o social no concelho.<\/li>\n<\/ul>\n","protected":false},"author":2,"featured_media":424463,"comment_status":"closed","ping_status":"closed","sticky":false,"template":"","format":"standard","meta":{"footnotes":""},"categories":[7384,6871],"tags":[3014,3953,6372,150,1680,1381],"class_list":["post-424460","post","type-post","status-publish","format-standard","has-post-thumbnail","hentry","category-curiosidades","category-sociedade","tag-arrendamento","tag-criancas","tag-despejos","tag-habitacao","tag-loures","tag-psp"],"yoast_head":"<!-- This site is optimized with the Yoast SEO plugin v27.2 - https:\/\/yoast.com\/product\/yoast-seo-wordpress\/ -->\n<title>C\u00e2mara de Loures despeja duas fam\u00edlias no Bairro da Quinta do Mocho - Portal Tela Portugal<\/title>\n<meta name=\"robots\" content=\"index, follow, max-snippet:-1, max-image-preview:large, max-video-preview:-1\" \/>\n<meta property=\"og:locale\" content=\"pt_PT\" \/>\n<meta property=\"og:type\" content=\"article\" \/>\n<meta property=\"og:title\" content=\"C\u00e2mara de Loures despeja duas fam\u00edlias no Bairro da Quinta do Mocho - Portal Tela Portugal\" \/>\n<meta property=\"og:description\" content=\"A C\u00e2mara de Loures despejou duas fam\u00edlias no Bairro da Quinta do Mocho nesta sexta-feira, uma delas com contrato de arrendamento municipal, segundo o movimento Vida Justa, que tamb\u00e9m viu um sobrinho despejado no mesmo bairro. O Vida Justa sustenta que a C\u00e2mara usou o acolhimento do familiar para iniciar a desocupa\u00e7\u00e3o, enquanto a C\u00e2mara alegou v\u00e1rios incumprimentos no arrendamento, incluindo aus\u00eancia de resid\u00eancia permanente, ced\u00eancia a terceiros, falta de documentos e d\u00edvida de renda. O movimento critica o despejo como violento, com forte dispositivo policial, e afirma que a arrendat\u00e1ria n\u00e3o p\u00f4de levar o contrato; a PSP teria recusado identificar-se durante a opera\u00e7\u00e3o. O Vida Justa aponta ainda um despejo recente, na Apela\u00e7\u00e3o, de uma fam\u00edlia de cinco pessoas, incluindo tr\u00eas menores, sem aviso pr\u00e9vio e sem assistentes sociais presentes, contrariamente \u00e0 Lei de Bases da Habita\u00e7\u00e3o. A C\u00e2mara sustenta que o arrendamento apresentava incumprimentos e que a pol\u00edtica de habita\u00e7\u00e3o visa evitar constru\u00e7\u00f5es ilegais; o Vida Justa acusa o autarca de promover despejos em detrimento de fam\u00edlias, defendendo que h\u00e1 agravamento da situa\u00e7\u00e3o social no concelho.\" \/>\n<meta property=\"og:url\" content=\"https:\/\/portaltela.pt\/noticias\/2026\/03\/27\/camara-de-loures-despeja-duas-familias-no-bairro-da-quinta-do-mocho\/\" \/>\n<meta property=\"og:site_name\" content=\"Portal Tela Portugal\" \/>\n<meta property=\"article:published_time\" content=\"2026-03-27T21:52:24+00:00\" \/>\n<meta name=\"author\" content=\"Telinha\" \/>\n<meta name=\"twitter:card\" content=\"summary_large_image\" \/>\n<meta name=\"twitter:label1\" content=\"Escrito por\" \/>\n\t<meta name=\"twitter:data1\" content=\"Telinha\" \/>\n\t<meta name=\"twitter:label2\" content=\"Tempo estimado de leitura\" \/>\n\t<meta name=\"twitter:data2\" content=\"2 minutos\" \/>\n<script type=\"application\/ld+json\" class=\"yoast-schema-graph\">{\"@context\":\"https:\/\/schema.org\",\"@graph\":[{\"@type\":\"Article\",\"@id\":\"https:\/\/portaltela.pt\/noticias\/2026\/03\/27\/camara-de-loures-despeja-duas-familias-no-bairro-da-quinta-do-mocho\/#article\",\"isPartOf\":{\"@id\":\"https:\/\/portaltela.pt\/noticias\/2026\/03\/27\/camara-de-loures-despeja-duas-familias-no-bairro-da-quinta-do-mocho\/\"},\"author\":{\"name\":\"Telinha\",\"@id\":\"https:\/\/portaltela.pt\/#\/schema\/person\/c4278d4a6028830caff9ee44b42d32ed\"},\"headline\":\"C\u00e2mara de Loures despeja duas fam\u00edlias no Bairro da Quinta do Mocho\",\"datePublished\":\"2026-03-27T21:52:24+00:00\",\"mainEntityOfPage\":{\"@id\":\"https:\/\/portaltela.pt\/noticias\/2026\/03\/27\/camara-de-loures-despeja-duas-familias-no-bairro-da-quinta-do-mocho\/\"},\"wordCount\":339,\"image\":{\"@id\":\"https:\/\/portaltela.pt\/noticias\/2026\/03\/27\/camara-de-loures-despeja-duas-familias-no-bairro-da-quinta-do-mocho\/#primaryimage\"},\"thumbnailUrl\":\"https:\/\/portaltela.pt\/s.01k8rhncp4jt1\/2026\/03\/img_1500x1000uu2026-03-27-21-51-24-2275204.jpg\",\"keywords\":[\"arrendamento\",\"crian\u00e7as\",\"despejos\",\"habita\u00e7\u00e3o\",\"Loures\",\"PSP\"],\"articleSection\":[\"Curiosidades\",\"Sociedade\"],\"inLanguage\":\"pt-PT\"},{\"@type\":\"WebPage\",\"@id\":\"https:\/\/portaltela.pt\/noticias\/2026\/03\/27\/camara-de-loures-despeja-duas-familias-no-bairro-da-quinta-do-mocho\/\",\"url\":\"https:\/\/portaltela.pt\/noticias\/2026\/03\/27\/camara-de-loures-despeja-duas-familias-no-bairro-da-quinta-do-mocho\/\",\"name\":\"C\u00e2mara de Loures despeja duas fam\u00edlias no Bairro da Quinta do Mocho - Portal Tela Portugal\",\"isPartOf\":{\"@id\":\"https:\/\/portaltela.pt\/#website\"},\"primaryImageOfPage\":{\"@id\":\"https:\/\/portaltela.pt\/noticias\/2026\/03\/27\/camara-de-loures-despeja-duas-familias-no-bairro-da-quinta-do-mocho\/#primaryimage\"},\"image\":{\"@id\":\"https:\/\/portaltela.pt\/noticias\/2026\/03\/27\/camara-de-loures-despeja-duas-familias-no-bairro-da-quinta-do-mocho\/#primaryimage\"},\"thumbnailUrl\":\"https:\/\/portaltela.pt\/s.01k8rhncp4jt1\/2026\/03\/img_1500x1000uu2026-03-27-21-51-24-2275204.jpg\",\"datePublished\":\"2026-03-27T21:52:24+00:00\",\"author\":{\"@id\":\"https:\/\/portaltela.pt\/#\/schema\/person\/c4278d4a6028830caff9ee44b42d32ed\"},\"breadcrumb\":{\"@id\":\"https:\/\/portaltela.pt\/noticias\/2026\/03\/27\/camara-de-loures-despeja-duas-familias-no-bairro-da-quinta-do-mocho\/#breadcrumb\"},\"inLanguage\":\"pt-PT\",\"potentialAction\":[{\"@type\":\"ReadAction\",\"target\":[\"https:\/\/portaltela.pt\/noticias\/2026\/03\/27\/camara-de-loures-despeja-duas-familias-no-bairro-da-quinta-do-mocho\/\"]}]},{\"@type\":\"ImageObject\",\"inLanguage\":\"pt-PT\",\"@id\":\"https:\/\/portaltela.pt\/noticias\/2026\/03\/27\/camara-de-loures-despeja-duas-familias-no-bairro-da-quinta-do-mocho\/#primaryimage\",\"url\":\"https:\/\/portaltela.pt\/s.01k8rhncp4jt1\/2026\/03\/img_1500x1000uu2026-03-27-21-51-24-2275204.jpg\",\"contentUrl\":\"https:\/\/portaltela.pt\/s.01k8rhncp4jt1\/2026\/03\/img_1500x1000uu2026-03-27-21-51-24-2275204.jpg\",\"width\":796,\"height\":448,\"caption\":\"Bairro da Quinta do Mocho\"},{\"@type\":\"BreadcrumbList\",\"@id\":\"https:\/\/portaltela.pt\/noticias\/2026\/03\/27\/camara-de-loures-despeja-duas-familias-no-bairro-da-quinta-do-mocho\/#breadcrumb\",\"itemListElement\":[{\"@type\":\"ListItem\",\"position\":1,\"name\":\"In\u00edcio\",\"item\":\"https:\/\/portaltela.pt\/\"},{\"@type\":\"ListItem\",\"position\":2,\"name\":\"C\u00e2mara de Loures despeja duas fam\u00edlias no Bairro da Quinta do Mocho\"}]},{\"@type\":\"WebSite\",\"@id\":\"https:\/\/portaltela.pt\/#website\",\"url\":\"https:\/\/portaltela.pt\/\",\"name\":\"Portal Tela Portugal\",\"description\":\"\",\"potentialAction\":[{\"@type\":\"SearchAction\",\"target\":{\"@type\":\"EntryPoint\",\"urlTemplate\":\"https:\/\/portaltela.pt\/?s={search_term_string}\"},\"query-input\":{\"@type\":\"PropertyValueSpecification\",\"valueRequired\":true,\"valueName\":\"search_term_string\"}}],\"inLanguage\":\"pt-PT\"},{\"@type\":\"Person\",\"@id\":\"https:\/\/portaltela.pt\/#\/schema\/person\/c4278d4a6028830caff9ee44b42d32ed\",\"name\":\"Telinha\",\"image\":{\"@type\":\"ImageObject\",\"inLanguage\":\"pt-PT\",\"@id\":\"https:\/\/portaltela.pt\/s.01k8rhncp4jt1\/2025\/11\/talking-bot-125x125.png\",\"url\":\"https:\/\/portaltela.pt\/s.01k8rhncp4jt1\/2025\/11\/talking-bot-125x125.png\",\"contentUrl\":\"https:\/\/portaltela.pt\/s.01k8rhncp4jt1\/2025\/11\/talking-bot-125x125.png\",\"caption\":\"Telinha\"},\"sameAs\":[\"https:\/\/portaltela.pt\/\"],\"url\":\"https:\/\/portaltela.pt\/por\/367410592786\/\"}]}<\/script>\n<!-- \/ Yoast SEO plugin. -->","yoast_head_json":{"title":"C\u00e2mara de Loures despeja duas fam\u00edlias no Bairro da Quinta do Mocho - Portal Tela Portugal","robots":{"index":"index","follow":"follow","max-snippet":"max-snippet:-1","max-image-preview":"max-image-preview:large","max-video-preview":"max-video-preview:-1"},"og_locale":"pt_PT","og_type":"article","og_title":"C\u00e2mara de Loures despeja duas fam\u00edlias no Bairro da Quinta do Mocho - Portal Tela Portugal","og_description":"A C\u00e2mara de Loures despejou duas fam\u00edlias no Bairro da Quinta do Mocho nesta sexta-feira, uma delas com contrato de arrendamento municipal, segundo o movimento Vida Justa, que tamb\u00e9m viu um sobrinho despejado no mesmo bairro. O Vida Justa sustenta que a C\u00e2mara usou o acolhimento do familiar para iniciar a desocupa\u00e7\u00e3o, enquanto a C\u00e2mara alegou v\u00e1rios incumprimentos no arrendamento, incluindo aus\u00eancia de resid\u00eancia permanente, ced\u00eancia a terceiros, falta de documentos e d\u00edvida de renda. O movimento critica o despejo como violento, com forte dispositivo policial, e afirma que a arrendat\u00e1ria n\u00e3o p\u00f4de levar o contrato; a PSP teria recusado identificar-se durante a opera\u00e7\u00e3o. O Vida Justa aponta ainda um despejo recente, na Apela\u00e7\u00e3o, de uma fam\u00edlia de cinco pessoas, incluindo tr\u00eas menores, sem aviso pr\u00e9vio e sem assistentes sociais presentes, contrariamente \u00e0 Lei de Bases da Habita\u00e7\u00e3o. A C\u00e2mara sustenta que o arrendamento apresentava incumprimentos e que a pol\u00edtica de habita\u00e7\u00e3o visa evitar constru\u00e7\u00f5es ilegais; o Vida Justa acusa o autarca de promover despejos em detrimento de fam\u00edlias, defendendo que h\u00e1 agravamento da situa\u00e7\u00e3o social no concelho.","og_url":"https:\/\/portaltela.pt\/noticias\/2026\/03\/27\/camara-de-loures-despeja-duas-familias-no-bairro-da-quinta-do-mocho\/","og_site_name":"Portal Tela Portugal","article_published_time":"2026-03-27T21:52:24+00:00","author":"Telinha","twitter_card":"summary_large_image","twitter_misc":{"Escrito por":"Telinha","Tempo estimado de leitura":"2 minutos"},"schema":{"@context":"https:\/\/schema.org","@graph":[{"@type":"Article","@id":"https:\/\/portaltela.pt\/noticias\/2026\/03\/27\/camara-de-loures-despeja-duas-familias-no-bairro-da-quinta-do-mocho\/#article","isPartOf":{"@id":"https:\/\/portaltela.pt\/noticias\/2026\/03\/27\/camara-de-loures-despeja-duas-familias-no-bairro-da-quinta-do-mocho\/"},"author":{"name":"Telinha","@id":"https:\/\/portaltela.pt\/#\/schema\/person\/c4278d4a6028830caff9ee44b42d32ed"},"headline":"C\u00e2mara de Loures despeja duas fam\u00edlias no Bairro da Quinta do Mocho","datePublished":"2026-03-27T21:52:24+00:00","mainEntityOfPage":{"@id":"https:\/\/portaltela.pt\/noticias\/2026\/03\/27\/camara-de-loures-despeja-duas-familias-no-bairro-da-quinta-do-mocho\/"},"wordCount":339,"image":{"@id":"https:\/\/portaltela.pt\/noticias\/2026\/03\/27\/camara-de-loures-despeja-duas-familias-no-bairro-da-quinta-do-mocho\/#primaryimage"},"thumbnailUrl":"https:\/\/portaltela.pt\/s.01k8rhncp4jt1\/2026\/03\/img_1500x1000uu2026-03-27-21-51-24-2275204.jpg","keywords":["arrendamento","crian\u00e7as","despejos","habita\u00e7\u00e3o","Loures","PSP"],"articleSection":["Curiosidades","Sociedade"],"inLanguage":"pt-PT"},{"@type":"WebPage","@id":"https:\/\/portaltela.pt\/noticias\/2026\/03\/27\/camara-de-loures-despeja-duas-familias-no-bairro-da-quinta-do-mocho\/","url":"https:\/\/portaltela.pt\/noticias\/2026\/03\/27\/camara-de-loures-despeja-duas-familias-no-bairro-da-quinta-do-mocho\/","name":"C\u00e2mara de Loures despeja duas fam\u00edlias no Bairro da Quinta do Mocho - Portal Tela Portugal","isPartOf":{"@id":"https:\/\/portaltela.pt\/#website"},"primaryImageOfPage":{"@id":"https:\/\/portaltela.pt\/noticias\/2026\/03\/27\/camara-de-loures-despeja-duas-familias-no-bairro-da-quinta-do-mocho\/#primaryimage"},"image":{"@id":"https:\/\/portaltela.pt\/noticias\/2026\/03\/27\/camara-de-loures-despeja-duas-familias-no-bairro-da-quinta-do-mocho\/#primaryimage"},"thumbnailUrl":"https:\/\/portaltela.pt\/s.01k8rhncp4jt1\/2026\/03\/img_1500x1000uu2026-03-27-21-51-24-2275204.jpg","datePublished":"2026-03-27T21:52:24+00:00","author":{"@id":"https:\/\/portaltela.pt\/#\/schema\/person\/c4278d4a6028830caff9ee44b42d32ed"},"breadcrumb":{"@id":"https:\/\/portaltela.pt\/noticias\/2026\/03\/27\/camara-de-loures-despeja-duas-familias-no-bairro-da-quinta-do-mocho\/#breadcrumb"},"inLanguage":"pt-PT","potentialAction":[{"@type":"ReadAction","target":["https:\/\/portaltela.pt\/noticias\/2026\/03\/27\/camara-de-loures-despeja-duas-familias-no-bairro-da-quinta-do-mocho\/"]}]},{"@type":"ImageObject","inLanguage":"pt-PT","@id":"https:\/\/portaltela.pt\/noticias\/2026\/03\/27\/camara-de-loures-despeja-duas-familias-no-bairro-da-quinta-do-mocho\/#primaryimage","url":"https:\/\/portaltela.pt\/s.01k8rhncp4jt1\/2026\/03\/img_1500x1000uu2026-03-27-21-51-24-2275204.jpg","contentUrl":"https:\/\/portaltela.pt\/s.01k8rhncp4jt1\/2026\/03\/img_1500x1000uu2026-03-27-21-51-24-2275204.jpg","width":796,"height":448,"caption":"Bairro da Quinta do Mocho"},{"@type":"BreadcrumbList","@id":"https:\/\/portaltela.pt\/noticias\/2026\/03\/27\/camara-de-loures-despeja-duas-familias-no-bairro-da-quinta-do-mocho\/#breadcrumb","itemListElement":[{"@type":"ListItem","position":1,"name":"In\u00edcio","item":"https:\/\/portaltela.pt\/"},{"@type":"ListItem","position":2,"name":"C\u00e2mara de Loures despeja duas fam\u00edlias no Bairro da Quinta do Mocho"}]},{"@type":"WebSite","@id":"https:\/\/portaltela.pt\/#website","url":"https:\/\/portaltela.pt\/","name":"Portal Tela Portugal","description":"","potentialAction":[{"@type":"SearchAction","target":{"@type":"EntryPoint","urlTemplate":"https:\/\/portaltela.pt\/?s={search_term_string}"},"query-input":{"@type":"PropertyValueSpecification","valueRequired":true,"valueName":"search_term_string"}}],"inLanguage":"pt-PT"},{"@type":"Person","@id":"https:\/\/portaltela.pt\/#\/schema\/person\/c4278d4a6028830caff9ee44b42d32ed","name":"Telinha","image":{"@type":"ImageObject","inLanguage":"pt-PT","@id":"https:\/\/portaltela.pt\/s.01k8rhncp4jt1\/2025\/11\/talking-bot-125x125.png","url":"https:\/\/portaltela.pt\/s.01k8rhncp4jt1\/2025\/11\/talking-bot-125x125.png","contentUrl":"https:\/\/portaltela.pt\/s.01k8rhncp4jt1\/2025\/11\/talking-bot-125x125.png","caption":"Telinha"},"sameAs":["https:\/\/portaltela.pt\/"],"url":"https:\/\/portaltela.pt\/por\/367410592786\/"}]}},"_links":{"self":[{"href":"https:\/\/portaltela.pt\/api\/wp\/v2\/posts\/424460","targetHints":{"allow":["GET"]}}],"collection":[{"href":"https:\/\/portaltela.pt\/api\/wp\/v2\/posts"}],"about":[{"href":"https:\/\/portaltela.pt\/api\/wp\/v2\/types\/post"}],"author":[{"embeddable":true,"href":"https:\/\/portaltela.pt\/api\/wp\/v2\/users\/2"}],"replies":[{"embeddable":true,"href":"https:\/\/portaltela.pt\/api\/wp\/v2\/comments?post=424460"}],"version-history":[{"count":0,"href":"https:\/\/portaltela.pt\/api\/wp\/v2\/posts\/424460\/revisions"}],"wp:featuredmedia":[{"embeddable":true,"href":"https:\/\/portaltela.pt\/api\/wp\/v2\/media\/424463"}],"wp:attachment":[{"href":"https:\/\/portaltela.pt\/api\/wp\/v2\/media?parent=424460"}],"wp:term":[{"taxonomy":"category","embeddable":true,"href":"https:\/\/portaltela.pt\/api\/wp\/v2\/categories?post=424460"},{"taxonomy":"post_tag","embeddable":true,"href":"https:\/\/portaltela.pt\/api\/wp\/v2\/tags?post=424460"}],"curies":[{"name":"wp","href":"https:\/\/api.w.org\/{rel}","templated":true}]}}