{"id":424453,"date":"2026-03-27T18:53:00","date_gmt":"2026-03-27T21:53:00","guid":{"rendered":"https:\/\/portaltela.pt\/noticias\/2026\/03\/27\/tiger-woods-detido-apos-acidente-de-automovel\/"},"modified":"2026-03-27T18:53:00","modified_gmt":"2026-03-27T21:53:00","slug":"tiger-woods-detido-apos-acidente-de-automovel","status":"publish","type":"post","link":"https:\/\/portaltela.pt\/policia\/2026\/03\/27\/tiger-woods-detido-apos-acidente-de-automovel\/","title":{"rendered":"Tiger Woods detido ap\u00f3s acidente de autom\u00f3vel"},"content":{"rendered":"<p>Tiger Woods, 50 anos, foi detido por suspeita de condu\u00e7\u00e3o sob o efeito de \u00e1lcool, ap\u00f3s o ve\u00edculo que conduzia capotar, segundo a Sky News. A fonte n\u00e3o forneceu detalhes sobre o local espec\u00edfico nem o momento do incidente.<\/p>\n<p>A not\u00edcia refor\u00e7a a condi\u00e7\u00e3o de Woods como jogador de golf profissional. Recorda-se ainda o grave acidente que o atleta sofreu em 2021, que gerou grande como\u00e7\u00e3o no circuito mundial.<\/p>\n<h3>Contexto<\/h3>\n<p>N\u00e3o foram divulgados n\u00fameros oficiais sobre feridos ou sobre o estado de sa\u00fade de Woods no momento em que ocorreu o capotamento. A comunica\u00e7\u00e3o p\u00fablica at\u00e9 ao momento n\u00e3o confirma outras pessoas no ve\u00edculo nem consequ\u00eancias legais adicionais.<\/p>\n<h3>Atualiza\u00e7\u00e3o<\/h3>\n<p>Fontes pr\u00f3ximas \u00e0s informa\u00e7\u00f5es n\u00e3o esclareceram se houve apreens\u00e3o de carta de condu\u00e7\u00e3o nem se o caso envolve medidas judiciais. A cobertura continua alinhada com as informa\u00e7\u00f5es disponibilizadas pela Sky News, sem informa\u00e7\u00f5es adicionais verific\u00e1veis.<\/p>\n","protected":false},"excerpt":{"rendered":"<ul>\n<li>Tiger Woods, 50 anos, foi detido por suspeita de condu\u00e7\u00e3o sob o efeito de \u00e1lcool.<\/li>\n<li>O autom\u00f3vel que conduzia capotou, segundo a Sky News.<\/li>\n<li>A not\u00edcia lembra que o atleta j\u00e1 sofreu um grave acidente em 2021.<\/li>\n<li>A informa\u00e7\u00e3o foi partilhada pela Sky News.<\/li>\n<\/ul>\n","protected":false},"author":2,"featured_media":424455,"comment_status":"closed","ping_status":"closed","sticky":false,"template":"","format":"standard","meta":{"footnotes":""},"categories":[6907,6781],"tags":[4169,76,5710,147,5669,5661],"class_list":["post-424453","post","type-post","status-publish","format-standard","has-post-thumbnail","hentry","category-crime","category-policia","tag-acidente-rodoviario","tag-celebridades","tag-conducao-sob-efeito-do-alcool","tag-crime","tag-crime-de-conducao-sob-efeito-do-alcool","tag-pessoas-publicas"],"yoast_head":"<!-- This site is optimized with the Yoast SEO plugin v27.2 - https:\/\/yoast.com\/product\/yoast-seo-wordpress\/ -->\n<title>Tiger Woods detido ap\u00f3s acidente de autom\u00f3vel - Portal Tela Portugal<\/title>\n<meta name=\"robots\" content=\"index, follow, max-snippet:-1, max-image-preview:large, max-video-preview:-1\" \/>\n<meta property=\"og:locale\" content=\"pt_PT\" \/>\n<meta property=\"og:type\" content=\"article\" \/>\n<meta property=\"og:title\" content=\"Tiger Woods detido ap\u00f3s acidente de autom\u00f3vel - Portal Tela Portugal\" \/>\n<meta property=\"og:description\" content=\"Tiger Woods, 50 anos, foi detido por suspeita de condu\u00e7\u00e3o sob o efeito de \u00e1lcool. O autom\u00f3vel que conduzia capotou, segundo a Sky News. A not\u00edcia lembra que o atleta j\u00e1 sofreu um grave acidente em 2021. A informa\u00e7\u00e3o foi partilhada pela Sky News.\" \/>\n<meta property=\"og:url\" content=\"https:\/\/portaltela.pt\/noticias\/2026\/03\/27\/tiger-woods-detido-apos-acidente-de-automovel\/\" \/>\n<meta property=\"og:site_name\" content=\"Portal Tela Portugal\" \/>\n<meta property=\"article:published_time\" content=\"2026-03-27T21:53:00+00:00\" \/>\n<meta name=\"author\" content=\"Telinha\" \/>\n<meta name=\"twitter:card\" content=\"summary_large_image\" \/>\n<meta name=\"twitter:label1\" content=\"Escrito por\" \/>\n\t<meta name=\"twitter:data1\" content=\"Telinha\" \/>\n\t<meta name=\"twitter:label2\" content=\"Tempo estimado de leitura\" \/>\n\t<meta name=\"twitter:data2\" content=\"1 minuto\" \/>\n<script type=\"application\/ld+json\" class=\"yoast-schema-graph\">{\"@context\":\"https:\/\/schema.org\",\"@graph\":[{\"@type\":\"Article\",\"@id\":\"https:\/\/portaltela.pt\/noticias\/2026\/03\/27\/tiger-woods-detido-apos-acidente-de-automovel\/#article\",\"isPartOf\":{\"@id\":\"https:\/\/portaltela.pt\/noticias\/2026\/03\/27\/tiger-woods-detido-apos-acidente-de-automovel\/\"},\"author\":{\"name\":\"Telinha\",\"@id\":\"https:\/\/portaltela.pt\/#\/schema\/person\/c4278d4a6028830caff9ee44b42d32ed\"},\"headline\":\"Tiger Woods detido ap\u00f3s acidente de autom\u00f3vel\",\"datePublished\":\"2026-03-27T21:53:00+00:00\",\"mainEntityOfPage\":{\"@id\":\"https:\/\/portaltela.pt\/noticias\/2026\/03\/27\/tiger-woods-detido-apos-acidente-de-automovel\/\"},\"wordCount\":177,\"image\":{\"@id\":\"https:\/\/portaltela.pt\/noticias\/2026\/03\/27\/tiger-woods-detido-apos-acidente-de-automovel\/#primaryimage\"},\"thumbnailUrl\":\"https:\/\/portaltela.pt\/s.01k8rhncp4jt1\/2026\/03\/image-1644.jpg\",\"keywords\":[\"acidente rodovi\u00e1rio\",\"celebridades\",\"condu\u00e7\u00e3o sob efeito do \u00e1lcool\",\"crime\",\"crime de condu\u00e7\u00e3o sob efeito do \u00e1lcool\",\"pessoas p\u00fablicas\"],\"articleSection\":[\"Crime\",\"Pol\u00edcia\"],\"inLanguage\":\"pt-PT\"},{\"@type\":\"WebPage\",\"@id\":\"https:\/\/portaltela.pt\/noticias\/2026\/03\/27\/tiger-woods-detido-apos-acidente-de-automovel\/\",\"url\":\"https:\/\/portaltela.pt\/noticias\/2026\/03\/27\/tiger-woods-detido-apos-acidente-de-automovel\/\",\"name\":\"Tiger Woods detido ap\u00f3s acidente de autom\u00f3vel - Portal Tela Portugal\",\"isPartOf\":{\"@id\":\"https:\/\/portaltela.pt\/#website\"},\"primaryImageOfPage\":{\"@id\":\"https:\/\/portaltela.pt\/noticias\/2026\/03\/27\/tiger-woods-detido-apos-acidente-de-automovel\/#primaryimage\"},\"image\":{\"@id\":\"https:\/\/portaltela.pt\/noticias\/2026\/03\/27\/tiger-woods-detido-apos-acidente-de-automovel\/#primaryimage\"},\"thumbnailUrl\":\"https:\/\/portaltela.pt\/s.01k8rhncp4jt1\/2026\/03\/image-1644.jpg\",\"datePublished\":\"2026-03-27T21:53:00+00:00\",\"author\":{\"@id\":\"https:\/\/portaltela.pt\/#\/schema\/person\/c4278d4a6028830caff9ee44b42d32ed\"},\"breadcrumb\":{\"@id\":\"https:\/\/portaltela.pt\/noticias\/2026\/03\/27\/tiger-woods-detido-apos-acidente-de-automovel\/#breadcrumb\"},\"inLanguage\":\"pt-PT\",\"potentialAction\":[{\"@type\":\"ReadAction\",\"target\":[\"https:\/\/portaltela.pt\/noticias\/2026\/03\/27\/tiger-woods-detido-apos-acidente-de-automovel\/\"]}]},{\"@type\":\"ImageObject\",\"inLanguage\":\"pt-PT\",\"@id\":\"https:\/\/portaltela.pt\/noticias\/2026\/03\/27\/tiger-woods-detido-apos-acidente-de-automovel\/#primaryimage\",\"url\":\"https:\/\/portaltela.pt\/s.01k8rhncp4jt1\/2026\/03\/image-1644.jpg\",\"contentUrl\":\"https:\/\/portaltela.pt\/s.01k8rhncp4jt1\/2026\/03\/image-1644.jpg\",\"width\":796,\"height\":448,\"caption\":\"Golfista Tiger Woods\"},{\"@type\":\"BreadcrumbList\",\"@id\":\"https:\/\/portaltela.pt\/noticias\/2026\/03\/27\/tiger-woods-detido-apos-acidente-de-automovel\/#breadcrumb\",\"itemListElement\":[{\"@type\":\"ListItem\",\"position\":1,\"name\":\"In\u00edcio\",\"item\":\"https:\/\/portaltela.pt\/\"},{\"@type\":\"ListItem\",\"position\":2,\"name\":\"Tiger Woods detido ap\u00f3s acidente de autom\u00f3vel\"}]},{\"@type\":\"WebSite\",\"@id\":\"https:\/\/portaltela.pt\/#website\",\"url\":\"https:\/\/portaltela.pt\/\",\"name\":\"Portal Tela Portugal\",\"description\":\"\",\"potentialAction\":[{\"@type\":\"SearchAction\",\"target\":{\"@type\":\"EntryPoint\",\"urlTemplate\":\"https:\/\/portaltela.pt\/?s={search_term_string}\"},\"query-input\":{\"@type\":\"PropertyValueSpecification\",\"valueRequired\":true,\"valueName\":\"search_term_string\"}}],\"inLanguage\":\"pt-PT\"},{\"@type\":\"Person\",\"@id\":\"https:\/\/portaltela.pt\/#\/schema\/person\/c4278d4a6028830caff9ee44b42d32ed\",\"name\":\"Telinha\",\"image\":{\"@type\":\"ImageObject\",\"inLanguage\":\"pt-PT\",\"@id\":\"https:\/\/portaltela.pt\/s.01k8rhncp4jt1\/2025\/11\/talking-bot-125x125.png\",\"url\":\"https:\/\/portaltela.pt\/s.01k8rhncp4jt1\/2025\/11\/talking-bot-125x125.png\",\"contentUrl\":\"https:\/\/portaltela.pt\/s.01k8rhncp4jt1\/2025\/11\/talking-bot-125x125.png\",\"caption\":\"Telinha\"},\"sameAs\":[\"https:\/\/portaltela.pt\/\"],\"url\":\"https:\/\/portaltela.pt\/por\/367410592786\/\"}]}<\/script>\n<!-- \/ Yoast SEO plugin. -->","yoast_head_json":{"title":"Tiger Woods detido ap\u00f3s acidente de autom\u00f3vel - Portal Tela Portugal","robots":{"index":"index","follow":"follow","max-snippet":"max-snippet:-1","max-image-preview":"max-image-preview:large","max-video-preview":"max-video-preview:-1"},"og_locale":"pt_PT","og_type":"article","og_title":"Tiger Woods detido ap\u00f3s acidente de autom\u00f3vel - Portal Tela Portugal","og_description":"Tiger Woods, 50 anos, foi detido por suspeita de condu\u00e7\u00e3o sob o efeito de \u00e1lcool. O autom\u00f3vel que conduzia capotou, segundo a Sky News. A not\u00edcia lembra que o atleta j\u00e1 sofreu um grave acidente em 2021. A informa\u00e7\u00e3o foi partilhada pela Sky News.","og_url":"https:\/\/portaltela.pt\/noticias\/2026\/03\/27\/tiger-woods-detido-apos-acidente-de-automovel\/","og_site_name":"Portal Tela Portugal","article_published_time":"2026-03-27T21:53:00+00:00","author":"Telinha","twitter_card":"summary_large_image","twitter_misc":{"Escrito por":"Telinha","Tempo estimado de leitura":"1 minuto"},"schema":{"@context":"https:\/\/schema.org","@graph":[{"@type":"Article","@id":"https:\/\/portaltela.pt\/noticias\/2026\/03\/27\/tiger-woods-detido-apos-acidente-de-automovel\/#article","isPartOf":{"@id":"https:\/\/portaltela.pt\/noticias\/2026\/03\/27\/tiger-woods-detido-apos-acidente-de-automovel\/"},"author":{"name":"Telinha","@id":"https:\/\/portaltela.pt\/#\/schema\/person\/c4278d4a6028830caff9ee44b42d32ed"},"headline":"Tiger Woods detido ap\u00f3s acidente de autom\u00f3vel","datePublished":"2026-03-27T21:53:00+00:00","mainEntityOfPage":{"@id":"https:\/\/portaltela.pt\/noticias\/2026\/03\/27\/tiger-woods-detido-apos-acidente-de-automovel\/"},"wordCount":177,"image":{"@id":"https:\/\/portaltela.pt\/noticias\/2026\/03\/27\/tiger-woods-detido-apos-acidente-de-automovel\/#primaryimage"},"thumbnailUrl":"https:\/\/portaltela.pt\/s.01k8rhncp4jt1\/2026\/03\/image-1644.jpg","keywords":["acidente rodovi\u00e1rio","celebridades","condu\u00e7\u00e3o sob efeito do \u00e1lcool","crime","crime de condu\u00e7\u00e3o sob efeito do \u00e1lcool","pessoas p\u00fablicas"],"articleSection":["Crime","Pol\u00edcia"],"inLanguage":"pt-PT"},{"@type":"WebPage","@id":"https:\/\/portaltela.pt\/noticias\/2026\/03\/27\/tiger-woods-detido-apos-acidente-de-automovel\/","url":"https:\/\/portaltela.pt\/noticias\/2026\/03\/27\/tiger-woods-detido-apos-acidente-de-automovel\/","name":"Tiger Woods detido ap\u00f3s acidente de autom\u00f3vel - Portal Tela Portugal","isPartOf":{"@id":"https:\/\/portaltela.pt\/#website"},"primaryImageOfPage":{"@id":"https:\/\/portaltela.pt\/noticias\/2026\/03\/27\/tiger-woods-detido-apos-acidente-de-automovel\/#primaryimage"},"image":{"@id":"https:\/\/portaltela.pt\/noticias\/2026\/03\/27\/tiger-woods-detido-apos-acidente-de-automovel\/#primaryimage"},"thumbnailUrl":"https:\/\/portaltela.pt\/s.01k8rhncp4jt1\/2026\/03\/image-1644.jpg","datePublished":"2026-03-27T21:53:00+00:00","author":{"@id":"https:\/\/portaltela.pt\/#\/schema\/person\/c4278d4a6028830caff9ee44b42d32ed"},"breadcrumb":{"@id":"https:\/\/portaltela.pt\/noticias\/2026\/03\/27\/tiger-woods-detido-apos-acidente-de-automovel\/#breadcrumb"},"inLanguage":"pt-PT","potentialAction":[{"@type":"ReadAction","target":["https:\/\/portaltela.pt\/noticias\/2026\/03\/27\/tiger-woods-detido-apos-acidente-de-automovel\/"]}]},{"@type":"ImageObject","inLanguage":"pt-PT","@id":"https:\/\/portaltela.pt\/noticias\/2026\/03\/27\/tiger-woods-detido-apos-acidente-de-automovel\/#primaryimage","url":"https:\/\/portaltela.pt\/s.01k8rhncp4jt1\/2026\/03\/image-1644.jpg","contentUrl":"https:\/\/portaltela.pt\/s.01k8rhncp4jt1\/2026\/03\/image-1644.jpg","width":796,"height":448,"caption":"Golfista Tiger Woods"},{"@type":"BreadcrumbList","@id":"https:\/\/portaltela.pt\/noticias\/2026\/03\/27\/tiger-woods-detido-apos-acidente-de-automovel\/#breadcrumb","itemListElement":[{"@type":"ListItem","position":1,"name":"In\u00edcio","item":"https:\/\/portaltela.pt\/"},{"@type":"ListItem","position":2,"name":"Tiger Woods detido ap\u00f3s acidente de autom\u00f3vel"}]},{"@type":"WebSite","@id":"https:\/\/portaltela.pt\/#website","url":"https:\/\/portaltela.pt\/","name":"Portal Tela Portugal","description":"","potentialAction":[{"@type":"SearchAction","target":{"@type":"EntryPoint","urlTemplate":"https:\/\/portaltela.pt\/?s={search_term_string}"},"query-input":{"@type":"PropertyValueSpecification","valueRequired":true,"valueName":"search_term_string"}}],"inLanguage":"pt-PT"},{"@type":"Person","@id":"https:\/\/portaltela.pt\/#\/schema\/person\/c4278d4a6028830caff9ee44b42d32ed","name":"Telinha","image":{"@type":"ImageObject","inLanguage":"pt-PT","@id":"https:\/\/portaltela.pt\/s.01k8rhncp4jt1\/2025\/11\/talking-bot-125x125.png","url":"https:\/\/portaltela.pt\/s.01k8rhncp4jt1\/2025\/11\/talking-bot-125x125.png","contentUrl":"https:\/\/portaltela.pt\/s.01k8rhncp4jt1\/2025\/11\/talking-bot-125x125.png","caption":"Telinha"},"sameAs":["https:\/\/portaltela.pt\/"],"url":"https:\/\/portaltela.pt\/por\/367410592786\/"}]}},"_links":{"self":[{"href":"https:\/\/portaltela.pt\/api\/wp\/v2\/posts\/424453","targetHints":{"allow":["GET"]}}],"collection":[{"href":"https:\/\/portaltela.pt\/api\/wp\/v2\/posts"}],"about":[{"href":"https:\/\/portaltela.pt\/api\/wp\/v2\/types\/post"}],"author":[{"embeddable":true,"href":"https:\/\/portaltela.pt\/api\/wp\/v2\/users\/2"}],"replies":[{"embeddable":true,"href":"https:\/\/portaltela.pt\/api\/wp\/v2\/comments?post=424453"}],"version-history":[{"count":0,"href":"https:\/\/portaltela.pt\/api\/wp\/v2\/posts\/424453\/revisions"}],"wp:featuredmedia":[{"embeddable":true,"href":"https:\/\/portaltela.pt\/api\/wp\/v2\/media\/424455"}],"wp:attachment":[{"href":"https:\/\/portaltela.pt\/api\/wp\/v2\/media?parent=424453"}],"wp:term":[{"taxonomy":"category","embeddable":true,"href":"https:\/\/portaltela.pt\/api\/wp\/v2\/categories?post=424453"},{"taxonomy":"post_tag","embeddable":true,"href":"https:\/\/portaltela.pt\/api\/wp\/v2\/tags?post=424453"}],"curies":[{"name":"wp","href":"https:\/\/api.w.org\/{rel}","templated":true}]}}