{"id":424421,"date":"2026-03-27T18:19:00","date_gmt":"2026-03-27T21:19:00","guid":{"rendered":"https:\/\/portaltela.pt\/noticias\/2026\/03\/27\/guine-equatorial-nega-descontos-salariais-para-a-visita-do-papa\/"},"modified":"2026-03-27T18:19:00","modified_gmt":"2026-03-27T21:19:00","slug":"guine-equatorial-nega-descontos-salariais-para-a-visita-do-papa","status":"publish","type":"post","link":"https:\/\/portaltela.pt\/noticias\/internacional\/2026\/03\/27\/guine-equatorial-nega-descontos-salariais-para-a-visita-do-papa\/","title":{"rendered":"Guin\u00e9 Equatorial nega descontos salariais para a visita do Papa"},"content":{"rendered":"<p>O Governo da Guin\u00e9 Equatorial negou, em comunicado oficial, que tenha descontado verbas salariais para financiar a visita do Papa ao pa\u00eds. A defesa chega ap\u00f3s press\u00f5es e relatos de cidad\u00e3os e organiza\u00e7\u00f5es sobre custos associados \u00e0 visita papal.<\/p>\n<p>Segundo as autoridades, n\u00e3o houve qualquer reten\u00e7\u00e3o ou redu\u00e7\u00e3o de sal\u00e1rios com esse objetivo espec\u00edfico. O governo pretende manter a transpar\u00eancia sobre o uso de verbas p\u00fablicas em eventos de car\u00e1ter religioso e institucional.<\/p>\n<p>As informa\u00e7\u00f5es oficiais foram divulgadas sem indicar n\u00fameros ou fontes adicionais. N\u00e3o foram detalhadas medidas alternativas para custear a visita nem esclarecimentos sobre o or\u00e7amento envolvido.<\/p>\n","protected":false},"excerpt":{"rendered":"<ul>\n<li>Guin\u00e9 Equatorial nega que verbas dos sal\u00e1rios tenham sido descontadas para financiar a visita do Papa.<\/li>\n<li>O governo afirma que n\u00e3o houve cortes salariais destinados a esse fim.<\/li>\n<li>A posi\u00e7\u00e3o foi divulgada sem apresentar detalhes adicionais ou fontes t\u00e9cnicas.<\/li>\n<li>Mant\u00e9m-se a afirma\u00e7\u00e3o de que n\u00e3o houve altera\u00e7\u00e3o de vencimentos para a ocasi\u00e3o.<\/li>\n<li>N\u00e3o foram adicionados coment\u00e1rios sobre eventuais impactos ou controv\u00e9rsias relacionadas.<\/li>\n<\/ul>\n","protected":false},"author":2,"featured_media":424424,"comment_status":"closed","ping_status":"closed","sticky":false,"template":"","format":"standard","meta":{"footnotes":""},"categories":[4,7127],"tags":[34,2564,6000,2832,104,5708],"class_list":["post-424421","post","type-post","status-publish","format-standard","has-post-thumbnail","hentry","category-internacional","category-politica-internacional","tag-governo","tag-guine-equatorial","tag-orcamento","tag-politica","tag-religiao","tag-transparencia-publica"],"yoast_head":"<!-- This site is optimized with the Yoast SEO plugin v27.2 - https:\/\/yoast.com\/product\/yoast-seo-wordpress\/ -->\n<title>Guin\u00e9 Equatorial nega descontos salariais para a visita do Papa - Portal Tela Portugal<\/title>\n<meta name=\"robots\" content=\"index, follow, max-snippet:-1, max-image-preview:large, max-video-preview:-1\" \/>\n<meta property=\"og:locale\" content=\"pt_PT\" \/>\n<meta property=\"og:type\" content=\"article\" \/>\n<meta property=\"og:title\" content=\"Guin\u00e9 Equatorial nega descontos salariais para a visita do Papa - Portal Tela Portugal\" \/>\n<meta property=\"og:description\" content=\"Guin\u00e9 Equatorial nega que verbas dos sal\u00e1rios tenham sido descontadas para financiar a visita do Papa. O governo afirma que n\u00e3o houve cortes salariais destinados a esse fim. A posi\u00e7\u00e3o foi divulgada sem apresentar detalhes adicionais ou fontes t\u00e9cnicas. Mant\u00e9m-se a afirma\u00e7\u00e3o de que n\u00e3o houve altera\u00e7\u00e3o de vencimentos para a ocasi\u00e3o. N\u00e3o foram adicionados coment\u00e1rios sobre eventuais impactos ou controv\u00e9rsias relacionadas.\" \/>\n<meta property=\"og:url\" content=\"https:\/\/portaltela.pt\/noticias\/2026\/03\/27\/guine-equatorial-nega-descontos-salariais-para-a-visita-do-papa\/\" \/>\n<meta property=\"og:site_name\" content=\"Portal Tela Portugal\" \/>\n<meta property=\"article:published_time\" content=\"2026-03-27T21:19:00+00:00\" \/>\n<meta name=\"author\" content=\"Telinha\" \/>\n<meta name=\"twitter:card\" content=\"summary_large_image\" \/>\n<meta name=\"twitter:label1\" content=\"Escrito por\" \/>\n\t<meta name=\"twitter:data1\" content=\"Telinha\" \/>\n\t<meta name=\"twitter:label2\" content=\"Tempo estimado de leitura\" \/>\n\t<meta name=\"twitter:data2\" content=\"1 minuto\" \/>\n<script type=\"application\/ld+json\" class=\"yoast-schema-graph\">{\"@context\":\"https:\/\/schema.org\",\"@graph\":[{\"@type\":\"Article\",\"@id\":\"https:\/\/portaltela.pt\/noticias\/2026\/03\/27\/guine-equatorial-nega-descontos-salariais-para-a-visita-do-papa\/#article\",\"isPartOf\":{\"@id\":\"https:\/\/portaltela.pt\/noticias\/2026\/03\/27\/guine-equatorial-nega-descontos-salariais-para-a-visita-do-papa\/\"},\"author\":{\"name\":\"Telinha\",\"@id\":\"https:\/\/portaltela.pt\/#\/schema\/person\/c4278d4a6028830caff9ee44b42d32ed\"},\"headline\":\"Guin\u00e9 Equatorial nega descontos salariais para a visita do Papa\",\"datePublished\":\"2026-03-27T21:19:00+00:00\",\"mainEntityOfPage\":{\"@id\":\"https:\/\/portaltela.pt\/noticias\/2026\/03\/27\/guine-equatorial-nega-descontos-salariais-para-a-visita-do-papa\/\"},\"wordCount\":125,\"image\":{\"@id\":\"https:\/\/portaltela.pt\/noticias\/2026\/03\/27\/guine-equatorial-nega-descontos-salariais-para-a-visita-do-papa\/#primaryimage\"},\"thumbnailUrl\":\"https:\/\/portaltela.pt\/s.01k8rhncp4jt1\/2026\/03\/CACHE_780X1200_ANALOG_WATERMARKED_46821264_7043146291533.jpg\",\"keywords\":[\"governo\",\"Guin\u00e9 Equatorial\",\"or\u00e7amento\",\"pol\u00edtica\",\"religi\u00e3o\",\"transpar\u00eancia p\u00fablica\"],\"articleSection\":[\"Internacional\",\"Pol\u00edtica Internacional\"],\"inLanguage\":\"pt-PT\"},{\"@type\":\"WebPage\",\"@id\":\"https:\/\/portaltela.pt\/noticias\/2026\/03\/27\/guine-equatorial-nega-descontos-salariais-para-a-visita-do-papa\/\",\"url\":\"https:\/\/portaltela.pt\/noticias\/2026\/03\/27\/guine-equatorial-nega-descontos-salariais-para-a-visita-do-papa\/\",\"name\":\"Guin\u00e9 Equatorial nega descontos salariais para a visita do Papa - Portal Tela Portugal\",\"isPartOf\":{\"@id\":\"https:\/\/portaltela.pt\/#website\"},\"primaryImageOfPage\":{\"@id\":\"https:\/\/portaltela.pt\/noticias\/2026\/03\/27\/guine-equatorial-nega-descontos-salariais-para-a-visita-do-papa\/#primaryimage\"},\"image\":{\"@id\":\"https:\/\/portaltela.pt\/noticias\/2026\/03\/27\/guine-equatorial-nega-descontos-salariais-para-a-visita-do-papa\/#primaryimage\"},\"thumbnailUrl\":\"https:\/\/portaltela.pt\/s.01k8rhncp4jt1\/2026\/03\/CACHE_780X1200_ANALOG_WATERMARKED_46821264_7043146291533.jpg\",\"datePublished\":\"2026-03-27T21:19:00+00:00\",\"author\":{\"@id\":\"https:\/\/portaltela.pt\/#\/schema\/person\/c4278d4a6028830caff9ee44b42d32ed\"},\"breadcrumb\":{\"@id\":\"https:\/\/portaltela.pt\/noticias\/2026\/03\/27\/guine-equatorial-nega-descontos-salariais-para-a-visita-do-papa\/#breadcrumb\"},\"inLanguage\":\"pt-PT\",\"potentialAction\":[{\"@type\":\"ReadAction\",\"target\":[\"https:\/\/portaltela.pt\/noticias\/2026\/03\/27\/guine-equatorial-nega-descontos-salariais-para-a-visita-do-papa\/\"]}]},{\"@type\":\"ImageObject\",\"inLanguage\":\"pt-PT\",\"@id\":\"https:\/\/portaltela.pt\/noticias\/2026\/03\/27\/guine-equatorial-nega-descontos-salariais-para-a-visita-do-papa\/#primaryimage\",\"url\":\"https:\/\/portaltela.pt\/s.01k8rhncp4jt1\/2026\/03\/CACHE_780X1200_ANALOG_WATERMARKED_46821264_7043146291533.jpg\",\"contentUrl\":\"https:\/\/portaltela.pt\/s.01k8rhncp4jt1\/2026\/03\/CACHE_780X1200_ANALOG_WATERMARKED_46821264_7043146291533.jpg\",\"width\":796,\"height\":448,\"caption\":\"Photo\"},{\"@type\":\"BreadcrumbList\",\"@id\":\"https:\/\/portaltela.pt\/noticias\/2026\/03\/27\/guine-equatorial-nega-descontos-salariais-para-a-visita-do-papa\/#breadcrumb\",\"itemListElement\":[{\"@type\":\"ListItem\",\"position\":1,\"name\":\"In\u00edcio\",\"item\":\"https:\/\/portaltela.pt\/\"},{\"@type\":\"ListItem\",\"position\":2,\"name\":\"Guin\u00e9 Equatorial nega descontos salariais para a visita do Papa\"}]},{\"@type\":\"WebSite\",\"@id\":\"https:\/\/portaltela.pt\/#website\",\"url\":\"https:\/\/portaltela.pt\/\",\"name\":\"Portal Tela Portugal\",\"description\":\"\",\"potentialAction\":[{\"@type\":\"SearchAction\",\"target\":{\"@type\":\"EntryPoint\",\"urlTemplate\":\"https:\/\/portaltela.pt\/?s={search_term_string}\"},\"query-input\":{\"@type\":\"PropertyValueSpecification\",\"valueRequired\":true,\"valueName\":\"search_term_string\"}}],\"inLanguage\":\"pt-PT\"},{\"@type\":\"Person\",\"@id\":\"https:\/\/portaltela.pt\/#\/schema\/person\/c4278d4a6028830caff9ee44b42d32ed\",\"name\":\"Telinha\",\"image\":{\"@type\":\"ImageObject\",\"inLanguage\":\"pt-PT\",\"@id\":\"https:\/\/portaltela.pt\/s.01k8rhncp4jt1\/2025\/11\/talking-bot-125x125.png\",\"url\":\"https:\/\/portaltela.pt\/s.01k8rhncp4jt1\/2025\/11\/talking-bot-125x125.png\",\"contentUrl\":\"https:\/\/portaltela.pt\/s.01k8rhncp4jt1\/2025\/11\/talking-bot-125x125.png\",\"caption\":\"Telinha\"},\"sameAs\":[\"https:\/\/portaltela.pt\/\"],\"url\":\"https:\/\/portaltela.pt\/por\/367410592786\/\"}]}<\/script>\n<!-- \/ Yoast SEO plugin. -->","yoast_head_json":{"title":"Guin\u00e9 Equatorial nega descontos salariais para a visita do Papa - Portal Tela Portugal","robots":{"index":"index","follow":"follow","max-snippet":"max-snippet:-1","max-image-preview":"max-image-preview:large","max-video-preview":"max-video-preview:-1"},"og_locale":"pt_PT","og_type":"article","og_title":"Guin\u00e9 Equatorial nega descontos salariais para a visita do Papa - Portal Tela Portugal","og_description":"Guin\u00e9 Equatorial nega que verbas dos sal\u00e1rios tenham sido descontadas para financiar a visita do Papa. O governo afirma que n\u00e3o houve cortes salariais destinados a esse fim. A posi\u00e7\u00e3o foi divulgada sem apresentar detalhes adicionais ou fontes t\u00e9cnicas. Mant\u00e9m-se a afirma\u00e7\u00e3o de que n\u00e3o houve altera\u00e7\u00e3o de vencimentos para a ocasi\u00e3o. N\u00e3o foram adicionados coment\u00e1rios sobre eventuais impactos ou controv\u00e9rsias relacionadas.","og_url":"https:\/\/portaltela.pt\/noticias\/2026\/03\/27\/guine-equatorial-nega-descontos-salariais-para-a-visita-do-papa\/","og_site_name":"Portal Tela Portugal","article_published_time":"2026-03-27T21:19:00+00:00","author":"Telinha","twitter_card":"summary_large_image","twitter_misc":{"Escrito por":"Telinha","Tempo estimado de leitura":"1 minuto"},"schema":{"@context":"https:\/\/schema.org","@graph":[{"@type":"Article","@id":"https:\/\/portaltela.pt\/noticias\/2026\/03\/27\/guine-equatorial-nega-descontos-salariais-para-a-visita-do-papa\/#article","isPartOf":{"@id":"https:\/\/portaltela.pt\/noticias\/2026\/03\/27\/guine-equatorial-nega-descontos-salariais-para-a-visita-do-papa\/"},"author":{"name":"Telinha","@id":"https:\/\/portaltela.pt\/#\/schema\/person\/c4278d4a6028830caff9ee44b42d32ed"},"headline":"Guin\u00e9 Equatorial nega descontos salariais para a visita do Papa","datePublished":"2026-03-27T21:19:00+00:00","mainEntityOfPage":{"@id":"https:\/\/portaltela.pt\/noticias\/2026\/03\/27\/guine-equatorial-nega-descontos-salariais-para-a-visita-do-papa\/"},"wordCount":125,"image":{"@id":"https:\/\/portaltela.pt\/noticias\/2026\/03\/27\/guine-equatorial-nega-descontos-salariais-para-a-visita-do-papa\/#primaryimage"},"thumbnailUrl":"https:\/\/portaltela.pt\/s.01k8rhncp4jt1\/2026\/03\/CACHE_780X1200_ANALOG_WATERMARKED_46821264_7043146291533.jpg","keywords":["governo","Guin\u00e9 Equatorial","or\u00e7amento","pol\u00edtica","religi\u00e3o","transpar\u00eancia p\u00fablica"],"articleSection":["Internacional","Pol\u00edtica Internacional"],"inLanguage":"pt-PT"},{"@type":"WebPage","@id":"https:\/\/portaltela.pt\/noticias\/2026\/03\/27\/guine-equatorial-nega-descontos-salariais-para-a-visita-do-papa\/","url":"https:\/\/portaltela.pt\/noticias\/2026\/03\/27\/guine-equatorial-nega-descontos-salariais-para-a-visita-do-papa\/","name":"Guin\u00e9 Equatorial nega descontos salariais para a visita do Papa - Portal Tela Portugal","isPartOf":{"@id":"https:\/\/portaltela.pt\/#website"},"primaryImageOfPage":{"@id":"https:\/\/portaltela.pt\/noticias\/2026\/03\/27\/guine-equatorial-nega-descontos-salariais-para-a-visita-do-papa\/#primaryimage"},"image":{"@id":"https:\/\/portaltela.pt\/noticias\/2026\/03\/27\/guine-equatorial-nega-descontos-salariais-para-a-visita-do-papa\/#primaryimage"},"thumbnailUrl":"https:\/\/portaltela.pt\/s.01k8rhncp4jt1\/2026\/03\/CACHE_780X1200_ANALOG_WATERMARKED_46821264_7043146291533.jpg","datePublished":"2026-03-27T21:19:00+00:00","author":{"@id":"https:\/\/portaltela.pt\/#\/schema\/person\/c4278d4a6028830caff9ee44b42d32ed"},"breadcrumb":{"@id":"https:\/\/portaltela.pt\/noticias\/2026\/03\/27\/guine-equatorial-nega-descontos-salariais-para-a-visita-do-papa\/#breadcrumb"},"inLanguage":"pt-PT","potentialAction":[{"@type":"ReadAction","target":["https:\/\/portaltela.pt\/noticias\/2026\/03\/27\/guine-equatorial-nega-descontos-salariais-para-a-visita-do-papa\/"]}]},{"@type":"ImageObject","inLanguage":"pt-PT","@id":"https:\/\/portaltela.pt\/noticias\/2026\/03\/27\/guine-equatorial-nega-descontos-salariais-para-a-visita-do-papa\/#primaryimage","url":"https:\/\/portaltela.pt\/s.01k8rhncp4jt1\/2026\/03\/CACHE_780X1200_ANALOG_WATERMARKED_46821264_7043146291533.jpg","contentUrl":"https:\/\/portaltela.pt\/s.01k8rhncp4jt1\/2026\/03\/CACHE_780X1200_ANALOG_WATERMARKED_46821264_7043146291533.jpg","width":796,"height":448,"caption":"Photo"},{"@type":"BreadcrumbList","@id":"https:\/\/portaltela.pt\/noticias\/2026\/03\/27\/guine-equatorial-nega-descontos-salariais-para-a-visita-do-papa\/#breadcrumb","itemListElement":[{"@type":"ListItem","position":1,"name":"In\u00edcio","item":"https:\/\/portaltela.pt\/"},{"@type":"ListItem","position":2,"name":"Guin\u00e9 Equatorial nega descontos salariais para a visita do Papa"}]},{"@type":"WebSite","@id":"https:\/\/portaltela.pt\/#website","url":"https:\/\/portaltela.pt\/","name":"Portal Tela Portugal","description":"","potentialAction":[{"@type":"SearchAction","target":{"@type":"EntryPoint","urlTemplate":"https:\/\/portaltela.pt\/?s={search_term_string}"},"query-input":{"@type":"PropertyValueSpecification","valueRequired":true,"valueName":"search_term_string"}}],"inLanguage":"pt-PT"},{"@type":"Person","@id":"https:\/\/portaltela.pt\/#\/schema\/person\/c4278d4a6028830caff9ee44b42d32ed","name":"Telinha","image":{"@type":"ImageObject","inLanguage":"pt-PT","@id":"https:\/\/portaltela.pt\/s.01k8rhncp4jt1\/2025\/11\/talking-bot-125x125.png","url":"https:\/\/portaltela.pt\/s.01k8rhncp4jt1\/2025\/11\/talking-bot-125x125.png","contentUrl":"https:\/\/portaltela.pt\/s.01k8rhncp4jt1\/2025\/11\/talking-bot-125x125.png","caption":"Telinha"},"sameAs":["https:\/\/portaltela.pt\/"],"url":"https:\/\/portaltela.pt\/por\/367410592786\/"}]}},"_links":{"self":[{"href":"https:\/\/portaltela.pt\/api\/wp\/v2\/posts\/424421","targetHints":{"allow":["GET"]}}],"collection":[{"href":"https:\/\/portaltela.pt\/api\/wp\/v2\/posts"}],"about":[{"href":"https:\/\/portaltela.pt\/api\/wp\/v2\/types\/post"}],"author":[{"embeddable":true,"href":"https:\/\/portaltela.pt\/api\/wp\/v2\/users\/2"}],"replies":[{"embeddable":true,"href":"https:\/\/portaltela.pt\/api\/wp\/v2\/comments?post=424421"}],"version-history":[{"count":0,"href":"https:\/\/portaltela.pt\/api\/wp\/v2\/posts\/424421\/revisions"}],"wp:featuredmedia":[{"embeddable":true,"href":"https:\/\/portaltela.pt\/api\/wp\/v2\/media\/424424"}],"wp:attachment":[{"href":"https:\/\/portaltela.pt\/api\/wp\/v2\/media?parent=424421"}],"wp:term":[{"taxonomy":"category","embeddable":true,"href":"https:\/\/portaltela.pt\/api\/wp\/v2\/categories?post=424421"},{"taxonomy":"post_tag","embeddable":true,"href":"https:\/\/portaltela.pt\/api\/wp\/v2\/tags?post=424421"}],"curies":[{"name":"wp","href":"https:\/\/api.w.org\/{rel}","templated":true}]}}