{"id":424412,"date":"2026-03-27T17:47:48","date_gmt":"2026-03-27T20:47:48","guid":{"rendered":"https:\/\/portaltela.pt\/noticias\/2026\/03\/27\/sergio-conceicao-ja-conhece-o-primeiro-neto\/"},"modified":"2026-03-27T17:47:48","modified_gmt":"2026-03-27T20:47:48","slug":"sergio-conceicao-ja-conhece-o-primeiro-neto","status":"publish","type":"post","link":"https:\/\/portaltela.pt\/celebridades\/2026\/03\/27\/sergio-conceicao-ja-conhece-o-primeiro-neto\/","title":{"rendered":"S\u00e9rgio Concei\u00e7\u00e3o j\u00e1 conhece o primeiro neto"},"content":{"rendered":"<p>S\u00e9rgio Concei\u00e7\u00e3o, atual treinador do Al Ittihad, regressou a Portugal por uma raz\u00e3o especial: conheceu o seu primeiro neto, filho de Rodrigo Concei\u00e7\u00e3o, jogador do Tondela. A fam\u00edlia descreve o momento como emocionante, vivido de forma discreta.<\/p>\n<p>A not\u00edcia da chegada do neto ganhou contornos emocionais, com a fam\u00edlia a manter o momento entre poucos pr\u00f3ximos. O t\u00e9cnico tem mostrado como \u00e9 reservado nas iniciativas pessoais.<\/p>\n<p>Durante a passagem pelo pa\u00eds, Concei\u00e7\u00e3o aproveitou para revisitar locais de elei\u00e7\u00e3o, entre eles o restaurante Rei dos Leit\u00f5es, na Mealhada. O estabelecimento confirmou a visita e partilhou o registo com orgulho.<\/p>\n<h3>Detalhes da visita familiar<\/h3>\n<p>N\u00e3o foram divulgados pormenores sobre a data de nascimento nem sobre o tempo que passou em Portugal. A imprensa local especula que o regresso tenha ocorrido em per\u00edodos de pausa na agenda do clube saudita.<\/p>\n<p>A not\u00edcia consolida a rela\u00e7\u00e3o pr\u00f3xima entre S\u00e9rgio Concei\u00e7\u00e3o e a fam\u00edlia, sem indicar impactos profissionais na sua fun\u00e7\u00e3o no Al Ittihad. O clube n\u00e3o se pronunciou sobre o assunto.<\/p>\n","protected":false},"excerpt":{"rendered":"<ul>\n<li>O treinador S\u00e9rgio Concei\u00e7\u00e3o, \u00e0 frente do Al Ittihad, regressou a Portugal para conhecer o seu primeiro neto, filho de Rodrigo Concei\u00e7\u00e3o, jogador do Tondela.<\/li>\n<li>A chegada do neto foi vivida com emo\u00e7\u00e3o pela fam\u00edlia, de forma discreta.<\/li>\n<li>Mesmo com a agenda preenchida, Concei\u00e7\u00e3o esteve junto dos familiares para celebrar o momento.<\/li>\n<li>Durante a passagem por Portugal, o t\u00e9cnico revisitou locais de elei\u00e7\u00e3o, incluindo o restaurante Rei dos Leit\u00f5es, na Mealhada, que divulgou a visita.<\/li>\n<li>O regresso \u00e0 boleia da not\u00edcia esteve acompanhado de registos partilhados pela imprensa e pelos profissionais do restaurante.<\/li>\n<\/ul>\n","protected":false},"author":2,"featured_media":424414,"comment_status":"closed","ping_status":"closed","sticky":false,"template":"","format":"standard","meta":{"footnotes":""},"categories":[6675],"tags":[152,64,32,1316,5661,1014],"class_list":["post-424412","post","type-post","status-publish","format-standard","has-post-thumbnail","hentry","category-celebridades","tag-desporto","tag-familia","tag-futebol","tag-mealhada","tag-pessoas-publicas","tag-portugal"],"yoast_head":"<!-- This site is optimized with the Yoast SEO plugin v27.2 - https:\/\/yoast.com\/product\/yoast-seo-wordpress\/ -->\n<title>S\u00e9rgio Concei\u00e7\u00e3o j\u00e1 conhece o primeiro neto - Portal Tela Portugal<\/title>\n<meta name=\"robots\" content=\"index, follow, max-snippet:-1, max-image-preview:large, max-video-preview:-1\" \/>\n<meta property=\"og:locale\" content=\"pt_PT\" \/>\n<meta property=\"og:type\" content=\"article\" \/>\n<meta property=\"og:title\" content=\"S\u00e9rgio Concei\u00e7\u00e3o j\u00e1 conhece o primeiro neto - Portal Tela Portugal\" \/>\n<meta property=\"og:description\" content=\"O treinador S\u00e9rgio Concei\u00e7\u00e3o, \u00e0 frente do Al Ittihad, regressou a Portugal para conhecer o seu primeiro neto, filho de Rodrigo Concei\u00e7\u00e3o, jogador do Tondela. A chegada do neto foi vivida com emo\u00e7\u00e3o pela fam\u00edlia, de forma discreta. Mesmo com a agenda preenchida, Concei\u00e7\u00e3o esteve junto dos familiares para celebrar o momento. Durante a passagem por Portugal, o t\u00e9cnico revisitou locais de elei\u00e7\u00e3o, incluindo o restaurante Rei dos Leit\u00f5es, na Mealhada, que divulgou a visita. O regresso \u00e0 boleia da not\u00edcia esteve acompanhado de registos partilhados pela imprensa e pelos profissionais do restaurante.\" \/>\n<meta property=\"og:url\" content=\"https:\/\/portaltela.pt\/noticias\/2026\/03\/27\/sergio-conceicao-ja-conhece-o-primeiro-neto\/\" \/>\n<meta property=\"og:site_name\" content=\"Portal Tela Portugal\" \/>\n<meta property=\"article:published_time\" content=\"2026-03-27T20:47:48+00:00\" \/>\n<meta name=\"author\" content=\"Telinha\" \/>\n<meta name=\"twitter:card\" content=\"summary_large_image\" \/>\n<meta name=\"twitter:label1\" content=\"Escrito por\" \/>\n\t<meta name=\"twitter:data1\" content=\"Telinha\" \/>\n\t<meta name=\"twitter:label2\" content=\"Tempo estimado de leitura\" \/>\n\t<meta name=\"twitter:data2\" content=\"1 minuto\" \/>\n<script type=\"application\/ld+json\" class=\"yoast-schema-graph\">{\"@context\":\"https:\/\/schema.org\",\"@graph\":[{\"@type\":\"Article\",\"@id\":\"https:\/\/portaltela.pt\/noticias\/2026\/03\/27\/sergio-conceicao-ja-conhece-o-primeiro-neto\/#article\",\"isPartOf\":{\"@id\":\"https:\/\/portaltela.pt\/noticias\/2026\/03\/27\/sergio-conceicao-ja-conhece-o-primeiro-neto\/\"},\"author\":{\"name\":\"Telinha\",\"@id\":\"https:\/\/portaltela.pt\/#\/schema\/person\/c4278d4a6028830caff9ee44b42d32ed\"},\"headline\":\"S\u00e9rgio Concei\u00e7\u00e3o j\u00e1 conhece o primeiro neto\",\"datePublished\":\"2026-03-27T20:47:48+00:00\",\"mainEntityOfPage\":{\"@id\":\"https:\/\/portaltela.pt\/noticias\/2026\/03\/27\/sergio-conceicao-ja-conhece-o-primeiro-neto\/\"},\"wordCount\":198,\"image\":{\"@id\":\"https:\/\/portaltela.pt\/noticias\/2026\/03\/27\/sergio-conceicao-ja-conhece-o-primeiro-neto\/#primaryimage\"},\"thumbnailUrl\":\"https:\/\/portaltela.pt\/s.01k8rhncp4jt1\/2026\/03\/img_1280x718uu2025-10-08-16-21-34-2240246.jpg\",\"keywords\":[\"desporto\",\"fam\u00edlia\",\"futebol\",\"Mealhada\",\"pessoas p\u00fablicas\",\"Portugal\"],\"articleSection\":[\"Celebridades\"],\"inLanguage\":\"pt-PT\"},{\"@type\":\"WebPage\",\"@id\":\"https:\/\/portaltela.pt\/noticias\/2026\/03\/27\/sergio-conceicao-ja-conhece-o-primeiro-neto\/\",\"url\":\"https:\/\/portaltela.pt\/noticias\/2026\/03\/27\/sergio-conceicao-ja-conhece-o-primeiro-neto\/\",\"name\":\"S\u00e9rgio Concei\u00e7\u00e3o j\u00e1 conhece o primeiro neto - Portal Tela Portugal\",\"isPartOf\":{\"@id\":\"https:\/\/portaltela.pt\/#website\"},\"primaryImageOfPage\":{\"@id\":\"https:\/\/portaltela.pt\/noticias\/2026\/03\/27\/sergio-conceicao-ja-conhece-o-primeiro-neto\/#primaryimage\"},\"image\":{\"@id\":\"https:\/\/portaltela.pt\/noticias\/2026\/03\/27\/sergio-conceicao-ja-conhece-o-primeiro-neto\/#primaryimage\"},\"thumbnailUrl\":\"https:\/\/portaltela.pt\/s.01k8rhncp4jt1\/2026\/03\/img_1280x718uu2025-10-08-16-21-34-2240246.jpg\",\"datePublished\":\"2026-03-27T20:47:48+00:00\",\"author\":{\"@id\":\"https:\/\/portaltela.pt\/#\/schema\/person\/c4278d4a6028830caff9ee44b42d32ed\"},\"breadcrumb\":{\"@id\":\"https:\/\/portaltela.pt\/noticias\/2026\/03\/27\/sergio-conceicao-ja-conhece-o-primeiro-neto\/#breadcrumb\"},\"inLanguage\":\"pt-PT\",\"potentialAction\":[{\"@type\":\"ReadAction\",\"target\":[\"https:\/\/portaltela.pt\/noticias\/2026\/03\/27\/sergio-conceicao-ja-conhece-o-primeiro-neto\/\"]}]},{\"@type\":\"ImageObject\",\"inLanguage\":\"pt-PT\",\"@id\":\"https:\/\/portaltela.pt\/noticias\/2026\/03\/27\/sergio-conceicao-ja-conhece-o-primeiro-neto\/#primaryimage\",\"url\":\"https:\/\/portaltela.pt\/s.01k8rhncp4jt1\/2026\/03\/img_1280x718uu2025-10-08-16-21-34-2240246.jpg\",\"contentUrl\":\"https:\/\/portaltela.pt\/s.01k8rhncp4jt1\/2026\/03\/img_1280x718uu2025-10-08-16-21-34-2240246.jpg\",\"width\":796,\"height\":448,\"caption\":\"S\u00e9rgio Concei\u00e7\u00e3o d\u00e1 instru\u00e7\u00f5es aos jogadores do Milan\"},{\"@type\":\"BreadcrumbList\",\"@id\":\"https:\/\/portaltela.pt\/noticias\/2026\/03\/27\/sergio-conceicao-ja-conhece-o-primeiro-neto\/#breadcrumb\",\"itemListElement\":[{\"@type\":\"ListItem\",\"position\":1,\"name\":\"In\u00edcio\",\"item\":\"https:\/\/portaltela.pt\/\"},{\"@type\":\"ListItem\",\"position\":2,\"name\":\"S\u00e9rgio Concei\u00e7\u00e3o j\u00e1 conhece o primeiro neto\"}]},{\"@type\":\"WebSite\",\"@id\":\"https:\/\/portaltela.pt\/#website\",\"url\":\"https:\/\/portaltela.pt\/\",\"name\":\"Portal Tela Portugal\",\"description\":\"\",\"potentialAction\":[{\"@type\":\"SearchAction\",\"target\":{\"@type\":\"EntryPoint\",\"urlTemplate\":\"https:\/\/portaltela.pt\/?s={search_term_string}\"},\"query-input\":{\"@type\":\"PropertyValueSpecification\",\"valueRequired\":true,\"valueName\":\"search_term_string\"}}],\"inLanguage\":\"pt-PT\"},{\"@type\":\"Person\",\"@id\":\"https:\/\/portaltela.pt\/#\/schema\/person\/c4278d4a6028830caff9ee44b42d32ed\",\"name\":\"Telinha\",\"image\":{\"@type\":\"ImageObject\",\"inLanguage\":\"pt-PT\",\"@id\":\"https:\/\/portaltela.pt\/s.01k8rhncp4jt1\/2025\/11\/talking-bot-125x125.png\",\"url\":\"https:\/\/portaltela.pt\/s.01k8rhncp4jt1\/2025\/11\/talking-bot-125x125.png\",\"contentUrl\":\"https:\/\/portaltela.pt\/s.01k8rhncp4jt1\/2025\/11\/talking-bot-125x125.png\",\"caption\":\"Telinha\"},\"sameAs\":[\"https:\/\/portaltela.pt\/\"],\"url\":\"https:\/\/portaltela.pt\/por\/367410592786\/\"}]}<\/script>\n<!-- \/ Yoast SEO plugin. -->","yoast_head_json":{"title":"S\u00e9rgio Concei\u00e7\u00e3o j\u00e1 conhece o primeiro neto - Portal Tela Portugal","robots":{"index":"index","follow":"follow","max-snippet":"max-snippet:-1","max-image-preview":"max-image-preview:large","max-video-preview":"max-video-preview:-1"},"og_locale":"pt_PT","og_type":"article","og_title":"S\u00e9rgio Concei\u00e7\u00e3o j\u00e1 conhece o primeiro neto - Portal Tela Portugal","og_description":"O treinador S\u00e9rgio Concei\u00e7\u00e3o, \u00e0 frente do Al Ittihad, regressou a Portugal para conhecer o seu primeiro neto, filho de Rodrigo Concei\u00e7\u00e3o, jogador do Tondela. A chegada do neto foi vivida com emo\u00e7\u00e3o pela fam\u00edlia, de forma discreta. Mesmo com a agenda preenchida, Concei\u00e7\u00e3o esteve junto dos familiares para celebrar o momento. Durante a passagem por Portugal, o t\u00e9cnico revisitou locais de elei\u00e7\u00e3o, incluindo o restaurante Rei dos Leit\u00f5es, na Mealhada, que divulgou a visita. O regresso \u00e0 boleia da not\u00edcia esteve acompanhado de registos partilhados pela imprensa e pelos profissionais do restaurante.","og_url":"https:\/\/portaltela.pt\/noticias\/2026\/03\/27\/sergio-conceicao-ja-conhece-o-primeiro-neto\/","og_site_name":"Portal Tela Portugal","article_published_time":"2026-03-27T20:47:48+00:00","author":"Telinha","twitter_card":"summary_large_image","twitter_misc":{"Escrito por":"Telinha","Tempo estimado de leitura":"1 minuto"},"schema":{"@context":"https:\/\/schema.org","@graph":[{"@type":"Article","@id":"https:\/\/portaltela.pt\/noticias\/2026\/03\/27\/sergio-conceicao-ja-conhece-o-primeiro-neto\/#article","isPartOf":{"@id":"https:\/\/portaltela.pt\/noticias\/2026\/03\/27\/sergio-conceicao-ja-conhece-o-primeiro-neto\/"},"author":{"name":"Telinha","@id":"https:\/\/portaltela.pt\/#\/schema\/person\/c4278d4a6028830caff9ee44b42d32ed"},"headline":"S\u00e9rgio Concei\u00e7\u00e3o j\u00e1 conhece o primeiro neto","datePublished":"2026-03-27T20:47:48+00:00","mainEntityOfPage":{"@id":"https:\/\/portaltela.pt\/noticias\/2026\/03\/27\/sergio-conceicao-ja-conhece-o-primeiro-neto\/"},"wordCount":198,"image":{"@id":"https:\/\/portaltela.pt\/noticias\/2026\/03\/27\/sergio-conceicao-ja-conhece-o-primeiro-neto\/#primaryimage"},"thumbnailUrl":"https:\/\/portaltela.pt\/s.01k8rhncp4jt1\/2026\/03\/img_1280x718uu2025-10-08-16-21-34-2240246.jpg","keywords":["desporto","fam\u00edlia","futebol","Mealhada","pessoas p\u00fablicas","Portugal"],"articleSection":["Celebridades"],"inLanguage":"pt-PT"},{"@type":"WebPage","@id":"https:\/\/portaltela.pt\/noticias\/2026\/03\/27\/sergio-conceicao-ja-conhece-o-primeiro-neto\/","url":"https:\/\/portaltela.pt\/noticias\/2026\/03\/27\/sergio-conceicao-ja-conhece-o-primeiro-neto\/","name":"S\u00e9rgio Concei\u00e7\u00e3o j\u00e1 conhece o primeiro neto - Portal Tela Portugal","isPartOf":{"@id":"https:\/\/portaltela.pt\/#website"},"primaryImageOfPage":{"@id":"https:\/\/portaltela.pt\/noticias\/2026\/03\/27\/sergio-conceicao-ja-conhece-o-primeiro-neto\/#primaryimage"},"image":{"@id":"https:\/\/portaltela.pt\/noticias\/2026\/03\/27\/sergio-conceicao-ja-conhece-o-primeiro-neto\/#primaryimage"},"thumbnailUrl":"https:\/\/portaltela.pt\/s.01k8rhncp4jt1\/2026\/03\/img_1280x718uu2025-10-08-16-21-34-2240246.jpg","datePublished":"2026-03-27T20:47:48+00:00","author":{"@id":"https:\/\/portaltela.pt\/#\/schema\/person\/c4278d4a6028830caff9ee44b42d32ed"},"breadcrumb":{"@id":"https:\/\/portaltela.pt\/noticias\/2026\/03\/27\/sergio-conceicao-ja-conhece-o-primeiro-neto\/#breadcrumb"},"inLanguage":"pt-PT","potentialAction":[{"@type":"ReadAction","target":["https:\/\/portaltela.pt\/noticias\/2026\/03\/27\/sergio-conceicao-ja-conhece-o-primeiro-neto\/"]}]},{"@type":"ImageObject","inLanguage":"pt-PT","@id":"https:\/\/portaltela.pt\/noticias\/2026\/03\/27\/sergio-conceicao-ja-conhece-o-primeiro-neto\/#primaryimage","url":"https:\/\/portaltela.pt\/s.01k8rhncp4jt1\/2026\/03\/img_1280x718uu2025-10-08-16-21-34-2240246.jpg","contentUrl":"https:\/\/portaltela.pt\/s.01k8rhncp4jt1\/2026\/03\/img_1280x718uu2025-10-08-16-21-34-2240246.jpg","width":796,"height":448,"caption":"S\u00e9rgio Concei\u00e7\u00e3o d\u00e1 instru\u00e7\u00f5es aos jogadores do Milan"},{"@type":"BreadcrumbList","@id":"https:\/\/portaltela.pt\/noticias\/2026\/03\/27\/sergio-conceicao-ja-conhece-o-primeiro-neto\/#breadcrumb","itemListElement":[{"@type":"ListItem","position":1,"name":"In\u00edcio","item":"https:\/\/portaltela.pt\/"},{"@type":"ListItem","position":2,"name":"S\u00e9rgio Concei\u00e7\u00e3o j\u00e1 conhece o primeiro neto"}]},{"@type":"WebSite","@id":"https:\/\/portaltela.pt\/#website","url":"https:\/\/portaltela.pt\/","name":"Portal Tela Portugal","description":"","potentialAction":[{"@type":"SearchAction","target":{"@type":"EntryPoint","urlTemplate":"https:\/\/portaltela.pt\/?s={search_term_string}"},"query-input":{"@type":"PropertyValueSpecification","valueRequired":true,"valueName":"search_term_string"}}],"inLanguage":"pt-PT"},{"@type":"Person","@id":"https:\/\/portaltela.pt\/#\/schema\/person\/c4278d4a6028830caff9ee44b42d32ed","name":"Telinha","image":{"@type":"ImageObject","inLanguage":"pt-PT","@id":"https:\/\/portaltela.pt\/s.01k8rhncp4jt1\/2025\/11\/talking-bot-125x125.png","url":"https:\/\/portaltela.pt\/s.01k8rhncp4jt1\/2025\/11\/talking-bot-125x125.png","contentUrl":"https:\/\/portaltela.pt\/s.01k8rhncp4jt1\/2025\/11\/talking-bot-125x125.png","caption":"Telinha"},"sameAs":["https:\/\/portaltela.pt\/"],"url":"https:\/\/portaltela.pt\/por\/367410592786\/"}]}},"_links":{"self":[{"href":"https:\/\/portaltela.pt\/api\/wp\/v2\/posts\/424412","targetHints":{"allow":["GET"]}}],"collection":[{"href":"https:\/\/portaltela.pt\/api\/wp\/v2\/posts"}],"about":[{"href":"https:\/\/portaltela.pt\/api\/wp\/v2\/types\/post"}],"author":[{"embeddable":true,"href":"https:\/\/portaltela.pt\/api\/wp\/v2\/users\/2"}],"replies":[{"embeddable":true,"href":"https:\/\/portaltela.pt\/api\/wp\/v2\/comments?post=424412"}],"version-history":[{"count":0,"href":"https:\/\/portaltela.pt\/api\/wp\/v2\/posts\/424412\/revisions"}],"wp:featuredmedia":[{"embeddable":true,"href":"https:\/\/portaltela.pt\/api\/wp\/v2\/media\/424414"}],"wp:attachment":[{"href":"https:\/\/portaltela.pt\/api\/wp\/v2\/media?parent=424412"}],"wp:term":[{"taxonomy":"category","embeddable":true,"href":"https:\/\/portaltela.pt\/api\/wp\/v2\/categories?post=424412"},{"taxonomy":"post_tag","embeddable":true,"href":"https:\/\/portaltela.pt\/api\/wp\/v2\/tags?post=424412"}],"curies":[{"name":"wp","href":"https:\/\/api.w.org\/{rel}","templated":true}]}}