{"id":424411,"date":"2026-03-27T17:50:00","date_gmt":"2026-03-27T20:50:00","guid":{"rendered":"https:\/\/portaltela.pt\/noticias\/2026\/03\/27\/carneiro-acusa-cavaco-de-sustentar-governo-pela-proximidade-a-extrema-direita\/"},"modified":"2026-03-27T17:50:00","modified_gmt":"2026-03-27T20:50:00","slug":"carneiro-acusa-cavaco-de-sustentar-governo-pela-proximidade-a-extrema-direita","status":"publish","type":"post","link":"https:\/\/portaltela.pt\/noticias\/politica\/2026\/03\/27\/carneiro-acusa-cavaco-de-sustentar-governo-pela-proximidade-a-extrema-direita\/","title":{"rendered":"Carneiro acusa Cavaco de sustentar Governo pela proximidade \u00e0 extrema-direita"},"content":{"rendered":"<p>O secret\u00e1rio-geral do PS afirmou que o artigo de Cavaco Silva \u201cassenta como uma luva\u201d ao Governo, apontando que o Executivo falha em reformar e est\u00e1 a aproximar-se de posi\u00e7\u00f5es da extrema-direita. A declara\u00e7\u00e3o foi feita \u00e0 entrada do 25.\u00ba Congresso do PS, em Viseu, com o foco na an\u00e1lise ao texto publicado no seman\u00e1rio Expresso.<\/p>\n<p>Jos\u00e9 Lu\u00eds Carneiro afirmou que o artigo denuncia a falta de reformas por parte do Governo e aponta o risco de o Executivo cair na dire\u00e7\u00e3o de for\u00e7as pol\u00edticas populistas, nomeadamente o Chega. Questionado sobre poss\u00edvel mudan\u00e7a de oposi\u00e7\u00e3o, respondeu que os indicadores j\u00e1 demonstram resultados suficientes.<\/p>\n<p>No texto, Cavaco Silva alerta para riscos \u00e0 democracia caso n\u00e3o haja reformas para sustentar o crescimento econ\u00f3mico, elogia o esp\u00edrito reformista do Governo PSD\/CDS-PP, mas critica a\u00e7\u00f5es de desgaste da oposi\u00e7\u00e3o. O ex-presidente distingue o PS do Chega, acusando este \u00faltimo de enganar os portugueses.<\/p>\n<p>Cavaco lembrou ainda, na qualidade de antigo ministro das Finan\u00e7as, que lutaria contra o discurso do l\u00edder do Chega, sustentando que o pa\u00eds precisa de reformas para evitar o refor\u00e7o de for\u00e7as populistas e a deteriora\u00e7\u00e3o da qualidade democr\u00e1tica.<\/p>\n","protected":false},"excerpt":{"rendered":"<ul>\n<li>O secret\u00e1rio-geral do PS, Jos\u00e9 Lu\u00eds Carneiro, afirma que o artigo de Cavaco Silva encaixa &#8220;como uma luva&#8221; no Governo, apontando falta de reformas e uma aproxima\u00e7\u00e3o \u00e0 extrema-direita.<\/li>\n<li>Cavaco Silva, no Expresso, diz que sem reformas suficientes para um crescimento robusto h\u00e1 risco de refor\u00e7ar for\u00e7as populistas e prejudicar a democracia.<\/li>\n<li>Carneiro, \u00e0 entrada do 25.\u00ba Congresso do PS em Viseu, destaca que o Governo precisa de reformas e que o Executivo parece inclinar-se para o Chega.<\/li>\n<li>Lu\u00eds Montenegro comentou que o artigo assentou &#8220;que nem uma luva&#8221; no Governo, num dia de decis\u00f5es de transforma\u00e7\u00e3o; Carneiro afirma que a oposi\u00e7\u00e3o j\u00e1 mostra resultados nos indicadores.<\/li>\n<li>Cavaco distingue o PS do Chega, critica a\u00e7\u00f5es de desgaste da oposi\u00e7\u00e3o, e sublinha que o PSD\/CDS-PP tem mostrado esp\u00edrito reformista, embora reconhe\u00e7a reservas quanto ao caminho pol\u00edtico.<\/li>\n<\/ul>\n","protected":false},"author":2,"featured_media":424415,"comment_status":"closed","ping_status":"closed","sticky":false,"template":"","format":"standard","meta":{"footnotes":""},"categories":[1,5],"tags":[2142,2795,34,2832,2144,2458],"class_list":["post-424411","post","type-post","status-publish","format-standard","has-post-thumbnail","hentry","category-noticias","category-politica","tag-chega","tag-democracia","tag-governo","tag-politica","tag-ps","tag-psd-cds"],"yoast_head":"<!-- This site is optimized with the Yoast SEO plugin v27.2 - https:\/\/yoast.com\/product\/yoast-seo-wordpress\/ -->\n<title>Carneiro acusa Cavaco de sustentar Governo pela proximidade \u00e0 extrema-direita - Portal Tela Portugal<\/title>\n<meta name=\"robots\" content=\"index, follow, max-snippet:-1, max-image-preview:large, max-video-preview:-1\" \/>\n<meta property=\"og:locale\" content=\"pt_PT\" \/>\n<meta property=\"og:type\" content=\"article\" \/>\n<meta property=\"og:title\" content=\"Carneiro acusa Cavaco de sustentar Governo pela proximidade \u00e0 extrema-direita - Portal Tela Portugal\" \/>\n<meta property=\"og:description\" content=\"O secret\u00e1rio-geral do PS, Jos\u00e9 Lu\u00eds Carneiro, afirma que o artigo de Cavaco Silva encaixa &quot;como uma luva&quot; no Governo, apontando falta de reformas e uma aproxima\u00e7\u00e3o \u00e0 extrema-direita. Cavaco Silva, no Expresso, diz que sem reformas suficientes para um crescimento robusto h\u00e1 risco de refor\u00e7ar for\u00e7as populistas e prejudicar a democracia. Carneiro, \u00e0 entrada do 25.\u00ba Congresso do PS em Viseu, destaca que o Governo precisa de reformas e que o Executivo parece inclinar-se para o Chega. Lu\u00eds Montenegro comentou que o artigo assentou &quot;que nem uma luva&quot; no Governo, num dia de decis\u00f5es de transforma\u00e7\u00e3o; Carneiro afirma que a oposi\u00e7\u00e3o j\u00e1 mostra resultados nos indicadores. Cavaco distingue o PS do Chega, critica a\u00e7\u00f5es de desgaste da oposi\u00e7\u00e3o, e sublinha que o PSD\/CDS-PP tem mostrado esp\u00edrito reformista, embora reconhe\u00e7a reservas quanto ao caminho pol\u00edtico.\" \/>\n<meta property=\"og:url\" content=\"https:\/\/portaltela.pt\/noticias\/2026\/03\/27\/carneiro-acusa-cavaco-de-sustentar-governo-pela-proximidade-a-extrema-direita\/\" \/>\n<meta property=\"og:site_name\" content=\"Portal Tela Portugal\" \/>\n<meta property=\"article:published_time\" content=\"2026-03-27T20:50:00+00:00\" \/>\n<meta name=\"author\" content=\"Telinha\" \/>\n<meta name=\"twitter:card\" content=\"summary_large_image\" \/>\n<meta name=\"twitter:label1\" content=\"Escrito por\" \/>\n\t<meta name=\"twitter:data1\" content=\"Telinha\" \/>\n\t<meta name=\"twitter:label2\" content=\"Tempo estimado de leitura\" \/>\n\t<meta name=\"twitter:data2\" content=\"1 minuto\" \/>\n<script type=\"application\/ld+json\" class=\"yoast-schema-graph\">{\"@context\":\"https:\/\/schema.org\",\"@graph\":[{\"@type\":\"Article\",\"@id\":\"https:\/\/portaltela.pt\/noticias\/2026\/03\/27\/carneiro-acusa-cavaco-de-sustentar-governo-pela-proximidade-a-extrema-direita\/#article\",\"isPartOf\":{\"@id\":\"https:\/\/portaltela.pt\/noticias\/2026\/03\/27\/carneiro-acusa-cavaco-de-sustentar-governo-pela-proximidade-a-extrema-direita\/\"},\"author\":{\"name\":\"Telinha\",\"@id\":\"https:\/\/portaltela.pt\/#\/schema\/person\/c4278d4a6028830caff9ee44b42d32ed\"},\"headline\":\"Carneiro acusa Cavaco de sustentar Governo pela proximidade \u00e0 extrema-direita\",\"datePublished\":\"2026-03-27T20:50:00+00:00\",\"mainEntityOfPage\":{\"@id\":\"https:\/\/portaltela.pt\/noticias\/2026\/03\/27\/carneiro-acusa-cavaco-de-sustentar-governo-pela-proximidade-a-extrema-direita\/\"},\"wordCount\":219,\"image\":{\"@id\":\"https:\/\/portaltela.pt\/noticias\/2026\/03\/27\/carneiro-acusa-cavaco-de-sustentar-governo-pela-proximidade-a-extrema-direita\/#primaryimage\"},\"thumbnailUrl\":\"https:\/\/portaltela.pt\/s.01k8rhncp4jt1\/2026\/03\/image-1641.jpg\",\"keywords\":[\"CHEGA\",\"democracia\",\"governo\",\"pol\u00edtica\",\"PS\",\"PSD\/CDS\"],\"articleSection\":[\"Not\u00edcias\",\"Pol\u00edtica\"],\"inLanguage\":\"pt-PT\"},{\"@type\":\"WebPage\",\"@id\":\"https:\/\/portaltela.pt\/noticias\/2026\/03\/27\/carneiro-acusa-cavaco-de-sustentar-governo-pela-proximidade-a-extrema-direita\/\",\"url\":\"https:\/\/portaltela.pt\/noticias\/2026\/03\/27\/carneiro-acusa-cavaco-de-sustentar-governo-pela-proximidade-a-extrema-direita\/\",\"name\":\"Carneiro acusa Cavaco de sustentar Governo pela proximidade \u00e0 extrema-direita - Portal Tela Portugal\",\"isPartOf\":{\"@id\":\"https:\/\/portaltela.pt\/#website\"},\"primaryImageOfPage\":{\"@id\":\"https:\/\/portaltela.pt\/noticias\/2026\/03\/27\/carneiro-acusa-cavaco-de-sustentar-governo-pela-proximidade-a-extrema-direita\/#primaryimage\"},\"image\":{\"@id\":\"https:\/\/portaltela.pt\/noticias\/2026\/03\/27\/carneiro-acusa-cavaco-de-sustentar-governo-pela-proximidade-a-extrema-direita\/#primaryimage\"},\"thumbnailUrl\":\"https:\/\/portaltela.pt\/s.01k8rhncp4jt1\/2026\/03\/image-1641.jpg\",\"datePublished\":\"2026-03-27T20:50:00+00:00\",\"author\":{\"@id\":\"https:\/\/portaltela.pt\/#\/schema\/person\/c4278d4a6028830caff9ee44b42d32ed\"},\"breadcrumb\":{\"@id\":\"https:\/\/portaltela.pt\/noticias\/2026\/03\/27\/carneiro-acusa-cavaco-de-sustentar-governo-pela-proximidade-a-extrema-direita\/#breadcrumb\"},\"inLanguage\":\"pt-PT\",\"potentialAction\":[{\"@type\":\"ReadAction\",\"target\":[\"https:\/\/portaltela.pt\/noticias\/2026\/03\/27\/carneiro-acusa-cavaco-de-sustentar-governo-pela-proximidade-a-extrema-direita\/\"]}]},{\"@type\":\"ImageObject\",\"inLanguage\":\"pt-PT\",\"@id\":\"https:\/\/portaltela.pt\/noticias\/2026\/03\/27\/carneiro-acusa-cavaco-de-sustentar-governo-pela-proximidade-a-extrema-direita\/#primaryimage\",\"url\":\"https:\/\/portaltela.pt\/s.01k8rhncp4jt1\/2026\/03\/image-1641.jpg\",\"contentUrl\":\"https:\/\/portaltela.pt\/s.01k8rhncp4jt1\/2026\/03\/image-1641.jpg\",\"width\":796,\"height\":448,\"caption\":\"O secret\u00e1rio-geral do PS, Jos\u00e9 Lu\u00eds Carneiro\"},{\"@type\":\"BreadcrumbList\",\"@id\":\"https:\/\/portaltela.pt\/noticias\/2026\/03\/27\/carneiro-acusa-cavaco-de-sustentar-governo-pela-proximidade-a-extrema-direita\/#breadcrumb\",\"itemListElement\":[{\"@type\":\"ListItem\",\"position\":1,\"name\":\"In\u00edcio\",\"item\":\"https:\/\/portaltela.pt\/\"},{\"@type\":\"ListItem\",\"position\":2,\"name\":\"Carneiro acusa Cavaco de sustentar Governo pela proximidade \u00e0 extrema-direita\"}]},{\"@type\":\"WebSite\",\"@id\":\"https:\/\/portaltela.pt\/#website\",\"url\":\"https:\/\/portaltela.pt\/\",\"name\":\"Portal Tela Portugal\",\"description\":\"\",\"potentialAction\":[{\"@type\":\"SearchAction\",\"target\":{\"@type\":\"EntryPoint\",\"urlTemplate\":\"https:\/\/portaltela.pt\/?s={search_term_string}\"},\"query-input\":{\"@type\":\"PropertyValueSpecification\",\"valueRequired\":true,\"valueName\":\"search_term_string\"}}],\"inLanguage\":\"pt-PT\"},{\"@type\":\"Person\",\"@id\":\"https:\/\/portaltela.pt\/#\/schema\/person\/c4278d4a6028830caff9ee44b42d32ed\",\"name\":\"Telinha\",\"image\":{\"@type\":\"ImageObject\",\"inLanguage\":\"pt-PT\",\"@id\":\"https:\/\/portaltela.pt\/s.01k8rhncp4jt1\/2025\/11\/talking-bot-125x125.png\",\"url\":\"https:\/\/portaltela.pt\/s.01k8rhncp4jt1\/2025\/11\/talking-bot-125x125.png\",\"contentUrl\":\"https:\/\/portaltela.pt\/s.01k8rhncp4jt1\/2025\/11\/talking-bot-125x125.png\",\"caption\":\"Telinha\"},\"sameAs\":[\"https:\/\/portaltela.pt\/\"],\"url\":\"https:\/\/portaltela.pt\/por\/367410592786\/\"}]}<\/script>\n<!-- \/ Yoast SEO plugin. -->","yoast_head_json":{"title":"Carneiro acusa Cavaco de sustentar Governo pela proximidade \u00e0 extrema-direita - Portal Tela Portugal","robots":{"index":"index","follow":"follow","max-snippet":"max-snippet:-1","max-image-preview":"max-image-preview:large","max-video-preview":"max-video-preview:-1"},"og_locale":"pt_PT","og_type":"article","og_title":"Carneiro acusa Cavaco de sustentar Governo pela proximidade \u00e0 extrema-direita - Portal Tela Portugal","og_description":"O secret\u00e1rio-geral do PS, Jos\u00e9 Lu\u00eds Carneiro, afirma que o artigo de Cavaco Silva encaixa \"como uma luva\" no Governo, apontando falta de reformas e uma aproxima\u00e7\u00e3o \u00e0 extrema-direita. Cavaco Silva, no Expresso, diz que sem reformas suficientes para um crescimento robusto h\u00e1 risco de refor\u00e7ar for\u00e7as populistas e prejudicar a democracia. Carneiro, \u00e0 entrada do 25.\u00ba Congresso do PS em Viseu, destaca que o Governo precisa de reformas e que o Executivo parece inclinar-se para o Chega. Lu\u00eds Montenegro comentou que o artigo assentou \"que nem uma luva\" no Governo, num dia de decis\u00f5es de transforma\u00e7\u00e3o; Carneiro afirma que a oposi\u00e7\u00e3o j\u00e1 mostra resultados nos indicadores. Cavaco distingue o PS do Chega, critica a\u00e7\u00f5es de desgaste da oposi\u00e7\u00e3o, e sublinha que o PSD\/CDS-PP tem mostrado esp\u00edrito reformista, embora reconhe\u00e7a reservas quanto ao caminho pol\u00edtico.","og_url":"https:\/\/portaltela.pt\/noticias\/2026\/03\/27\/carneiro-acusa-cavaco-de-sustentar-governo-pela-proximidade-a-extrema-direita\/","og_site_name":"Portal Tela Portugal","article_published_time":"2026-03-27T20:50:00+00:00","author":"Telinha","twitter_card":"summary_large_image","twitter_misc":{"Escrito por":"Telinha","Tempo estimado de leitura":"1 minuto"},"schema":{"@context":"https:\/\/schema.org","@graph":[{"@type":"Article","@id":"https:\/\/portaltela.pt\/noticias\/2026\/03\/27\/carneiro-acusa-cavaco-de-sustentar-governo-pela-proximidade-a-extrema-direita\/#article","isPartOf":{"@id":"https:\/\/portaltela.pt\/noticias\/2026\/03\/27\/carneiro-acusa-cavaco-de-sustentar-governo-pela-proximidade-a-extrema-direita\/"},"author":{"name":"Telinha","@id":"https:\/\/portaltela.pt\/#\/schema\/person\/c4278d4a6028830caff9ee44b42d32ed"},"headline":"Carneiro acusa Cavaco de sustentar Governo pela proximidade \u00e0 extrema-direita","datePublished":"2026-03-27T20:50:00+00:00","mainEntityOfPage":{"@id":"https:\/\/portaltela.pt\/noticias\/2026\/03\/27\/carneiro-acusa-cavaco-de-sustentar-governo-pela-proximidade-a-extrema-direita\/"},"wordCount":219,"image":{"@id":"https:\/\/portaltela.pt\/noticias\/2026\/03\/27\/carneiro-acusa-cavaco-de-sustentar-governo-pela-proximidade-a-extrema-direita\/#primaryimage"},"thumbnailUrl":"https:\/\/portaltela.pt\/s.01k8rhncp4jt1\/2026\/03\/image-1641.jpg","keywords":["CHEGA","democracia","governo","pol\u00edtica","PS","PSD\/CDS"],"articleSection":["Not\u00edcias","Pol\u00edtica"],"inLanguage":"pt-PT"},{"@type":"WebPage","@id":"https:\/\/portaltela.pt\/noticias\/2026\/03\/27\/carneiro-acusa-cavaco-de-sustentar-governo-pela-proximidade-a-extrema-direita\/","url":"https:\/\/portaltela.pt\/noticias\/2026\/03\/27\/carneiro-acusa-cavaco-de-sustentar-governo-pela-proximidade-a-extrema-direita\/","name":"Carneiro acusa Cavaco de sustentar Governo pela proximidade \u00e0 extrema-direita - Portal Tela Portugal","isPartOf":{"@id":"https:\/\/portaltela.pt\/#website"},"primaryImageOfPage":{"@id":"https:\/\/portaltela.pt\/noticias\/2026\/03\/27\/carneiro-acusa-cavaco-de-sustentar-governo-pela-proximidade-a-extrema-direita\/#primaryimage"},"image":{"@id":"https:\/\/portaltela.pt\/noticias\/2026\/03\/27\/carneiro-acusa-cavaco-de-sustentar-governo-pela-proximidade-a-extrema-direita\/#primaryimage"},"thumbnailUrl":"https:\/\/portaltela.pt\/s.01k8rhncp4jt1\/2026\/03\/image-1641.jpg","datePublished":"2026-03-27T20:50:00+00:00","author":{"@id":"https:\/\/portaltela.pt\/#\/schema\/person\/c4278d4a6028830caff9ee44b42d32ed"},"breadcrumb":{"@id":"https:\/\/portaltela.pt\/noticias\/2026\/03\/27\/carneiro-acusa-cavaco-de-sustentar-governo-pela-proximidade-a-extrema-direita\/#breadcrumb"},"inLanguage":"pt-PT","potentialAction":[{"@type":"ReadAction","target":["https:\/\/portaltela.pt\/noticias\/2026\/03\/27\/carneiro-acusa-cavaco-de-sustentar-governo-pela-proximidade-a-extrema-direita\/"]}]},{"@type":"ImageObject","inLanguage":"pt-PT","@id":"https:\/\/portaltela.pt\/noticias\/2026\/03\/27\/carneiro-acusa-cavaco-de-sustentar-governo-pela-proximidade-a-extrema-direita\/#primaryimage","url":"https:\/\/portaltela.pt\/s.01k8rhncp4jt1\/2026\/03\/image-1641.jpg","contentUrl":"https:\/\/portaltela.pt\/s.01k8rhncp4jt1\/2026\/03\/image-1641.jpg","width":796,"height":448,"caption":"O secret\u00e1rio-geral do PS, Jos\u00e9 Lu\u00eds Carneiro"},{"@type":"BreadcrumbList","@id":"https:\/\/portaltela.pt\/noticias\/2026\/03\/27\/carneiro-acusa-cavaco-de-sustentar-governo-pela-proximidade-a-extrema-direita\/#breadcrumb","itemListElement":[{"@type":"ListItem","position":1,"name":"In\u00edcio","item":"https:\/\/portaltela.pt\/"},{"@type":"ListItem","position":2,"name":"Carneiro acusa Cavaco de sustentar Governo pela proximidade \u00e0 extrema-direita"}]},{"@type":"WebSite","@id":"https:\/\/portaltela.pt\/#website","url":"https:\/\/portaltela.pt\/","name":"Portal Tela Portugal","description":"","potentialAction":[{"@type":"SearchAction","target":{"@type":"EntryPoint","urlTemplate":"https:\/\/portaltela.pt\/?s={search_term_string}"},"query-input":{"@type":"PropertyValueSpecification","valueRequired":true,"valueName":"search_term_string"}}],"inLanguage":"pt-PT"},{"@type":"Person","@id":"https:\/\/portaltela.pt\/#\/schema\/person\/c4278d4a6028830caff9ee44b42d32ed","name":"Telinha","image":{"@type":"ImageObject","inLanguage":"pt-PT","@id":"https:\/\/portaltela.pt\/s.01k8rhncp4jt1\/2025\/11\/talking-bot-125x125.png","url":"https:\/\/portaltela.pt\/s.01k8rhncp4jt1\/2025\/11\/talking-bot-125x125.png","contentUrl":"https:\/\/portaltela.pt\/s.01k8rhncp4jt1\/2025\/11\/talking-bot-125x125.png","caption":"Telinha"},"sameAs":["https:\/\/portaltela.pt\/"],"url":"https:\/\/portaltela.pt\/por\/367410592786\/"}]}},"_links":{"self":[{"href":"https:\/\/portaltela.pt\/api\/wp\/v2\/posts\/424411","targetHints":{"allow":["GET"]}}],"collection":[{"href":"https:\/\/portaltela.pt\/api\/wp\/v2\/posts"}],"about":[{"href":"https:\/\/portaltela.pt\/api\/wp\/v2\/types\/post"}],"author":[{"embeddable":true,"href":"https:\/\/portaltela.pt\/api\/wp\/v2\/users\/2"}],"replies":[{"embeddable":true,"href":"https:\/\/portaltela.pt\/api\/wp\/v2\/comments?post=424411"}],"version-history":[{"count":0,"href":"https:\/\/portaltela.pt\/api\/wp\/v2\/posts\/424411\/revisions"}],"wp:featuredmedia":[{"embeddable":true,"href":"https:\/\/portaltela.pt\/api\/wp\/v2\/media\/424415"}],"wp:attachment":[{"href":"https:\/\/portaltela.pt\/api\/wp\/v2\/media?parent=424411"}],"wp:term":[{"taxonomy":"category","embeddable":true,"href":"https:\/\/portaltela.pt\/api\/wp\/v2\/categories?post=424411"},{"taxonomy":"post_tag","embeddable":true,"href":"https:\/\/portaltela.pt\/api\/wp\/v2\/tags?post=424411"}],"curies":[{"name":"wp","href":"https:\/\/api.w.org\/{rel}","templated":true}]}}