{"id":424409,"date":"2026-03-27T17:52:40","date_gmt":"2026-03-27T20:52:40","guid":{"rendered":"https:\/\/portaltela.pt\/noticias\/2026\/03\/27\/dupla-do-bournemouth-conclui-experiencia-no-moreirense\/"},"modified":"2026-03-27T17:52:40","modified_gmt":"2026-03-27T20:52:40","slug":"dupla-do-bournemouth-conclui-experiencia-no-moreirense","status":"publish","type":"post","link":"https:\/\/portaltela.pt\/desporto\/futebol\/2026\/03\/27\/dupla-do-bournemouth-conclui-experiencia-no-moreirense\/","title":{"rendered":"Dupla do Bournemouth conclui experi\u00eancia no Moreirense"},"content":{"rendered":"<p>Jonny Day e Harold William, jovens do Bournemouth em obserra\u00e7\u00e3o no Moreirense, terminaram a experi\u00eancia e regressaram ao Reino Unido. No treino matinal, participaram num particular frente ao Chaves, com Day a ser o autor do segundo golo da equipa lisboeta.<\/p>\n<p>Day, de 18 anos, referiu que conv\u00e9m aos jogadores que ainda n\u00e3o est\u00e3o prontos para a Premier League procurarem experi\u00eancias no estrangeiro. Avisa que conhecer outra cultura e um estilo de jogo distinto enriquece a carreira e o trajeto desportivo.<\/p>\n<p>William, tamb\u00e9m com 18 anos, destacou as diferen\u00e7as entre o futebol portugu\u00eas e o ingl\u00eas. Considerou a experi\u00eancia \u00f3tima para aprender, adaptar-se a um novo ambiente e evoluir como jogador.<\/p>\n<h3>Rela\u00e7\u00e3o entre clubes em expans\u00e3o<\/h3>\n<p>Os respons\u00e1veis pelo Bournemouth e pelo Moreirense reiteraram que a parceria entre os clubes continua a crescer e pode voltar a haver oportunidades de interc\u00e2mbio, fortalecendo o projeto conjunto.<\/p>\n","protected":false},"excerpt":{"rendered":"<ul>\n<li>A dupla dos sub-21 do Bournemouth em observa\u00e7\u00e3o no Moreirense terminou a experi\u00eancia no clube e regressou a Inglaterra.<\/li>\n<li>Os jogadores participaram num encontro particular com o Chaves, com Jonny Day a marcar um golo na vit\u00f3ria por 2-0.<\/li>\n<li>Jonny Day, 18 anos, afirmou que jovens devem explorar o estrangeiro para conhecer culturas e estilos de jogo diferentes, descrevendo a experi\u00eancia como valiosa.<\/li>\n<li>Harold William, tamb\u00e9m 18 anos, elogiou as diferen\u00e7as entre o futebol portugu\u00eas e o ingl\u00eas e disse que a experi\u00eancia ajuda a progress\u00e3o na carreira.<\/li>\n<li>Os clubes mant\u00eam uma liga\u00e7\u00e3o em crescimento, com o Moreirense a indicar que o programa pode repetir-se no futuro e tornar-se mais s\u00f3lido.<\/li>\n<\/ul>\n","protected":false},"author":2,"featured_media":424410,"comment_status":"closed","ping_status":"closed","sticky":false,"template":"","format":"standard","meta":{"footnotes":""},"categories":[21,24],"tags":[32,3338,2290,242,5579,1014],"class_list":["post-424409","post","type-post","status-publish","format-standard","has-post-thumbnail","hentry","category-desporto","category-futebol","tag-futebol","tag-futebol-internacional","tag-intercambios-internacionais","tag-jogadores","tag-moreirense","tag-portugal"],"yoast_head":"<!-- This site is optimized with the Yoast SEO plugin v27.2 - https:\/\/yoast.com\/product\/yoast-seo-wordpress\/ -->\n<title>Dupla do Bournemouth conclui experi\u00eancia no Moreirense - Portal Tela Portugal<\/title>\n<meta name=\"robots\" content=\"index, follow, max-snippet:-1, max-image-preview:large, max-video-preview:-1\" \/>\n<meta property=\"og:locale\" content=\"pt_PT\" \/>\n<meta property=\"og:type\" content=\"article\" \/>\n<meta property=\"og:title\" content=\"Dupla do Bournemouth conclui experi\u00eancia no Moreirense - Portal Tela Portugal\" \/>\n<meta property=\"og:description\" content=\"A dupla dos sub-21 do Bournemouth em observa\u00e7\u00e3o no Moreirense terminou a experi\u00eancia no clube e regressou a Inglaterra. Os jogadores participaram num encontro particular com o Chaves, com Jonny Day a marcar um golo na vit\u00f3ria por 2-0. Jonny Day, 18 anos, afirmou que jovens devem explorar o estrangeiro para conhecer culturas e estilos de jogo diferentes, descrevendo a experi\u00eancia como valiosa. Harold William, tamb\u00e9m 18 anos, elogiou as diferen\u00e7as entre o futebol portugu\u00eas e o ingl\u00eas e disse que a experi\u00eancia ajuda a progress\u00e3o na carreira. Os clubes mant\u00eam uma liga\u00e7\u00e3o em crescimento, com o Moreirense a indicar que o programa pode repetir-se no futuro e tornar-se mais s\u00f3lido.\" \/>\n<meta property=\"og:url\" content=\"https:\/\/portaltela.pt\/noticias\/2026\/03\/27\/dupla-do-bournemouth-conclui-experiencia-no-moreirense\/\" \/>\n<meta property=\"og:site_name\" content=\"Portal Tela Portugal\" \/>\n<meta property=\"article:published_time\" content=\"2026-03-27T20:52:40+00:00\" \/>\n<meta name=\"author\" content=\"Telinha\" \/>\n<meta name=\"twitter:card\" content=\"summary_large_image\" \/>\n<meta name=\"twitter:label1\" content=\"Escrito por\" \/>\n\t<meta name=\"twitter:data1\" content=\"Telinha\" \/>\n\t<meta name=\"twitter:label2\" content=\"Tempo estimado de leitura\" \/>\n\t<meta name=\"twitter:data2\" content=\"1 minuto\" \/>\n<script type=\"application\/ld+json\" class=\"yoast-schema-graph\">{\"@context\":\"https:\/\/schema.org\",\"@graph\":[{\"@type\":\"Article\",\"@id\":\"https:\/\/portaltela.pt\/noticias\/2026\/03\/27\/dupla-do-bournemouth-conclui-experiencia-no-moreirense\/#article\",\"isPartOf\":{\"@id\":\"https:\/\/portaltela.pt\/noticias\/2026\/03\/27\/dupla-do-bournemouth-conclui-experiencia-no-moreirense\/\"},\"author\":{\"name\":\"Telinha\",\"@id\":\"https:\/\/portaltela.pt\/#\/schema\/person\/c4278d4a6028830caff9ee44b42d32ed\"},\"headline\":\"Dupla do Bournemouth conclui experi\u00eancia no Moreirense\",\"datePublished\":\"2026-03-27T20:52:40+00:00\",\"mainEntityOfPage\":{\"@id\":\"https:\/\/portaltela.pt\/noticias\/2026\/03\/27\/dupla-do-bournemouth-conclui-experiencia-no-moreirense\/\"},\"wordCount\":166,\"image\":{\"@id\":\"https:\/\/portaltela.pt\/noticias\/2026\/03\/27\/dupla-do-bournemouth-conclui-experiencia-no-moreirense\/#primaryimage\"},\"thumbnailUrl\":\"https:\/\/portaltela.pt\/s.01k8rhncp4jt1\/2026\/03\/img_920x518uu2026-03-26-15-35-05-2429470-im-639102412040670573.jpg\",\"keywords\":[\"futebol\",\"futebol internacional\",\"interc\u00e2mbios internacionais\",\"jogadores\",\"Moreirense\",\"Portugal\"],\"articleSection\":[\"Desporto\",\"Futebol\"],\"inLanguage\":\"pt-PT\"},{\"@type\":\"WebPage\",\"@id\":\"https:\/\/portaltela.pt\/noticias\/2026\/03\/27\/dupla-do-bournemouth-conclui-experiencia-no-moreirense\/\",\"url\":\"https:\/\/portaltela.pt\/noticias\/2026\/03\/27\/dupla-do-bournemouth-conclui-experiencia-no-moreirense\/\",\"name\":\"Dupla do Bournemouth conclui experi\u00eancia no Moreirense - Portal Tela Portugal\",\"isPartOf\":{\"@id\":\"https:\/\/portaltela.pt\/#website\"},\"primaryImageOfPage\":{\"@id\":\"https:\/\/portaltela.pt\/noticias\/2026\/03\/27\/dupla-do-bournemouth-conclui-experiencia-no-moreirense\/#primaryimage\"},\"image\":{\"@id\":\"https:\/\/portaltela.pt\/noticias\/2026\/03\/27\/dupla-do-bournemouth-conclui-experiencia-no-moreirense\/#primaryimage\"},\"thumbnailUrl\":\"https:\/\/portaltela.pt\/s.01k8rhncp4jt1\/2026\/03\/img_920x518uu2026-03-26-15-35-05-2429470-im-639102412040670573.jpg\",\"datePublished\":\"2026-03-27T20:52:40+00:00\",\"author\":{\"@id\":\"https:\/\/portaltela.pt\/#\/schema\/person\/c4278d4a6028830caff9ee44b42d32ed\"},\"breadcrumb\":{\"@id\":\"https:\/\/portaltela.pt\/noticias\/2026\/03\/27\/dupla-do-bournemouth-conclui-experiencia-no-moreirense\/#breadcrumb\"},\"inLanguage\":\"pt-PT\",\"potentialAction\":[{\"@type\":\"ReadAction\",\"target\":[\"https:\/\/portaltela.pt\/noticias\/2026\/03\/27\/dupla-do-bournemouth-conclui-experiencia-no-moreirense\/\"]}]},{\"@type\":\"ImageObject\",\"inLanguage\":\"pt-PT\",\"@id\":\"https:\/\/portaltela.pt\/noticias\/2026\/03\/27\/dupla-do-bournemouth-conclui-experiencia-no-moreirense\/#primaryimage\",\"url\":\"https:\/\/portaltela.pt\/s.01k8rhncp4jt1\/2026\/03\/img_920x518uu2026-03-26-15-35-05-2429470-im-639102412040670573.jpg\",\"contentUrl\":\"https:\/\/portaltela.pt\/s.01k8rhncp4jt1\/2026\/03\/img_920x518uu2026-03-26-15-35-05-2429470-im-639102412040670573.jpg\",\"width\":796,\"height\":448,\"caption\":\"Jonny Day a treinar com o Moreirense\"},{\"@type\":\"BreadcrumbList\",\"@id\":\"https:\/\/portaltela.pt\/noticias\/2026\/03\/27\/dupla-do-bournemouth-conclui-experiencia-no-moreirense\/#breadcrumb\",\"itemListElement\":[{\"@type\":\"ListItem\",\"position\":1,\"name\":\"In\u00edcio\",\"item\":\"https:\/\/portaltela.pt\/\"},{\"@type\":\"ListItem\",\"position\":2,\"name\":\"Dupla do Bournemouth conclui experi\u00eancia no Moreirense\"}]},{\"@type\":\"WebSite\",\"@id\":\"https:\/\/portaltela.pt\/#website\",\"url\":\"https:\/\/portaltela.pt\/\",\"name\":\"Portal Tela Portugal\",\"description\":\"\",\"potentialAction\":[{\"@type\":\"SearchAction\",\"target\":{\"@type\":\"EntryPoint\",\"urlTemplate\":\"https:\/\/portaltela.pt\/?s={search_term_string}\"},\"query-input\":{\"@type\":\"PropertyValueSpecification\",\"valueRequired\":true,\"valueName\":\"search_term_string\"}}],\"inLanguage\":\"pt-PT\"},{\"@type\":\"Person\",\"@id\":\"https:\/\/portaltela.pt\/#\/schema\/person\/c4278d4a6028830caff9ee44b42d32ed\",\"name\":\"Telinha\",\"image\":{\"@type\":\"ImageObject\",\"inLanguage\":\"pt-PT\",\"@id\":\"https:\/\/portaltela.pt\/s.01k8rhncp4jt1\/2025\/11\/talking-bot-125x125.png\",\"url\":\"https:\/\/portaltela.pt\/s.01k8rhncp4jt1\/2025\/11\/talking-bot-125x125.png\",\"contentUrl\":\"https:\/\/portaltela.pt\/s.01k8rhncp4jt1\/2025\/11\/talking-bot-125x125.png\",\"caption\":\"Telinha\"},\"sameAs\":[\"https:\/\/portaltela.pt\/\"],\"url\":\"https:\/\/portaltela.pt\/por\/367410592786\/\"}]}<\/script>\n<!-- \/ Yoast SEO plugin. -->","yoast_head_json":{"title":"Dupla do Bournemouth conclui experi\u00eancia no Moreirense - Portal Tela Portugal","robots":{"index":"index","follow":"follow","max-snippet":"max-snippet:-1","max-image-preview":"max-image-preview:large","max-video-preview":"max-video-preview:-1"},"og_locale":"pt_PT","og_type":"article","og_title":"Dupla do Bournemouth conclui experi\u00eancia no Moreirense - Portal Tela Portugal","og_description":"A dupla dos sub-21 do Bournemouth em observa\u00e7\u00e3o no Moreirense terminou a experi\u00eancia no clube e regressou a Inglaterra. Os jogadores participaram num encontro particular com o Chaves, com Jonny Day a marcar um golo na vit\u00f3ria por 2-0. Jonny Day, 18 anos, afirmou que jovens devem explorar o estrangeiro para conhecer culturas e estilos de jogo diferentes, descrevendo a experi\u00eancia como valiosa. Harold William, tamb\u00e9m 18 anos, elogiou as diferen\u00e7as entre o futebol portugu\u00eas e o ingl\u00eas e disse que a experi\u00eancia ajuda a progress\u00e3o na carreira. Os clubes mant\u00eam uma liga\u00e7\u00e3o em crescimento, com o Moreirense a indicar que o programa pode repetir-se no futuro e tornar-se mais s\u00f3lido.","og_url":"https:\/\/portaltela.pt\/noticias\/2026\/03\/27\/dupla-do-bournemouth-conclui-experiencia-no-moreirense\/","og_site_name":"Portal Tela Portugal","article_published_time":"2026-03-27T20:52:40+00:00","author":"Telinha","twitter_card":"summary_large_image","twitter_misc":{"Escrito por":"Telinha","Tempo estimado de leitura":"1 minuto"},"schema":{"@context":"https:\/\/schema.org","@graph":[{"@type":"Article","@id":"https:\/\/portaltela.pt\/noticias\/2026\/03\/27\/dupla-do-bournemouth-conclui-experiencia-no-moreirense\/#article","isPartOf":{"@id":"https:\/\/portaltela.pt\/noticias\/2026\/03\/27\/dupla-do-bournemouth-conclui-experiencia-no-moreirense\/"},"author":{"name":"Telinha","@id":"https:\/\/portaltela.pt\/#\/schema\/person\/c4278d4a6028830caff9ee44b42d32ed"},"headline":"Dupla do Bournemouth conclui experi\u00eancia no Moreirense","datePublished":"2026-03-27T20:52:40+00:00","mainEntityOfPage":{"@id":"https:\/\/portaltela.pt\/noticias\/2026\/03\/27\/dupla-do-bournemouth-conclui-experiencia-no-moreirense\/"},"wordCount":166,"image":{"@id":"https:\/\/portaltela.pt\/noticias\/2026\/03\/27\/dupla-do-bournemouth-conclui-experiencia-no-moreirense\/#primaryimage"},"thumbnailUrl":"https:\/\/portaltela.pt\/s.01k8rhncp4jt1\/2026\/03\/img_920x518uu2026-03-26-15-35-05-2429470-im-639102412040670573.jpg","keywords":["futebol","futebol internacional","interc\u00e2mbios internacionais","jogadores","Moreirense","Portugal"],"articleSection":["Desporto","Futebol"],"inLanguage":"pt-PT"},{"@type":"WebPage","@id":"https:\/\/portaltela.pt\/noticias\/2026\/03\/27\/dupla-do-bournemouth-conclui-experiencia-no-moreirense\/","url":"https:\/\/portaltela.pt\/noticias\/2026\/03\/27\/dupla-do-bournemouth-conclui-experiencia-no-moreirense\/","name":"Dupla do Bournemouth conclui experi\u00eancia no Moreirense - Portal Tela Portugal","isPartOf":{"@id":"https:\/\/portaltela.pt\/#website"},"primaryImageOfPage":{"@id":"https:\/\/portaltela.pt\/noticias\/2026\/03\/27\/dupla-do-bournemouth-conclui-experiencia-no-moreirense\/#primaryimage"},"image":{"@id":"https:\/\/portaltela.pt\/noticias\/2026\/03\/27\/dupla-do-bournemouth-conclui-experiencia-no-moreirense\/#primaryimage"},"thumbnailUrl":"https:\/\/portaltela.pt\/s.01k8rhncp4jt1\/2026\/03\/img_920x518uu2026-03-26-15-35-05-2429470-im-639102412040670573.jpg","datePublished":"2026-03-27T20:52:40+00:00","author":{"@id":"https:\/\/portaltela.pt\/#\/schema\/person\/c4278d4a6028830caff9ee44b42d32ed"},"breadcrumb":{"@id":"https:\/\/portaltela.pt\/noticias\/2026\/03\/27\/dupla-do-bournemouth-conclui-experiencia-no-moreirense\/#breadcrumb"},"inLanguage":"pt-PT","potentialAction":[{"@type":"ReadAction","target":["https:\/\/portaltela.pt\/noticias\/2026\/03\/27\/dupla-do-bournemouth-conclui-experiencia-no-moreirense\/"]}]},{"@type":"ImageObject","inLanguage":"pt-PT","@id":"https:\/\/portaltela.pt\/noticias\/2026\/03\/27\/dupla-do-bournemouth-conclui-experiencia-no-moreirense\/#primaryimage","url":"https:\/\/portaltela.pt\/s.01k8rhncp4jt1\/2026\/03\/img_920x518uu2026-03-26-15-35-05-2429470-im-639102412040670573.jpg","contentUrl":"https:\/\/portaltela.pt\/s.01k8rhncp4jt1\/2026\/03\/img_920x518uu2026-03-26-15-35-05-2429470-im-639102412040670573.jpg","width":796,"height":448,"caption":"Jonny Day a treinar com o Moreirense"},{"@type":"BreadcrumbList","@id":"https:\/\/portaltela.pt\/noticias\/2026\/03\/27\/dupla-do-bournemouth-conclui-experiencia-no-moreirense\/#breadcrumb","itemListElement":[{"@type":"ListItem","position":1,"name":"In\u00edcio","item":"https:\/\/portaltela.pt\/"},{"@type":"ListItem","position":2,"name":"Dupla do Bournemouth conclui experi\u00eancia no Moreirense"}]},{"@type":"WebSite","@id":"https:\/\/portaltela.pt\/#website","url":"https:\/\/portaltela.pt\/","name":"Portal Tela Portugal","description":"","potentialAction":[{"@type":"SearchAction","target":{"@type":"EntryPoint","urlTemplate":"https:\/\/portaltela.pt\/?s={search_term_string}"},"query-input":{"@type":"PropertyValueSpecification","valueRequired":true,"valueName":"search_term_string"}}],"inLanguage":"pt-PT"},{"@type":"Person","@id":"https:\/\/portaltela.pt\/#\/schema\/person\/c4278d4a6028830caff9ee44b42d32ed","name":"Telinha","image":{"@type":"ImageObject","inLanguage":"pt-PT","@id":"https:\/\/portaltela.pt\/s.01k8rhncp4jt1\/2025\/11\/talking-bot-125x125.png","url":"https:\/\/portaltela.pt\/s.01k8rhncp4jt1\/2025\/11\/talking-bot-125x125.png","contentUrl":"https:\/\/portaltela.pt\/s.01k8rhncp4jt1\/2025\/11\/talking-bot-125x125.png","caption":"Telinha"},"sameAs":["https:\/\/portaltela.pt\/"],"url":"https:\/\/portaltela.pt\/por\/367410592786\/"}]}},"_links":{"self":[{"href":"https:\/\/portaltela.pt\/api\/wp\/v2\/posts\/424409","targetHints":{"allow":["GET"]}}],"collection":[{"href":"https:\/\/portaltela.pt\/api\/wp\/v2\/posts"}],"about":[{"href":"https:\/\/portaltela.pt\/api\/wp\/v2\/types\/post"}],"author":[{"embeddable":true,"href":"https:\/\/portaltela.pt\/api\/wp\/v2\/users\/2"}],"replies":[{"embeddable":true,"href":"https:\/\/portaltela.pt\/api\/wp\/v2\/comments?post=424409"}],"version-history":[{"count":0,"href":"https:\/\/portaltela.pt\/api\/wp\/v2\/posts\/424409\/revisions"}],"wp:featuredmedia":[{"embeddable":true,"href":"https:\/\/portaltela.pt\/api\/wp\/v2\/media\/424410"}],"wp:attachment":[{"href":"https:\/\/portaltela.pt\/api\/wp\/v2\/media?parent=424409"}],"wp:term":[{"taxonomy":"category","embeddable":true,"href":"https:\/\/portaltela.pt\/api\/wp\/v2\/categories?post=424409"},{"taxonomy":"post_tag","embeddable":true,"href":"https:\/\/portaltela.pt\/api\/wp\/v2\/tags?post=424409"}],"curies":[{"name":"wp","href":"https:\/\/api.w.org\/{rel}","templated":true}]}}