{"id":424402,"date":"2026-03-27T17:41:00","date_gmt":"2026-03-27T20:41:00","guid":{"rendered":"https:\/\/portaltela.pt\/noticias\/2026\/03\/27\/conselho-estrategico-do-ps-define-acoes-para-as-batalhas-do-amanha\/"},"modified":"2026-03-27T17:41:00","modified_gmt":"2026-03-27T20:41:00","slug":"conselho-estrategico-do-ps-define-acoes-para-as-batalhas-do-amanha","status":"publish","type":"post","link":"https:\/\/portaltela.pt\/noticias\/politica\/2026\/03\/27\/conselho-estrategico-do-ps-define-acoes-para-as-batalhas-do-amanha\/","title":{"rendered":"Conselho Estrat\u00e9gico do PS define a\u00e7\u00f5es para as batalhas do amanh\u00e3"},"content":{"rendered":"<p>O Conselho Estrat\u00e9gico do Partido Socialista (PS) reuniu-se para definir caminhos e ferramentas de prepara\u00e7\u00e3o para as batalhas pol\u00edticas do amanh\u00e3. O tema central \u00e9 o alinhamento de propostas e estrat\u00e9gias rumo a 2050.<\/p>\n<p>Augusto Santos Silva atua como coordenador-geral do \u00f3rg\u00e3o, respons\u00e1vel pela orienta\u00e7\u00e3o da reflex\u00e3o sobre o futuro do pa\u00eds. Ele potenciou ideias que integram a mo\u00e7\u00e3o apresentada por Jos\u00e9 Lu\u00eds Carneiro e forneceu informa\u00e7\u00f5es para debates parlamentares.<\/p>\n<p>Criado em julho do ano passado por Jos\u00e9 Lu\u00eds Carneiro, o Conselho Estrat\u00e9gico re\u00fane dirigentes, militantes, simpatizantes e v\u00e1rios nomes da sociedade civil. Entre os membros est\u00e3o figuras p\u00fablicas como Carlos Tavares e Filipe Lobo d\u2019\u00c1vila, al\u00e9m de gestores, acad\u00e9micos e empres\u00e1rios.<\/p>\n<p>O objetivo do conselho \u00e9 pensar o pa\u00eds e o mundo com o horizonte de 2050. A atua\u00e7\u00e3o visa mapear desafios estruturais, identificar \u00e1reas priorit\u00e1rias e orientar pol\u00edticas de longo prazo para o PS.<\/p>\n","protected":false},"excerpt":{"rendered":"<ul>\n<li>O Conselho Estrat\u00e9gico do PS prepara \u201carmas para as batalhas do amanh\u00e3\u201d, segundo Augusto Santos Silva.<\/li>\n<li>Augusto Santos Silva \u00e9 o coordenador-geral do \u00f3rg\u00e3o, criado para refletir sobre o pa\u00eds que o PS pretende ter em 2050.<\/li>\n<li>O \u00f3rg\u00e3o foi criado em julho do ano passado por Jos\u00e9 Lu\u00eds Carneiro.<\/li>\n<li>Re\u00fane dirigentes, militantes, simpatizantes e muitos nomes da sociedade civil, incluindo Carlos Tavares e Filipe Lobo d&#8217;\u00c1vila.<\/li>\n<li>O objetivo \u00e9 pensar o pa\u00eds e o mundo com 2050 no horizonte, j\u00e1 gerando ideias para a mo\u00e7\u00e3o de Carneiro e para discuss\u00f5es parlamentares.<\/li>\n<\/ul>\n","protected":false},"author":2,"featured_media":424404,"comment_status":"closed","ping_status":"closed","sticky":false,"template":"","format":"standard","meta":{"footnotes":""},"categories":[1,5],"tags":[34,3676,1734,2832,133,2144],"class_list":["post-424402","post","type-post","status-publish","format-standard","has-post-thumbnail","hentry","category-noticias","category-politica","tag-governo","tag-partido-socialista","tag-planeamento-estrategico","tag-politica","tag-politicas-publicas","tag-ps"],"yoast_head":"<!-- This site is optimized with the Yoast SEO plugin v27.2 - https:\/\/yoast.com\/product\/yoast-seo-wordpress\/ -->\n<title>Conselho Estrat\u00e9gico do PS define a\u00e7\u00f5es para as batalhas do amanh\u00e3 - Portal Tela Portugal<\/title>\n<meta name=\"robots\" content=\"index, follow, max-snippet:-1, max-image-preview:large, max-video-preview:-1\" \/>\n<meta property=\"og:locale\" content=\"pt_PT\" \/>\n<meta property=\"og:type\" content=\"article\" \/>\n<meta property=\"og:title\" content=\"Conselho Estrat\u00e9gico do PS define a\u00e7\u00f5es para as batalhas do amanh\u00e3 - Portal Tela Portugal\" \/>\n<meta property=\"og:description\" content=\"O Conselho Estrat\u00e9gico do PS prepara \u201carmas para as batalhas do amanh\u00e3\u201d, segundo Augusto Santos Silva. Augusto Santos Silva \u00e9 o coordenador-geral do \u00f3rg\u00e3o, criado para refletir sobre o pa\u00eds que o PS pretende ter em 2050. O \u00f3rg\u00e3o foi criado em julho do ano passado por Jos\u00e9 Lu\u00eds Carneiro. Re\u00fane dirigentes, militantes, simpatizantes e muitos nomes da sociedade civil, incluindo Carlos Tavares e Filipe Lobo d&#039;\u00c1vila. O objetivo \u00e9 pensar o pa\u00eds e o mundo com 2050 no horizonte, j\u00e1 gerando ideias para a mo\u00e7\u00e3o de Carneiro e para discuss\u00f5es parlamentares.\" \/>\n<meta property=\"og:url\" content=\"https:\/\/portaltela.pt\/noticias\/2026\/03\/27\/conselho-estrategico-do-ps-define-acoes-para-as-batalhas-do-amanha\/\" \/>\n<meta property=\"og:site_name\" content=\"Portal Tela Portugal\" \/>\n<meta property=\"article:published_time\" content=\"2026-03-27T20:41:00+00:00\" \/>\n<meta name=\"author\" content=\"Telinha\" \/>\n<meta name=\"twitter:card\" content=\"summary_large_image\" \/>\n<meta name=\"twitter:label1\" content=\"Escrito por\" \/>\n\t<meta name=\"twitter:data1\" content=\"Telinha\" \/>\n\t<meta name=\"twitter:label2\" content=\"Tempo estimado de leitura\" \/>\n\t<meta name=\"twitter:data2\" content=\"1 minuto\" \/>\n<script type=\"application\/ld+json\" class=\"yoast-schema-graph\">{\"@context\":\"https:\/\/schema.org\",\"@graph\":[{\"@type\":\"Article\",\"@id\":\"https:\/\/portaltela.pt\/noticias\/2026\/03\/27\/conselho-estrategico-do-ps-define-acoes-para-as-batalhas-do-amanha\/#article\",\"isPartOf\":{\"@id\":\"https:\/\/portaltela.pt\/noticias\/2026\/03\/27\/conselho-estrategico-do-ps-define-acoes-para-as-batalhas-do-amanha\/\"},\"author\":{\"name\":\"Telinha\",\"@id\":\"https:\/\/portaltela.pt\/#\/schema\/person\/c4278d4a6028830caff9ee44b42d32ed\"},\"headline\":\"Conselho Estrat\u00e9gico do PS define a\u00e7\u00f5es para as batalhas do amanh\u00e3\",\"datePublished\":\"2026-03-27T20:41:00+00:00\",\"mainEntityOfPage\":{\"@id\":\"https:\/\/portaltela.pt\/noticias\/2026\/03\/27\/conselho-estrategico-do-ps-define-acoes-para-as-batalhas-do-amanha\/\"},\"wordCount\":181,\"image\":{\"@id\":\"https:\/\/portaltela.pt\/noticias\/2026\/03\/27\/conselho-estrategico-do-ps-define-acoes-para-as-batalhas-do-amanha\/#primaryimage\"},\"thumbnailUrl\":\"https:\/\/portaltela.pt\/s.01k8rhncp4jt1\/2026\/03\/2077462.jpg\",\"keywords\":[\"governo\",\"Partido Socialista\",\"Planeamento Estrat\u00e9gico\",\"pol\u00edtica\",\"pol\u00edticas p\u00fablicas\",\"PS\"],\"articleSection\":[\"Not\u00edcias\",\"Pol\u00edtica\"],\"inLanguage\":\"pt-PT\"},{\"@type\":\"WebPage\",\"@id\":\"https:\/\/portaltela.pt\/noticias\/2026\/03\/27\/conselho-estrategico-do-ps-define-acoes-para-as-batalhas-do-amanha\/\",\"url\":\"https:\/\/portaltela.pt\/noticias\/2026\/03\/27\/conselho-estrategico-do-ps-define-acoes-para-as-batalhas-do-amanha\/\",\"name\":\"Conselho Estrat\u00e9gico do PS define a\u00e7\u00f5es para as batalhas do amanh\u00e3 - Portal Tela Portugal\",\"isPartOf\":{\"@id\":\"https:\/\/portaltela.pt\/#website\"},\"primaryImageOfPage\":{\"@id\":\"https:\/\/portaltela.pt\/noticias\/2026\/03\/27\/conselho-estrategico-do-ps-define-acoes-para-as-batalhas-do-amanha\/#primaryimage\"},\"image\":{\"@id\":\"https:\/\/portaltela.pt\/noticias\/2026\/03\/27\/conselho-estrategico-do-ps-define-acoes-para-as-batalhas-do-amanha\/#primaryimage\"},\"thumbnailUrl\":\"https:\/\/portaltela.pt\/s.01k8rhncp4jt1\/2026\/03\/2077462.jpg\",\"datePublished\":\"2026-03-27T20:41:00+00:00\",\"author\":{\"@id\":\"https:\/\/portaltela.pt\/#\/schema\/person\/c4278d4a6028830caff9ee44b42d32ed\"},\"breadcrumb\":{\"@id\":\"https:\/\/portaltela.pt\/noticias\/2026\/03\/27\/conselho-estrategico-do-ps-define-acoes-para-as-batalhas-do-amanha\/#breadcrumb\"},\"inLanguage\":\"pt-PT\",\"potentialAction\":[{\"@type\":\"ReadAction\",\"target\":[\"https:\/\/portaltela.pt\/noticias\/2026\/03\/27\/conselho-estrategico-do-ps-define-acoes-para-as-batalhas-do-amanha\/\"]}]},{\"@type\":\"ImageObject\",\"inLanguage\":\"pt-PT\",\"@id\":\"https:\/\/portaltela.pt\/noticias\/2026\/03\/27\/conselho-estrategico-do-ps-define-acoes-para-as-batalhas-do-amanha\/#primaryimage\",\"url\":\"https:\/\/portaltela.pt\/s.01k8rhncp4jt1\/2026\/03\/2077462.jpg\",\"contentUrl\":\"https:\/\/portaltela.pt\/s.01k8rhncp4jt1\/2026\/03\/2077462.jpg\",\"width\":796,\"height\":448,\"caption\":\"Augusto Santos Silva no \u00faltimo congresso do PS\"},{\"@type\":\"BreadcrumbList\",\"@id\":\"https:\/\/portaltela.pt\/noticias\/2026\/03\/27\/conselho-estrategico-do-ps-define-acoes-para-as-batalhas-do-amanha\/#breadcrumb\",\"itemListElement\":[{\"@type\":\"ListItem\",\"position\":1,\"name\":\"In\u00edcio\",\"item\":\"https:\/\/portaltela.pt\/\"},{\"@type\":\"ListItem\",\"position\":2,\"name\":\"Conselho Estrat\u00e9gico do PS define a\u00e7\u00f5es para as batalhas do amanh\u00e3\"}]},{\"@type\":\"WebSite\",\"@id\":\"https:\/\/portaltela.pt\/#website\",\"url\":\"https:\/\/portaltela.pt\/\",\"name\":\"Portal Tela Portugal\",\"description\":\"\",\"potentialAction\":[{\"@type\":\"SearchAction\",\"target\":{\"@type\":\"EntryPoint\",\"urlTemplate\":\"https:\/\/portaltela.pt\/?s={search_term_string}\"},\"query-input\":{\"@type\":\"PropertyValueSpecification\",\"valueRequired\":true,\"valueName\":\"search_term_string\"}}],\"inLanguage\":\"pt-PT\"},{\"@type\":\"Person\",\"@id\":\"https:\/\/portaltela.pt\/#\/schema\/person\/c4278d4a6028830caff9ee44b42d32ed\",\"name\":\"Telinha\",\"image\":{\"@type\":\"ImageObject\",\"inLanguage\":\"pt-PT\",\"@id\":\"https:\/\/portaltela.pt\/s.01k8rhncp4jt1\/2025\/11\/talking-bot-125x125.png\",\"url\":\"https:\/\/portaltela.pt\/s.01k8rhncp4jt1\/2025\/11\/talking-bot-125x125.png\",\"contentUrl\":\"https:\/\/portaltela.pt\/s.01k8rhncp4jt1\/2025\/11\/talking-bot-125x125.png\",\"caption\":\"Telinha\"},\"sameAs\":[\"https:\/\/portaltela.pt\/\"],\"url\":\"https:\/\/portaltela.pt\/por\/367410592786\/\"}]}<\/script>\n<!-- \/ Yoast SEO plugin. -->","yoast_head_json":{"title":"Conselho Estrat\u00e9gico do PS define a\u00e7\u00f5es para as batalhas do amanh\u00e3 - Portal Tela Portugal","robots":{"index":"index","follow":"follow","max-snippet":"max-snippet:-1","max-image-preview":"max-image-preview:large","max-video-preview":"max-video-preview:-1"},"og_locale":"pt_PT","og_type":"article","og_title":"Conselho Estrat\u00e9gico do PS define a\u00e7\u00f5es para as batalhas do amanh\u00e3 - Portal Tela Portugal","og_description":"O Conselho Estrat\u00e9gico do PS prepara \u201carmas para as batalhas do amanh\u00e3\u201d, segundo Augusto Santos Silva. Augusto Santos Silva \u00e9 o coordenador-geral do \u00f3rg\u00e3o, criado para refletir sobre o pa\u00eds que o PS pretende ter em 2050. O \u00f3rg\u00e3o foi criado em julho do ano passado por Jos\u00e9 Lu\u00eds Carneiro. Re\u00fane dirigentes, militantes, simpatizantes e muitos nomes da sociedade civil, incluindo Carlos Tavares e Filipe Lobo d'\u00c1vila. O objetivo \u00e9 pensar o pa\u00eds e o mundo com 2050 no horizonte, j\u00e1 gerando ideias para a mo\u00e7\u00e3o de Carneiro e para discuss\u00f5es parlamentares.","og_url":"https:\/\/portaltela.pt\/noticias\/2026\/03\/27\/conselho-estrategico-do-ps-define-acoes-para-as-batalhas-do-amanha\/","og_site_name":"Portal Tela Portugal","article_published_time":"2026-03-27T20:41:00+00:00","author":"Telinha","twitter_card":"summary_large_image","twitter_misc":{"Escrito por":"Telinha","Tempo estimado de leitura":"1 minuto"},"schema":{"@context":"https:\/\/schema.org","@graph":[{"@type":"Article","@id":"https:\/\/portaltela.pt\/noticias\/2026\/03\/27\/conselho-estrategico-do-ps-define-acoes-para-as-batalhas-do-amanha\/#article","isPartOf":{"@id":"https:\/\/portaltela.pt\/noticias\/2026\/03\/27\/conselho-estrategico-do-ps-define-acoes-para-as-batalhas-do-amanha\/"},"author":{"name":"Telinha","@id":"https:\/\/portaltela.pt\/#\/schema\/person\/c4278d4a6028830caff9ee44b42d32ed"},"headline":"Conselho Estrat\u00e9gico do PS define a\u00e7\u00f5es para as batalhas do amanh\u00e3","datePublished":"2026-03-27T20:41:00+00:00","mainEntityOfPage":{"@id":"https:\/\/portaltela.pt\/noticias\/2026\/03\/27\/conselho-estrategico-do-ps-define-acoes-para-as-batalhas-do-amanha\/"},"wordCount":181,"image":{"@id":"https:\/\/portaltela.pt\/noticias\/2026\/03\/27\/conselho-estrategico-do-ps-define-acoes-para-as-batalhas-do-amanha\/#primaryimage"},"thumbnailUrl":"https:\/\/portaltela.pt\/s.01k8rhncp4jt1\/2026\/03\/2077462.jpg","keywords":["governo","Partido Socialista","Planeamento Estrat\u00e9gico","pol\u00edtica","pol\u00edticas p\u00fablicas","PS"],"articleSection":["Not\u00edcias","Pol\u00edtica"],"inLanguage":"pt-PT"},{"@type":"WebPage","@id":"https:\/\/portaltela.pt\/noticias\/2026\/03\/27\/conselho-estrategico-do-ps-define-acoes-para-as-batalhas-do-amanha\/","url":"https:\/\/portaltela.pt\/noticias\/2026\/03\/27\/conselho-estrategico-do-ps-define-acoes-para-as-batalhas-do-amanha\/","name":"Conselho Estrat\u00e9gico do PS define a\u00e7\u00f5es para as batalhas do amanh\u00e3 - Portal Tela Portugal","isPartOf":{"@id":"https:\/\/portaltela.pt\/#website"},"primaryImageOfPage":{"@id":"https:\/\/portaltela.pt\/noticias\/2026\/03\/27\/conselho-estrategico-do-ps-define-acoes-para-as-batalhas-do-amanha\/#primaryimage"},"image":{"@id":"https:\/\/portaltela.pt\/noticias\/2026\/03\/27\/conselho-estrategico-do-ps-define-acoes-para-as-batalhas-do-amanha\/#primaryimage"},"thumbnailUrl":"https:\/\/portaltela.pt\/s.01k8rhncp4jt1\/2026\/03\/2077462.jpg","datePublished":"2026-03-27T20:41:00+00:00","author":{"@id":"https:\/\/portaltela.pt\/#\/schema\/person\/c4278d4a6028830caff9ee44b42d32ed"},"breadcrumb":{"@id":"https:\/\/portaltela.pt\/noticias\/2026\/03\/27\/conselho-estrategico-do-ps-define-acoes-para-as-batalhas-do-amanha\/#breadcrumb"},"inLanguage":"pt-PT","potentialAction":[{"@type":"ReadAction","target":["https:\/\/portaltela.pt\/noticias\/2026\/03\/27\/conselho-estrategico-do-ps-define-acoes-para-as-batalhas-do-amanha\/"]}]},{"@type":"ImageObject","inLanguage":"pt-PT","@id":"https:\/\/portaltela.pt\/noticias\/2026\/03\/27\/conselho-estrategico-do-ps-define-acoes-para-as-batalhas-do-amanha\/#primaryimage","url":"https:\/\/portaltela.pt\/s.01k8rhncp4jt1\/2026\/03\/2077462.jpg","contentUrl":"https:\/\/portaltela.pt\/s.01k8rhncp4jt1\/2026\/03\/2077462.jpg","width":796,"height":448,"caption":"Augusto Santos Silva no \u00faltimo congresso do PS"},{"@type":"BreadcrumbList","@id":"https:\/\/portaltela.pt\/noticias\/2026\/03\/27\/conselho-estrategico-do-ps-define-acoes-para-as-batalhas-do-amanha\/#breadcrumb","itemListElement":[{"@type":"ListItem","position":1,"name":"In\u00edcio","item":"https:\/\/portaltela.pt\/"},{"@type":"ListItem","position":2,"name":"Conselho Estrat\u00e9gico do PS define a\u00e7\u00f5es para as batalhas do amanh\u00e3"}]},{"@type":"WebSite","@id":"https:\/\/portaltela.pt\/#website","url":"https:\/\/portaltela.pt\/","name":"Portal Tela Portugal","description":"","potentialAction":[{"@type":"SearchAction","target":{"@type":"EntryPoint","urlTemplate":"https:\/\/portaltela.pt\/?s={search_term_string}"},"query-input":{"@type":"PropertyValueSpecification","valueRequired":true,"valueName":"search_term_string"}}],"inLanguage":"pt-PT"},{"@type":"Person","@id":"https:\/\/portaltela.pt\/#\/schema\/person\/c4278d4a6028830caff9ee44b42d32ed","name":"Telinha","image":{"@type":"ImageObject","inLanguage":"pt-PT","@id":"https:\/\/portaltela.pt\/s.01k8rhncp4jt1\/2025\/11\/talking-bot-125x125.png","url":"https:\/\/portaltela.pt\/s.01k8rhncp4jt1\/2025\/11\/talking-bot-125x125.png","contentUrl":"https:\/\/portaltela.pt\/s.01k8rhncp4jt1\/2025\/11\/talking-bot-125x125.png","caption":"Telinha"},"sameAs":["https:\/\/portaltela.pt\/"],"url":"https:\/\/portaltela.pt\/por\/367410592786\/"}]}},"_links":{"self":[{"href":"https:\/\/portaltela.pt\/api\/wp\/v2\/posts\/424402","targetHints":{"allow":["GET"]}}],"collection":[{"href":"https:\/\/portaltela.pt\/api\/wp\/v2\/posts"}],"about":[{"href":"https:\/\/portaltela.pt\/api\/wp\/v2\/types\/post"}],"author":[{"embeddable":true,"href":"https:\/\/portaltela.pt\/api\/wp\/v2\/users\/2"}],"replies":[{"embeddable":true,"href":"https:\/\/portaltela.pt\/api\/wp\/v2\/comments?post=424402"}],"version-history":[{"count":0,"href":"https:\/\/portaltela.pt\/api\/wp\/v2\/posts\/424402\/revisions"}],"wp:featuredmedia":[{"embeddable":true,"href":"https:\/\/portaltela.pt\/api\/wp\/v2\/media\/424404"}],"wp:attachment":[{"href":"https:\/\/portaltela.pt\/api\/wp\/v2\/media?parent=424402"}],"wp:term":[{"taxonomy":"category","embeddable":true,"href":"https:\/\/portaltela.pt\/api\/wp\/v2\/categories?post=424402"},{"taxonomy":"post_tag","embeddable":true,"href":"https:\/\/portaltela.pt\/api\/wp\/v2\/tags?post=424402"}],"curies":[{"name":"wp","href":"https:\/\/api.w.org\/{rel}","templated":true}]}}