{"id":424394,"date":"2026-03-27T17:14:00","date_gmt":"2026-03-27T20:14:00","guid":{"rendered":"https:\/\/portaltela.pt\/noticias\/2026\/03\/27\/linha-do-douro-reabre-ao-servico-de-passageiros-em-2-de-abril\/"},"modified":"2026-03-27T17:14:00","modified_gmt":"2026-03-27T20:14:00","slug":"linha-do-douro-reabre-ao-servico-de-passageiros-em-2-de-abril","status":"publish","type":"post","link":"https:\/\/portaltela.pt\/noticias\/economia\/2026\/03\/27\/linha-do-douro-reabre-ao-servico-de-passageiros-em-2-de-abril\/","title":{"rendered":"Linha do Douro reabre ao servi\u00e7o de passageiros em 2 de abril"},"content":{"rendered":"<p>A Linha do Douro vai reabrir ao servi\u00e7o de passageiros a 2 de abril, entre Marco de Canaveses e Peso da R\u00e9gua, ap\u00f3s obras de moderniza\u00e7\u00e3o e refor\u00e7o da infraestrutura. A decis\u00e3o foi comunicada pela Infraestruturas de Portugal \u00e0s autarquias da regi\u00e3o.<\/p>\n<p>A suspens\u00e3o do servi\u00e7o, vigente nos \u00faltimos meses, visou permitir a conclus\u00e3o de interven\u00e7\u00f5es. Durante esse per\u00edodo, realizaram-se trabalhos de refor\u00e7o estrutural e rebaixamento da via em seis t\u00faneis, com o objetivo de aumentar a seguran\u00e7a e a regularidade da circula\u00e7\u00e3o.<\/p>\n<h3>Obras e impactos<\/h3>\n<p>O tro\u00e7o em causa recebeu um investimento de 110 milh\u00f5es de euros, enquadrando-se numa das maiores iniciativas da Rede Ferrovi\u00e1ria Nacional. Al\u00e9m da instala\u00e7\u00e3o de caten\u00e1ria, procede-se \u00e0 moderniza\u00e7\u00e3o de esta\u00e7\u00f5es e apeadeiros, melhoria de acessos para pessoas com mobilidade reduzida, interven\u00e7\u00e3o em 40 taludes e prolongamento de plataformas para 150 metros.<\/p>\n<p>A Esta\u00e7\u00e3o da R\u00e9gua tamb\u00e9m ser\u00e1 requalificada, com melhorias nas salas de espera, bilheteiras, cafetaria e instala\u00e7\u00f5es sanit\u00e1rias. No conjunto, o objetivo \u00e9 elevar a qualidade do servi\u00e7o, com interfaces e sistemas de informa\u00e7\u00e3o ao p\u00fablico mais avan\u00e7ados.<\/p>\n<h3>Contexto e perspetivas<\/h3>\n<p>O tro\u00e7o entre Ca\u00edde e Marco de Canaveses j\u00e1 est\u00e1 eletrificado, num investimento de 33 milh\u00f5es de euros. Est\u00e1 em curso o projeto de moderniza\u00e7\u00e3o entre a R\u00e9gua e o Pocinho (cerca de 180 milh\u00f5es) e estudos para o tro\u00e7o Pocinho-Barca d\u2019Alva (estimados em 80 milh\u00f5es). O investimento total na linha do Douro pode chegar a cerca de 460 milh\u00f5es de euros.<\/p>\n<p>Atualmente, a Linha do Douro liga o Porto ao Pocinho, num total de cerca de 171,5 quil\u00f3metros. Mant\u00e9m-se a ambi\u00e7\u00e3o de eletrifica\u00e7\u00e3o integral e da reabertura do tro\u00e7o Pocinho-Barca d\u2019Alva, encerrado desde 1988. A oferta de hor\u00e1rios atualizados estar\u00e1 dispon\u00edvel no site da CP \u2013 Comboios de Portugal.<\/p>\n","protected":false},"excerpt":{"rendered":"<ul>\n<li>A Linha do Douro, entre Marco de Canaveses e Peso da R\u00e9gua, reabre ao servi\u00e7o de passageiros a dois de abril, ap\u00f3s obras de moderniza\u00e7\u00e3o.<\/li>\n<li>Foram efectuados refor\u00e7os estruturais e rebaixamento da via em seis t\u00faneis, no \u00e2mbito de uma interven\u00e7\u00e3o de 110 milh\u00f5es de euros.<\/li>\n<li>O investimento total na rede continua a crescer, totalizando cerca de 460 milh\u00f5es de euros, incluindo 33 milh\u00f5es de Ca\u00edde a Marco de Canaveses, 180 milh\u00f5es entre a R\u00e9gua e o Pocinho e 80 milh\u00f5es entre o Pocinho e Barca d\u2019Alva.<\/li>\n<li>A Esta\u00e7\u00e3o da R\u00e9gua ser\u00e1 requalificada com melhorias nas \u00e1reas de atendimento, cafetaria e instala\u00e7\u00f5es sanit\u00e1rias, bem como acessos para mobilidade reduzida.<\/li>\n<li>No momento, a Linha do Douro liga o Porto ao Pocinho, tem cerca de 171,5 quil\u00f3metros, e persiste a ambi\u00e7\u00e3o de eletrifica\u00e7\u00e3o integral e a reabertura do tro\u00e7o entre Pocinho e Barca d\u2019Alva.<\/li>\n<\/ul>\n","protected":false},"author":2,"featured_media":424398,"comment_status":"closed","ping_status":"closed","sticky":false,"template":"","format":"standard","meta":{"footnotes":""},"categories":[2,1],"tags":[3191,1615,316,2110,1014,363],"class_list":["post-424394","post","type-post","status-publish","format-standard","has-post-thumbnail","hentry","category-economia","category-noticias","tag-cp","tag-infraestrutura","tag-investimento","tag-mobilidade","tag-portugal","tag-transportes"],"yoast_head":"<!-- This site is optimized with the Yoast SEO plugin v27.2 - https:\/\/yoast.com\/product\/yoast-seo-wordpress\/ -->\n<title>Linha do Douro reabre ao servi\u00e7o de passageiros em 2 de abril - Portal Tela Portugal<\/title>\n<meta name=\"robots\" content=\"index, follow, max-snippet:-1, max-image-preview:large, max-video-preview:-1\" \/>\n<meta property=\"og:locale\" content=\"pt_PT\" \/>\n<meta property=\"og:type\" content=\"article\" \/>\n<meta property=\"og:title\" content=\"Linha do Douro reabre ao servi\u00e7o de passageiros em 2 de abril - Portal Tela Portugal\" \/>\n<meta property=\"og:description\" content=\"A Linha do Douro, entre Marco de Canaveses e Peso da R\u00e9gua, reabre ao servi\u00e7o de passageiros a dois de abril, ap\u00f3s obras de moderniza\u00e7\u00e3o. Foram efectuados refor\u00e7os estruturais e rebaixamento da via em seis t\u00faneis, no \u00e2mbito de uma interven\u00e7\u00e3o de 110 milh\u00f5es de euros. O investimento total na rede continua a crescer, totalizando cerca de 460 milh\u00f5es de euros, incluindo 33 milh\u00f5es de Ca\u00edde a Marco de Canaveses, 180 milh\u00f5es entre a R\u00e9gua e o Pocinho e 80 milh\u00f5es entre o Pocinho e Barca d\u2019Alva. A Esta\u00e7\u00e3o da R\u00e9gua ser\u00e1 requalificada com melhorias nas \u00e1reas de atendimento, cafetaria e instala\u00e7\u00f5es sanit\u00e1rias, bem como acessos para mobilidade reduzida. No momento, a Linha do Douro liga o Porto ao Pocinho, tem cerca de 171,5 quil\u00f3metros, e persiste a ambi\u00e7\u00e3o de eletrifica\u00e7\u00e3o integral e a reabertura do tro\u00e7o entre Pocinho e Barca d\u2019Alva.\" \/>\n<meta property=\"og:url\" content=\"https:\/\/portaltela.pt\/noticias\/2026\/03\/27\/linha-do-douro-reabre-ao-servico-de-passageiros-em-2-de-abril\/\" \/>\n<meta property=\"og:site_name\" content=\"Portal Tela Portugal\" \/>\n<meta property=\"article:published_time\" content=\"2026-03-27T20:14:00+00:00\" \/>\n<meta name=\"author\" content=\"Telinha\" \/>\n<meta name=\"twitter:card\" content=\"summary_large_image\" \/>\n<meta name=\"twitter:label1\" content=\"Escrito por\" \/>\n\t<meta name=\"twitter:data1\" content=\"Telinha\" \/>\n\t<meta name=\"twitter:label2\" content=\"Tempo estimado de leitura\" \/>\n\t<meta name=\"twitter:data2\" content=\"2 minutos\" \/>\n<script type=\"application\/ld+json\" class=\"yoast-schema-graph\">{\"@context\":\"https:\/\/schema.org\",\"@graph\":[{\"@type\":\"Article\",\"@id\":\"https:\/\/portaltela.pt\/noticias\/2026\/03\/27\/linha-do-douro-reabre-ao-servico-de-passageiros-em-2-de-abril\/#article\",\"isPartOf\":{\"@id\":\"https:\/\/portaltela.pt\/noticias\/2026\/03\/27\/linha-do-douro-reabre-ao-servico-de-passageiros-em-2-de-abril\/\"},\"author\":{\"name\":\"Telinha\",\"@id\":\"https:\/\/portaltela.pt\/#\/schema\/person\/c4278d4a6028830caff9ee44b42d32ed\"},\"headline\":\"Linha do Douro reabre ao servi\u00e7o de passageiros em 2 de abril\",\"datePublished\":\"2026-03-27T20:14:00+00:00\",\"mainEntityOfPage\":{\"@id\":\"https:\/\/portaltela.pt\/noticias\/2026\/03\/27\/linha-do-douro-reabre-ao-servico-de-passageiros-em-2-de-abril\/\"},\"wordCount\":340,\"image\":{\"@id\":\"https:\/\/portaltela.pt\/noticias\/2026\/03\/27\/linha-do-douro-reabre-ao-servico-de-passageiros-em-2-de-abril\/#primaryimage\"},\"thumbnailUrl\":\"https:\/\/portaltela.pt\/s.01k8rhncp4jt1\/2026\/03\/image-1638.jpg\",\"keywords\":[\"CP\",\"infraestrutura\",\"investimento\",\"mobilidade\",\"Portugal\",\"transportes\"],\"articleSection\":[\"Economia\",\"Not\u00edcias\"],\"inLanguage\":\"pt-PT\"},{\"@type\":\"WebPage\",\"@id\":\"https:\/\/portaltela.pt\/noticias\/2026\/03\/27\/linha-do-douro-reabre-ao-servico-de-passageiros-em-2-de-abril\/\",\"url\":\"https:\/\/portaltela.pt\/noticias\/2026\/03\/27\/linha-do-douro-reabre-ao-servico-de-passageiros-em-2-de-abril\/\",\"name\":\"Linha do Douro reabre ao servi\u00e7o de passageiros em 2 de abril - Portal Tela Portugal\",\"isPartOf\":{\"@id\":\"https:\/\/portaltela.pt\/#website\"},\"primaryImageOfPage\":{\"@id\":\"https:\/\/portaltela.pt\/noticias\/2026\/03\/27\/linha-do-douro-reabre-ao-servico-de-passageiros-em-2-de-abril\/#primaryimage\"},\"image\":{\"@id\":\"https:\/\/portaltela.pt\/noticias\/2026\/03\/27\/linha-do-douro-reabre-ao-servico-de-passageiros-em-2-de-abril\/#primaryimage\"},\"thumbnailUrl\":\"https:\/\/portaltela.pt\/s.01k8rhncp4jt1\/2026\/03\/image-1638.jpg\",\"datePublished\":\"2026-03-27T20:14:00+00:00\",\"author\":{\"@id\":\"https:\/\/portaltela.pt\/#\/schema\/person\/c4278d4a6028830caff9ee44b42d32ed\"},\"breadcrumb\":{\"@id\":\"https:\/\/portaltela.pt\/noticias\/2026\/03\/27\/linha-do-douro-reabre-ao-servico-de-passageiros-em-2-de-abril\/#breadcrumb\"},\"inLanguage\":\"pt-PT\",\"potentialAction\":[{\"@type\":\"ReadAction\",\"target\":[\"https:\/\/portaltela.pt\/noticias\/2026\/03\/27\/linha-do-douro-reabre-ao-servico-de-passageiros-em-2-de-abril\/\"]}]},{\"@type\":\"ImageObject\",\"inLanguage\":\"pt-PT\",\"@id\":\"https:\/\/portaltela.pt\/noticias\/2026\/03\/27\/linha-do-douro-reabre-ao-servico-de-passageiros-em-2-de-abril\/#primaryimage\",\"url\":\"https:\/\/portaltela.pt\/s.01k8rhncp4jt1\/2026\/03\/image-1638.jpg\",\"contentUrl\":\"https:\/\/portaltela.pt\/s.01k8rhncp4jt1\/2026\/03\/image-1638.jpg\",\"width\":796,\"height\":448,\"caption\":\"Suspens\u00e3o do servi\u00e7o ferrovi\u00e1rio vigorou nos \u00faltimos meses para permitir a realiza\u00e7\u00e3o da interven\u00e7\u00e3o\"},{\"@type\":\"BreadcrumbList\",\"@id\":\"https:\/\/portaltela.pt\/noticias\/2026\/03\/27\/linha-do-douro-reabre-ao-servico-de-passageiros-em-2-de-abril\/#breadcrumb\",\"itemListElement\":[{\"@type\":\"ListItem\",\"position\":1,\"name\":\"In\u00edcio\",\"item\":\"https:\/\/portaltela.pt\/\"},{\"@type\":\"ListItem\",\"position\":2,\"name\":\"Linha do Douro reabre ao servi\u00e7o de passageiros em 2 de abril\"}]},{\"@type\":\"WebSite\",\"@id\":\"https:\/\/portaltela.pt\/#website\",\"url\":\"https:\/\/portaltela.pt\/\",\"name\":\"Portal Tela Portugal\",\"description\":\"\",\"potentialAction\":[{\"@type\":\"SearchAction\",\"target\":{\"@type\":\"EntryPoint\",\"urlTemplate\":\"https:\/\/portaltela.pt\/?s={search_term_string}\"},\"query-input\":{\"@type\":\"PropertyValueSpecification\",\"valueRequired\":true,\"valueName\":\"search_term_string\"}}],\"inLanguage\":\"pt-PT\"},{\"@type\":\"Person\",\"@id\":\"https:\/\/portaltela.pt\/#\/schema\/person\/c4278d4a6028830caff9ee44b42d32ed\",\"name\":\"Telinha\",\"image\":{\"@type\":\"ImageObject\",\"inLanguage\":\"pt-PT\",\"@id\":\"https:\/\/portaltela.pt\/s.01k8rhncp4jt1\/2025\/11\/talking-bot-125x125.png\",\"url\":\"https:\/\/portaltela.pt\/s.01k8rhncp4jt1\/2025\/11\/talking-bot-125x125.png\",\"contentUrl\":\"https:\/\/portaltela.pt\/s.01k8rhncp4jt1\/2025\/11\/talking-bot-125x125.png\",\"caption\":\"Telinha\"},\"sameAs\":[\"https:\/\/portaltela.pt\/\"],\"url\":\"https:\/\/portaltela.pt\/por\/367410592786\/\"}]}<\/script>\n<!-- \/ Yoast SEO plugin. -->","yoast_head_json":{"title":"Linha do Douro reabre ao servi\u00e7o de passageiros em 2 de abril - Portal Tela Portugal","robots":{"index":"index","follow":"follow","max-snippet":"max-snippet:-1","max-image-preview":"max-image-preview:large","max-video-preview":"max-video-preview:-1"},"og_locale":"pt_PT","og_type":"article","og_title":"Linha do Douro reabre ao servi\u00e7o de passageiros em 2 de abril - Portal Tela Portugal","og_description":"A Linha do Douro, entre Marco de Canaveses e Peso da R\u00e9gua, reabre ao servi\u00e7o de passageiros a dois de abril, ap\u00f3s obras de moderniza\u00e7\u00e3o. Foram efectuados refor\u00e7os estruturais e rebaixamento da via em seis t\u00faneis, no \u00e2mbito de uma interven\u00e7\u00e3o de 110 milh\u00f5es de euros. O investimento total na rede continua a crescer, totalizando cerca de 460 milh\u00f5es de euros, incluindo 33 milh\u00f5es de Ca\u00edde a Marco de Canaveses, 180 milh\u00f5es entre a R\u00e9gua e o Pocinho e 80 milh\u00f5es entre o Pocinho e Barca d\u2019Alva. A Esta\u00e7\u00e3o da R\u00e9gua ser\u00e1 requalificada com melhorias nas \u00e1reas de atendimento, cafetaria e instala\u00e7\u00f5es sanit\u00e1rias, bem como acessos para mobilidade reduzida. No momento, a Linha do Douro liga o Porto ao Pocinho, tem cerca de 171,5 quil\u00f3metros, e persiste a ambi\u00e7\u00e3o de eletrifica\u00e7\u00e3o integral e a reabertura do tro\u00e7o entre Pocinho e Barca d\u2019Alva.","og_url":"https:\/\/portaltela.pt\/noticias\/2026\/03\/27\/linha-do-douro-reabre-ao-servico-de-passageiros-em-2-de-abril\/","og_site_name":"Portal Tela Portugal","article_published_time":"2026-03-27T20:14:00+00:00","author":"Telinha","twitter_card":"summary_large_image","twitter_misc":{"Escrito por":"Telinha","Tempo estimado de leitura":"2 minutos"},"schema":{"@context":"https:\/\/schema.org","@graph":[{"@type":"Article","@id":"https:\/\/portaltela.pt\/noticias\/2026\/03\/27\/linha-do-douro-reabre-ao-servico-de-passageiros-em-2-de-abril\/#article","isPartOf":{"@id":"https:\/\/portaltela.pt\/noticias\/2026\/03\/27\/linha-do-douro-reabre-ao-servico-de-passageiros-em-2-de-abril\/"},"author":{"name":"Telinha","@id":"https:\/\/portaltela.pt\/#\/schema\/person\/c4278d4a6028830caff9ee44b42d32ed"},"headline":"Linha do Douro reabre ao servi\u00e7o de passageiros em 2 de abril","datePublished":"2026-03-27T20:14:00+00:00","mainEntityOfPage":{"@id":"https:\/\/portaltela.pt\/noticias\/2026\/03\/27\/linha-do-douro-reabre-ao-servico-de-passageiros-em-2-de-abril\/"},"wordCount":340,"image":{"@id":"https:\/\/portaltela.pt\/noticias\/2026\/03\/27\/linha-do-douro-reabre-ao-servico-de-passageiros-em-2-de-abril\/#primaryimage"},"thumbnailUrl":"https:\/\/portaltela.pt\/s.01k8rhncp4jt1\/2026\/03\/image-1638.jpg","keywords":["CP","infraestrutura","investimento","mobilidade","Portugal","transportes"],"articleSection":["Economia","Not\u00edcias"],"inLanguage":"pt-PT"},{"@type":"WebPage","@id":"https:\/\/portaltela.pt\/noticias\/2026\/03\/27\/linha-do-douro-reabre-ao-servico-de-passageiros-em-2-de-abril\/","url":"https:\/\/portaltela.pt\/noticias\/2026\/03\/27\/linha-do-douro-reabre-ao-servico-de-passageiros-em-2-de-abril\/","name":"Linha do Douro reabre ao servi\u00e7o de passageiros em 2 de abril - Portal Tela Portugal","isPartOf":{"@id":"https:\/\/portaltela.pt\/#website"},"primaryImageOfPage":{"@id":"https:\/\/portaltela.pt\/noticias\/2026\/03\/27\/linha-do-douro-reabre-ao-servico-de-passageiros-em-2-de-abril\/#primaryimage"},"image":{"@id":"https:\/\/portaltela.pt\/noticias\/2026\/03\/27\/linha-do-douro-reabre-ao-servico-de-passageiros-em-2-de-abril\/#primaryimage"},"thumbnailUrl":"https:\/\/portaltela.pt\/s.01k8rhncp4jt1\/2026\/03\/image-1638.jpg","datePublished":"2026-03-27T20:14:00+00:00","author":{"@id":"https:\/\/portaltela.pt\/#\/schema\/person\/c4278d4a6028830caff9ee44b42d32ed"},"breadcrumb":{"@id":"https:\/\/portaltela.pt\/noticias\/2026\/03\/27\/linha-do-douro-reabre-ao-servico-de-passageiros-em-2-de-abril\/#breadcrumb"},"inLanguage":"pt-PT","potentialAction":[{"@type":"ReadAction","target":["https:\/\/portaltela.pt\/noticias\/2026\/03\/27\/linha-do-douro-reabre-ao-servico-de-passageiros-em-2-de-abril\/"]}]},{"@type":"ImageObject","inLanguage":"pt-PT","@id":"https:\/\/portaltela.pt\/noticias\/2026\/03\/27\/linha-do-douro-reabre-ao-servico-de-passageiros-em-2-de-abril\/#primaryimage","url":"https:\/\/portaltela.pt\/s.01k8rhncp4jt1\/2026\/03\/image-1638.jpg","contentUrl":"https:\/\/portaltela.pt\/s.01k8rhncp4jt1\/2026\/03\/image-1638.jpg","width":796,"height":448,"caption":"Suspens\u00e3o do servi\u00e7o ferrovi\u00e1rio vigorou nos \u00faltimos meses para permitir a realiza\u00e7\u00e3o da interven\u00e7\u00e3o"},{"@type":"BreadcrumbList","@id":"https:\/\/portaltela.pt\/noticias\/2026\/03\/27\/linha-do-douro-reabre-ao-servico-de-passageiros-em-2-de-abril\/#breadcrumb","itemListElement":[{"@type":"ListItem","position":1,"name":"In\u00edcio","item":"https:\/\/portaltela.pt\/"},{"@type":"ListItem","position":2,"name":"Linha do Douro reabre ao servi\u00e7o de passageiros em 2 de abril"}]},{"@type":"WebSite","@id":"https:\/\/portaltela.pt\/#website","url":"https:\/\/portaltela.pt\/","name":"Portal Tela Portugal","description":"","potentialAction":[{"@type":"SearchAction","target":{"@type":"EntryPoint","urlTemplate":"https:\/\/portaltela.pt\/?s={search_term_string}"},"query-input":{"@type":"PropertyValueSpecification","valueRequired":true,"valueName":"search_term_string"}}],"inLanguage":"pt-PT"},{"@type":"Person","@id":"https:\/\/portaltela.pt\/#\/schema\/person\/c4278d4a6028830caff9ee44b42d32ed","name":"Telinha","image":{"@type":"ImageObject","inLanguage":"pt-PT","@id":"https:\/\/portaltela.pt\/s.01k8rhncp4jt1\/2025\/11\/talking-bot-125x125.png","url":"https:\/\/portaltela.pt\/s.01k8rhncp4jt1\/2025\/11\/talking-bot-125x125.png","contentUrl":"https:\/\/portaltela.pt\/s.01k8rhncp4jt1\/2025\/11\/talking-bot-125x125.png","caption":"Telinha"},"sameAs":["https:\/\/portaltela.pt\/"],"url":"https:\/\/portaltela.pt\/por\/367410592786\/"}]}},"_links":{"self":[{"href":"https:\/\/portaltela.pt\/api\/wp\/v2\/posts\/424394","targetHints":{"allow":["GET"]}}],"collection":[{"href":"https:\/\/portaltela.pt\/api\/wp\/v2\/posts"}],"about":[{"href":"https:\/\/portaltela.pt\/api\/wp\/v2\/types\/post"}],"author":[{"embeddable":true,"href":"https:\/\/portaltela.pt\/api\/wp\/v2\/users\/2"}],"replies":[{"embeddable":true,"href":"https:\/\/portaltela.pt\/api\/wp\/v2\/comments?post=424394"}],"version-history":[{"count":0,"href":"https:\/\/portaltela.pt\/api\/wp\/v2\/posts\/424394\/revisions"}],"wp:featuredmedia":[{"embeddable":true,"href":"https:\/\/portaltela.pt\/api\/wp\/v2\/media\/424398"}],"wp:attachment":[{"href":"https:\/\/portaltela.pt\/api\/wp\/v2\/media?parent=424394"}],"wp:term":[{"taxonomy":"category","embeddable":true,"href":"https:\/\/portaltela.pt\/api\/wp\/v2\/categories?post=424394"},{"taxonomy":"post_tag","embeddable":true,"href":"https:\/\/portaltela.pt\/api\/wp\/v2\/tags?post=424394"}],"curies":[{"name":"wp","href":"https:\/\/api.w.org\/{rel}","templated":true}]}}