{"id":424393,"date":"2026-03-27T17:32:00","date_gmt":"2026-03-27T20:32:00","guid":{"rendered":"https:\/\/portaltela.pt\/noticias\/2026\/03\/27\/edificios-devolutos-preocupam-moradores-no-concelho-da-moita\/"},"modified":"2026-03-27T17:32:00","modified_gmt":"2026-03-27T20:32:00","slug":"edificios-devolutos-preocupam-moradores-no-concelho-da-moita","status":"publish","type":"post","link":"https:\/\/portaltela.pt\/sociedade\/2026\/03\/27\/edificios-devolutos-preocupam-moradores-no-concelho-da-moita\/","title":{"rendered":"Edif\u00edcios devolutos preocupam moradores no concelho da Moita"},"content":{"rendered":"<p>No concelho da Moita, na freguesia de Alhos Vedros, edif\u00edcios devolutos levantam preocupa\u00e7\u00f5es na popula\u00e7\u00e3o. Antigas f\u00e1bricas e habita\u00e7\u00f5es est\u00e3o em risco de ruir, com registos de danos j\u00e1 identificados no local.<\/p>\n<p>Os moradores apontam que a degrada\u00e7\u00e3o \u00e9 evidente h\u00e1 algum tempo, afectando a paisagem urbana e a seguran\u00e7a dos seus habitantes. A remo\u00e7\u00e3o de materiais inst\u00e1veis e o refor\u00e7o de estruturas s\u00e3o pedidos com urg\u00eancia.<\/p>\n<p>A responsabilidade pela gest\u00e3o e fiscaliza\u00e7\u00e3o recai sobre a C\u00e2mara Municipal, segundo os relatos dos residentes. A popula\u00e7\u00e3o pede a\u00e7\u00f5es concretas para evitar desmoronamentos e proteger \u00e1reas habitadas.<\/p>\n<p>A situa\u00e7\u00e3o em Alhos Vedros \u00e9 descrita como preocupante pela comunidade, que defende uma resposta r\u00e1pida das autoridades locais. O caso levanta questionamentos sobre planeamento urbano e manuten\u00e7\u00e3o de im\u00f3veis.<\/p>\n<p>Com o surgimento de danos vis\u00edveis, a interven\u00e7\u00e3o p\u00fablica surge como prioridade para impedir novos epis\u00f3dios de instabilidade estrutural. A popula\u00e7\u00e3o mant\u00e9m o acompanhamento das a\u00e7\u00f5es oficiais.<\/p>\n","protected":false},"excerpt":{"rendered":"<ul>\n<li>Antigas f\u00e1bricas e habita\u00e7\u00f5es em Alhos Vedros, Moita, est\u00e3o na imin\u00eancia de ruir, com danos j\u00e1 registados.<\/li>\n<li>Moradores da freguesia responsabilizam a C\u00e2mara Municipal pela falta de interven\u00e7\u00e3o e manuten\u00e7\u00e3o.<\/li>\n<li>A situa\u00e7\u00e3o preocupa residentes e comerciantes locais.<\/li>\n<li>A not\u00edcia mant\u00e9m tom informativo, sem opini\u00f5es ou ju\u00edzos de valor.<\/li>\n<\/ul>\n","protected":false},"author":2,"featured_media":424397,"comment_status":"closed","ping_status":"closed","sticky":false,"template":"","format":"standard","meta":{"footnotes":""},"categories":[6725,6871],"tags":[5639,5956,150,3569,3148,4536],"class_list":["post-424393","post","type-post","status-publish","format-standard","has-post-thumbnail","hentry","category-meio-ambiente","category-sociedade","tag-alhos-vedros","tag-desabamento","tag-habitacao","tag-moita","tag-planeamento-urbano","tag-seguranca"],"yoast_head":"<!-- This site is optimized with the Yoast SEO plugin v27.2 - https:\/\/yoast.com\/product\/yoast-seo-wordpress\/ -->\n<title>Edif\u00edcios devolutos preocupam moradores no concelho da Moita - Portal Tela Portugal<\/title>\n<meta name=\"robots\" content=\"index, follow, max-snippet:-1, max-image-preview:large, max-video-preview:-1\" \/>\n<meta property=\"og:locale\" content=\"pt_PT\" \/>\n<meta property=\"og:type\" content=\"article\" \/>\n<meta property=\"og:title\" content=\"Edif\u00edcios devolutos preocupam moradores no concelho da Moita - Portal Tela Portugal\" \/>\n<meta property=\"og:description\" content=\"Antigas f\u00e1bricas e habita\u00e7\u00f5es em Alhos Vedros, Moita, est\u00e3o na imin\u00eancia de ruir, com danos j\u00e1 registados. Moradores da freguesia responsabilizam a C\u00e2mara Municipal pela falta de interven\u00e7\u00e3o e manuten\u00e7\u00e3o. A situa\u00e7\u00e3o preocupa residentes e comerciantes locais. A not\u00edcia mant\u00e9m tom informativo, sem opini\u00f5es ou ju\u00edzos de valor.\" \/>\n<meta property=\"og:url\" content=\"https:\/\/portaltela.pt\/noticias\/2026\/03\/27\/edificios-devolutos-preocupam-moradores-no-concelho-da-moita\/\" \/>\n<meta property=\"og:site_name\" content=\"Portal Tela Portugal\" \/>\n<meta property=\"article:published_time\" content=\"2026-03-27T20:32:00+00:00\" \/>\n<meta name=\"author\" content=\"Telinha\" \/>\n<meta name=\"twitter:card\" content=\"summary_large_image\" \/>\n<meta name=\"twitter:label1\" content=\"Escrito por\" \/>\n\t<meta name=\"twitter:data1\" content=\"Telinha\" \/>\n\t<meta name=\"twitter:label2\" content=\"Tempo estimado de leitura\" \/>\n\t<meta name=\"twitter:data2\" content=\"1 minuto\" \/>\n<script type=\"application\/ld+json\" class=\"yoast-schema-graph\">{\"@context\":\"https:\/\/schema.org\",\"@graph\":[{\"@type\":\"Article\",\"@id\":\"https:\/\/portaltela.pt\/noticias\/2026\/03\/27\/edificios-devolutos-preocupam-moradores-no-concelho-da-moita\/#article\",\"isPartOf\":{\"@id\":\"https:\/\/portaltela.pt\/noticias\/2026\/03\/27\/edificios-devolutos-preocupam-moradores-no-concelho-da-moita\/\"},\"author\":{\"name\":\"Telinha\",\"@id\":\"https:\/\/portaltela.pt\/#\/schema\/person\/c4278d4a6028830caff9ee44b42d32ed\"},\"headline\":\"Edif\u00edcios devolutos preocupam moradores no concelho da Moita\",\"datePublished\":\"2026-03-27T20:32:00+00:00\",\"mainEntityOfPage\":{\"@id\":\"https:\/\/portaltela.pt\/noticias\/2026\/03\/27\/edificios-devolutos-preocupam-moradores-no-concelho-da-moita\/\"},\"wordCount\":188,\"image\":{\"@id\":\"https:\/\/portaltela.pt\/noticias\/2026\/03\/27\/edificios-devolutos-preocupam-moradores-no-concelho-da-moita\/#primaryimage\"},\"thumbnailUrl\":\"https:\/\/portaltela.pt\/s.01k8rhncp4jt1\/2026\/03\/img_1280x722uu2026-03-27-20-32-17-2275171.jpg\",\"keywords\":[\"Alhos Vedros\",\"desabamento\",\"habita\u00e7\u00e3o\",\"Moita\",\"planeamento urbano\",\"seguran\u00e7a\"],\"articleSection\":[\"Meio Ambiente\",\"Sociedade\"],\"inLanguage\":\"pt-PT\"},{\"@type\":\"WebPage\",\"@id\":\"https:\/\/portaltela.pt\/noticias\/2026\/03\/27\/edificios-devolutos-preocupam-moradores-no-concelho-da-moita\/\",\"url\":\"https:\/\/portaltela.pt\/noticias\/2026\/03\/27\/edificios-devolutos-preocupam-moradores-no-concelho-da-moita\/\",\"name\":\"Edif\u00edcios devolutos preocupam moradores no concelho da Moita - Portal Tela Portugal\",\"isPartOf\":{\"@id\":\"https:\/\/portaltela.pt\/#website\"},\"primaryImageOfPage\":{\"@id\":\"https:\/\/portaltela.pt\/noticias\/2026\/03\/27\/edificios-devolutos-preocupam-moradores-no-concelho-da-moita\/#primaryimage\"},\"image\":{\"@id\":\"https:\/\/portaltela.pt\/noticias\/2026\/03\/27\/edificios-devolutos-preocupam-moradores-no-concelho-da-moita\/#primaryimage\"},\"thumbnailUrl\":\"https:\/\/portaltela.pt\/s.01k8rhncp4jt1\/2026\/03\/img_1280x722uu2026-03-27-20-32-17-2275171.jpg\",\"datePublished\":\"2026-03-27T20:32:00+00:00\",\"author\":{\"@id\":\"https:\/\/portaltela.pt\/#\/schema\/person\/c4278d4a6028830caff9ee44b42d32ed\"},\"breadcrumb\":{\"@id\":\"https:\/\/portaltela.pt\/noticias\/2026\/03\/27\/edificios-devolutos-preocupam-moradores-no-concelho-da-moita\/#breadcrumb\"},\"inLanguage\":\"pt-PT\",\"potentialAction\":[{\"@type\":\"ReadAction\",\"target\":[\"https:\/\/portaltela.pt\/noticias\/2026\/03\/27\/edificios-devolutos-preocupam-moradores-no-concelho-da-moita\/\"]}]},{\"@type\":\"ImageObject\",\"inLanguage\":\"pt-PT\",\"@id\":\"https:\/\/portaltela.pt\/noticias\/2026\/03\/27\/edificios-devolutos-preocupam-moradores-no-concelho-da-moita\/#primaryimage\",\"url\":\"https:\/\/portaltela.pt\/s.01k8rhncp4jt1\/2026\/03\/img_1280x722uu2026-03-27-20-32-17-2275171.jpg\",\"contentUrl\":\"https:\/\/portaltela.pt\/s.01k8rhncp4jt1\/2026\/03\/img_1280x722uu2026-03-27-20-32-17-2275171.jpg\",\"width\":796,\"height\":448,\"caption\":\"Antigas f\u00e1bricas e habita\u00e7\u00f5es na freguesia de Alhos Vedros, na Moita, est\u00e3o na imin\u00eancia de ruir.\"},{\"@type\":\"BreadcrumbList\",\"@id\":\"https:\/\/portaltela.pt\/noticias\/2026\/03\/27\/edificios-devolutos-preocupam-moradores-no-concelho-da-moita\/#breadcrumb\",\"itemListElement\":[{\"@type\":\"ListItem\",\"position\":1,\"name\":\"In\u00edcio\",\"item\":\"https:\/\/portaltela.pt\/\"},{\"@type\":\"ListItem\",\"position\":2,\"name\":\"Edif\u00edcios devolutos preocupam moradores no concelho da Moita\"}]},{\"@type\":\"WebSite\",\"@id\":\"https:\/\/portaltela.pt\/#website\",\"url\":\"https:\/\/portaltela.pt\/\",\"name\":\"Portal Tela Portugal\",\"description\":\"\",\"potentialAction\":[{\"@type\":\"SearchAction\",\"target\":{\"@type\":\"EntryPoint\",\"urlTemplate\":\"https:\/\/portaltela.pt\/?s={search_term_string}\"},\"query-input\":{\"@type\":\"PropertyValueSpecification\",\"valueRequired\":true,\"valueName\":\"search_term_string\"}}],\"inLanguage\":\"pt-PT\"},{\"@type\":\"Person\",\"@id\":\"https:\/\/portaltela.pt\/#\/schema\/person\/c4278d4a6028830caff9ee44b42d32ed\",\"name\":\"Telinha\",\"image\":{\"@type\":\"ImageObject\",\"inLanguage\":\"pt-PT\",\"@id\":\"https:\/\/portaltela.pt\/s.01k8rhncp4jt1\/2025\/11\/talking-bot-125x125.png\",\"url\":\"https:\/\/portaltela.pt\/s.01k8rhncp4jt1\/2025\/11\/talking-bot-125x125.png\",\"contentUrl\":\"https:\/\/portaltela.pt\/s.01k8rhncp4jt1\/2025\/11\/talking-bot-125x125.png\",\"caption\":\"Telinha\"},\"sameAs\":[\"https:\/\/portaltela.pt\/\"],\"url\":\"https:\/\/portaltela.pt\/por\/367410592786\/\"}]}<\/script>\n<!-- \/ Yoast SEO plugin. -->","yoast_head_json":{"title":"Edif\u00edcios devolutos preocupam moradores no concelho da Moita - Portal Tela Portugal","robots":{"index":"index","follow":"follow","max-snippet":"max-snippet:-1","max-image-preview":"max-image-preview:large","max-video-preview":"max-video-preview:-1"},"og_locale":"pt_PT","og_type":"article","og_title":"Edif\u00edcios devolutos preocupam moradores no concelho da Moita - Portal Tela Portugal","og_description":"Antigas f\u00e1bricas e habita\u00e7\u00f5es em Alhos Vedros, Moita, est\u00e3o na imin\u00eancia de ruir, com danos j\u00e1 registados. Moradores da freguesia responsabilizam a C\u00e2mara Municipal pela falta de interven\u00e7\u00e3o e manuten\u00e7\u00e3o. A situa\u00e7\u00e3o preocupa residentes e comerciantes locais. A not\u00edcia mant\u00e9m tom informativo, sem opini\u00f5es ou ju\u00edzos de valor.","og_url":"https:\/\/portaltela.pt\/noticias\/2026\/03\/27\/edificios-devolutos-preocupam-moradores-no-concelho-da-moita\/","og_site_name":"Portal Tela Portugal","article_published_time":"2026-03-27T20:32:00+00:00","author":"Telinha","twitter_card":"summary_large_image","twitter_misc":{"Escrito por":"Telinha","Tempo estimado de leitura":"1 minuto"},"schema":{"@context":"https:\/\/schema.org","@graph":[{"@type":"Article","@id":"https:\/\/portaltela.pt\/noticias\/2026\/03\/27\/edificios-devolutos-preocupam-moradores-no-concelho-da-moita\/#article","isPartOf":{"@id":"https:\/\/portaltela.pt\/noticias\/2026\/03\/27\/edificios-devolutos-preocupam-moradores-no-concelho-da-moita\/"},"author":{"name":"Telinha","@id":"https:\/\/portaltela.pt\/#\/schema\/person\/c4278d4a6028830caff9ee44b42d32ed"},"headline":"Edif\u00edcios devolutos preocupam moradores no concelho da Moita","datePublished":"2026-03-27T20:32:00+00:00","mainEntityOfPage":{"@id":"https:\/\/portaltela.pt\/noticias\/2026\/03\/27\/edificios-devolutos-preocupam-moradores-no-concelho-da-moita\/"},"wordCount":188,"image":{"@id":"https:\/\/portaltela.pt\/noticias\/2026\/03\/27\/edificios-devolutos-preocupam-moradores-no-concelho-da-moita\/#primaryimage"},"thumbnailUrl":"https:\/\/portaltela.pt\/s.01k8rhncp4jt1\/2026\/03\/img_1280x722uu2026-03-27-20-32-17-2275171.jpg","keywords":["Alhos Vedros","desabamento","habita\u00e7\u00e3o","Moita","planeamento urbano","seguran\u00e7a"],"articleSection":["Meio Ambiente","Sociedade"],"inLanguage":"pt-PT"},{"@type":"WebPage","@id":"https:\/\/portaltela.pt\/noticias\/2026\/03\/27\/edificios-devolutos-preocupam-moradores-no-concelho-da-moita\/","url":"https:\/\/portaltela.pt\/noticias\/2026\/03\/27\/edificios-devolutos-preocupam-moradores-no-concelho-da-moita\/","name":"Edif\u00edcios devolutos preocupam moradores no concelho da Moita - Portal Tela Portugal","isPartOf":{"@id":"https:\/\/portaltela.pt\/#website"},"primaryImageOfPage":{"@id":"https:\/\/portaltela.pt\/noticias\/2026\/03\/27\/edificios-devolutos-preocupam-moradores-no-concelho-da-moita\/#primaryimage"},"image":{"@id":"https:\/\/portaltela.pt\/noticias\/2026\/03\/27\/edificios-devolutos-preocupam-moradores-no-concelho-da-moita\/#primaryimage"},"thumbnailUrl":"https:\/\/portaltela.pt\/s.01k8rhncp4jt1\/2026\/03\/img_1280x722uu2026-03-27-20-32-17-2275171.jpg","datePublished":"2026-03-27T20:32:00+00:00","author":{"@id":"https:\/\/portaltela.pt\/#\/schema\/person\/c4278d4a6028830caff9ee44b42d32ed"},"breadcrumb":{"@id":"https:\/\/portaltela.pt\/noticias\/2026\/03\/27\/edificios-devolutos-preocupam-moradores-no-concelho-da-moita\/#breadcrumb"},"inLanguage":"pt-PT","potentialAction":[{"@type":"ReadAction","target":["https:\/\/portaltela.pt\/noticias\/2026\/03\/27\/edificios-devolutos-preocupam-moradores-no-concelho-da-moita\/"]}]},{"@type":"ImageObject","inLanguage":"pt-PT","@id":"https:\/\/portaltela.pt\/noticias\/2026\/03\/27\/edificios-devolutos-preocupam-moradores-no-concelho-da-moita\/#primaryimage","url":"https:\/\/portaltela.pt\/s.01k8rhncp4jt1\/2026\/03\/img_1280x722uu2026-03-27-20-32-17-2275171.jpg","contentUrl":"https:\/\/portaltela.pt\/s.01k8rhncp4jt1\/2026\/03\/img_1280x722uu2026-03-27-20-32-17-2275171.jpg","width":796,"height":448,"caption":"Antigas f\u00e1bricas e habita\u00e7\u00f5es na freguesia de Alhos Vedros, na Moita, est\u00e3o na imin\u00eancia de ruir."},{"@type":"BreadcrumbList","@id":"https:\/\/portaltela.pt\/noticias\/2026\/03\/27\/edificios-devolutos-preocupam-moradores-no-concelho-da-moita\/#breadcrumb","itemListElement":[{"@type":"ListItem","position":1,"name":"In\u00edcio","item":"https:\/\/portaltela.pt\/"},{"@type":"ListItem","position":2,"name":"Edif\u00edcios devolutos preocupam moradores no concelho da Moita"}]},{"@type":"WebSite","@id":"https:\/\/portaltela.pt\/#website","url":"https:\/\/portaltela.pt\/","name":"Portal Tela Portugal","description":"","potentialAction":[{"@type":"SearchAction","target":{"@type":"EntryPoint","urlTemplate":"https:\/\/portaltela.pt\/?s={search_term_string}"},"query-input":{"@type":"PropertyValueSpecification","valueRequired":true,"valueName":"search_term_string"}}],"inLanguage":"pt-PT"},{"@type":"Person","@id":"https:\/\/portaltela.pt\/#\/schema\/person\/c4278d4a6028830caff9ee44b42d32ed","name":"Telinha","image":{"@type":"ImageObject","inLanguage":"pt-PT","@id":"https:\/\/portaltela.pt\/s.01k8rhncp4jt1\/2025\/11\/talking-bot-125x125.png","url":"https:\/\/portaltela.pt\/s.01k8rhncp4jt1\/2025\/11\/talking-bot-125x125.png","contentUrl":"https:\/\/portaltela.pt\/s.01k8rhncp4jt1\/2025\/11\/talking-bot-125x125.png","caption":"Telinha"},"sameAs":["https:\/\/portaltela.pt\/"],"url":"https:\/\/portaltela.pt\/por\/367410592786\/"}]}},"_links":{"self":[{"href":"https:\/\/portaltela.pt\/api\/wp\/v2\/posts\/424393","targetHints":{"allow":["GET"]}}],"collection":[{"href":"https:\/\/portaltela.pt\/api\/wp\/v2\/posts"}],"about":[{"href":"https:\/\/portaltela.pt\/api\/wp\/v2\/types\/post"}],"author":[{"embeddable":true,"href":"https:\/\/portaltela.pt\/api\/wp\/v2\/users\/2"}],"replies":[{"embeddable":true,"href":"https:\/\/portaltela.pt\/api\/wp\/v2\/comments?post=424393"}],"version-history":[{"count":0,"href":"https:\/\/portaltela.pt\/api\/wp\/v2\/posts\/424393\/revisions"}],"wp:featuredmedia":[{"embeddable":true,"href":"https:\/\/portaltela.pt\/api\/wp\/v2\/media\/424397"}],"wp:attachment":[{"href":"https:\/\/portaltela.pt\/api\/wp\/v2\/media?parent=424393"}],"wp:term":[{"taxonomy":"category","embeddable":true,"href":"https:\/\/portaltela.pt\/api\/wp\/v2\/categories?post=424393"},{"taxonomy":"post_tag","embeddable":true,"href":"https:\/\/portaltela.pt\/api\/wp\/v2\/tags?post=424393"}],"curies":[{"name":"wp","href":"https:\/\/api.w.org\/{rel}","templated":true}]}}