{"id":424392,"date":"2026-03-27T17:42:00","date_gmt":"2026-03-27T20:42:00","guid":{"rendered":"https:\/\/portaltela.pt\/noticias\/2026\/03\/27\/carneiro-garante-continuidade-do-dialogo-com-orgaos-externos-do-parlamento\/"},"modified":"2026-03-27T17:42:00","modified_gmt":"2026-03-27T20:42:00","slug":"carneiro-garante-continuidade-do-dialogo-com-orgaos-externos-do-parlamento","status":"publish","type":"post","link":"https:\/\/portaltela.pt\/noticias\/politica\/2026\/03\/27\/carneiro-garante-continuidade-do-dialogo-com-orgaos-externos-do-parlamento\/","title":{"rendered":"Carneiro garante continuidade do di\u00e1logo com \u00f3rg\u00e3os externos do Parlamento"},"content":{"rendered":"<p>O secret\u00e1rio-geral do PS, Jos\u00e9 Lu\u00eds Carneiro, afirmou que o di\u00e1logo com o PSD para a elei\u00e7\u00e3o dos \u00f3rg\u00e3os externos da Assembleia da Rep\u00fablica se mant\u00e9m e que \u00e9 preciso manter reserva nas negocia\u00e7\u00f5es. A declara\u00e7\u00e3o ocorreu \u00e0 entrada do 25.\u00ba Congresso Nacional do PS, em Viseu.<\/p>\n<p>Carneiro explicou que as negocia\u00e7\u00f5es continuam entre os respetivos l\u00edderes parlamentares e que, neste momento, o objetivo \u00e9 encontrar um entendimento que beneficie a vida institucional do pa\u00eds. Refor\u00e7ou a necessidade de prud\u00eancia ao partilhar pormenores.<\/p>\n<p>Quem lidera o governo n\u00e3o assinou posi\u00e7\u00f5es finais sobre acordos, e a natureza do di\u00e1logo permanece em aberto. O PS ressalva a import\u00e2ncia de evitar antecipar resultados enquanto as conversas prosseguem.<\/p>\n<h3>Situa\u00e7\u00e3o das negocia\u00e7\u00f5es<\/h3>\n<p>O primeiro-ministro e l\u00edder do PSD mencionaram que o tema dos \u00f3rg\u00e3os externos tem estado em aberto, com contactos entre o bloco central e o bloco oposicional, sem confirmar um acordo com o Chega. As negocia\u00e7\u00f5es est\u00e3o em curso.<\/p>\n<p>A posi\u00e7\u00e3o de quem gere o Chega tem sido menos direta. O presidente do Chega apontou garantias de que haveria dois nomes indicados pelo PSD e um pelo Chega para o Tribunal Constitucional, mas n\u00e3o houve confirma\u00e7\u00e3o oficial.<\/p>\n<h3>Pontos de vista dos partidos<\/h3>\n<p>O PSD n\u00e3o confirmou qualquer acordo com o Chega e mant\u00e9m reservas sobre o processo. O Bloco de Esquerda e outras for\u00e7as tamb\u00e9m acompanham as negocia\u00e7\u00f5es, que visam compor os \u00f3rg\u00e3os externos da Assembleia. O conte\u00fado espec\u00edfico ainda n\u00e3o foi tornad o p\u00fablico.<\/p>\n","protected":false},"excerpt":{"rendered":"<ul>\n<li>O secret\u00e1rio-geral do Partido Socialista, Jos\u00e9 Lu\u00eds Carneiro, disse que o di\u00e1logo com o PSD para os \u00f3rg\u00e3os externos da Assembleia da Rep\u00fablica se mant\u00e9m e pediu reserva nas negocia\u00e7\u00f5es.<\/li>\n<li>Carneiro falou \u00e0 entrada do 25.\u00ba Congresso Nacional do PS, em Viseu, e afirmou que o di\u00e1logo visa contribuir para a vida do pa\u00eds.<\/li>\n<li>Reiterou que, apesar de estar em di\u00e1logo, \u00e9 necess\u00e1rio manter uma certa reserva sobre os nomes a propor para \u00f3rg\u00e3os como a Provedoria de Justi\u00e7a, o Conselho de Estado e o Tribunal Constitucional.<\/li>\n<li>O l\u00edder do PSD disse que a Comiss\u00e3o de Acompanhamento tem negociado os \u00f3rg\u00e3os externos com o Bloco de Esquerda e com o Bloco Central, sem confirmar acordo com o Chega.<\/li>\n<li>O presidente do Chega disse ter garantias de dois nomes do PSD e um do seu partido para ju\u00edzes do Tribunal Constitucional, o que n\u00e3o foi confirmado nem desmentido pelo PSD.<\/li>\n<\/ul>\n","protected":false},"author":2,"featured_media":424400,"comment_status":"closed","ping_status":"closed","sticky":false,"template":"","format":"standard","meta":{"footnotes":""},"categories":[1,5],"tags":[4211,2142,2832,2144,3695,2458],"class_list":["post-424392","post","type-post","status-publish","format-standard","has-post-thumbnail","hentry","category-noticias","category-politica","tag-assembleia-nacional","tag-chega","tag-politica","tag-ps","tag-psd","tag-psd-cds"],"yoast_head":"<!-- This site is optimized with the Yoast SEO plugin v27.2 - https:\/\/yoast.com\/product\/yoast-seo-wordpress\/ -->\n<title>Carneiro garante continuidade do di\u00e1logo com \u00f3rg\u00e3os externos do Parlamento - Portal Tela Portugal<\/title>\n<meta name=\"robots\" content=\"index, follow, max-snippet:-1, max-image-preview:large, max-video-preview:-1\" \/>\n<meta property=\"og:locale\" content=\"pt_PT\" \/>\n<meta property=\"og:type\" content=\"article\" \/>\n<meta property=\"og:title\" content=\"Carneiro garante continuidade do di\u00e1logo com \u00f3rg\u00e3os externos do Parlamento - Portal Tela Portugal\" \/>\n<meta property=\"og:description\" content=\"O secret\u00e1rio-geral do Partido Socialista, Jos\u00e9 Lu\u00eds Carneiro, disse que o di\u00e1logo com o PSD para os \u00f3rg\u00e3os externos da Assembleia da Rep\u00fablica se mant\u00e9m e pediu reserva nas negocia\u00e7\u00f5es. Carneiro falou \u00e0 entrada do 25.\u00ba Congresso Nacional do PS, em Viseu, e afirmou que o di\u00e1logo visa contribuir para a vida do pa\u00eds. Reiterou que, apesar de estar em di\u00e1logo, \u00e9 necess\u00e1rio manter uma certa reserva sobre os nomes a propor para \u00f3rg\u00e3os como a Provedoria de Justi\u00e7a, o Conselho de Estado e o Tribunal Constitucional. O l\u00edder do PSD disse que a Comiss\u00e3o de Acompanhamento tem negociado os \u00f3rg\u00e3os externos com o Bloco de Esquerda e com o Bloco Central, sem confirmar acordo com o Chega. O presidente do Chega disse ter garantias de dois nomes do PSD e um do seu partido para ju\u00edzes do Tribunal Constitucional, o que n\u00e3o foi confirmado nem desmentido pelo PSD.\" \/>\n<meta property=\"og:url\" content=\"https:\/\/portaltela.pt\/noticias\/2026\/03\/27\/carneiro-garante-continuidade-do-dialogo-com-orgaos-externos-do-parlamento\/\" \/>\n<meta property=\"og:site_name\" content=\"Portal Tela Portugal\" \/>\n<meta property=\"article:published_time\" content=\"2026-03-27T20:42:00+00:00\" \/>\n<meta name=\"author\" content=\"Telinha\" \/>\n<meta name=\"twitter:card\" content=\"summary_large_image\" \/>\n<meta name=\"twitter:label1\" content=\"Escrito por\" \/>\n\t<meta name=\"twitter:data1\" content=\"Telinha\" \/>\n\t<meta name=\"twitter:label2\" content=\"Tempo estimado de leitura\" \/>\n\t<meta name=\"twitter:data2\" content=\"1 minuto\" \/>\n<script type=\"application\/ld+json\" class=\"yoast-schema-graph\">{\"@context\":\"https:\/\/schema.org\",\"@graph\":[{\"@type\":\"Article\",\"@id\":\"https:\/\/portaltela.pt\/noticias\/2026\/03\/27\/carneiro-garante-continuidade-do-dialogo-com-orgaos-externos-do-parlamento\/#article\",\"isPartOf\":{\"@id\":\"https:\/\/portaltela.pt\/noticias\/2026\/03\/27\/carneiro-garante-continuidade-do-dialogo-com-orgaos-externos-do-parlamento\/\"},\"author\":{\"name\":\"Telinha\",\"@id\":\"https:\/\/portaltela.pt\/#\/schema\/person\/c4278d4a6028830caff9ee44b42d32ed\"},\"headline\":\"Carneiro garante continuidade do di\u00e1logo com \u00f3rg\u00e3os externos do Parlamento\",\"datePublished\":\"2026-03-27T20:42:00+00:00\",\"mainEntityOfPage\":{\"@id\":\"https:\/\/portaltela.pt\/noticias\/2026\/03\/27\/carneiro-garante-continuidade-do-dialogo-com-orgaos-externos-do-parlamento\/\"},\"wordCount\":287,\"image\":{\"@id\":\"https:\/\/portaltela.pt\/noticias\/2026\/03\/27\/carneiro-garante-continuidade-do-dialogo-com-orgaos-externos-do-parlamento\/#primaryimage\"},\"thumbnailUrl\":\"https:\/\/portaltela.pt\/s.01k8rhncp4jt1\/2026\/03\/image-1640.jpg\",\"keywords\":[\"Assembleia Nacional\",\"CHEGA\",\"pol\u00edtica\",\"PS\",\"PSD\",\"PSD\/CDS\"],\"articleSection\":[\"Not\u00edcias\",\"Pol\u00edtica\"],\"inLanguage\":\"pt-PT\"},{\"@type\":\"WebPage\",\"@id\":\"https:\/\/portaltela.pt\/noticias\/2026\/03\/27\/carneiro-garante-continuidade-do-dialogo-com-orgaos-externos-do-parlamento\/\",\"url\":\"https:\/\/portaltela.pt\/noticias\/2026\/03\/27\/carneiro-garante-continuidade-do-dialogo-com-orgaos-externos-do-parlamento\/\",\"name\":\"Carneiro garante continuidade do di\u00e1logo com \u00f3rg\u00e3os externos do Parlamento - Portal Tela Portugal\",\"isPartOf\":{\"@id\":\"https:\/\/portaltela.pt\/#website\"},\"primaryImageOfPage\":{\"@id\":\"https:\/\/portaltela.pt\/noticias\/2026\/03\/27\/carneiro-garante-continuidade-do-dialogo-com-orgaos-externos-do-parlamento\/#primaryimage\"},\"image\":{\"@id\":\"https:\/\/portaltela.pt\/noticias\/2026\/03\/27\/carneiro-garante-continuidade-do-dialogo-com-orgaos-externos-do-parlamento\/#primaryimage\"},\"thumbnailUrl\":\"https:\/\/portaltela.pt\/s.01k8rhncp4jt1\/2026\/03\/image-1640.jpg\",\"datePublished\":\"2026-03-27T20:42:00+00:00\",\"author\":{\"@id\":\"https:\/\/portaltela.pt\/#\/schema\/person\/c4278d4a6028830caff9ee44b42d32ed\"},\"breadcrumb\":{\"@id\":\"https:\/\/portaltela.pt\/noticias\/2026\/03\/27\/carneiro-garante-continuidade-do-dialogo-com-orgaos-externos-do-parlamento\/#breadcrumb\"},\"inLanguage\":\"pt-PT\",\"potentialAction\":[{\"@type\":\"ReadAction\",\"target\":[\"https:\/\/portaltela.pt\/noticias\/2026\/03\/27\/carneiro-garante-continuidade-do-dialogo-com-orgaos-externos-do-parlamento\/\"]}]},{\"@type\":\"ImageObject\",\"inLanguage\":\"pt-PT\",\"@id\":\"https:\/\/portaltela.pt\/noticias\/2026\/03\/27\/carneiro-garante-continuidade-do-dialogo-com-orgaos-externos-do-parlamento\/#primaryimage\",\"url\":\"https:\/\/portaltela.pt\/s.01k8rhncp4jt1\/2026\/03\/image-1640.jpg\",\"contentUrl\":\"https:\/\/portaltela.pt\/s.01k8rhncp4jt1\/2026\/03\/image-1640.jpg\",\"width\":796,\"height\":448,\"caption\":\"O secret\u00e1rio-geral do PS, Jos\u00e9 Lu\u00eds Carneiro\"},{\"@type\":\"BreadcrumbList\",\"@id\":\"https:\/\/portaltela.pt\/noticias\/2026\/03\/27\/carneiro-garante-continuidade-do-dialogo-com-orgaos-externos-do-parlamento\/#breadcrumb\",\"itemListElement\":[{\"@type\":\"ListItem\",\"position\":1,\"name\":\"In\u00edcio\",\"item\":\"https:\/\/portaltela.pt\/\"},{\"@type\":\"ListItem\",\"position\":2,\"name\":\"Carneiro garante continuidade do di\u00e1logo com \u00f3rg\u00e3os externos do Parlamento\"}]},{\"@type\":\"WebSite\",\"@id\":\"https:\/\/portaltela.pt\/#website\",\"url\":\"https:\/\/portaltela.pt\/\",\"name\":\"Portal Tela Portugal\",\"description\":\"\",\"potentialAction\":[{\"@type\":\"SearchAction\",\"target\":{\"@type\":\"EntryPoint\",\"urlTemplate\":\"https:\/\/portaltela.pt\/?s={search_term_string}\"},\"query-input\":{\"@type\":\"PropertyValueSpecification\",\"valueRequired\":true,\"valueName\":\"search_term_string\"}}],\"inLanguage\":\"pt-PT\"},{\"@type\":\"Person\",\"@id\":\"https:\/\/portaltela.pt\/#\/schema\/person\/c4278d4a6028830caff9ee44b42d32ed\",\"name\":\"Telinha\",\"image\":{\"@type\":\"ImageObject\",\"inLanguage\":\"pt-PT\",\"@id\":\"https:\/\/portaltela.pt\/s.01k8rhncp4jt1\/2025\/11\/talking-bot-125x125.png\",\"url\":\"https:\/\/portaltela.pt\/s.01k8rhncp4jt1\/2025\/11\/talking-bot-125x125.png\",\"contentUrl\":\"https:\/\/portaltela.pt\/s.01k8rhncp4jt1\/2025\/11\/talking-bot-125x125.png\",\"caption\":\"Telinha\"},\"sameAs\":[\"https:\/\/portaltela.pt\/\"],\"url\":\"https:\/\/portaltela.pt\/por\/367410592786\/\"}]}<\/script>\n<!-- \/ Yoast SEO plugin. -->","yoast_head_json":{"title":"Carneiro garante continuidade do di\u00e1logo com \u00f3rg\u00e3os externos do Parlamento - Portal Tela Portugal","robots":{"index":"index","follow":"follow","max-snippet":"max-snippet:-1","max-image-preview":"max-image-preview:large","max-video-preview":"max-video-preview:-1"},"og_locale":"pt_PT","og_type":"article","og_title":"Carneiro garante continuidade do di\u00e1logo com \u00f3rg\u00e3os externos do Parlamento - Portal Tela Portugal","og_description":"O secret\u00e1rio-geral do Partido Socialista, Jos\u00e9 Lu\u00eds Carneiro, disse que o di\u00e1logo com o PSD para os \u00f3rg\u00e3os externos da Assembleia da Rep\u00fablica se mant\u00e9m e pediu reserva nas negocia\u00e7\u00f5es. Carneiro falou \u00e0 entrada do 25.\u00ba Congresso Nacional do PS, em Viseu, e afirmou que o di\u00e1logo visa contribuir para a vida do pa\u00eds. Reiterou que, apesar de estar em di\u00e1logo, \u00e9 necess\u00e1rio manter uma certa reserva sobre os nomes a propor para \u00f3rg\u00e3os como a Provedoria de Justi\u00e7a, o Conselho de Estado e o Tribunal Constitucional. O l\u00edder do PSD disse que a Comiss\u00e3o de Acompanhamento tem negociado os \u00f3rg\u00e3os externos com o Bloco de Esquerda e com o Bloco Central, sem confirmar acordo com o Chega. O presidente do Chega disse ter garantias de dois nomes do PSD e um do seu partido para ju\u00edzes do Tribunal Constitucional, o que n\u00e3o foi confirmado nem desmentido pelo PSD.","og_url":"https:\/\/portaltela.pt\/noticias\/2026\/03\/27\/carneiro-garante-continuidade-do-dialogo-com-orgaos-externos-do-parlamento\/","og_site_name":"Portal Tela Portugal","article_published_time":"2026-03-27T20:42:00+00:00","author":"Telinha","twitter_card":"summary_large_image","twitter_misc":{"Escrito por":"Telinha","Tempo estimado de leitura":"1 minuto"},"schema":{"@context":"https:\/\/schema.org","@graph":[{"@type":"Article","@id":"https:\/\/portaltela.pt\/noticias\/2026\/03\/27\/carneiro-garante-continuidade-do-dialogo-com-orgaos-externos-do-parlamento\/#article","isPartOf":{"@id":"https:\/\/portaltela.pt\/noticias\/2026\/03\/27\/carneiro-garante-continuidade-do-dialogo-com-orgaos-externos-do-parlamento\/"},"author":{"name":"Telinha","@id":"https:\/\/portaltela.pt\/#\/schema\/person\/c4278d4a6028830caff9ee44b42d32ed"},"headline":"Carneiro garante continuidade do di\u00e1logo com \u00f3rg\u00e3os externos do Parlamento","datePublished":"2026-03-27T20:42:00+00:00","mainEntityOfPage":{"@id":"https:\/\/portaltela.pt\/noticias\/2026\/03\/27\/carneiro-garante-continuidade-do-dialogo-com-orgaos-externos-do-parlamento\/"},"wordCount":287,"image":{"@id":"https:\/\/portaltela.pt\/noticias\/2026\/03\/27\/carneiro-garante-continuidade-do-dialogo-com-orgaos-externos-do-parlamento\/#primaryimage"},"thumbnailUrl":"https:\/\/portaltela.pt\/s.01k8rhncp4jt1\/2026\/03\/image-1640.jpg","keywords":["Assembleia Nacional","CHEGA","pol\u00edtica","PS","PSD","PSD\/CDS"],"articleSection":["Not\u00edcias","Pol\u00edtica"],"inLanguage":"pt-PT"},{"@type":"WebPage","@id":"https:\/\/portaltela.pt\/noticias\/2026\/03\/27\/carneiro-garante-continuidade-do-dialogo-com-orgaos-externos-do-parlamento\/","url":"https:\/\/portaltela.pt\/noticias\/2026\/03\/27\/carneiro-garante-continuidade-do-dialogo-com-orgaos-externos-do-parlamento\/","name":"Carneiro garante continuidade do di\u00e1logo com \u00f3rg\u00e3os externos do Parlamento - Portal Tela Portugal","isPartOf":{"@id":"https:\/\/portaltela.pt\/#website"},"primaryImageOfPage":{"@id":"https:\/\/portaltela.pt\/noticias\/2026\/03\/27\/carneiro-garante-continuidade-do-dialogo-com-orgaos-externos-do-parlamento\/#primaryimage"},"image":{"@id":"https:\/\/portaltela.pt\/noticias\/2026\/03\/27\/carneiro-garante-continuidade-do-dialogo-com-orgaos-externos-do-parlamento\/#primaryimage"},"thumbnailUrl":"https:\/\/portaltela.pt\/s.01k8rhncp4jt1\/2026\/03\/image-1640.jpg","datePublished":"2026-03-27T20:42:00+00:00","author":{"@id":"https:\/\/portaltela.pt\/#\/schema\/person\/c4278d4a6028830caff9ee44b42d32ed"},"breadcrumb":{"@id":"https:\/\/portaltela.pt\/noticias\/2026\/03\/27\/carneiro-garante-continuidade-do-dialogo-com-orgaos-externos-do-parlamento\/#breadcrumb"},"inLanguage":"pt-PT","potentialAction":[{"@type":"ReadAction","target":["https:\/\/portaltela.pt\/noticias\/2026\/03\/27\/carneiro-garante-continuidade-do-dialogo-com-orgaos-externos-do-parlamento\/"]}]},{"@type":"ImageObject","inLanguage":"pt-PT","@id":"https:\/\/portaltela.pt\/noticias\/2026\/03\/27\/carneiro-garante-continuidade-do-dialogo-com-orgaos-externos-do-parlamento\/#primaryimage","url":"https:\/\/portaltela.pt\/s.01k8rhncp4jt1\/2026\/03\/image-1640.jpg","contentUrl":"https:\/\/portaltela.pt\/s.01k8rhncp4jt1\/2026\/03\/image-1640.jpg","width":796,"height":448,"caption":"O secret\u00e1rio-geral do PS, Jos\u00e9 Lu\u00eds Carneiro"},{"@type":"BreadcrumbList","@id":"https:\/\/portaltela.pt\/noticias\/2026\/03\/27\/carneiro-garante-continuidade-do-dialogo-com-orgaos-externos-do-parlamento\/#breadcrumb","itemListElement":[{"@type":"ListItem","position":1,"name":"In\u00edcio","item":"https:\/\/portaltela.pt\/"},{"@type":"ListItem","position":2,"name":"Carneiro garante continuidade do di\u00e1logo com \u00f3rg\u00e3os externos do Parlamento"}]},{"@type":"WebSite","@id":"https:\/\/portaltela.pt\/#website","url":"https:\/\/portaltela.pt\/","name":"Portal Tela Portugal","description":"","potentialAction":[{"@type":"SearchAction","target":{"@type":"EntryPoint","urlTemplate":"https:\/\/portaltela.pt\/?s={search_term_string}"},"query-input":{"@type":"PropertyValueSpecification","valueRequired":true,"valueName":"search_term_string"}}],"inLanguage":"pt-PT"},{"@type":"Person","@id":"https:\/\/portaltela.pt\/#\/schema\/person\/c4278d4a6028830caff9ee44b42d32ed","name":"Telinha","image":{"@type":"ImageObject","inLanguage":"pt-PT","@id":"https:\/\/portaltela.pt\/s.01k8rhncp4jt1\/2025\/11\/talking-bot-125x125.png","url":"https:\/\/portaltela.pt\/s.01k8rhncp4jt1\/2025\/11\/talking-bot-125x125.png","contentUrl":"https:\/\/portaltela.pt\/s.01k8rhncp4jt1\/2025\/11\/talking-bot-125x125.png","caption":"Telinha"},"sameAs":["https:\/\/portaltela.pt\/"],"url":"https:\/\/portaltela.pt\/por\/367410592786\/"}]}},"_links":{"self":[{"href":"https:\/\/portaltela.pt\/api\/wp\/v2\/posts\/424392","targetHints":{"allow":["GET"]}}],"collection":[{"href":"https:\/\/portaltela.pt\/api\/wp\/v2\/posts"}],"about":[{"href":"https:\/\/portaltela.pt\/api\/wp\/v2\/types\/post"}],"author":[{"embeddable":true,"href":"https:\/\/portaltela.pt\/api\/wp\/v2\/users\/2"}],"replies":[{"embeddable":true,"href":"https:\/\/portaltela.pt\/api\/wp\/v2\/comments?post=424392"}],"version-history":[{"count":0,"href":"https:\/\/portaltela.pt\/api\/wp\/v2\/posts\/424392\/revisions"}],"wp:featuredmedia":[{"embeddable":true,"href":"https:\/\/portaltela.pt\/api\/wp\/v2\/media\/424400"}],"wp:attachment":[{"href":"https:\/\/portaltela.pt\/api\/wp\/v2\/media?parent=424392"}],"wp:term":[{"taxonomy":"category","embeddable":true,"href":"https:\/\/portaltela.pt\/api\/wp\/v2\/categories?post=424392"},{"taxonomy":"post_tag","embeddable":true,"href":"https:\/\/portaltela.pt\/api\/wp\/v2\/tags?post=424392"}],"curies":[{"name":"wp","href":"https:\/\/api.w.org\/{rel}","templated":true}]}}