{"id":424380,"date":"2026-03-27T17:00:00","date_gmt":"2026-03-27T20:00:00","guid":{"rendered":"https:\/\/portaltela.pt\/noticias\/2026\/03\/27\/dois-barcos-com-ajuda-humanitaria-chegam-a-cuba\/"},"modified":"2026-03-27T17:00:00","modified_gmt":"2026-03-27T20:00:00","slug":"dois-barcos-com-ajuda-humanitaria-chegam-a-cuba","status":"publish","type":"post","link":"https:\/\/portaltela.pt\/internacionais\/2026\/03\/27\/dois-barcos-com-ajuda-humanitaria-chegam-a-cuba\/","title":{"rendered":"Dois barcos com ajuda humanit\u00e1ria chegam a Cuba"},"content":{"rendered":"<p>Dois barcos com ajuda humanit\u00e1ria chegaram a Cuba em seguran\u00e7a, informou hoje a Guarda Costeira dos EUA. O an\u00fancio foi feito \u00e0s 10h36 locais (14h36 em Portugal continental) via uma nota enviada \u00e0 AFP.<\/p>\n<p>As autoridades mexicanas tinham comunicado, na quinta-feira, o desaparacer das duas embarca\u00e7\u00f5es, com nove tripulantes de v\u00e1rias nacionalidades a bordo. Os organizadores do comboio humanit\u00e1rio confirmaram a perda de contacto durante a opera\u00e7\u00e3o.<\/p>\n<h3>Detalhes da miss\u00e3o<\/h3>\n<p>A opera\u00e7\u00e3o envolve 50 toneladas de suprimentos, incluindo m\u00e9dicos, alimentos, pain\u00e9is solares e outros itens para a popula\u00e7\u00e3o cubana, face \u00e0 crise gerada pelo bloqueio de combust\u00edvel imposto pelos EUA desde janeiro.<\/p>\n<p>Os primeiros carregamentos chegaram por via a\u00e9rea, vindos de Europa e dos Estados Unidos, na semana passada. Al\u00e9m disso, um barco de pesca convertido em embarca\u00e7\u00e3o de ajuda, tamb\u00e9m oriundo do M\u00e9xico, chegou a Cuba na ter\u00e7a-feira.<\/p>\n<h3>Atualiza\u00e7\u00e3o sobre o itiner\u00e1rio<\/h3>\n<p>O grupo envolvido descreve a chegada como resultado de uma log\u00edstica que inclui v\u00e1rias fases, com diferentes meios de transporte, para contornar as dificuldades provocadas pela situa\u00e7\u00e3o energ\u00e9tica cubana. As autoridades n\u00e3o indicaram novas a\u00e7\u00f5es a seguir.<\/p>\n","protected":false},"excerpt":{"rendered":"<ul>\n<li>A Guarda Costeira dos Estados Unidos informou que as duas embarca\u00e7\u00f5es chegaram a Cuba em seguran\u00e7a \u00e0s 10h36 locais (14h36 em Portugal continental).<\/li>\n<li>A miss\u00e3o transportou 50 toneladas de suprimentos m\u00e9dicos, alimentos, pain\u00e9is solares e outros bens para apoiar o povo cubano.<\/li>\n<li>As autoridades mexicanas haviam reportado, na quinta-feira, o desaparecimento das duas embarca\u00e7\u00f5es, com nove tripulantes de v\u00e1rias nacionalidades a bordo.<\/li>\n<li>Um barco de pesca convertido em embarca\u00e7\u00e3o de ajuda humanit\u00e1ria, tamb\u00e9m proveniente do M\u00e9xico, chegou a Cuba na ter\u00e7a-feira.<\/li>\n<li>Os primeiros carregamentos chegaram por via a\u00e9rea, vindos da Europa e dos Estados Unidos, na semana passada.<\/li>\n<\/ul>\n","protected":false},"author":2,"featured_media":424387,"comment_status":"closed","ping_status":"closed","sticky":false,"template":"","format":"standard","meta":{"footnotes":""},"categories":[6912],"tags":[5747,6577,7275,6636,1600,6380],"class_list":["post-424380","post","type-post","status-publish","format-standard","has-post-thumbnail","hentry","category-internacionais","tag-ajuda-humanitaria","tag-ajuda-internacional","tag-apoio-humanitario","tag-cuba","tag-estados-unidos","tag-mexico"],"yoast_head":"<!-- This site is optimized with the Yoast SEO plugin v27.2 - https:\/\/yoast.com\/product\/yoast-seo-wordpress\/ -->\n<title>Dois barcos com ajuda humanit\u00e1ria chegam a Cuba - Portal Tela Portugal<\/title>\n<meta name=\"robots\" content=\"index, follow, max-snippet:-1, max-image-preview:large, max-video-preview:-1\" \/>\n<meta property=\"og:locale\" content=\"pt_PT\" \/>\n<meta property=\"og:type\" content=\"article\" \/>\n<meta property=\"og:title\" content=\"Dois barcos com ajuda humanit\u00e1ria chegam a Cuba - Portal Tela Portugal\" \/>\n<meta property=\"og:description\" content=\"A Guarda Costeira dos Estados Unidos informou que as duas embarca\u00e7\u00f5es chegaram a Cuba em seguran\u00e7a \u00e0s 10h36 locais (14h36 em Portugal continental). A miss\u00e3o transportou 50 toneladas de suprimentos m\u00e9dicos, alimentos, pain\u00e9is solares e outros bens para apoiar o povo cubano. As autoridades mexicanas haviam reportado, na quinta-feira, o desaparecimento das duas embarca\u00e7\u00f5es, com nove tripulantes de v\u00e1rias nacionalidades a bordo. Um barco de pesca convertido em embarca\u00e7\u00e3o de ajuda humanit\u00e1ria, tamb\u00e9m proveniente do M\u00e9xico, chegou a Cuba na ter\u00e7a-feira. Os primeiros carregamentos chegaram por via a\u00e9rea, vindos da Europa e dos Estados Unidos, na semana passada.\" \/>\n<meta property=\"og:url\" content=\"https:\/\/portaltela.pt\/noticias\/2026\/03\/27\/dois-barcos-com-ajuda-humanitaria-chegam-a-cuba\/\" \/>\n<meta property=\"og:site_name\" content=\"Portal Tela Portugal\" \/>\n<meta property=\"article:published_time\" content=\"2026-03-27T20:00:00+00:00\" \/>\n<meta name=\"author\" content=\"Telinha\" \/>\n<meta name=\"twitter:card\" content=\"summary_large_image\" \/>\n<meta name=\"twitter:label1\" content=\"Escrito por\" \/>\n\t<meta name=\"twitter:data1\" content=\"Telinha\" \/>\n\t<meta name=\"twitter:label2\" content=\"Tempo estimado de leitura\" \/>\n\t<meta name=\"twitter:data2\" content=\"1 minuto\" \/>\n<script type=\"application\/ld+json\" class=\"yoast-schema-graph\">{\"@context\":\"https:\/\/schema.org\",\"@graph\":[{\"@type\":\"Article\",\"@id\":\"https:\/\/portaltela.pt\/noticias\/2026\/03\/27\/dois-barcos-com-ajuda-humanitaria-chegam-a-cuba\/#article\",\"isPartOf\":{\"@id\":\"https:\/\/portaltela.pt\/noticias\/2026\/03\/27\/dois-barcos-com-ajuda-humanitaria-chegam-a-cuba\/\"},\"author\":{\"name\":\"Telinha\",\"@id\":\"https:\/\/portaltela.pt\/#\/schema\/person\/c4278d4a6028830caff9ee44b42d32ed\"},\"headline\":\"Dois barcos com ajuda humanit\u00e1ria chegam a Cuba\",\"datePublished\":\"2026-03-27T20:00:00+00:00\",\"mainEntityOfPage\":{\"@id\":\"https:\/\/portaltela.pt\/noticias\/2026\/03\/27\/dois-barcos-com-ajuda-humanitaria-chegam-a-cuba\/\"},\"wordCount\":213,\"image\":{\"@id\":\"https:\/\/portaltela.pt\/noticias\/2026\/03\/27\/dois-barcos-com-ajuda-humanitaria-chegam-a-cuba\/#primaryimage\"},\"thumbnailUrl\":\"https:\/\/portaltela.pt\/s.01k8rhncp4jt1\/2026\/03\/image-1636.jpg\",\"keywords\":[\"ajuda humanit\u00e1ria\",\"ajuda internacional\",\"apoio humanit\u00e1rio\",\"Cuba\",\"Estados Unidos\",\"M\u00e9xico\"],\"articleSection\":[\"Internacionais\"],\"inLanguage\":\"pt-PT\"},{\"@type\":\"WebPage\",\"@id\":\"https:\/\/portaltela.pt\/noticias\/2026\/03\/27\/dois-barcos-com-ajuda-humanitaria-chegam-a-cuba\/\",\"url\":\"https:\/\/portaltela.pt\/noticias\/2026\/03\/27\/dois-barcos-com-ajuda-humanitaria-chegam-a-cuba\/\",\"name\":\"Dois barcos com ajuda humanit\u00e1ria chegam a Cuba - Portal Tela Portugal\",\"isPartOf\":{\"@id\":\"https:\/\/portaltela.pt\/#website\"},\"primaryImageOfPage\":{\"@id\":\"https:\/\/portaltela.pt\/noticias\/2026\/03\/27\/dois-barcos-com-ajuda-humanitaria-chegam-a-cuba\/#primaryimage\"},\"image\":{\"@id\":\"https:\/\/portaltela.pt\/noticias\/2026\/03\/27\/dois-barcos-com-ajuda-humanitaria-chegam-a-cuba\/#primaryimage\"},\"thumbnailUrl\":\"https:\/\/portaltela.pt\/s.01k8rhncp4jt1\/2026\/03\/image-1636.jpg\",\"datePublished\":\"2026-03-27T20:00:00+00:00\",\"author\":{\"@id\":\"https:\/\/portaltela.pt\/#\/schema\/person\/c4278d4a6028830caff9ee44b42d32ed\"},\"breadcrumb\":{\"@id\":\"https:\/\/portaltela.pt\/noticias\/2026\/03\/27\/dois-barcos-com-ajuda-humanitaria-chegam-a-cuba\/#breadcrumb\"},\"inLanguage\":\"pt-PT\",\"potentialAction\":[{\"@type\":\"ReadAction\",\"target\":[\"https:\/\/portaltela.pt\/noticias\/2026\/03\/27\/dois-barcos-com-ajuda-humanitaria-chegam-a-cuba\/\"]}]},{\"@type\":\"ImageObject\",\"inLanguage\":\"pt-PT\",\"@id\":\"https:\/\/portaltela.pt\/noticias\/2026\/03\/27\/dois-barcos-com-ajuda-humanitaria-chegam-a-cuba\/#primaryimage\",\"url\":\"https:\/\/portaltela.pt\/s.01k8rhncp4jt1\/2026\/03\/image-1636.jpg\",\"contentUrl\":\"https:\/\/portaltela.pt\/s.01k8rhncp4jt1\/2026\/03\/image-1636.jpg\",\"width\":796,\"height\":448,\"caption\":\"Os veleiros fazem parte de uma miss\u00e3o que levou 50 toneladas de suprimentos m\u00e9dicos, alimentos, pain\u00e9is solares e outros bens para apoiar o povo cubano\"},{\"@type\":\"BreadcrumbList\",\"@id\":\"https:\/\/portaltela.pt\/noticias\/2026\/03\/27\/dois-barcos-com-ajuda-humanitaria-chegam-a-cuba\/#breadcrumb\",\"itemListElement\":[{\"@type\":\"ListItem\",\"position\":1,\"name\":\"In\u00edcio\",\"item\":\"https:\/\/portaltela.pt\/\"},{\"@type\":\"ListItem\",\"position\":2,\"name\":\"Dois barcos com ajuda humanit\u00e1ria chegam a Cuba\"}]},{\"@type\":\"WebSite\",\"@id\":\"https:\/\/portaltela.pt\/#website\",\"url\":\"https:\/\/portaltela.pt\/\",\"name\":\"Portal Tela Portugal\",\"description\":\"\",\"potentialAction\":[{\"@type\":\"SearchAction\",\"target\":{\"@type\":\"EntryPoint\",\"urlTemplate\":\"https:\/\/portaltela.pt\/?s={search_term_string}\"},\"query-input\":{\"@type\":\"PropertyValueSpecification\",\"valueRequired\":true,\"valueName\":\"search_term_string\"}}],\"inLanguage\":\"pt-PT\"},{\"@type\":\"Person\",\"@id\":\"https:\/\/portaltela.pt\/#\/schema\/person\/c4278d4a6028830caff9ee44b42d32ed\",\"name\":\"Telinha\",\"image\":{\"@type\":\"ImageObject\",\"inLanguage\":\"pt-PT\",\"@id\":\"https:\/\/portaltela.pt\/s.01k8rhncp4jt1\/2025\/11\/talking-bot-125x125.png\",\"url\":\"https:\/\/portaltela.pt\/s.01k8rhncp4jt1\/2025\/11\/talking-bot-125x125.png\",\"contentUrl\":\"https:\/\/portaltela.pt\/s.01k8rhncp4jt1\/2025\/11\/talking-bot-125x125.png\",\"caption\":\"Telinha\"},\"sameAs\":[\"https:\/\/portaltela.pt\/\"],\"url\":\"https:\/\/portaltela.pt\/por\/367410592786\/\"}]}<\/script>\n<!-- \/ Yoast SEO plugin. -->","yoast_head_json":{"title":"Dois barcos com ajuda humanit\u00e1ria chegam a Cuba - Portal Tela Portugal","robots":{"index":"index","follow":"follow","max-snippet":"max-snippet:-1","max-image-preview":"max-image-preview:large","max-video-preview":"max-video-preview:-1"},"og_locale":"pt_PT","og_type":"article","og_title":"Dois barcos com ajuda humanit\u00e1ria chegam a Cuba - Portal Tela Portugal","og_description":"A Guarda Costeira dos Estados Unidos informou que as duas embarca\u00e7\u00f5es chegaram a Cuba em seguran\u00e7a \u00e0s 10h36 locais (14h36 em Portugal continental). A miss\u00e3o transportou 50 toneladas de suprimentos m\u00e9dicos, alimentos, pain\u00e9is solares e outros bens para apoiar o povo cubano. As autoridades mexicanas haviam reportado, na quinta-feira, o desaparecimento das duas embarca\u00e7\u00f5es, com nove tripulantes de v\u00e1rias nacionalidades a bordo. Um barco de pesca convertido em embarca\u00e7\u00e3o de ajuda humanit\u00e1ria, tamb\u00e9m proveniente do M\u00e9xico, chegou a Cuba na ter\u00e7a-feira. Os primeiros carregamentos chegaram por via a\u00e9rea, vindos da Europa e dos Estados Unidos, na semana passada.","og_url":"https:\/\/portaltela.pt\/noticias\/2026\/03\/27\/dois-barcos-com-ajuda-humanitaria-chegam-a-cuba\/","og_site_name":"Portal Tela Portugal","article_published_time":"2026-03-27T20:00:00+00:00","author":"Telinha","twitter_card":"summary_large_image","twitter_misc":{"Escrito por":"Telinha","Tempo estimado de leitura":"1 minuto"},"schema":{"@context":"https:\/\/schema.org","@graph":[{"@type":"Article","@id":"https:\/\/portaltela.pt\/noticias\/2026\/03\/27\/dois-barcos-com-ajuda-humanitaria-chegam-a-cuba\/#article","isPartOf":{"@id":"https:\/\/portaltela.pt\/noticias\/2026\/03\/27\/dois-barcos-com-ajuda-humanitaria-chegam-a-cuba\/"},"author":{"name":"Telinha","@id":"https:\/\/portaltela.pt\/#\/schema\/person\/c4278d4a6028830caff9ee44b42d32ed"},"headline":"Dois barcos com ajuda humanit\u00e1ria chegam a Cuba","datePublished":"2026-03-27T20:00:00+00:00","mainEntityOfPage":{"@id":"https:\/\/portaltela.pt\/noticias\/2026\/03\/27\/dois-barcos-com-ajuda-humanitaria-chegam-a-cuba\/"},"wordCount":213,"image":{"@id":"https:\/\/portaltela.pt\/noticias\/2026\/03\/27\/dois-barcos-com-ajuda-humanitaria-chegam-a-cuba\/#primaryimage"},"thumbnailUrl":"https:\/\/portaltela.pt\/s.01k8rhncp4jt1\/2026\/03\/image-1636.jpg","keywords":["ajuda humanit\u00e1ria","ajuda internacional","apoio humanit\u00e1rio","Cuba","Estados Unidos","M\u00e9xico"],"articleSection":["Internacionais"],"inLanguage":"pt-PT"},{"@type":"WebPage","@id":"https:\/\/portaltela.pt\/noticias\/2026\/03\/27\/dois-barcos-com-ajuda-humanitaria-chegam-a-cuba\/","url":"https:\/\/portaltela.pt\/noticias\/2026\/03\/27\/dois-barcos-com-ajuda-humanitaria-chegam-a-cuba\/","name":"Dois barcos com ajuda humanit\u00e1ria chegam a Cuba - Portal Tela Portugal","isPartOf":{"@id":"https:\/\/portaltela.pt\/#website"},"primaryImageOfPage":{"@id":"https:\/\/portaltela.pt\/noticias\/2026\/03\/27\/dois-barcos-com-ajuda-humanitaria-chegam-a-cuba\/#primaryimage"},"image":{"@id":"https:\/\/portaltela.pt\/noticias\/2026\/03\/27\/dois-barcos-com-ajuda-humanitaria-chegam-a-cuba\/#primaryimage"},"thumbnailUrl":"https:\/\/portaltela.pt\/s.01k8rhncp4jt1\/2026\/03\/image-1636.jpg","datePublished":"2026-03-27T20:00:00+00:00","author":{"@id":"https:\/\/portaltela.pt\/#\/schema\/person\/c4278d4a6028830caff9ee44b42d32ed"},"breadcrumb":{"@id":"https:\/\/portaltela.pt\/noticias\/2026\/03\/27\/dois-barcos-com-ajuda-humanitaria-chegam-a-cuba\/#breadcrumb"},"inLanguage":"pt-PT","potentialAction":[{"@type":"ReadAction","target":["https:\/\/portaltela.pt\/noticias\/2026\/03\/27\/dois-barcos-com-ajuda-humanitaria-chegam-a-cuba\/"]}]},{"@type":"ImageObject","inLanguage":"pt-PT","@id":"https:\/\/portaltela.pt\/noticias\/2026\/03\/27\/dois-barcos-com-ajuda-humanitaria-chegam-a-cuba\/#primaryimage","url":"https:\/\/portaltela.pt\/s.01k8rhncp4jt1\/2026\/03\/image-1636.jpg","contentUrl":"https:\/\/portaltela.pt\/s.01k8rhncp4jt1\/2026\/03\/image-1636.jpg","width":796,"height":448,"caption":"Os veleiros fazem parte de uma miss\u00e3o que levou 50 toneladas de suprimentos m\u00e9dicos, alimentos, pain\u00e9is solares e outros bens para apoiar o povo cubano"},{"@type":"BreadcrumbList","@id":"https:\/\/portaltela.pt\/noticias\/2026\/03\/27\/dois-barcos-com-ajuda-humanitaria-chegam-a-cuba\/#breadcrumb","itemListElement":[{"@type":"ListItem","position":1,"name":"In\u00edcio","item":"https:\/\/portaltela.pt\/"},{"@type":"ListItem","position":2,"name":"Dois barcos com ajuda humanit\u00e1ria chegam a Cuba"}]},{"@type":"WebSite","@id":"https:\/\/portaltela.pt\/#website","url":"https:\/\/portaltela.pt\/","name":"Portal Tela Portugal","description":"","potentialAction":[{"@type":"SearchAction","target":{"@type":"EntryPoint","urlTemplate":"https:\/\/portaltela.pt\/?s={search_term_string}"},"query-input":{"@type":"PropertyValueSpecification","valueRequired":true,"valueName":"search_term_string"}}],"inLanguage":"pt-PT"},{"@type":"Person","@id":"https:\/\/portaltela.pt\/#\/schema\/person\/c4278d4a6028830caff9ee44b42d32ed","name":"Telinha","image":{"@type":"ImageObject","inLanguage":"pt-PT","@id":"https:\/\/portaltela.pt\/s.01k8rhncp4jt1\/2025\/11\/talking-bot-125x125.png","url":"https:\/\/portaltela.pt\/s.01k8rhncp4jt1\/2025\/11\/talking-bot-125x125.png","contentUrl":"https:\/\/portaltela.pt\/s.01k8rhncp4jt1\/2025\/11\/talking-bot-125x125.png","caption":"Telinha"},"sameAs":["https:\/\/portaltela.pt\/"],"url":"https:\/\/portaltela.pt\/por\/367410592786\/"}]}},"_links":{"self":[{"href":"https:\/\/portaltela.pt\/api\/wp\/v2\/posts\/424380","targetHints":{"allow":["GET"]}}],"collection":[{"href":"https:\/\/portaltela.pt\/api\/wp\/v2\/posts"}],"about":[{"href":"https:\/\/portaltela.pt\/api\/wp\/v2\/types\/post"}],"author":[{"embeddable":true,"href":"https:\/\/portaltela.pt\/api\/wp\/v2\/users\/2"}],"replies":[{"embeddable":true,"href":"https:\/\/portaltela.pt\/api\/wp\/v2\/comments?post=424380"}],"version-history":[{"count":0,"href":"https:\/\/portaltela.pt\/api\/wp\/v2\/posts\/424380\/revisions"}],"wp:featuredmedia":[{"embeddable":true,"href":"https:\/\/portaltela.pt\/api\/wp\/v2\/media\/424387"}],"wp:attachment":[{"href":"https:\/\/portaltela.pt\/api\/wp\/v2\/media?parent=424380"}],"wp:term":[{"taxonomy":"category","embeddable":true,"href":"https:\/\/portaltela.pt\/api\/wp\/v2\/categories?post=424380"},{"taxonomy":"post_tag","embeddable":true,"href":"https:\/\/portaltela.pt\/api\/wp\/v2\/tags?post=424380"}],"curies":[{"name":"wp","href":"https:\/\/api.w.org\/{rel}","templated":true}]}}