{"id":424353,"date":"2026-03-27T17:04:00","date_gmt":"2026-03-27T20:04:00","guid":{"rendered":"https:\/\/portaltela.pt\/noticias\/2026\/03\/27\/ps-nao-tem-obrigacao-de-ser-muleta-do-governo-quando-e-ignorado\/"},"modified":"2026-03-27T17:04:00","modified_gmt":"2026-03-27T20:04:00","slug":"ps-nao-tem-obrigacao-de-ser-muleta-do-governo-quando-e-ignorado","status":"publish","type":"post","link":"https:\/\/portaltela.pt\/noticias\/politica\/2026\/03\/27\/ps-nao-tem-obrigacao-de-ser-muleta-do-governo-quando-e-ignorado\/","title":{"rendered":"PS n\u00e3o tem obriga\u00e7\u00e3o de ser muleta do Governo quando \u00e9 ignorado"},"content":{"rendered":"<p>O antigo ministro Augusto Santos Silva afirmou que o Partido Socialista (PS) n\u00e3o tem obriga\u00e7\u00e3o de servir como uma muleta do Governo, especialmente quando \u00e9 ignorado. O coment\u00e1rio surge numa altura de tens\u00e3o entre o PS e o PSD, sobre o papel de cada partido no executivo.<\/p>\n<p>Santos Silva disse ainda que n\u00e3o est\u00e1 em causa uma ruptura formal entre o PS e o PSD, mas criticou o alinhamento dos sociais-democratas com o Chega. Segundo ele, essa alian\u00e7a representa uma eros\u00e3o do que chama de ch\u00e3o comum da democracia.<\/p>\n<p>O pol\u00edtico fez saber que, na sua perspetiva, h\u00e1 uma rendi\u00e7\u00e3o da chamada maioria absoluta ao Chega, o que motivaria o PS a avaliar consequ\u00eancias pol\u00edticas. As declara\u00e7\u00f5es foram proferidas durante um conjunto de interven\u00e7\u00f5es p\u00fablicas.<\/p>\n<h3>Contexto pol\u00edtico<\/h3>\n<p>O coment\u00e1rio ocorre em pleno debate sobre alian\u00e7as parlamentares e a viabilidade de pol\u00edticas entre o PS e o PSD. O PS tem repetidamente defendido prioridades sociais, enquanto o PSD procura equilibrar cr\u00edticas ao Governo com m\u00e9todos de rea\u00e7\u00e3o pol\u00edtica.<\/p>\n<p>O ponto central do discurso \u00e9 a percep\u00e7\u00e3o de que o PS n\u00e3o dever\u00e1 sustentar medidas que n\u00e3o mere\u00e7am o apoio da maioria parlamentar. A discuss\u00e3o revela a tens\u00e3o entre estrat\u00e9gicas partid\u00e1rias e princ\u00edpios democr\u00e1ticos, sem indicar conclus\u00f5es definitivas.<\/p>\n","protected":false},"excerpt":{"rendered":"<ul>\n<li>Augusto Santos Silva afirmou que o PS n\u00e3o tem obriga\u00e7\u00e3o de ser muleta do Governo, especialmente quando \u00e9 ignorado.<\/li>\n<li>Diz que n\u00e3o est\u00e1 em causa cortar rela\u00e7\u00f5es entre PS e PSD, mas que os social-democratas est\u00e3o a abandonar o ch\u00e3o comum da democracia ao privilegiarem o Chega.<\/li>\n<li>Exige retirar todas as consequ\u00eancias se se confirmar a rendi\u00e7\u00e3o da AD ao Chega.<\/li>\n<li>A posi\u00e7\u00e3o foi apresentada como cr\u00edtica \u00e0 linha do PSD em rela\u00e7\u00e3o ao Chega.<\/li>\n<li>A declara\u00e7\u00e3o acompanha a an\u00e1lise de que o PS n\u00e3o deve servir de apoio autom\u00e1tico ao Governo.<\/li>\n<\/ul>\n","protected":false},"author":2,"featured_media":424358,"comment_status":"closed","ping_status":"closed","sticky":false,"template":"","format":"standard","meta":{"footnotes":""},"categories":[1,5],"tags":[1849,3496,34,2832,2144,3695],"class_list":["post-424353","post","type-post","status-publish","format-standard","has-post-thumbnail","hentry","category-noticias","category-politica","tag-aliancas","tag-aliancas-internacionais","tag-governo","tag-politica","tag-ps","tag-psd"],"yoast_head":"<!-- This site is optimized with the Yoast SEO plugin v27.2 - https:\/\/yoast.com\/product\/yoast-seo-wordpress\/ -->\n<title>PS n\u00e3o tem obriga\u00e7\u00e3o de ser muleta do Governo quando \u00e9 ignorado - Portal Tela Portugal<\/title>\n<meta name=\"robots\" content=\"index, follow, max-snippet:-1, max-image-preview:large, max-video-preview:-1\" \/>\n<meta property=\"og:locale\" content=\"pt_PT\" \/>\n<meta property=\"og:type\" content=\"article\" \/>\n<meta property=\"og:title\" content=\"PS n\u00e3o tem obriga\u00e7\u00e3o de ser muleta do Governo quando \u00e9 ignorado - Portal Tela Portugal\" \/>\n<meta property=\"og:description\" content=\"Augusto Santos Silva afirmou que o PS n\u00e3o tem obriga\u00e7\u00e3o de ser muleta do Governo, especialmente quando \u00e9 ignorado. Diz que n\u00e3o est\u00e1 em causa cortar rela\u00e7\u00f5es entre PS e PSD, mas que os social-democratas est\u00e3o a abandonar o ch\u00e3o comum da democracia ao privilegiarem o Chega. Exige retirar todas as consequ\u00eancias se se confirmar a rendi\u00e7\u00e3o da AD ao Chega. A posi\u00e7\u00e3o foi apresentada como cr\u00edtica \u00e0 linha do PSD em rela\u00e7\u00e3o ao Chega. A declara\u00e7\u00e3o acompanha a an\u00e1lise de que o PS n\u00e3o deve servir de apoio autom\u00e1tico ao Governo.\" \/>\n<meta property=\"og:url\" content=\"https:\/\/portaltela.pt\/noticias\/2026\/03\/27\/ps-nao-tem-obrigacao-de-ser-muleta-do-governo-quando-e-ignorado\/\" \/>\n<meta property=\"og:site_name\" content=\"Portal Tela Portugal\" \/>\n<meta property=\"article:published_time\" content=\"2026-03-27T20:04:00+00:00\" \/>\n<meta name=\"author\" content=\"Telinha\" \/>\n<meta name=\"twitter:card\" content=\"summary_large_image\" \/>\n<meta name=\"twitter:label1\" content=\"Escrito por\" \/>\n\t<meta name=\"twitter:data1\" content=\"Telinha\" \/>\n\t<meta name=\"twitter:label2\" content=\"Tempo estimado de leitura\" \/>\n\t<meta name=\"twitter:data2\" content=\"1 minuto\" \/>\n<script type=\"application\/ld+json\" class=\"yoast-schema-graph\">{\"@context\":\"https:\/\/schema.org\",\"@graph\":[{\"@type\":\"Article\",\"@id\":\"https:\/\/portaltela.pt\/noticias\/2026\/03\/27\/ps-nao-tem-obrigacao-de-ser-muleta-do-governo-quando-e-ignorado\/#article\",\"isPartOf\":{\"@id\":\"https:\/\/portaltela.pt\/noticias\/2026\/03\/27\/ps-nao-tem-obrigacao-de-ser-muleta-do-governo-quando-e-ignorado\/\"},\"author\":{\"name\":\"Telinha\",\"@id\":\"https:\/\/portaltela.pt\/#\/schema\/person\/c4278d4a6028830caff9ee44b42d32ed\"},\"headline\":\"PS n\u00e3o tem obriga\u00e7\u00e3o de ser muleta do Governo quando \u00e9 ignorado\",\"datePublished\":\"2026-03-27T20:04:00+00:00\",\"mainEntityOfPage\":{\"@id\":\"https:\/\/portaltela.pt\/noticias\/2026\/03\/27\/ps-nao-tem-obrigacao-de-ser-muleta-do-governo-quando-e-ignorado\/\"},\"wordCount\":251,\"image\":{\"@id\":\"https:\/\/portaltela.pt\/noticias\/2026\/03\/27\/ps-nao-tem-obrigacao-de-ser-muleta-do-governo-quando-e-ignorado\/#primaryimage\"},\"thumbnailUrl\":\"https:\/\/portaltela.pt\/s.01k8rhncp4jt1\/2026\/03\/2077511.jpg\",\"keywords\":[\"alian\u00e7as\",\"alian\u00e7as internacionais\",\"governo\",\"pol\u00edtica\",\"PS\",\"PSD\"],\"articleSection\":[\"Not\u00edcias\",\"Pol\u00edtica\"],\"inLanguage\":\"pt-PT\"},{\"@type\":\"WebPage\",\"@id\":\"https:\/\/portaltela.pt\/noticias\/2026\/03\/27\/ps-nao-tem-obrigacao-de-ser-muleta-do-governo-quando-e-ignorado\/\",\"url\":\"https:\/\/portaltela.pt\/noticias\/2026\/03\/27\/ps-nao-tem-obrigacao-de-ser-muleta-do-governo-quando-e-ignorado\/\",\"name\":\"PS n\u00e3o tem obriga\u00e7\u00e3o de ser muleta do Governo quando \u00e9 ignorado - Portal Tela Portugal\",\"isPartOf\":{\"@id\":\"https:\/\/portaltela.pt\/#website\"},\"primaryImageOfPage\":{\"@id\":\"https:\/\/portaltela.pt\/noticias\/2026\/03\/27\/ps-nao-tem-obrigacao-de-ser-muleta-do-governo-quando-e-ignorado\/#primaryimage\"},\"image\":{\"@id\":\"https:\/\/portaltela.pt\/noticias\/2026\/03\/27\/ps-nao-tem-obrigacao-de-ser-muleta-do-governo-quando-e-ignorado\/#primaryimage\"},\"thumbnailUrl\":\"https:\/\/portaltela.pt\/s.01k8rhncp4jt1\/2026\/03\/2077511.jpg\",\"datePublished\":\"2026-03-27T20:04:00+00:00\",\"author\":{\"@id\":\"https:\/\/portaltela.pt\/#\/schema\/person\/c4278d4a6028830caff9ee44b42d32ed\"},\"breadcrumb\":{\"@id\":\"https:\/\/portaltela.pt\/noticias\/2026\/03\/27\/ps-nao-tem-obrigacao-de-ser-muleta-do-governo-quando-e-ignorado\/#breadcrumb\"},\"inLanguage\":\"pt-PT\",\"potentialAction\":[{\"@type\":\"ReadAction\",\"target\":[\"https:\/\/portaltela.pt\/noticias\/2026\/03\/27\/ps-nao-tem-obrigacao-de-ser-muleta-do-governo-quando-e-ignorado\/\"]}]},{\"@type\":\"ImageObject\",\"inLanguage\":\"pt-PT\",\"@id\":\"https:\/\/portaltela.pt\/noticias\/2026\/03\/27\/ps-nao-tem-obrigacao-de-ser-muleta-do-governo-quando-e-ignorado\/#primaryimage\",\"url\":\"https:\/\/portaltela.pt\/s.01k8rhncp4jt1\/2026\/03\/2077511.jpg\",\"contentUrl\":\"https:\/\/portaltela.pt\/s.01k8rhncp4jt1\/2026\/03\/2077511.jpg\",\"width\":796,\"height\":448,\"caption\":\"\u201cTemos que retirar todas as consequ\u00eancias se se confirmar esta rendi\u00e7\u00e3o da AD ao Chega\u201d, avisa Santos Silva\"},{\"@type\":\"BreadcrumbList\",\"@id\":\"https:\/\/portaltela.pt\/noticias\/2026\/03\/27\/ps-nao-tem-obrigacao-de-ser-muleta-do-governo-quando-e-ignorado\/#breadcrumb\",\"itemListElement\":[{\"@type\":\"ListItem\",\"position\":1,\"name\":\"In\u00edcio\",\"item\":\"https:\/\/portaltela.pt\/\"},{\"@type\":\"ListItem\",\"position\":2,\"name\":\"PS n\u00e3o tem obriga\u00e7\u00e3o de ser muleta do Governo quando \u00e9 ignorado\"}]},{\"@type\":\"WebSite\",\"@id\":\"https:\/\/portaltela.pt\/#website\",\"url\":\"https:\/\/portaltela.pt\/\",\"name\":\"Portal Tela Portugal\",\"description\":\"\",\"potentialAction\":[{\"@type\":\"SearchAction\",\"target\":{\"@type\":\"EntryPoint\",\"urlTemplate\":\"https:\/\/portaltela.pt\/?s={search_term_string}\"},\"query-input\":{\"@type\":\"PropertyValueSpecification\",\"valueRequired\":true,\"valueName\":\"search_term_string\"}}],\"inLanguage\":\"pt-PT\"},{\"@type\":\"Person\",\"@id\":\"https:\/\/portaltela.pt\/#\/schema\/person\/c4278d4a6028830caff9ee44b42d32ed\",\"name\":\"Telinha\",\"image\":{\"@type\":\"ImageObject\",\"inLanguage\":\"pt-PT\",\"@id\":\"https:\/\/portaltela.pt\/s.01k8rhncp4jt1\/2025\/11\/talking-bot-125x125.png\",\"url\":\"https:\/\/portaltela.pt\/s.01k8rhncp4jt1\/2025\/11\/talking-bot-125x125.png\",\"contentUrl\":\"https:\/\/portaltela.pt\/s.01k8rhncp4jt1\/2025\/11\/talking-bot-125x125.png\",\"caption\":\"Telinha\"},\"sameAs\":[\"https:\/\/portaltela.pt\/\"],\"url\":\"https:\/\/portaltela.pt\/por\/367410592786\/\"}]}<\/script>\n<!-- \/ Yoast SEO plugin. -->","yoast_head_json":{"title":"PS n\u00e3o tem obriga\u00e7\u00e3o de ser muleta do Governo quando \u00e9 ignorado - Portal Tela Portugal","robots":{"index":"index","follow":"follow","max-snippet":"max-snippet:-1","max-image-preview":"max-image-preview:large","max-video-preview":"max-video-preview:-1"},"og_locale":"pt_PT","og_type":"article","og_title":"PS n\u00e3o tem obriga\u00e7\u00e3o de ser muleta do Governo quando \u00e9 ignorado - Portal Tela Portugal","og_description":"Augusto Santos Silva afirmou que o PS n\u00e3o tem obriga\u00e7\u00e3o de ser muleta do Governo, especialmente quando \u00e9 ignorado. Diz que n\u00e3o est\u00e1 em causa cortar rela\u00e7\u00f5es entre PS e PSD, mas que os social-democratas est\u00e3o a abandonar o ch\u00e3o comum da democracia ao privilegiarem o Chega. Exige retirar todas as consequ\u00eancias se se confirmar a rendi\u00e7\u00e3o da AD ao Chega. A posi\u00e7\u00e3o foi apresentada como cr\u00edtica \u00e0 linha do PSD em rela\u00e7\u00e3o ao Chega. A declara\u00e7\u00e3o acompanha a an\u00e1lise de que o PS n\u00e3o deve servir de apoio autom\u00e1tico ao Governo.","og_url":"https:\/\/portaltela.pt\/noticias\/2026\/03\/27\/ps-nao-tem-obrigacao-de-ser-muleta-do-governo-quando-e-ignorado\/","og_site_name":"Portal Tela Portugal","article_published_time":"2026-03-27T20:04:00+00:00","author":"Telinha","twitter_card":"summary_large_image","twitter_misc":{"Escrito por":"Telinha","Tempo estimado de leitura":"1 minuto"},"schema":{"@context":"https:\/\/schema.org","@graph":[{"@type":"Article","@id":"https:\/\/portaltela.pt\/noticias\/2026\/03\/27\/ps-nao-tem-obrigacao-de-ser-muleta-do-governo-quando-e-ignorado\/#article","isPartOf":{"@id":"https:\/\/portaltela.pt\/noticias\/2026\/03\/27\/ps-nao-tem-obrigacao-de-ser-muleta-do-governo-quando-e-ignorado\/"},"author":{"name":"Telinha","@id":"https:\/\/portaltela.pt\/#\/schema\/person\/c4278d4a6028830caff9ee44b42d32ed"},"headline":"PS n\u00e3o tem obriga\u00e7\u00e3o de ser muleta do Governo quando \u00e9 ignorado","datePublished":"2026-03-27T20:04:00+00:00","mainEntityOfPage":{"@id":"https:\/\/portaltela.pt\/noticias\/2026\/03\/27\/ps-nao-tem-obrigacao-de-ser-muleta-do-governo-quando-e-ignorado\/"},"wordCount":251,"image":{"@id":"https:\/\/portaltela.pt\/noticias\/2026\/03\/27\/ps-nao-tem-obrigacao-de-ser-muleta-do-governo-quando-e-ignorado\/#primaryimage"},"thumbnailUrl":"https:\/\/portaltela.pt\/s.01k8rhncp4jt1\/2026\/03\/2077511.jpg","keywords":["alian\u00e7as","alian\u00e7as internacionais","governo","pol\u00edtica","PS","PSD"],"articleSection":["Not\u00edcias","Pol\u00edtica"],"inLanguage":"pt-PT"},{"@type":"WebPage","@id":"https:\/\/portaltela.pt\/noticias\/2026\/03\/27\/ps-nao-tem-obrigacao-de-ser-muleta-do-governo-quando-e-ignorado\/","url":"https:\/\/portaltela.pt\/noticias\/2026\/03\/27\/ps-nao-tem-obrigacao-de-ser-muleta-do-governo-quando-e-ignorado\/","name":"PS n\u00e3o tem obriga\u00e7\u00e3o de ser muleta do Governo quando \u00e9 ignorado - Portal Tela Portugal","isPartOf":{"@id":"https:\/\/portaltela.pt\/#website"},"primaryImageOfPage":{"@id":"https:\/\/portaltela.pt\/noticias\/2026\/03\/27\/ps-nao-tem-obrigacao-de-ser-muleta-do-governo-quando-e-ignorado\/#primaryimage"},"image":{"@id":"https:\/\/portaltela.pt\/noticias\/2026\/03\/27\/ps-nao-tem-obrigacao-de-ser-muleta-do-governo-quando-e-ignorado\/#primaryimage"},"thumbnailUrl":"https:\/\/portaltela.pt\/s.01k8rhncp4jt1\/2026\/03\/2077511.jpg","datePublished":"2026-03-27T20:04:00+00:00","author":{"@id":"https:\/\/portaltela.pt\/#\/schema\/person\/c4278d4a6028830caff9ee44b42d32ed"},"breadcrumb":{"@id":"https:\/\/portaltela.pt\/noticias\/2026\/03\/27\/ps-nao-tem-obrigacao-de-ser-muleta-do-governo-quando-e-ignorado\/#breadcrumb"},"inLanguage":"pt-PT","potentialAction":[{"@type":"ReadAction","target":["https:\/\/portaltela.pt\/noticias\/2026\/03\/27\/ps-nao-tem-obrigacao-de-ser-muleta-do-governo-quando-e-ignorado\/"]}]},{"@type":"ImageObject","inLanguage":"pt-PT","@id":"https:\/\/portaltela.pt\/noticias\/2026\/03\/27\/ps-nao-tem-obrigacao-de-ser-muleta-do-governo-quando-e-ignorado\/#primaryimage","url":"https:\/\/portaltela.pt\/s.01k8rhncp4jt1\/2026\/03\/2077511.jpg","contentUrl":"https:\/\/portaltela.pt\/s.01k8rhncp4jt1\/2026\/03\/2077511.jpg","width":796,"height":448,"caption":"\u201cTemos que retirar todas as consequ\u00eancias se se confirmar esta rendi\u00e7\u00e3o da AD ao Chega\u201d, avisa Santos Silva"},{"@type":"BreadcrumbList","@id":"https:\/\/portaltela.pt\/noticias\/2026\/03\/27\/ps-nao-tem-obrigacao-de-ser-muleta-do-governo-quando-e-ignorado\/#breadcrumb","itemListElement":[{"@type":"ListItem","position":1,"name":"In\u00edcio","item":"https:\/\/portaltela.pt\/"},{"@type":"ListItem","position":2,"name":"PS n\u00e3o tem obriga\u00e7\u00e3o de ser muleta do Governo quando \u00e9 ignorado"}]},{"@type":"WebSite","@id":"https:\/\/portaltela.pt\/#website","url":"https:\/\/portaltela.pt\/","name":"Portal Tela Portugal","description":"","potentialAction":[{"@type":"SearchAction","target":{"@type":"EntryPoint","urlTemplate":"https:\/\/portaltela.pt\/?s={search_term_string}"},"query-input":{"@type":"PropertyValueSpecification","valueRequired":true,"valueName":"search_term_string"}}],"inLanguage":"pt-PT"},{"@type":"Person","@id":"https:\/\/portaltela.pt\/#\/schema\/person\/c4278d4a6028830caff9ee44b42d32ed","name":"Telinha","image":{"@type":"ImageObject","inLanguage":"pt-PT","@id":"https:\/\/portaltela.pt\/s.01k8rhncp4jt1\/2025\/11\/talking-bot-125x125.png","url":"https:\/\/portaltela.pt\/s.01k8rhncp4jt1\/2025\/11\/talking-bot-125x125.png","contentUrl":"https:\/\/portaltela.pt\/s.01k8rhncp4jt1\/2025\/11\/talking-bot-125x125.png","caption":"Telinha"},"sameAs":["https:\/\/portaltela.pt\/"],"url":"https:\/\/portaltela.pt\/por\/367410592786\/"}]}},"_links":{"self":[{"href":"https:\/\/portaltela.pt\/api\/wp\/v2\/posts\/424353","targetHints":{"allow":["GET"]}}],"collection":[{"href":"https:\/\/portaltela.pt\/api\/wp\/v2\/posts"}],"about":[{"href":"https:\/\/portaltela.pt\/api\/wp\/v2\/types\/post"}],"author":[{"embeddable":true,"href":"https:\/\/portaltela.pt\/api\/wp\/v2\/users\/2"}],"replies":[{"embeddable":true,"href":"https:\/\/portaltela.pt\/api\/wp\/v2\/comments?post=424353"}],"version-history":[{"count":0,"href":"https:\/\/portaltela.pt\/api\/wp\/v2\/posts\/424353\/revisions"}],"wp:featuredmedia":[{"embeddable":true,"href":"https:\/\/portaltela.pt\/api\/wp\/v2\/media\/424358"}],"wp:attachment":[{"href":"https:\/\/portaltela.pt\/api\/wp\/v2\/media?parent=424353"}],"wp:term":[{"taxonomy":"category","embeddable":true,"href":"https:\/\/portaltela.pt\/api\/wp\/v2\/categories?post=424353"},{"taxonomy":"post_tag","embeddable":true,"href":"https:\/\/portaltela.pt\/api\/wp\/v2\/tags?post=424353"}],"curies":[{"name":"wp","href":"https:\/\/api.w.org\/{rel}","templated":true}]}}