{"id":424336,"date":"2026-03-27T16:43:00","date_gmt":"2026-03-27T19:43:00","guid":{"rendered":"https:\/\/portaltela.pt\/noticias\/2026\/03\/27\/espirito-de-baga-2020-analise-aos-acontecimentos-e-implicacoes\/"},"modified":"2026-03-27T16:43:00","modified_gmt":"2026-03-27T19:43:00","slug":"espirito-de-baga-2020-analise-aos-acontecimentos-e-implicacoes","status":"publish","type":"post","link":"https:\/\/portaltela.pt\/gastronomia\/2026\/03\/27\/espirito-de-baga-2020-analise-aos-acontecimentos-e-implicacoes\/","title":{"rendered":"Esp\u00edrito de Baga 2020: an\u00e1lise aos acontecimentos e implica\u00e7\u00f5es"},"content":{"rendered":"<p>No \u00e2mbito do Esp\u00edrito de Baga 2020, na Bairrada, Filipa Pato apresentou um vinho fortificado feito inteiramente a partir da casta Baga. A prova destacou a plasticidade da casta em vers\u00f5es fortificadas.<\/p>\n<p>O fortificado \u00e9 elaborado com aguardente v\u00ednica proveniente de um vinho da mesma casta, criando um producto 100% Baga. A produ\u00e7\u00e3o decorre em fam\u00edlia, com William e os filhos a pisar os bagos \u00e0 m\u00e3o.<\/p>\n<p>O conjunto da pr\u00e1tica familiar refor\u00e7a a liga\u00e7\u00e3o \u00e0 regi\u00e3o, num contexto de festa e tradi\u00e7\u00e3o, que acompanha a mesa t\u00edpica da Bairrada. O vinho foi apresentado como alternativa ao espumante de dia de festa.<\/p>\n<h3>Notas de Prova<\/h3>\n<p>O nariz remete a ameixas pretas desidratadas e a p\u00earas secas, com nuances especiadas. Em boca, destaca-se a acidez e o corpo, com um final frutado.<\/p>\n<p>A do\u00e7ura \u00e9 contida, mantendo a fruta presente e equilibrada pela frescura natural do vinho fortificado. A composi\u00e7\u00e3o evidencia uma boa harmonia entre o sabor e a progress\u00e3o arom\u00e1tica.<\/p>\n","protected":false},"excerpt":{"rendered":"<ul>\n<li>O Esp\u00edrito de Baga 2020 \u00e9 um fortificado 100% Baga produzido na Bairrada pela fam\u00edlia de Filipa Pato.<\/li>\n<li>A aguardente v\u00ednica usada \u00e9 feita a partir de vinho da mesma casta, e o fortificado \u00e9 criado em fam\u00edlia, com William e os filhos a pisar os bagos a p\u00e9.<\/li>\n<li>O processo ocorre num ambiente familiar, com m\u00fasica dos Rolling Stones ao fundo enquanto se pisa a uva.<\/li>\n<li>No nariz, surgem ameixas pretas desidratadas e p\u00earas secas, com notas especiadas.<\/li>\n<li>Na boca, o vinho oferece boa acidez, corpo e um final frutado, com do\u00e7ura contida e fruta bem presente.<\/li>\n<\/ul>\n","protected":false},"author":2,"featured_media":424337,"comment_status":"closed","ping_status":"closed","sticky":false,"template":"","format":"standard","meta":{"footnotes":""},"categories":[7369],"tags":[2522,64,219,5586,4103],"class_list":["post-424336","post","type-post","status-publish","format-standard","has-post-thumbnail","hentry","category-gastronomia","tag-bairrada","tag-familia","tag-gastronomia","tag-vinho","tag-viticultura"],"yoast_head":"<!-- This site is optimized with the Yoast SEO plugin v27.2 - https:\/\/yoast.com\/product\/yoast-seo-wordpress\/ -->\n<title>Esp\u00edrito de Baga 2020: an\u00e1lise aos acontecimentos e implica\u00e7\u00f5es - Portal Tela Portugal<\/title>\n<meta name=\"robots\" content=\"index, follow, max-snippet:-1, max-image-preview:large, max-video-preview:-1\" \/>\n<meta property=\"og:locale\" content=\"pt_PT\" \/>\n<meta property=\"og:type\" content=\"article\" \/>\n<meta property=\"og:title\" content=\"Esp\u00edrito de Baga 2020: an\u00e1lise aos acontecimentos e implica\u00e7\u00f5es - Portal Tela Portugal\" \/>\n<meta property=\"og:description\" content=\"O Esp\u00edrito de Baga 2020 \u00e9 um fortificado 100% Baga produzido na Bairrada pela fam\u00edlia de Filipa Pato. A aguardente v\u00ednica usada \u00e9 feita a partir de vinho da mesma casta, e o fortificado \u00e9 criado em fam\u00edlia, com William e os filhos a pisar os bagos a p\u00e9. O processo ocorre num ambiente familiar, com m\u00fasica dos Rolling Stones ao fundo enquanto se pisa a uva. No nariz, surgem ameixas pretas desidratadas e p\u00earas secas, com notas especiadas. Na boca, o vinho oferece boa acidez, corpo e um final frutado, com do\u00e7ura contida e fruta bem presente.\" \/>\n<meta property=\"og:url\" content=\"https:\/\/portaltela.pt\/noticias\/2026\/03\/27\/espirito-de-baga-2020-analise-aos-acontecimentos-e-implicacoes\/\" \/>\n<meta property=\"og:site_name\" content=\"Portal Tela Portugal\" \/>\n<meta property=\"article:published_time\" content=\"2026-03-27T19:43:00+00:00\" \/>\n<meta name=\"author\" content=\"Telinha\" \/>\n<meta name=\"twitter:card\" content=\"summary_large_image\" \/>\n<meta name=\"twitter:label1\" content=\"Escrito por\" \/>\n\t<meta name=\"twitter:data1\" content=\"Telinha\" \/>\n\t<meta name=\"twitter:label2\" content=\"Tempo estimado de leitura\" \/>\n\t<meta name=\"twitter:data2\" content=\"1 minuto\" \/>\n<script type=\"application\/ld+json\" class=\"yoast-schema-graph\">{\"@context\":\"https:\/\/schema.org\",\"@graph\":[{\"@type\":\"Article\",\"@id\":\"https:\/\/portaltela.pt\/noticias\/2026\/03\/27\/espirito-de-baga-2020-analise-aos-acontecimentos-e-implicacoes\/#article\",\"isPartOf\":{\"@id\":\"https:\/\/portaltela.pt\/noticias\/2026\/03\/27\/espirito-de-baga-2020-analise-aos-acontecimentos-e-implicacoes\/\"},\"author\":{\"name\":\"Telinha\",\"@id\":\"https:\/\/portaltela.pt\/#\/schema\/person\/c4278d4a6028830caff9ee44b42d32ed\"},\"headline\":\"Esp\u00edrito de Baga 2020: an\u00e1lise aos acontecimentos e implica\u00e7\u00f5es\",\"datePublished\":\"2026-03-27T19:43:00+00:00\",\"mainEntityOfPage\":{\"@id\":\"https:\/\/portaltela.pt\/noticias\/2026\/03\/27\/espirito-de-baga-2020-analise-aos-acontecimentos-e-implicacoes\/\"},\"wordCount\":182,\"image\":{\"@id\":\"https:\/\/portaltela.pt\/noticias\/2026\/03\/27\/espirito-de-baga-2020-analise-aos-acontecimentos-e-implicacoes\/#primaryimage\"},\"thumbnailUrl\":\"https:\/\/portaltela.pt\/s.01k8rhncp4jt1\/2026\/03\/2076855.jpg\",\"keywords\":[\"Bairrada\",\"fam\u00edlia\",\"gastronomia\",\"vinho\",\"viticultura\"],\"articleSection\":[\"Gastronomia\"],\"inLanguage\":\"pt-PT\"},{\"@type\":\"WebPage\",\"@id\":\"https:\/\/portaltela.pt\/noticias\/2026\/03\/27\/espirito-de-baga-2020-analise-aos-acontecimentos-e-implicacoes\/\",\"url\":\"https:\/\/portaltela.pt\/noticias\/2026\/03\/27\/espirito-de-baga-2020-analise-aos-acontecimentos-e-implicacoes\/\",\"name\":\"Esp\u00edrito de Baga 2020: an\u00e1lise aos acontecimentos e implica\u00e7\u00f5es - Portal Tela Portugal\",\"isPartOf\":{\"@id\":\"https:\/\/portaltela.pt\/#website\"},\"primaryImageOfPage\":{\"@id\":\"https:\/\/portaltela.pt\/noticias\/2026\/03\/27\/espirito-de-baga-2020-analise-aos-acontecimentos-e-implicacoes\/#primaryimage\"},\"image\":{\"@id\":\"https:\/\/portaltela.pt\/noticias\/2026\/03\/27\/espirito-de-baga-2020-analise-aos-acontecimentos-e-implicacoes\/#primaryimage\"},\"thumbnailUrl\":\"https:\/\/portaltela.pt\/s.01k8rhncp4jt1\/2026\/03\/2076855.jpg\",\"datePublished\":\"2026-03-27T19:43:00+00:00\",\"author\":{\"@id\":\"https:\/\/portaltela.pt\/#\/schema\/person\/c4278d4a6028830caff9ee44b42d32ed\"},\"breadcrumb\":{\"@id\":\"https:\/\/portaltela.pt\/noticias\/2026\/03\/27\/espirito-de-baga-2020-analise-aos-acontecimentos-e-implicacoes\/#breadcrumb\"},\"inLanguage\":\"pt-PT\",\"potentialAction\":[{\"@type\":\"ReadAction\",\"target\":[\"https:\/\/portaltela.pt\/noticias\/2026\/03\/27\/espirito-de-baga-2020-analise-aos-acontecimentos-e-implicacoes\/\"]}]},{\"@type\":\"ImageObject\",\"inLanguage\":\"pt-PT\",\"@id\":\"https:\/\/portaltela.pt\/noticias\/2026\/03\/27\/espirito-de-baga-2020-analise-aos-acontecimentos-e-implicacoes\/#primaryimage\",\"url\":\"https:\/\/portaltela.pt\/s.01k8rhncp4jt1\/2026\/03\/2076855.jpg\",\"contentUrl\":\"https:\/\/portaltela.pt\/s.01k8rhncp4jt1\/2026\/03\/2076855.jpg\",\"width\":796,\"height\":448,\"caption\":\"Photo\"},{\"@type\":\"BreadcrumbList\",\"@id\":\"https:\/\/portaltela.pt\/noticias\/2026\/03\/27\/espirito-de-baga-2020-analise-aos-acontecimentos-e-implicacoes\/#breadcrumb\",\"itemListElement\":[{\"@type\":\"ListItem\",\"position\":1,\"name\":\"In\u00edcio\",\"item\":\"https:\/\/portaltela.pt\/\"},{\"@type\":\"ListItem\",\"position\":2,\"name\":\"Esp\u00edrito de Baga 2020: an\u00e1lise aos acontecimentos e implica\u00e7\u00f5es\"}]},{\"@type\":\"WebSite\",\"@id\":\"https:\/\/portaltela.pt\/#website\",\"url\":\"https:\/\/portaltela.pt\/\",\"name\":\"Portal Tela Portugal\",\"description\":\"\",\"potentialAction\":[{\"@type\":\"SearchAction\",\"target\":{\"@type\":\"EntryPoint\",\"urlTemplate\":\"https:\/\/portaltela.pt\/?s={search_term_string}\"},\"query-input\":{\"@type\":\"PropertyValueSpecification\",\"valueRequired\":true,\"valueName\":\"search_term_string\"}}],\"inLanguage\":\"pt-PT\"},{\"@type\":\"Person\",\"@id\":\"https:\/\/portaltela.pt\/#\/schema\/person\/c4278d4a6028830caff9ee44b42d32ed\",\"name\":\"Telinha\",\"image\":{\"@type\":\"ImageObject\",\"inLanguage\":\"pt-PT\",\"@id\":\"https:\/\/portaltela.pt\/s.01k8rhncp4jt1\/2025\/11\/talking-bot-125x125.png\",\"url\":\"https:\/\/portaltela.pt\/s.01k8rhncp4jt1\/2025\/11\/talking-bot-125x125.png\",\"contentUrl\":\"https:\/\/portaltela.pt\/s.01k8rhncp4jt1\/2025\/11\/talking-bot-125x125.png\",\"caption\":\"Telinha\"},\"sameAs\":[\"https:\/\/portaltela.pt\/\"],\"url\":\"https:\/\/portaltela.pt\/por\/367410592786\/\"}]}<\/script>\n<!-- \/ Yoast SEO plugin. -->","yoast_head_json":{"title":"Esp\u00edrito de Baga 2020: an\u00e1lise aos acontecimentos e implica\u00e7\u00f5es - Portal Tela Portugal","robots":{"index":"index","follow":"follow","max-snippet":"max-snippet:-1","max-image-preview":"max-image-preview:large","max-video-preview":"max-video-preview:-1"},"og_locale":"pt_PT","og_type":"article","og_title":"Esp\u00edrito de Baga 2020: an\u00e1lise aos acontecimentos e implica\u00e7\u00f5es - Portal Tela Portugal","og_description":"O Esp\u00edrito de Baga 2020 \u00e9 um fortificado 100% Baga produzido na Bairrada pela fam\u00edlia de Filipa Pato. A aguardente v\u00ednica usada \u00e9 feita a partir de vinho da mesma casta, e o fortificado \u00e9 criado em fam\u00edlia, com William e os filhos a pisar os bagos a p\u00e9. O processo ocorre num ambiente familiar, com m\u00fasica dos Rolling Stones ao fundo enquanto se pisa a uva. No nariz, surgem ameixas pretas desidratadas e p\u00earas secas, com notas especiadas. Na boca, o vinho oferece boa acidez, corpo e um final frutado, com do\u00e7ura contida e fruta bem presente.","og_url":"https:\/\/portaltela.pt\/noticias\/2026\/03\/27\/espirito-de-baga-2020-analise-aos-acontecimentos-e-implicacoes\/","og_site_name":"Portal Tela Portugal","article_published_time":"2026-03-27T19:43:00+00:00","author":"Telinha","twitter_card":"summary_large_image","twitter_misc":{"Escrito por":"Telinha","Tempo estimado de leitura":"1 minuto"},"schema":{"@context":"https:\/\/schema.org","@graph":[{"@type":"Article","@id":"https:\/\/portaltela.pt\/noticias\/2026\/03\/27\/espirito-de-baga-2020-analise-aos-acontecimentos-e-implicacoes\/#article","isPartOf":{"@id":"https:\/\/portaltela.pt\/noticias\/2026\/03\/27\/espirito-de-baga-2020-analise-aos-acontecimentos-e-implicacoes\/"},"author":{"name":"Telinha","@id":"https:\/\/portaltela.pt\/#\/schema\/person\/c4278d4a6028830caff9ee44b42d32ed"},"headline":"Esp\u00edrito de Baga 2020: an\u00e1lise aos acontecimentos e implica\u00e7\u00f5es","datePublished":"2026-03-27T19:43:00+00:00","mainEntityOfPage":{"@id":"https:\/\/portaltela.pt\/noticias\/2026\/03\/27\/espirito-de-baga-2020-analise-aos-acontecimentos-e-implicacoes\/"},"wordCount":182,"image":{"@id":"https:\/\/portaltela.pt\/noticias\/2026\/03\/27\/espirito-de-baga-2020-analise-aos-acontecimentos-e-implicacoes\/#primaryimage"},"thumbnailUrl":"https:\/\/portaltela.pt\/s.01k8rhncp4jt1\/2026\/03\/2076855.jpg","keywords":["Bairrada","fam\u00edlia","gastronomia","vinho","viticultura"],"articleSection":["Gastronomia"],"inLanguage":"pt-PT"},{"@type":"WebPage","@id":"https:\/\/portaltela.pt\/noticias\/2026\/03\/27\/espirito-de-baga-2020-analise-aos-acontecimentos-e-implicacoes\/","url":"https:\/\/portaltela.pt\/noticias\/2026\/03\/27\/espirito-de-baga-2020-analise-aos-acontecimentos-e-implicacoes\/","name":"Esp\u00edrito de Baga 2020: an\u00e1lise aos acontecimentos e implica\u00e7\u00f5es - Portal Tela Portugal","isPartOf":{"@id":"https:\/\/portaltela.pt\/#website"},"primaryImageOfPage":{"@id":"https:\/\/portaltela.pt\/noticias\/2026\/03\/27\/espirito-de-baga-2020-analise-aos-acontecimentos-e-implicacoes\/#primaryimage"},"image":{"@id":"https:\/\/portaltela.pt\/noticias\/2026\/03\/27\/espirito-de-baga-2020-analise-aos-acontecimentos-e-implicacoes\/#primaryimage"},"thumbnailUrl":"https:\/\/portaltela.pt\/s.01k8rhncp4jt1\/2026\/03\/2076855.jpg","datePublished":"2026-03-27T19:43:00+00:00","author":{"@id":"https:\/\/portaltela.pt\/#\/schema\/person\/c4278d4a6028830caff9ee44b42d32ed"},"breadcrumb":{"@id":"https:\/\/portaltela.pt\/noticias\/2026\/03\/27\/espirito-de-baga-2020-analise-aos-acontecimentos-e-implicacoes\/#breadcrumb"},"inLanguage":"pt-PT","potentialAction":[{"@type":"ReadAction","target":["https:\/\/portaltela.pt\/noticias\/2026\/03\/27\/espirito-de-baga-2020-analise-aos-acontecimentos-e-implicacoes\/"]}]},{"@type":"ImageObject","inLanguage":"pt-PT","@id":"https:\/\/portaltela.pt\/noticias\/2026\/03\/27\/espirito-de-baga-2020-analise-aos-acontecimentos-e-implicacoes\/#primaryimage","url":"https:\/\/portaltela.pt\/s.01k8rhncp4jt1\/2026\/03\/2076855.jpg","contentUrl":"https:\/\/portaltela.pt\/s.01k8rhncp4jt1\/2026\/03\/2076855.jpg","width":796,"height":448,"caption":"Photo"},{"@type":"BreadcrumbList","@id":"https:\/\/portaltela.pt\/noticias\/2026\/03\/27\/espirito-de-baga-2020-analise-aos-acontecimentos-e-implicacoes\/#breadcrumb","itemListElement":[{"@type":"ListItem","position":1,"name":"In\u00edcio","item":"https:\/\/portaltela.pt\/"},{"@type":"ListItem","position":2,"name":"Esp\u00edrito de Baga 2020: an\u00e1lise aos acontecimentos e implica\u00e7\u00f5es"}]},{"@type":"WebSite","@id":"https:\/\/portaltela.pt\/#website","url":"https:\/\/portaltela.pt\/","name":"Portal Tela Portugal","description":"","potentialAction":[{"@type":"SearchAction","target":{"@type":"EntryPoint","urlTemplate":"https:\/\/portaltela.pt\/?s={search_term_string}"},"query-input":{"@type":"PropertyValueSpecification","valueRequired":true,"valueName":"search_term_string"}}],"inLanguage":"pt-PT"},{"@type":"Person","@id":"https:\/\/portaltela.pt\/#\/schema\/person\/c4278d4a6028830caff9ee44b42d32ed","name":"Telinha","image":{"@type":"ImageObject","inLanguage":"pt-PT","@id":"https:\/\/portaltela.pt\/s.01k8rhncp4jt1\/2025\/11\/talking-bot-125x125.png","url":"https:\/\/portaltela.pt\/s.01k8rhncp4jt1\/2025\/11\/talking-bot-125x125.png","contentUrl":"https:\/\/portaltela.pt\/s.01k8rhncp4jt1\/2025\/11\/talking-bot-125x125.png","caption":"Telinha"},"sameAs":["https:\/\/portaltela.pt\/"],"url":"https:\/\/portaltela.pt\/por\/367410592786\/"}]}},"_links":{"self":[{"href":"https:\/\/portaltela.pt\/api\/wp\/v2\/posts\/424336","targetHints":{"allow":["GET"]}}],"collection":[{"href":"https:\/\/portaltela.pt\/api\/wp\/v2\/posts"}],"about":[{"href":"https:\/\/portaltela.pt\/api\/wp\/v2\/types\/post"}],"author":[{"embeddable":true,"href":"https:\/\/portaltela.pt\/api\/wp\/v2\/users\/2"}],"replies":[{"embeddable":true,"href":"https:\/\/portaltela.pt\/api\/wp\/v2\/comments?post=424336"}],"version-history":[{"count":0,"href":"https:\/\/portaltela.pt\/api\/wp\/v2\/posts\/424336\/revisions"}],"wp:featuredmedia":[{"embeddable":true,"href":"https:\/\/portaltela.pt\/api\/wp\/v2\/media\/424337"}],"wp:attachment":[{"href":"https:\/\/portaltela.pt\/api\/wp\/v2\/media?parent=424336"}],"wp:term":[{"taxonomy":"category","embeddable":true,"href":"https:\/\/portaltela.pt\/api\/wp\/v2\/categories?post=424336"},{"taxonomy":"post_tag","embeddable":true,"href":"https:\/\/portaltela.pt\/api\/wp\/v2\/tags?post=424336"}],"curies":[{"name":"wp","href":"https:\/\/api.w.org\/{rel}","templated":true}]}}