{"id":424324,"date":"2026-03-27T16:59:28","date_gmt":"2026-03-27T19:59:28","guid":{"rendered":"https:\/\/portaltela.pt\/noticias\/2026\/03\/27\/trabalhadores-da-rtp-avancam-para-greve-apos-proposta-da-administracao\/"},"modified":"2026-03-27T16:59:28","modified_gmt":"2026-03-27T19:59:28","slug":"trabalhadores-da-rtp-avancam-para-greve-apos-proposta-da-administracao","status":"publish","type":"post","link":"https:\/\/portaltela.pt\/noticias\/economia\/2026\/03\/27\/trabalhadores-da-rtp-avancam-para-greve-apos-proposta-da-administracao\/","title":{"rendered":"Trabalhadores da RTP avan\u00e7am para greve ap\u00f3s proposta da Administra\u00e7\u00e3o"},"content":{"rendered":"<p>Os trabalhadores da RTP decidiram avan\u00e7ar com greve ap\u00f3s a apresenta\u00e7\u00e3o de uma proposta de corte salarial por parte da Administra\u00e7\u00e3o. A decis\u00e3o foi tomada em plen\u00e1rio hoje, na sede da empresa, com participa\u00e7\u00e3o de trabalhadores de diversas \u00e1reas.<\/p>\n<p>A greve contemplar\u00e1 o trabalho normal, o trabalho suplementar e a hip\u00f3tese de greve nos feriados, caso a Administra\u00e7\u00e3o n\u00e3o recue na proposta. A decis\u00e3o \u00e9 apresentada como resposta direta \u00e0s medidas salariais propostas pela gest\u00e3o.<\/p>\n<p>Os sindicatos representativos emitiram um comunicado conjunto, afirmando ter aprovado, por unanimidade, as formas de luta. Tamb\u00e9m foi anunciada a retirada de confian\u00e7a ao Conselho de Administra\u00e7\u00e3o da RTP.<\/p>\n<h3>Medidas em vigor e pr\u00f3ximos passos<\/h3>\n<p>Caso a Administra\u00e7\u00e3o mantenha a posi\u00e7\u00e3o, a organiza\u00e7\u00e3o sindical indica que os trabalhadores devem seguir as modalidades de greve previstas, conforme instru\u00e7\u00f5es a divulgar. N\u00e3o foram fornecidos detalhes sobre calend\u00e1rios ou prazos operacionais. A RTP n\u00e3o comentou o assunto at\u00e9 ao momento, mantendo o canal de negocia\u00e7\u00e3o aberto.<\/p>\n","protected":false},"excerpt":{"rendered":"<ul>\n<li>Os trabalhadores da RTP decidiram avan\u00e7ar para greve, incluindo trabalho normal, suplementar e em feriados, em resposta \u00e0 proposta de corte salarial da Administra\u00e7\u00e3o.<\/li>\n<li>A decis\u00e3o foi tomada em plen\u00e1rio, por unanimidade e aclama\u00e7\u00e3o, conforme comunicado conjunto dos sindicatos.<\/li>\n<li>Foi anunciada a decis\u00e3o de retirar confian\u00e7a ao Conselho de Administra\u00e7\u00e3o da empresa.<\/li>\n<li>A posi\u00e7\u00e3o dos trabalhadores surge na sequ\u00eancia da proposta de redu\u00e7\u00e3o salarial apresentada pela Administra\u00e7\u00e3o.<\/li>\n<\/ul>\n","protected":false},"author":2,"featured_media":424328,"comment_status":"closed","ping_status":"closed","sticky":false,"template":"","format":"standard","meta":{"footnotes":""},"categories":[2,6871],"tags":[1164,6185,1221,966,2841,2201],"class_list":["post-424324","post","type-post","status-publish","format-standard","has-post-thumbnail","hentry","category-economia","category-sociedade","tag-greve","tag-rtp-noticias","tag-servicos-publicos","tag-sindicatos","tag-trabalhadores","tag-trabalho"],"yoast_head":"<!-- This site is optimized with the Yoast SEO plugin v27.2 - https:\/\/yoast.com\/product\/yoast-seo-wordpress\/ -->\n<title>Trabalhadores da RTP avan\u00e7am para greve ap\u00f3s proposta da Administra\u00e7\u00e3o - Portal Tela Portugal<\/title>\n<meta name=\"robots\" content=\"index, follow, max-snippet:-1, max-image-preview:large, max-video-preview:-1\" \/>\n<meta property=\"og:locale\" content=\"pt_PT\" \/>\n<meta property=\"og:type\" content=\"article\" \/>\n<meta property=\"og:title\" content=\"Trabalhadores da RTP avan\u00e7am para greve ap\u00f3s proposta da Administra\u00e7\u00e3o - Portal Tela Portugal\" \/>\n<meta property=\"og:description\" content=\"Os trabalhadores da RTP decidiram avan\u00e7ar para greve, incluindo trabalho normal, suplementar e em feriados, em resposta \u00e0 proposta de corte salarial da Administra\u00e7\u00e3o. A decis\u00e3o foi tomada em plen\u00e1rio, por unanimidade e aclama\u00e7\u00e3o, conforme comunicado conjunto dos sindicatos. Foi anunciada a decis\u00e3o de retirar confian\u00e7a ao Conselho de Administra\u00e7\u00e3o da empresa. A posi\u00e7\u00e3o dos trabalhadores surge na sequ\u00eancia da proposta de redu\u00e7\u00e3o salarial apresentada pela Administra\u00e7\u00e3o.\" \/>\n<meta property=\"og:url\" content=\"https:\/\/portaltela.pt\/noticias\/2026\/03\/27\/trabalhadores-da-rtp-avancam-para-greve-apos-proposta-da-administracao\/\" \/>\n<meta property=\"og:site_name\" content=\"Portal Tela Portugal\" \/>\n<meta property=\"article:published_time\" content=\"2026-03-27T19:59:28+00:00\" \/>\n<meta name=\"author\" content=\"Telinha\" \/>\n<meta name=\"twitter:card\" content=\"summary_large_image\" \/>\n<meta name=\"twitter:label1\" content=\"Escrito por\" \/>\n\t<meta name=\"twitter:data1\" content=\"Telinha\" \/>\n\t<meta name=\"twitter:label2\" content=\"Tempo estimado de leitura\" \/>\n\t<meta name=\"twitter:data2\" content=\"1 minuto\" \/>\n<script type=\"application\/ld+json\" class=\"yoast-schema-graph\">{\"@context\":\"https:\/\/schema.org\",\"@graph\":[{\"@type\":\"Article\",\"@id\":\"https:\/\/portaltela.pt\/noticias\/2026\/03\/27\/trabalhadores-da-rtp-avancam-para-greve-apos-proposta-da-administracao\/#article\",\"isPartOf\":{\"@id\":\"https:\/\/portaltela.pt\/noticias\/2026\/03\/27\/trabalhadores-da-rtp-avancam-para-greve-apos-proposta-da-administracao\/\"},\"author\":{\"name\":\"Telinha\",\"@id\":\"https:\/\/portaltela.pt\/#\/schema\/person\/c4278d4a6028830caff9ee44b42d32ed\"},\"headline\":\"Trabalhadores da RTP avan\u00e7am para greve ap\u00f3s proposta da Administra\u00e7\u00e3o\",\"datePublished\":\"2026-03-27T19:59:28+00:00\",\"mainEntityOfPage\":{\"@id\":\"https:\/\/portaltela.pt\/noticias\/2026\/03\/27\/trabalhadores-da-rtp-avancam-para-greve-apos-proposta-da-administracao\/\"},\"wordCount\":194,\"image\":{\"@id\":\"https:\/\/portaltela.pt\/noticias\/2026\/03\/27\/trabalhadores-da-rtp-avancam-para-greve-apos-proposta-da-administracao\/#primaryimage\"},\"thumbnailUrl\":\"https:\/\/portaltela.pt\/s.01k8rhncp4jt1\/2026\/03\/img_1500x1000uu2024-06-05-22-11-12-1673565.jpg\",\"keywords\":[\"greve\",\"RTP Not\u00edcias\",\"servi\u00e7os p\u00fablicos\",\"sindicatos\",\"trabalhadores\",\"trabalho\"],\"articleSection\":[\"Economia\",\"Sociedade\"],\"inLanguage\":\"pt-PT\"},{\"@type\":\"WebPage\",\"@id\":\"https:\/\/portaltela.pt\/noticias\/2026\/03\/27\/trabalhadores-da-rtp-avancam-para-greve-apos-proposta-da-administracao\/\",\"url\":\"https:\/\/portaltela.pt\/noticias\/2026\/03\/27\/trabalhadores-da-rtp-avancam-para-greve-apos-proposta-da-administracao\/\",\"name\":\"Trabalhadores da RTP avan\u00e7am para greve ap\u00f3s proposta da Administra\u00e7\u00e3o - Portal Tela Portugal\",\"isPartOf\":{\"@id\":\"https:\/\/portaltela.pt\/#website\"},\"primaryImageOfPage\":{\"@id\":\"https:\/\/portaltela.pt\/noticias\/2026\/03\/27\/trabalhadores-da-rtp-avancam-para-greve-apos-proposta-da-administracao\/#primaryimage\"},\"image\":{\"@id\":\"https:\/\/portaltela.pt\/noticias\/2026\/03\/27\/trabalhadores-da-rtp-avancam-para-greve-apos-proposta-da-administracao\/#primaryimage\"},\"thumbnailUrl\":\"https:\/\/portaltela.pt\/s.01k8rhncp4jt1\/2026\/03\/img_1500x1000uu2024-06-05-22-11-12-1673565.jpg\",\"datePublished\":\"2026-03-27T19:59:28+00:00\",\"author\":{\"@id\":\"https:\/\/portaltela.pt\/#\/schema\/person\/c4278d4a6028830caff9ee44b42d32ed\"},\"breadcrumb\":{\"@id\":\"https:\/\/portaltela.pt\/noticias\/2026\/03\/27\/trabalhadores-da-rtp-avancam-para-greve-apos-proposta-da-administracao\/#breadcrumb\"},\"inLanguage\":\"pt-PT\",\"potentialAction\":[{\"@type\":\"ReadAction\",\"target\":[\"https:\/\/portaltela.pt\/noticias\/2026\/03\/27\/trabalhadores-da-rtp-avancam-para-greve-apos-proposta-da-administracao\/\"]}]},{\"@type\":\"ImageObject\",\"inLanguage\":\"pt-PT\",\"@id\":\"https:\/\/portaltela.pt\/noticias\/2026\/03\/27\/trabalhadores-da-rtp-avancam-para-greve-apos-proposta-da-administracao\/#primaryimage\",\"url\":\"https:\/\/portaltela.pt\/s.01k8rhncp4jt1\/2026\/03\/img_1500x1000uu2024-06-05-22-11-12-1673565.jpg\",\"contentUrl\":\"https:\/\/portaltela.pt\/s.01k8rhncp4jt1\/2026\/03\/img_1500x1000uu2024-06-05-22-11-12-1673565.jpg\",\"width\":796,\"height\":448,\"caption\":\"RTP\"},{\"@type\":\"BreadcrumbList\",\"@id\":\"https:\/\/portaltela.pt\/noticias\/2026\/03\/27\/trabalhadores-da-rtp-avancam-para-greve-apos-proposta-da-administracao\/#breadcrumb\",\"itemListElement\":[{\"@type\":\"ListItem\",\"position\":1,\"name\":\"In\u00edcio\",\"item\":\"https:\/\/portaltela.pt\/\"},{\"@type\":\"ListItem\",\"position\":2,\"name\":\"Trabalhadores da RTP avan\u00e7am para greve ap\u00f3s proposta da Administra\u00e7\u00e3o\"}]},{\"@type\":\"WebSite\",\"@id\":\"https:\/\/portaltela.pt\/#website\",\"url\":\"https:\/\/portaltela.pt\/\",\"name\":\"Portal Tela Portugal\",\"description\":\"\",\"potentialAction\":[{\"@type\":\"SearchAction\",\"target\":{\"@type\":\"EntryPoint\",\"urlTemplate\":\"https:\/\/portaltela.pt\/?s={search_term_string}\"},\"query-input\":{\"@type\":\"PropertyValueSpecification\",\"valueRequired\":true,\"valueName\":\"search_term_string\"}}],\"inLanguage\":\"pt-PT\"},{\"@type\":\"Person\",\"@id\":\"https:\/\/portaltela.pt\/#\/schema\/person\/c4278d4a6028830caff9ee44b42d32ed\",\"name\":\"Telinha\",\"image\":{\"@type\":\"ImageObject\",\"inLanguage\":\"pt-PT\",\"@id\":\"https:\/\/portaltela.pt\/s.01k8rhncp4jt1\/2025\/11\/talking-bot-125x125.png\",\"url\":\"https:\/\/portaltela.pt\/s.01k8rhncp4jt1\/2025\/11\/talking-bot-125x125.png\",\"contentUrl\":\"https:\/\/portaltela.pt\/s.01k8rhncp4jt1\/2025\/11\/talking-bot-125x125.png\",\"caption\":\"Telinha\"},\"sameAs\":[\"https:\/\/portaltela.pt\/\"],\"url\":\"https:\/\/portaltela.pt\/por\/367410592786\/\"}]}<\/script>\n<!-- \/ Yoast SEO plugin. -->","yoast_head_json":{"title":"Trabalhadores da RTP avan\u00e7am para greve ap\u00f3s proposta da Administra\u00e7\u00e3o - Portal Tela Portugal","robots":{"index":"index","follow":"follow","max-snippet":"max-snippet:-1","max-image-preview":"max-image-preview:large","max-video-preview":"max-video-preview:-1"},"og_locale":"pt_PT","og_type":"article","og_title":"Trabalhadores da RTP avan\u00e7am para greve ap\u00f3s proposta da Administra\u00e7\u00e3o - Portal Tela Portugal","og_description":"Os trabalhadores da RTP decidiram avan\u00e7ar para greve, incluindo trabalho normal, suplementar e em feriados, em resposta \u00e0 proposta de corte salarial da Administra\u00e7\u00e3o. A decis\u00e3o foi tomada em plen\u00e1rio, por unanimidade e aclama\u00e7\u00e3o, conforme comunicado conjunto dos sindicatos. Foi anunciada a decis\u00e3o de retirar confian\u00e7a ao Conselho de Administra\u00e7\u00e3o da empresa. A posi\u00e7\u00e3o dos trabalhadores surge na sequ\u00eancia da proposta de redu\u00e7\u00e3o salarial apresentada pela Administra\u00e7\u00e3o.","og_url":"https:\/\/portaltela.pt\/noticias\/2026\/03\/27\/trabalhadores-da-rtp-avancam-para-greve-apos-proposta-da-administracao\/","og_site_name":"Portal Tela Portugal","article_published_time":"2026-03-27T19:59:28+00:00","author":"Telinha","twitter_card":"summary_large_image","twitter_misc":{"Escrito por":"Telinha","Tempo estimado de leitura":"1 minuto"},"schema":{"@context":"https:\/\/schema.org","@graph":[{"@type":"Article","@id":"https:\/\/portaltela.pt\/noticias\/2026\/03\/27\/trabalhadores-da-rtp-avancam-para-greve-apos-proposta-da-administracao\/#article","isPartOf":{"@id":"https:\/\/portaltela.pt\/noticias\/2026\/03\/27\/trabalhadores-da-rtp-avancam-para-greve-apos-proposta-da-administracao\/"},"author":{"name":"Telinha","@id":"https:\/\/portaltela.pt\/#\/schema\/person\/c4278d4a6028830caff9ee44b42d32ed"},"headline":"Trabalhadores da RTP avan\u00e7am para greve ap\u00f3s proposta da Administra\u00e7\u00e3o","datePublished":"2026-03-27T19:59:28+00:00","mainEntityOfPage":{"@id":"https:\/\/portaltela.pt\/noticias\/2026\/03\/27\/trabalhadores-da-rtp-avancam-para-greve-apos-proposta-da-administracao\/"},"wordCount":194,"image":{"@id":"https:\/\/portaltela.pt\/noticias\/2026\/03\/27\/trabalhadores-da-rtp-avancam-para-greve-apos-proposta-da-administracao\/#primaryimage"},"thumbnailUrl":"https:\/\/portaltela.pt\/s.01k8rhncp4jt1\/2026\/03\/img_1500x1000uu2024-06-05-22-11-12-1673565.jpg","keywords":["greve","RTP Not\u00edcias","servi\u00e7os p\u00fablicos","sindicatos","trabalhadores","trabalho"],"articleSection":["Economia","Sociedade"],"inLanguage":"pt-PT"},{"@type":"WebPage","@id":"https:\/\/portaltela.pt\/noticias\/2026\/03\/27\/trabalhadores-da-rtp-avancam-para-greve-apos-proposta-da-administracao\/","url":"https:\/\/portaltela.pt\/noticias\/2026\/03\/27\/trabalhadores-da-rtp-avancam-para-greve-apos-proposta-da-administracao\/","name":"Trabalhadores da RTP avan\u00e7am para greve ap\u00f3s proposta da Administra\u00e7\u00e3o - Portal Tela Portugal","isPartOf":{"@id":"https:\/\/portaltela.pt\/#website"},"primaryImageOfPage":{"@id":"https:\/\/portaltela.pt\/noticias\/2026\/03\/27\/trabalhadores-da-rtp-avancam-para-greve-apos-proposta-da-administracao\/#primaryimage"},"image":{"@id":"https:\/\/portaltela.pt\/noticias\/2026\/03\/27\/trabalhadores-da-rtp-avancam-para-greve-apos-proposta-da-administracao\/#primaryimage"},"thumbnailUrl":"https:\/\/portaltela.pt\/s.01k8rhncp4jt1\/2026\/03\/img_1500x1000uu2024-06-05-22-11-12-1673565.jpg","datePublished":"2026-03-27T19:59:28+00:00","author":{"@id":"https:\/\/portaltela.pt\/#\/schema\/person\/c4278d4a6028830caff9ee44b42d32ed"},"breadcrumb":{"@id":"https:\/\/portaltela.pt\/noticias\/2026\/03\/27\/trabalhadores-da-rtp-avancam-para-greve-apos-proposta-da-administracao\/#breadcrumb"},"inLanguage":"pt-PT","potentialAction":[{"@type":"ReadAction","target":["https:\/\/portaltela.pt\/noticias\/2026\/03\/27\/trabalhadores-da-rtp-avancam-para-greve-apos-proposta-da-administracao\/"]}]},{"@type":"ImageObject","inLanguage":"pt-PT","@id":"https:\/\/portaltela.pt\/noticias\/2026\/03\/27\/trabalhadores-da-rtp-avancam-para-greve-apos-proposta-da-administracao\/#primaryimage","url":"https:\/\/portaltela.pt\/s.01k8rhncp4jt1\/2026\/03\/img_1500x1000uu2024-06-05-22-11-12-1673565.jpg","contentUrl":"https:\/\/portaltela.pt\/s.01k8rhncp4jt1\/2026\/03\/img_1500x1000uu2024-06-05-22-11-12-1673565.jpg","width":796,"height":448,"caption":"RTP"},{"@type":"BreadcrumbList","@id":"https:\/\/portaltela.pt\/noticias\/2026\/03\/27\/trabalhadores-da-rtp-avancam-para-greve-apos-proposta-da-administracao\/#breadcrumb","itemListElement":[{"@type":"ListItem","position":1,"name":"In\u00edcio","item":"https:\/\/portaltela.pt\/"},{"@type":"ListItem","position":2,"name":"Trabalhadores da RTP avan\u00e7am para greve ap\u00f3s proposta da Administra\u00e7\u00e3o"}]},{"@type":"WebSite","@id":"https:\/\/portaltela.pt\/#website","url":"https:\/\/portaltela.pt\/","name":"Portal Tela Portugal","description":"","potentialAction":[{"@type":"SearchAction","target":{"@type":"EntryPoint","urlTemplate":"https:\/\/portaltela.pt\/?s={search_term_string}"},"query-input":{"@type":"PropertyValueSpecification","valueRequired":true,"valueName":"search_term_string"}}],"inLanguage":"pt-PT"},{"@type":"Person","@id":"https:\/\/portaltela.pt\/#\/schema\/person\/c4278d4a6028830caff9ee44b42d32ed","name":"Telinha","image":{"@type":"ImageObject","inLanguage":"pt-PT","@id":"https:\/\/portaltela.pt\/s.01k8rhncp4jt1\/2025\/11\/talking-bot-125x125.png","url":"https:\/\/portaltela.pt\/s.01k8rhncp4jt1\/2025\/11\/talking-bot-125x125.png","contentUrl":"https:\/\/portaltela.pt\/s.01k8rhncp4jt1\/2025\/11\/talking-bot-125x125.png","caption":"Telinha"},"sameAs":["https:\/\/portaltela.pt\/"],"url":"https:\/\/portaltela.pt\/por\/367410592786\/"}]}},"_links":{"self":[{"href":"https:\/\/portaltela.pt\/api\/wp\/v2\/posts\/424324","targetHints":{"allow":["GET"]}}],"collection":[{"href":"https:\/\/portaltela.pt\/api\/wp\/v2\/posts"}],"about":[{"href":"https:\/\/portaltela.pt\/api\/wp\/v2\/types\/post"}],"author":[{"embeddable":true,"href":"https:\/\/portaltela.pt\/api\/wp\/v2\/users\/2"}],"replies":[{"embeddable":true,"href":"https:\/\/portaltela.pt\/api\/wp\/v2\/comments?post=424324"}],"version-history":[{"count":0,"href":"https:\/\/portaltela.pt\/api\/wp\/v2\/posts\/424324\/revisions"}],"wp:featuredmedia":[{"embeddable":true,"href":"https:\/\/portaltela.pt\/api\/wp\/v2\/media\/424328"}],"wp:attachment":[{"href":"https:\/\/portaltela.pt\/api\/wp\/v2\/media?parent=424324"}],"wp:term":[{"taxonomy":"category","embeddable":true,"href":"https:\/\/portaltela.pt\/api\/wp\/v2\/categories?post=424324"},{"taxonomy":"post_tag","embeddable":true,"href":"https:\/\/portaltela.pt\/api\/wp\/v2\/tags?post=424324"}],"curies":[{"name":"wp","href":"https:\/\/api.w.org\/{rel}","templated":true}]}}