{"id":424322,"date":"2026-03-27T16:55:41","date_gmt":"2026-03-27T19:55:41","guid":{"rendered":"https:\/\/portaltela.pt\/noticias\/2026\/03\/27\/zenica-italia-aguarda-cenario-adverso\/"},"modified":"2026-03-27T16:55:41","modified_gmt":"2026-03-27T19:55:41","slug":"zenica-italia-aguarda-cenario-adverso","status":"publish","type":"post","link":"https:\/\/portaltela.pt\/desporto\/futebol\/2026\/03\/27\/zenica-italia-aguarda-cenario-adverso\/","title":{"rendered":"Zenica: It\u00e1lia aguarda cen\u00e1rio adverso"},"content":{"rendered":"<p>A It\u00e1lia enfrenta a final do playoff de apuramento para o Mundial, contra a B\u00f3snia, em Zenica. O jogo est\u00e1 marcado para ter\u00e7a-feira, no que pode significar o regresso da sele\u00e7\u00e3o azzurra a uma fase final depois das aus\u00eancias em 2018 e 2022.<\/p>\n<p>Zenica \u00e9 descrita como uma cidade industrial, situada a cerca de 70 km de Sarajevo. A equipa italiana pode conquistar a vaga na pr\u00f3xima fase do torneio, mantendo-se no caminho para disputar o Mundial.<\/p>\n<p>Envolvem-se o selecionado italiano e a B\u00f3snia\u2011Herzegovina, com a partida a decidir quem avan\u00e7a. A B\u00f3snia chega ao encontro com o apoio local, enquanto a It\u00e1lia busca manter o sonho de regressar a um Mundial.<\/p>\n<h3>Contexto da luta pela qualifica\u00e7\u00e3o<\/h3>\n<p>A vit\u00f3ria na visita a Zenica permite \u00e0 It\u00e1lia manter-se em prova para o Mundial, ap\u00f3s per\u00edodos sem presen\u00e7a nas fases finais. O desfecho depende do desempenho em campo na noite de ter\u00e7a-feira.<\/p>\n","protected":false},"excerpt":{"rendered":"<ul>\n<li>A B\u00f3snia recebe a It\u00e1lia na final do playoff de apuramento para o Mundial, em Zenica.<\/li>\n<li>Zenica \u00e9 descrita como cidade cinzenta e industrial, a cerca de 70 quil\u00f3metros de Sarajevo.<\/li>\n<li>Vencer pode significar o regresso da It\u00e1lia \u00e0 fase final do Mundial, ap\u00f3s aus\u00eancias em 2018 e 2022.<\/li>\n<li>A decis\u00e3o ocorre na ter\u00e7a-feira.<\/li>\n<\/ul>\n","protected":false},"author":2,"featured_media":424327,"comment_status":"closed","ping_status":"closed","sticky":false,"template":"","format":"standard","meta":{"footnotes":""},"categories":[21,24],"tags":[1544,32,1857,2057,3212,4540],"class_list":["post-424322","post","type-post","status-publish","format-standard","has-post-thumbnail","hentry","category-desporto","category-futebol","tag-bosnia-herzegovina","tag-futebol","tag-italia","tag-selecao-nacional","tag-selecoes-internacionais","tag-taca-do-mundo"],"yoast_head":"<!-- This site is optimized with the Yoast SEO plugin v27.2 - https:\/\/yoast.com\/product\/yoast-seo-wordpress\/ -->\n<title>Zenica: It\u00e1lia aguarda cen\u00e1rio adverso - Portal Tela Portugal<\/title>\n<meta name=\"robots\" content=\"index, follow, max-snippet:-1, max-image-preview:large, max-video-preview:-1\" \/>\n<meta property=\"og:locale\" content=\"pt_PT\" \/>\n<meta property=\"og:type\" content=\"article\" \/>\n<meta property=\"og:title\" content=\"Zenica: It\u00e1lia aguarda cen\u00e1rio adverso - Portal Tela Portugal\" \/>\n<meta property=\"og:description\" content=\"A B\u00f3snia recebe a It\u00e1lia na final do playoff de apuramento para o Mundial, em Zenica. Zenica \u00e9 descrita como cidade cinzenta e industrial, a cerca de 70 quil\u00f3metros de Sarajevo. Vencer pode significar o regresso da It\u00e1lia \u00e0 fase final do Mundial, ap\u00f3s aus\u00eancias em 2018 e 2022. A decis\u00e3o ocorre na ter\u00e7a-feira.\" \/>\n<meta property=\"og:url\" content=\"https:\/\/portaltela.pt\/noticias\/2026\/03\/27\/zenica-italia-aguarda-cenario-adverso\/\" \/>\n<meta property=\"og:site_name\" content=\"Portal Tela Portugal\" \/>\n<meta property=\"article:published_time\" content=\"2026-03-27T19:55:41+00:00\" \/>\n<meta name=\"author\" content=\"Telinha\" \/>\n<meta name=\"twitter:card\" content=\"summary_large_image\" \/>\n<meta name=\"twitter:label1\" content=\"Escrito por\" \/>\n\t<meta name=\"twitter:data1\" content=\"Telinha\" \/>\n\t<meta name=\"twitter:label2\" content=\"Tempo estimado de leitura\" \/>\n\t<meta name=\"twitter:data2\" content=\"1 minuto\" \/>\n<script type=\"application\/ld+json\" class=\"yoast-schema-graph\">{\"@context\":\"https:\/\/schema.org\",\"@graph\":[{\"@type\":\"Article\",\"@id\":\"https:\/\/portaltela.pt\/noticias\/2026\/03\/27\/zenica-italia-aguarda-cenario-adverso\/#article\",\"isPartOf\":{\"@id\":\"https:\/\/portaltela.pt\/noticias\/2026\/03\/27\/zenica-italia-aguarda-cenario-adverso\/\"},\"author\":{\"name\":\"Telinha\",\"@id\":\"https:\/\/portaltela.pt\/#\/schema\/person\/c4278d4a6028830caff9ee44b42d32ed\"},\"headline\":\"Zenica: It\u00e1lia aguarda cen\u00e1rio adverso\",\"datePublished\":\"2026-03-27T19:55:41+00:00\",\"mainEntityOfPage\":{\"@id\":\"https:\/\/portaltela.pt\/noticias\/2026\/03\/27\/zenica-italia-aguarda-cenario-adverso\/\"},\"wordCount\":170,\"image\":{\"@id\":\"https:\/\/portaltela.pt\/noticias\/2026\/03\/27\/zenica-italia-aguarda-cenario-adverso\/#primaryimage\"},\"thumbnailUrl\":\"https:\/\/portaltela.pt\/s.01k8rhncp4jt1\/2026\/03\/img_920x518uu2026-03-26-22-36-29-2429601.jpg\",\"keywords\":[\"B\u00f3snia-Herzeg\u00f3vina\",\"futebol\",\"It\u00e1lia\",\"Sele\u00e7\u00e3o Nacional\",\"sele\u00e7\u00f5es internacionais\",\"Ta\u00e7a do Mundo\"],\"articleSection\":[\"Desporto\",\"Futebol\"],\"inLanguage\":\"pt-PT\"},{\"@type\":\"WebPage\",\"@id\":\"https:\/\/portaltela.pt\/noticias\/2026\/03\/27\/zenica-italia-aguarda-cenario-adverso\/\",\"url\":\"https:\/\/portaltela.pt\/noticias\/2026\/03\/27\/zenica-italia-aguarda-cenario-adverso\/\",\"name\":\"Zenica: It\u00e1lia aguarda cen\u00e1rio adverso - Portal Tela Portugal\",\"isPartOf\":{\"@id\":\"https:\/\/portaltela.pt\/#website\"},\"primaryImageOfPage\":{\"@id\":\"https:\/\/portaltela.pt\/noticias\/2026\/03\/27\/zenica-italia-aguarda-cenario-adverso\/#primaryimage\"},\"image\":{\"@id\":\"https:\/\/portaltela.pt\/noticias\/2026\/03\/27\/zenica-italia-aguarda-cenario-adverso\/#primaryimage\"},\"thumbnailUrl\":\"https:\/\/portaltela.pt\/s.01k8rhncp4jt1\/2026\/03\/img_920x518uu2026-03-26-22-36-29-2429601.jpg\",\"datePublished\":\"2026-03-27T19:55:41+00:00\",\"author\":{\"@id\":\"https:\/\/portaltela.pt\/#\/schema\/person\/c4278d4a6028830caff9ee44b42d32ed\"},\"breadcrumb\":{\"@id\":\"https:\/\/portaltela.pt\/noticias\/2026\/03\/27\/zenica-italia-aguarda-cenario-adverso\/#breadcrumb\"},\"inLanguage\":\"pt-PT\",\"potentialAction\":[{\"@type\":\"ReadAction\",\"target\":[\"https:\/\/portaltela.pt\/noticias\/2026\/03\/27\/zenica-italia-aguarda-cenario-adverso\/\"]}]},{\"@type\":\"ImageObject\",\"inLanguage\":\"pt-PT\",\"@id\":\"https:\/\/portaltela.pt\/noticias\/2026\/03\/27\/zenica-italia-aguarda-cenario-adverso\/#primaryimage\",\"url\":\"https:\/\/portaltela.pt\/s.01k8rhncp4jt1\/2026\/03\/img_920x518uu2026-03-26-22-36-29-2429601.jpg\",\"contentUrl\":\"https:\/\/portaltela.pt\/s.01k8rhncp4jt1\/2026\/03\/img_920x518uu2026-03-26-22-36-29-2429601.jpg\",\"width\":920,\"height\":518,\"caption\":\"Dzeko celebra pela B\u00f3snia frente a Gales\"},{\"@type\":\"BreadcrumbList\",\"@id\":\"https:\/\/portaltela.pt\/noticias\/2026\/03\/27\/zenica-italia-aguarda-cenario-adverso\/#breadcrumb\",\"itemListElement\":[{\"@type\":\"ListItem\",\"position\":1,\"name\":\"In\u00edcio\",\"item\":\"https:\/\/portaltela.pt\/\"},{\"@type\":\"ListItem\",\"position\":2,\"name\":\"Zenica: It\u00e1lia aguarda cen\u00e1rio adverso\"}]},{\"@type\":\"WebSite\",\"@id\":\"https:\/\/portaltela.pt\/#website\",\"url\":\"https:\/\/portaltela.pt\/\",\"name\":\"Portal Tela Portugal\",\"description\":\"\",\"potentialAction\":[{\"@type\":\"SearchAction\",\"target\":{\"@type\":\"EntryPoint\",\"urlTemplate\":\"https:\/\/portaltela.pt\/?s={search_term_string}\"},\"query-input\":{\"@type\":\"PropertyValueSpecification\",\"valueRequired\":true,\"valueName\":\"search_term_string\"}}],\"inLanguage\":\"pt-PT\"},{\"@type\":\"Person\",\"@id\":\"https:\/\/portaltela.pt\/#\/schema\/person\/c4278d4a6028830caff9ee44b42d32ed\",\"name\":\"Telinha\",\"image\":{\"@type\":\"ImageObject\",\"inLanguage\":\"pt-PT\",\"@id\":\"https:\/\/portaltela.pt\/s.01k8rhncp4jt1\/2025\/11\/talking-bot-125x125.png\",\"url\":\"https:\/\/portaltela.pt\/s.01k8rhncp4jt1\/2025\/11\/talking-bot-125x125.png\",\"contentUrl\":\"https:\/\/portaltela.pt\/s.01k8rhncp4jt1\/2025\/11\/talking-bot-125x125.png\",\"caption\":\"Telinha\"},\"sameAs\":[\"https:\/\/portaltela.pt\/\"],\"url\":\"https:\/\/portaltela.pt\/por\/367410592786\/\"}]}<\/script>\n<!-- \/ Yoast SEO plugin. -->","yoast_head_json":{"title":"Zenica: It\u00e1lia aguarda cen\u00e1rio adverso - Portal Tela Portugal","robots":{"index":"index","follow":"follow","max-snippet":"max-snippet:-1","max-image-preview":"max-image-preview:large","max-video-preview":"max-video-preview:-1"},"og_locale":"pt_PT","og_type":"article","og_title":"Zenica: It\u00e1lia aguarda cen\u00e1rio adverso - Portal Tela Portugal","og_description":"A B\u00f3snia recebe a It\u00e1lia na final do playoff de apuramento para o Mundial, em Zenica. Zenica \u00e9 descrita como cidade cinzenta e industrial, a cerca de 70 quil\u00f3metros de Sarajevo. Vencer pode significar o regresso da It\u00e1lia \u00e0 fase final do Mundial, ap\u00f3s aus\u00eancias em 2018 e 2022. A decis\u00e3o ocorre na ter\u00e7a-feira.","og_url":"https:\/\/portaltela.pt\/noticias\/2026\/03\/27\/zenica-italia-aguarda-cenario-adverso\/","og_site_name":"Portal Tela Portugal","article_published_time":"2026-03-27T19:55:41+00:00","author":"Telinha","twitter_card":"summary_large_image","twitter_misc":{"Escrito por":"Telinha","Tempo estimado de leitura":"1 minuto"},"schema":{"@context":"https:\/\/schema.org","@graph":[{"@type":"Article","@id":"https:\/\/portaltela.pt\/noticias\/2026\/03\/27\/zenica-italia-aguarda-cenario-adverso\/#article","isPartOf":{"@id":"https:\/\/portaltela.pt\/noticias\/2026\/03\/27\/zenica-italia-aguarda-cenario-adverso\/"},"author":{"name":"Telinha","@id":"https:\/\/portaltela.pt\/#\/schema\/person\/c4278d4a6028830caff9ee44b42d32ed"},"headline":"Zenica: It\u00e1lia aguarda cen\u00e1rio adverso","datePublished":"2026-03-27T19:55:41+00:00","mainEntityOfPage":{"@id":"https:\/\/portaltela.pt\/noticias\/2026\/03\/27\/zenica-italia-aguarda-cenario-adverso\/"},"wordCount":170,"image":{"@id":"https:\/\/portaltela.pt\/noticias\/2026\/03\/27\/zenica-italia-aguarda-cenario-adverso\/#primaryimage"},"thumbnailUrl":"https:\/\/portaltela.pt\/s.01k8rhncp4jt1\/2026\/03\/img_920x518uu2026-03-26-22-36-29-2429601.jpg","keywords":["B\u00f3snia-Herzeg\u00f3vina","futebol","It\u00e1lia","Sele\u00e7\u00e3o Nacional","sele\u00e7\u00f5es internacionais","Ta\u00e7a do Mundo"],"articleSection":["Desporto","Futebol"],"inLanguage":"pt-PT"},{"@type":"WebPage","@id":"https:\/\/portaltela.pt\/noticias\/2026\/03\/27\/zenica-italia-aguarda-cenario-adverso\/","url":"https:\/\/portaltela.pt\/noticias\/2026\/03\/27\/zenica-italia-aguarda-cenario-adverso\/","name":"Zenica: It\u00e1lia aguarda cen\u00e1rio adverso - Portal Tela Portugal","isPartOf":{"@id":"https:\/\/portaltela.pt\/#website"},"primaryImageOfPage":{"@id":"https:\/\/portaltela.pt\/noticias\/2026\/03\/27\/zenica-italia-aguarda-cenario-adverso\/#primaryimage"},"image":{"@id":"https:\/\/portaltela.pt\/noticias\/2026\/03\/27\/zenica-italia-aguarda-cenario-adverso\/#primaryimage"},"thumbnailUrl":"https:\/\/portaltela.pt\/s.01k8rhncp4jt1\/2026\/03\/img_920x518uu2026-03-26-22-36-29-2429601.jpg","datePublished":"2026-03-27T19:55:41+00:00","author":{"@id":"https:\/\/portaltela.pt\/#\/schema\/person\/c4278d4a6028830caff9ee44b42d32ed"},"breadcrumb":{"@id":"https:\/\/portaltela.pt\/noticias\/2026\/03\/27\/zenica-italia-aguarda-cenario-adverso\/#breadcrumb"},"inLanguage":"pt-PT","potentialAction":[{"@type":"ReadAction","target":["https:\/\/portaltela.pt\/noticias\/2026\/03\/27\/zenica-italia-aguarda-cenario-adverso\/"]}]},{"@type":"ImageObject","inLanguage":"pt-PT","@id":"https:\/\/portaltela.pt\/noticias\/2026\/03\/27\/zenica-italia-aguarda-cenario-adverso\/#primaryimage","url":"https:\/\/portaltela.pt\/s.01k8rhncp4jt1\/2026\/03\/img_920x518uu2026-03-26-22-36-29-2429601.jpg","contentUrl":"https:\/\/portaltela.pt\/s.01k8rhncp4jt1\/2026\/03\/img_920x518uu2026-03-26-22-36-29-2429601.jpg","width":920,"height":518,"caption":"Dzeko celebra pela B\u00f3snia frente a Gales"},{"@type":"BreadcrumbList","@id":"https:\/\/portaltela.pt\/noticias\/2026\/03\/27\/zenica-italia-aguarda-cenario-adverso\/#breadcrumb","itemListElement":[{"@type":"ListItem","position":1,"name":"In\u00edcio","item":"https:\/\/portaltela.pt\/"},{"@type":"ListItem","position":2,"name":"Zenica: It\u00e1lia aguarda cen\u00e1rio adverso"}]},{"@type":"WebSite","@id":"https:\/\/portaltela.pt\/#website","url":"https:\/\/portaltela.pt\/","name":"Portal Tela Portugal","description":"","potentialAction":[{"@type":"SearchAction","target":{"@type":"EntryPoint","urlTemplate":"https:\/\/portaltela.pt\/?s={search_term_string}"},"query-input":{"@type":"PropertyValueSpecification","valueRequired":true,"valueName":"search_term_string"}}],"inLanguage":"pt-PT"},{"@type":"Person","@id":"https:\/\/portaltela.pt\/#\/schema\/person\/c4278d4a6028830caff9ee44b42d32ed","name":"Telinha","image":{"@type":"ImageObject","inLanguage":"pt-PT","@id":"https:\/\/portaltela.pt\/s.01k8rhncp4jt1\/2025\/11\/talking-bot-125x125.png","url":"https:\/\/portaltela.pt\/s.01k8rhncp4jt1\/2025\/11\/talking-bot-125x125.png","contentUrl":"https:\/\/portaltela.pt\/s.01k8rhncp4jt1\/2025\/11\/talking-bot-125x125.png","caption":"Telinha"},"sameAs":["https:\/\/portaltela.pt\/"],"url":"https:\/\/portaltela.pt\/por\/367410592786\/"}]}},"_links":{"self":[{"href":"https:\/\/portaltela.pt\/api\/wp\/v2\/posts\/424322","targetHints":{"allow":["GET"]}}],"collection":[{"href":"https:\/\/portaltela.pt\/api\/wp\/v2\/posts"}],"about":[{"href":"https:\/\/portaltela.pt\/api\/wp\/v2\/types\/post"}],"author":[{"embeddable":true,"href":"https:\/\/portaltela.pt\/api\/wp\/v2\/users\/2"}],"replies":[{"embeddable":true,"href":"https:\/\/portaltela.pt\/api\/wp\/v2\/comments?post=424322"}],"version-history":[{"count":0,"href":"https:\/\/portaltela.pt\/api\/wp\/v2\/posts\/424322\/revisions"}],"wp:featuredmedia":[{"embeddable":true,"href":"https:\/\/portaltela.pt\/api\/wp\/v2\/media\/424327"}],"wp:attachment":[{"href":"https:\/\/portaltela.pt\/api\/wp\/v2\/media?parent=424322"}],"wp:term":[{"taxonomy":"category","embeddable":true,"href":"https:\/\/portaltela.pt\/api\/wp\/v2\/categories?post=424322"},{"taxonomy":"post_tag","embeddable":true,"href":"https:\/\/portaltela.pt\/api\/wp\/v2\/tags?post=424322"}],"curies":[{"name":"wp","href":"https:\/\/api.w.org\/{rel}","templated":true}]}}