{"id":424321,"date":"2026-03-27T16:53:00","date_gmt":"2026-03-27T19:53:00","guid":{"rendered":"https:\/\/portaltela.pt\/noticias\/2026\/03\/27\/alvaro-santos-pereira-explica-reforma-de-centeno-no-parlamento-em-1-de-abril\/"},"modified":"2026-03-27T16:53:00","modified_gmt":"2026-03-27T19:53:00","slug":"alvaro-santos-pereira-explica-reforma-de-centeno-no-parlamento-em-1-de-abril","status":"publish","type":"post","link":"https:\/\/portaltela.pt\/noticias\/economia\/2026\/03\/27\/alvaro-santos-pereira-explica-reforma-de-centeno-no-parlamento-em-1-de-abril\/","title":{"rendered":"\u00c1lvaro Santos Pereira explica reforma de Centeno no Parlamento em 1 de abril"},"content":{"rendered":"<p>\u00c1lvaro Santos Pereira vai ser ouvido no Parlamento na Comiss\u00e3o de Or\u00e7amento, Finan\u00e7as e Administra\u00e7\u00e3o P\u00fablica, para esclarecer as regras dos acordos de reforma dos dirigentes do BdP, a regula\u00e7\u00e3o dos intermedi\u00e1rios de cr\u00e9dito e o processo conhecido como cartel da banca.<\/p>\n<p>A audi\u00eancia ocorre no dia 1 de abril, no Parlamento, e visa esclarecer o enquadramento regulat\u00f3rio desses temas junto dos Deputados, na perspetiva de fiscaliza\u00e7\u00e3o.<\/p>\n<p>A convocat\u00f3ria explica que o objetivo \u00e9 apresentar detalhes sobre as regras que regem as reformas dos dirigentes do Banco de Portugal, bem como a supervis\u00e3o dos intermedi\u00e1rios de cr\u00e9dito em Portugal e o referido processo de cartel da banca.<\/p>\n<h3>Reforma de Centeno<\/h3>\n<p>O requerimento da discuss\u00e3o sobre a reforma antecipada de M\u00e1rio Centeno foi apresentado pelo Chega e aprovado por unanimidade pela bancada do Chega, PSD e PS na mesma comiss\u00e3o.<\/p>\n<p>Centeno, aos 59 anos, dever\u00e1 receber perto de 10 mil euros mensais, pagos pelo fundo de pens\u00f5es do BdP, embora haja d\u00favidas sobre o c\u00e1lculo dos rendimentos obitidos com a reforma.<\/p>\n<p>\u00c1lvaro Santos Pereira j\u00e1 afirmou que o acordo de reforma com Centeno permitir\u00e1 ao BdP poupar cerca de 2,2 milh\u00f5es de euros, com base nos valores hipoteticamente devidos ao dirigente caso permanecesse ligado \u00e0 institui\u00e7\u00e3o.<\/p>\n","protected":false},"excerpt":{"rendered":"<ul>\n<li>\u00c1lvaro Santos Pereira vai ser ouvido na Comiss\u00e3o de Or\u00e7amento, Finan\u00e7as e Administra\u00e7\u00e3o P\u00fablica do Parlamento sobre as regras que regulam os acordos de reforma para dirigentes do Banco de Portugal, a regula\u00e7\u00e3o do setor de intermedi\u00e1rios de cr\u00e9dito e o processo \u201ccartel da banca\u201d.<\/li>\n<li>O tema inclui a reforma antecipada de M\u00e1rio Centeno, requerimento apresentado pelo Chega e aprovado por unanimidade por Chega, PSD e PS.<\/li>\n<li>Centeno, aos 59 anos, dever\u00e1 receber cerca de 10 mil euros por m\u00eas, pagos pelo fundo de pens\u00f5es do BdP; surgem d\u00favidas sobre a forma de c\u00e1lculo, nomeadamente referente \u00e0 idade e aos anos de descontos.<\/li>\n<li>\u00c1lvaro Santos Pereira j\u00e1 disse que o banco vai poupar 2,2 milh\u00f5es de euros com o acordo de reforma de Centeno.<\/li>\n<\/ul>\n","protected":false},"author":2,"featured_media":424326,"comment_status":"closed","ping_status":"closed","sticky":false,"template":"","format":"standard","meta":{"footnotes":""},"categories":[2,6735],"tags":[6115,4365,2584,5482,36],"class_list":["post-424321","post","type-post","status-publish","format-standard","has-post-thumbnail","hentry","category-economia","category-negocios","tag-_economia","tag-banco-de-portugal","tag-financas","tag-intermediarios-de-credito","tag-reforma"],"yoast_head":"<!-- This site is optimized with the Yoast SEO plugin v27.2 - https:\/\/yoast.com\/product\/yoast-seo-wordpress\/ -->\n<title>\u00c1lvaro Santos Pereira explica reforma de Centeno no Parlamento em 1 de abril - Portal Tela Portugal<\/title>\n<meta name=\"robots\" content=\"index, follow, max-snippet:-1, max-image-preview:large, max-video-preview:-1\" \/>\n<meta property=\"og:locale\" content=\"pt_PT\" \/>\n<meta property=\"og:type\" content=\"article\" \/>\n<meta property=\"og:title\" content=\"\u00c1lvaro Santos Pereira explica reforma de Centeno no Parlamento em 1 de abril - Portal Tela Portugal\" \/>\n<meta property=\"og:description\" content=\"\u00c1lvaro Santos Pereira vai ser ouvido na Comiss\u00e3o de Or\u00e7amento, Finan\u00e7as e Administra\u00e7\u00e3o P\u00fablica do Parlamento sobre as regras que regulam os acordos de reforma para dirigentes do Banco de Portugal, a regula\u00e7\u00e3o do setor de intermedi\u00e1rios de cr\u00e9dito e o processo \u201ccartel da banca\u201d. O tema inclui a reforma antecipada de M\u00e1rio Centeno, requerimento apresentado pelo Chega e aprovado por unanimidade por Chega, PSD e PS. Centeno, aos 59 anos, dever\u00e1 receber cerca de 10 mil euros por m\u00eas, pagos pelo fundo de pens\u00f5es do BdP; surgem d\u00favidas sobre a forma de c\u00e1lculo, nomeadamente referente \u00e0 idade e aos anos de descontos. \u00c1lvaro Santos Pereira j\u00e1 disse que o banco vai poupar 2,2 milh\u00f5es de euros com o acordo de reforma de Centeno.\" \/>\n<meta property=\"og:url\" content=\"https:\/\/portaltela.pt\/noticias\/2026\/03\/27\/alvaro-santos-pereira-explica-reforma-de-centeno-no-parlamento-em-1-de-abril\/\" \/>\n<meta property=\"og:site_name\" content=\"Portal Tela Portugal\" \/>\n<meta property=\"article:published_time\" content=\"2026-03-27T19:53:00+00:00\" \/>\n<meta name=\"author\" content=\"Telinha\" \/>\n<meta name=\"twitter:card\" content=\"summary_large_image\" \/>\n<meta name=\"twitter:label1\" content=\"Escrito por\" \/>\n\t<meta name=\"twitter:data1\" content=\"Telinha\" \/>\n\t<meta name=\"twitter:label2\" content=\"Tempo estimado de leitura\" \/>\n\t<meta name=\"twitter:data2\" content=\"1 minuto\" \/>\n<script type=\"application\/ld+json\" class=\"yoast-schema-graph\">{\"@context\":\"https:\/\/schema.org\",\"@graph\":[{\"@type\":\"Article\",\"@id\":\"https:\/\/portaltela.pt\/noticias\/2026\/03\/27\/alvaro-santos-pereira-explica-reforma-de-centeno-no-parlamento-em-1-de-abril\/#article\",\"isPartOf\":{\"@id\":\"https:\/\/portaltela.pt\/noticias\/2026\/03\/27\/alvaro-santos-pereira-explica-reforma-de-centeno-no-parlamento-em-1-de-abril\/\"},\"author\":{\"name\":\"Telinha\",\"@id\":\"https:\/\/portaltela.pt\/#\/schema\/person\/c4278d4a6028830caff9ee44b42d32ed\"},\"headline\":\"\u00c1lvaro Santos Pereira explica reforma de Centeno no Parlamento em 1 de abril\",\"datePublished\":\"2026-03-27T19:53:00+00:00\",\"mainEntityOfPage\":{\"@id\":\"https:\/\/portaltela.pt\/noticias\/2026\/03\/27\/alvaro-santos-pereira-explica-reforma-de-centeno-no-parlamento-em-1-de-abril\/\"},\"wordCount\":234,\"image\":{\"@id\":\"https:\/\/portaltela.pt\/noticias\/2026\/03\/27\/alvaro-santos-pereira-explica-reforma-de-centeno-no-parlamento-em-1-de-abril\/#primaryimage\"},\"thumbnailUrl\":\"https:\/\/portaltela.pt\/s.01k8rhncp4jt1\/2026\/03\/image-1632.jpg\",\"keywords\":[\"_economia\",\"Banco de Portugal\",\"finan\u00e7as\",\"Intermedi\u00e1rios de Cr\u00e9dito\",\"reforma\"],\"articleSection\":[\"Economia\",\"Neg\u00f3cios\"],\"inLanguage\":\"pt-PT\"},{\"@type\":\"WebPage\",\"@id\":\"https:\/\/portaltela.pt\/noticias\/2026\/03\/27\/alvaro-santos-pereira-explica-reforma-de-centeno-no-parlamento-em-1-de-abril\/\",\"url\":\"https:\/\/portaltela.pt\/noticias\/2026\/03\/27\/alvaro-santos-pereira-explica-reforma-de-centeno-no-parlamento-em-1-de-abril\/\",\"name\":\"\u00c1lvaro Santos Pereira explica reforma de Centeno no Parlamento em 1 de abril - Portal Tela Portugal\",\"isPartOf\":{\"@id\":\"https:\/\/portaltela.pt\/#website\"},\"primaryImageOfPage\":{\"@id\":\"https:\/\/portaltela.pt\/noticias\/2026\/03\/27\/alvaro-santos-pereira-explica-reforma-de-centeno-no-parlamento-em-1-de-abril\/#primaryimage\"},\"image\":{\"@id\":\"https:\/\/portaltela.pt\/noticias\/2026\/03\/27\/alvaro-santos-pereira-explica-reforma-de-centeno-no-parlamento-em-1-de-abril\/#primaryimage\"},\"thumbnailUrl\":\"https:\/\/portaltela.pt\/s.01k8rhncp4jt1\/2026\/03\/image-1632.jpg\",\"datePublished\":\"2026-03-27T19:53:00+00:00\",\"author\":{\"@id\":\"https:\/\/portaltela.pt\/#\/schema\/person\/c4278d4a6028830caff9ee44b42d32ed\"},\"breadcrumb\":{\"@id\":\"https:\/\/portaltela.pt\/noticias\/2026\/03\/27\/alvaro-santos-pereira-explica-reforma-de-centeno-no-parlamento-em-1-de-abril\/#breadcrumb\"},\"inLanguage\":\"pt-PT\",\"potentialAction\":[{\"@type\":\"ReadAction\",\"target\":[\"https:\/\/portaltela.pt\/noticias\/2026\/03\/27\/alvaro-santos-pereira-explica-reforma-de-centeno-no-parlamento-em-1-de-abril\/\"]}]},{\"@type\":\"ImageObject\",\"inLanguage\":\"pt-PT\",\"@id\":\"https:\/\/portaltela.pt\/noticias\/2026\/03\/27\/alvaro-santos-pereira-explica-reforma-de-centeno-no-parlamento-em-1-de-abril\/#primaryimage\",\"url\":\"https:\/\/portaltela.pt\/s.01k8rhncp4jt1\/2026\/03\/image-1632.jpg\",\"contentUrl\":\"https:\/\/portaltela.pt\/s.01k8rhncp4jt1\/2026\/03\/image-1632.jpg\",\"width\":796,\"height\":448,\"caption\":\"\u00c1lvaro Santos Pereira vai ser ouvido no Parlamento\"},{\"@type\":\"BreadcrumbList\",\"@id\":\"https:\/\/portaltela.pt\/noticias\/2026\/03\/27\/alvaro-santos-pereira-explica-reforma-de-centeno-no-parlamento-em-1-de-abril\/#breadcrumb\",\"itemListElement\":[{\"@type\":\"ListItem\",\"position\":1,\"name\":\"In\u00edcio\",\"item\":\"https:\/\/portaltela.pt\/\"},{\"@type\":\"ListItem\",\"position\":2,\"name\":\"\u00c1lvaro Santos Pereira explica reforma de Centeno no Parlamento em 1 de abril\"}]},{\"@type\":\"WebSite\",\"@id\":\"https:\/\/portaltela.pt\/#website\",\"url\":\"https:\/\/portaltela.pt\/\",\"name\":\"Portal Tela Portugal\",\"description\":\"\",\"potentialAction\":[{\"@type\":\"SearchAction\",\"target\":{\"@type\":\"EntryPoint\",\"urlTemplate\":\"https:\/\/portaltela.pt\/?s={search_term_string}\"},\"query-input\":{\"@type\":\"PropertyValueSpecification\",\"valueRequired\":true,\"valueName\":\"search_term_string\"}}],\"inLanguage\":\"pt-PT\"},{\"@type\":\"Person\",\"@id\":\"https:\/\/portaltela.pt\/#\/schema\/person\/c4278d4a6028830caff9ee44b42d32ed\",\"name\":\"Telinha\",\"image\":{\"@type\":\"ImageObject\",\"inLanguage\":\"pt-PT\",\"@id\":\"https:\/\/portaltela.pt\/s.01k8rhncp4jt1\/2025\/11\/talking-bot-125x125.png\",\"url\":\"https:\/\/portaltela.pt\/s.01k8rhncp4jt1\/2025\/11\/talking-bot-125x125.png\",\"contentUrl\":\"https:\/\/portaltela.pt\/s.01k8rhncp4jt1\/2025\/11\/talking-bot-125x125.png\",\"caption\":\"Telinha\"},\"sameAs\":[\"https:\/\/portaltela.pt\/\"],\"url\":\"https:\/\/portaltela.pt\/por\/367410592786\/\"}]}<\/script>\n<!-- \/ Yoast SEO plugin. -->","yoast_head_json":{"title":"\u00c1lvaro Santos Pereira explica reforma de Centeno no Parlamento em 1 de abril - Portal Tela Portugal","robots":{"index":"index","follow":"follow","max-snippet":"max-snippet:-1","max-image-preview":"max-image-preview:large","max-video-preview":"max-video-preview:-1"},"og_locale":"pt_PT","og_type":"article","og_title":"\u00c1lvaro Santos Pereira explica reforma de Centeno no Parlamento em 1 de abril - Portal Tela Portugal","og_description":"\u00c1lvaro Santos Pereira vai ser ouvido na Comiss\u00e3o de Or\u00e7amento, Finan\u00e7as e Administra\u00e7\u00e3o P\u00fablica do Parlamento sobre as regras que regulam os acordos de reforma para dirigentes do Banco de Portugal, a regula\u00e7\u00e3o do setor de intermedi\u00e1rios de cr\u00e9dito e o processo \u201ccartel da banca\u201d. O tema inclui a reforma antecipada de M\u00e1rio Centeno, requerimento apresentado pelo Chega e aprovado por unanimidade por Chega, PSD e PS. Centeno, aos 59 anos, dever\u00e1 receber cerca de 10 mil euros por m\u00eas, pagos pelo fundo de pens\u00f5es do BdP; surgem d\u00favidas sobre a forma de c\u00e1lculo, nomeadamente referente \u00e0 idade e aos anos de descontos. \u00c1lvaro Santos Pereira j\u00e1 disse que o banco vai poupar 2,2 milh\u00f5es de euros com o acordo de reforma de Centeno.","og_url":"https:\/\/portaltela.pt\/noticias\/2026\/03\/27\/alvaro-santos-pereira-explica-reforma-de-centeno-no-parlamento-em-1-de-abril\/","og_site_name":"Portal Tela Portugal","article_published_time":"2026-03-27T19:53:00+00:00","author":"Telinha","twitter_card":"summary_large_image","twitter_misc":{"Escrito por":"Telinha","Tempo estimado de leitura":"1 minuto"},"schema":{"@context":"https:\/\/schema.org","@graph":[{"@type":"Article","@id":"https:\/\/portaltela.pt\/noticias\/2026\/03\/27\/alvaro-santos-pereira-explica-reforma-de-centeno-no-parlamento-em-1-de-abril\/#article","isPartOf":{"@id":"https:\/\/portaltela.pt\/noticias\/2026\/03\/27\/alvaro-santos-pereira-explica-reforma-de-centeno-no-parlamento-em-1-de-abril\/"},"author":{"name":"Telinha","@id":"https:\/\/portaltela.pt\/#\/schema\/person\/c4278d4a6028830caff9ee44b42d32ed"},"headline":"\u00c1lvaro Santos Pereira explica reforma de Centeno no Parlamento em 1 de abril","datePublished":"2026-03-27T19:53:00+00:00","mainEntityOfPage":{"@id":"https:\/\/portaltela.pt\/noticias\/2026\/03\/27\/alvaro-santos-pereira-explica-reforma-de-centeno-no-parlamento-em-1-de-abril\/"},"wordCount":234,"image":{"@id":"https:\/\/portaltela.pt\/noticias\/2026\/03\/27\/alvaro-santos-pereira-explica-reforma-de-centeno-no-parlamento-em-1-de-abril\/#primaryimage"},"thumbnailUrl":"https:\/\/portaltela.pt\/s.01k8rhncp4jt1\/2026\/03\/image-1632.jpg","keywords":["_economia","Banco de Portugal","finan\u00e7as","Intermedi\u00e1rios de Cr\u00e9dito","reforma"],"articleSection":["Economia","Neg\u00f3cios"],"inLanguage":"pt-PT"},{"@type":"WebPage","@id":"https:\/\/portaltela.pt\/noticias\/2026\/03\/27\/alvaro-santos-pereira-explica-reforma-de-centeno-no-parlamento-em-1-de-abril\/","url":"https:\/\/portaltela.pt\/noticias\/2026\/03\/27\/alvaro-santos-pereira-explica-reforma-de-centeno-no-parlamento-em-1-de-abril\/","name":"\u00c1lvaro Santos Pereira explica reforma de Centeno no Parlamento em 1 de abril - Portal Tela Portugal","isPartOf":{"@id":"https:\/\/portaltela.pt\/#website"},"primaryImageOfPage":{"@id":"https:\/\/portaltela.pt\/noticias\/2026\/03\/27\/alvaro-santos-pereira-explica-reforma-de-centeno-no-parlamento-em-1-de-abril\/#primaryimage"},"image":{"@id":"https:\/\/portaltela.pt\/noticias\/2026\/03\/27\/alvaro-santos-pereira-explica-reforma-de-centeno-no-parlamento-em-1-de-abril\/#primaryimage"},"thumbnailUrl":"https:\/\/portaltela.pt\/s.01k8rhncp4jt1\/2026\/03\/image-1632.jpg","datePublished":"2026-03-27T19:53:00+00:00","author":{"@id":"https:\/\/portaltela.pt\/#\/schema\/person\/c4278d4a6028830caff9ee44b42d32ed"},"breadcrumb":{"@id":"https:\/\/portaltela.pt\/noticias\/2026\/03\/27\/alvaro-santos-pereira-explica-reforma-de-centeno-no-parlamento-em-1-de-abril\/#breadcrumb"},"inLanguage":"pt-PT","potentialAction":[{"@type":"ReadAction","target":["https:\/\/portaltela.pt\/noticias\/2026\/03\/27\/alvaro-santos-pereira-explica-reforma-de-centeno-no-parlamento-em-1-de-abril\/"]}]},{"@type":"ImageObject","inLanguage":"pt-PT","@id":"https:\/\/portaltela.pt\/noticias\/2026\/03\/27\/alvaro-santos-pereira-explica-reforma-de-centeno-no-parlamento-em-1-de-abril\/#primaryimage","url":"https:\/\/portaltela.pt\/s.01k8rhncp4jt1\/2026\/03\/image-1632.jpg","contentUrl":"https:\/\/portaltela.pt\/s.01k8rhncp4jt1\/2026\/03\/image-1632.jpg","width":796,"height":448,"caption":"\u00c1lvaro Santos Pereira vai ser ouvido no Parlamento"},{"@type":"BreadcrumbList","@id":"https:\/\/portaltela.pt\/noticias\/2026\/03\/27\/alvaro-santos-pereira-explica-reforma-de-centeno-no-parlamento-em-1-de-abril\/#breadcrumb","itemListElement":[{"@type":"ListItem","position":1,"name":"In\u00edcio","item":"https:\/\/portaltela.pt\/"},{"@type":"ListItem","position":2,"name":"\u00c1lvaro Santos Pereira explica reforma de Centeno no Parlamento em 1 de abril"}]},{"@type":"WebSite","@id":"https:\/\/portaltela.pt\/#website","url":"https:\/\/portaltela.pt\/","name":"Portal Tela Portugal","description":"","potentialAction":[{"@type":"SearchAction","target":{"@type":"EntryPoint","urlTemplate":"https:\/\/portaltela.pt\/?s={search_term_string}"},"query-input":{"@type":"PropertyValueSpecification","valueRequired":true,"valueName":"search_term_string"}}],"inLanguage":"pt-PT"},{"@type":"Person","@id":"https:\/\/portaltela.pt\/#\/schema\/person\/c4278d4a6028830caff9ee44b42d32ed","name":"Telinha","image":{"@type":"ImageObject","inLanguage":"pt-PT","@id":"https:\/\/portaltela.pt\/s.01k8rhncp4jt1\/2025\/11\/talking-bot-125x125.png","url":"https:\/\/portaltela.pt\/s.01k8rhncp4jt1\/2025\/11\/talking-bot-125x125.png","contentUrl":"https:\/\/portaltela.pt\/s.01k8rhncp4jt1\/2025\/11\/talking-bot-125x125.png","caption":"Telinha"},"sameAs":["https:\/\/portaltela.pt\/"],"url":"https:\/\/portaltela.pt\/por\/367410592786\/"}]}},"_links":{"self":[{"href":"https:\/\/portaltela.pt\/api\/wp\/v2\/posts\/424321","targetHints":{"allow":["GET"]}}],"collection":[{"href":"https:\/\/portaltela.pt\/api\/wp\/v2\/posts"}],"about":[{"href":"https:\/\/portaltela.pt\/api\/wp\/v2\/types\/post"}],"author":[{"embeddable":true,"href":"https:\/\/portaltela.pt\/api\/wp\/v2\/users\/2"}],"replies":[{"embeddable":true,"href":"https:\/\/portaltela.pt\/api\/wp\/v2\/comments?post=424321"}],"version-history":[{"count":0,"href":"https:\/\/portaltela.pt\/api\/wp\/v2\/posts\/424321\/revisions"}],"wp:featuredmedia":[{"embeddable":true,"href":"https:\/\/portaltela.pt\/api\/wp\/v2\/media\/424326"}],"wp:attachment":[{"href":"https:\/\/portaltela.pt\/api\/wp\/v2\/media?parent=424321"}],"wp:term":[{"taxonomy":"category","embeddable":true,"href":"https:\/\/portaltela.pt\/api\/wp\/v2\/categories?post=424321"},{"taxonomy":"post_tag","embeddable":true,"href":"https:\/\/portaltela.pt\/api\/wp\/v2\/tags?post=424321"}],"curies":[{"name":"wp","href":"https:\/\/api.w.org\/{rel}","templated":true}]}}