{"id":424306,"date":"2026-03-27T16:33:00","date_gmt":"2026-03-27T19:33:00","guid":{"rendered":"https:\/\/portaltela.pt\/noticias\/2026\/03\/27\/carlos-cesar-ve-como-disparate-falar-da-coligacao-do-ps-ao-governo\/"},"modified":"2026-03-27T16:33:00","modified_gmt":"2026-03-27T19:33:00","slug":"carlos-cesar-ve-como-disparate-falar-da-coligacao-do-ps-ao-governo","status":"publish","type":"post","link":"https:\/\/portaltela.pt\/noticias\/politica\/2026\/03\/27\/carlos-cesar-ve-como-disparate-falar-da-coligacao-do-ps-ao-governo\/","title":{"rendered":"Carlos C\u00e9sar v\u00ea como disparate falar da coliga\u00e7\u00e3o do PS ao Governo"},"content":{"rendered":"<p>O presidente do PS, Carlos C\u00e9sar, considerou a not\u00edcia de uma poss\u00edvel colagem do partido ao Governo um disparate, ao ser questionado sobre cr\u00edticas internas durante a entrada para o 25\u00ba Congresso do PS, em Viseu. O debate surgiu na sess\u00e3o de abertura do encontro.<\/p>\n<p>C\u00e9sar afirmou que a prioridade \u00e9 trabalhar para um bom governo de Portugal, mantendo sempre a aposta numa atua\u00e7\u00e3o constante e pr\u00f3-ativo, sem relegar a ideia de que o Governo seja de outros partidos. A ideia central \u00e9 ser parceiro dos portugueses de forma construtiva, independentemente da colagem governamental.<\/p>\n<p>O antigo chefe do Governo Regional dos A\u00e7ores destacou que quem v\u00ea problemas nessa colabora\u00e7\u00e3o assume uma postura de vergonha perante os benef\u00edcios de propostas do PS, defendendo que o partido tem de atuar de forma respons\u00e1vel no leque pol\u00edtico nacional. A perspetiva \u00e9 de oposi\u00e7\u00e3o construtiva.<\/p>\n<p>Questionado sobre um artigo de An\u00edbal Cavaco Silva publicado no seman\u00e1rio Expresso, o l\u00edder socialista destacou que o texto critica a pol\u00edtica de alian\u00e7as do Governo atual, notando a diverg\u00eancia entre Cavaco Silva e Lu\u00eds Montenegro. C\u00e9sar frisou que Cavaco Silva n\u00e3o indica caminhos ao PS, mantendo a linha de foco nas reformas.<\/p>\n<p>O artigo de Cavaco Silva, intitulado O dinheiro n\u00e3o cai do c\u00e9u, apela a uma forte determina\u00e7\u00e3o e coragem pol\u00edtica para promover reformas que expliquem o crescimento econ\u00f3mico, ao mesmo tempo que alerta para a perce\u00e7\u00e3o de que o Chega n\u00e3o \u00e9 confi\u00e1vel. N\u00e3o h\u00e1 men\u00e7\u00e3o a desfechos ou consequ\u00eancias pol\u00edticas.<\/p>\n<p>O 25\u00ba Congresso Nacional do PS arrancou hoje em Viseu com o discurso de Jos\u00e9 Lu\u00eds Carneiro, secret\u00e1rio-geral reeleito, que marcou o in\u00edcio dos trabalhos. Carneiro foi confirmado no cargo numa elei\u00e7\u00e3o interna realizada por lista \u00fanica, com 97,1% dos votos.<\/p>\n<p>At\u00e9 domingo, Viseu acolhe o Congresso de consagra\u00e7\u00e3o de Carneiro como l\u00edder do PS, num evento que refor\u00e7a a orienta\u00e7\u00e3o interna do partido para os pr\u00f3ximos ciclos pol\u00edticos e para o posicionamento estrat\u00e9gico de oposi\u00e7\u00e3o construtiva no Parlamento.<\/p>\n","protected":false},"excerpt":{"rendered":"<ul>\n<li>Carlos C\u00e9sar, presidente do PS, qualificou de \u201cdisparate\u201d a ideia de colar o partido ao Governo, \u00e0 entrada do 25.\u00ba Congresso do PS, em Viseu.<\/li>\n<li>Afirmou que o PS deve trabalhar pelo bom governo de Portugal, mantendo isso como aposta, sem envergonhar-se de propor medidas, independentemente de o Governo ser do PSD ou de outro partido.<\/li>\n<li>Sobre An\u00edbal Cavaco Silva, o socialista disse que o ex-presidente \u00e9 frontalmente contra a pol\u00edtica de alian\u00e7as do atual Governo, a prop\u00f3sito de um texto no seman\u00e1rio Expresso.<\/li>\n<li>Cavaco Silva escreveu o artigo \u201cO dinheiro n\u00e3o cai do c\u00e9u\u201d, no qual pede a Lu\u00eds Montenegro \u201cforte determina\u00e7\u00e3o e coragem pol\u00edtica\u201d para reformas e alerta para o Chega.<\/li>\n<li>O 25.\u00ba Congresso Nacional arrancou em Viseu com o discurso de Jos\u00e9 Lu\u00eds Carneiro, que assume a lideran\u00e7a do PS em lista \u00fanica, com 97,1% dos votos, e decorre at\u00e9 domingo.<\/li>\n<\/ul>\n","protected":false},"author":2,"featured_media":424315,"comment_status":"closed","ping_status":"closed","sticky":false,"template":"","format":"standard","meta":{"footnotes":""},"categories":[1,5],"tags":[6901,34,3439,2832,2144,1171],"class_list":["post-424306","post","type-post","status-publish","format-standard","has-post-thumbnail","hentry","category-noticias","category-politica","tag-anibal-cavaco-silva","tag-governo","tag-luis-montenegro","tag-politica","tag-ps","tag-viseu"],"yoast_head":"<!-- This site is optimized with the Yoast SEO plugin v27.2 - https:\/\/yoast.com\/product\/yoast-seo-wordpress\/ -->\n<title>Carlos C\u00e9sar v\u00ea como disparate falar da coliga\u00e7\u00e3o do PS ao Governo - Portal Tela Portugal<\/title>\n<meta name=\"robots\" content=\"index, follow, max-snippet:-1, max-image-preview:large, max-video-preview:-1\" \/>\n<meta property=\"og:locale\" content=\"pt_PT\" \/>\n<meta property=\"og:type\" content=\"article\" \/>\n<meta property=\"og:title\" content=\"Carlos C\u00e9sar v\u00ea como disparate falar da coliga\u00e7\u00e3o do PS ao Governo - Portal Tela Portugal\" \/>\n<meta property=\"og:description\" content=\"Carlos C\u00e9sar, presidente do PS, qualificou de \u201cdisparate\u201d a ideia de colar o partido ao Governo, \u00e0 entrada do 25.\u00ba Congresso do PS, em Viseu. Afirmou que o PS deve trabalhar pelo bom governo de Portugal, mantendo isso como aposta, sem envergonhar-se de propor medidas, independentemente de o Governo ser do PSD ou de outro partido. Sobre An\u00edbal Cavaco Silva, o socialista disse que o ex-presidente \u00e9 frontalmente contra a pol\u00edtica de alian\u00e7as do atual Governo, a prop\u00f3sito de um texto no seman\u00e1rio Expresso. Cavaco Silva escreveu o artigo \u201cO dinheiro n\u00e3o cai do c\u00e9u\u201d, no qual pede a Lu\u00eds Montenegro \u201cforte determina\u00e7\u00e3o e coragem pol\u00edtica\u201d para reformas e alerta para o Chega. O 25.\u00ba Congresso Nacional arrancou em Viseu com o discurso de Jos\u00e9 Lu\u00eds Carneiro, que assume a lideran\u00e7a do PS em lista \u00fanica, com 97,1% dos votos, e decorre at\u00e9 domingo.\" \/>\n<meta property=\"og:url\" content=\"https:\/\/portaltela.pt\/noticias\/2026\/03\/27\/carlos-cesar-ve-como-disparate-falar-da-coligacao-do-ps-ao-governo\/\" \/>\n<meta property=\"og:site_name\" content=\"Portal Tela Portugal\" \/>\n<meta property=\"article:published_time\" content=\"2026-03-27T19:33:00+00:00\" \/>\n<meta name=\"author\" content=\"Telinha\" \/>\n<meta name=\"twitter:card\" content=\"summary_large_image\" \/>\n<meta name=\"twitter:label1\" content=\"Escrito por\" \/>\n\t<meta name=\"twitter:data1\" content=\"Telinha\" \/>\n\t<meta name=\"twitter:label2\" content=\"Tempo estimado de leitura\" \/>\n\t<meta name=\"twitter:data2\" content=\"2 minutos\" \/>\n<script type=\"application\/ld+json\" class=\"yoast-schema-graph\">{\"@context\":\"https:\/\/schema.org\",\"@graph\":[{\"@type\":\"Article\",\"@id\":\"https:\/\/portaltela.pt\/noticias\/2026\/03\/27\/carlos-cesar-ve-como-disparate-falar-da-coligacao-do-ps-ao-governo\/#article\",\"isPartOf\":{\"@id\":\"https:\/\/portaltela.pt\/noticias\/2026\/03\/27\/carlos-cesar-ve-como-disparate-falar-da-coligacao-do-ps-ao-governo\/\"},\"author\":{\"name\":\"Telinha\",\"@id\":\"https:\/\/portaltela.pt\/#\/schema\/person\/c4278d4a6028830caff9ee44b42d32ed\"},\"headline\":\"Carlos C\u00e9sar v\u00ea como disparate falar da coliga\u00e7\u00e3o do PS ao Governo\",\"datePublished\":\"2026-03-27T19:33:00+00:00\",\"mainEntityOfPage\":{\"@id\":\"https:\/\/portaltela.pt\/noticias\/2026\/03\/27\/carlos-cesar-ve-como-disparate-falar-da-coligacao-do-ps-ao-governo\/\"},\"wordCount\":378,\"image\":{\"@id\":\"https:\/\/portaltela.pt\/noticias\/2026\/03\/27\/carlos-cesar-ve-como-disparate-falar-da-coligacao-do-ps-ao-governo\/#primaryimage\"},\"thumbnailUrl\":\"https:\/\/portaltela.pt\/s.01k8rhncp4jt1\/2026\/03\/img_1500x1000uu2024-06-04-22-26-28-1672831.jpg\",\"keywords\":[\"An\u00edbal Cavaco Silva\",\"governo\",\"Lu\u00eds Montenegro\",\"pol\u00edtica\",\"PS\",\"Viseu\"],\"articleSection\":[\"Not\u00edcias\",\"Pol\u00edtica\"],\"inLanguage\":\"pt-PT\"},{\"@type\":\"WebPage\",\"@id\":\"https:\/\/portaltela.pt\/noticias\/2026\/03\/27\/carlos-cesar-ve-como-disparate-falar-da-coligacao-do-ps-ao-governo\/\",\"url\":\"https:\/\/portaltela.pt\/noticias\/2026\/03\/27\/carlos-cesar-ve-como-disparate-falar-da-coligacao-do-ps-ao-governo\/\",\"name\":\"Carlos C\u00e9sar v\u00ea como disparate falar da coliga\u00e7\u00e3o do PS ao Governo - Portal Tela Portugal\",\"isPartOf\":{\"@id\":\"https:\/\/portaltela.pt\/#website\"},\"primaryImageOfPage\":{\"@id\":\"https:\/\/portaltela.pt\/noticias\/2026\/03\/27\/carlos-cesar-ve-como-disparate-falar-da-coligacao-do-ps-ao-governo\/#primaryimage\"},\"image\":{\"@id\":\"https:\/\/portaltela.pt\/noticias\/2026\/03\/27\/carlos-cesar-ve-como-disparate-falar-da-coligacao-do-ps-ao-governo\/#primaryimage\"},\"thumbnailUrl\":\"https:\/\/portaltela.pt\/s.01k8rhncp4jt1\/2026\/03\/img_1500x1000uu2024-06-04-22-26-28-1672831.jpg\",\"datePublished\":\"2026-03-27T19:33:00+00:00\",\"author\":{\"@id\":\"https:\/\/portaltela.pt\/#\/schema\/person\/c4278d4a6028830caff9ee44b42d32ed\"},\"breadcrumb\":{\"@id\":\"https:\/\/portaltela.pt\/noticias\/2026\/03\/27\/carlos-cesar-ve-como-disparate-falar-da-coligacao-do-ps-ao-governo\/#breadcrumb\"},\"inLanguage\":\"pt-PT\",\"potentialAction\":[{\"@type\":\"ReadAction\",\"target\":[\"https:\/\/portaltela.pt\/noticias\/2026\/03\/27\/carlos-cesar-ve-como-disparate-falar-da-coligacao-do-ps-ao-governo\/\"]}]},{\"@type\":\"ImageObject\",\"inLanguage\":\"pt-PT\",\"@id\":\"https:\/\/portaltela.pt\/noticias\/2026\/03\/27\/carlos-cesar-ve-como-disparate-falar-da-coligacao-do-ps-ao-governo\/#primaryimage\",\"url\":\"https:\/\/portaltela.pt\/s.01k8rhncp4jt1\/2026\/03\/img_1500x1000uu2024-06-04-22-26-28-1672831.jpg\",\"contentUrl\":\"https:\/\/portaltela.pt\/s.01k8rhncp4jt1\/2026\/03\/img_1500x1000uu2024-06-04-22-26-28-1672831.jpg\",\"width\":796,\"height\":448,\"caption\":\"Carlos C\u00e9sar, presidente do PS\"},{\"@type\":\"BreadcrumbList\",\"@id\":\"https:\/\/portaltela.pt\/noticias\/2026\/03\/27\/carlos-cesar-ve-como-disparate-falar-da-coligacao-do-ps-ao-governo\/#breadcrumb\",\"itemListElement\":[{\"@type\":\"ListItem\",\"position\":1,\"name\":\"In\u00edcio\",\"item\":\"https:\/\/portaltela.pt\/\"},{\"@type\":\"ListItem\",\"position\":2,\"name\":\"Carlos C\u00e9sar v\u00ea como disparate falar da coliga\u00e7\u00e3o do PS ao Governo\"}]},{\"@type\":\"WebSite\",\"@id\":\"https:\/\/portaltela.pt\/#website\",\"url\":\"https:\/\/portaltela.pt\/\",\"name\":\"Portal Tela Portugal\",\"description\":\"\",\"potentialAction\":[{\"@type\":\"SearchAction\",\"target\":{\"@type\":\"EntryPoint\",\"urlTemplate\":\"https:\/\/portaltela.pt\/?s={search_term_string}\"},\"query-input\":{\"@type\":\"PropertyValueSpecification\",\"valueRequired\":true,\"valueName\":\"search_term_string\"}}],\"inLanguage\":\"pt-PT\"},{\"@type\":\"Person\",\"@id\":\"https:\/\/portaltela.pt\/#\/schema\/person\/c4278d4a6028830caff9ee44b42d32ed\",\"name\":\"Telinha\",\"image\":{\"@type\":\"ImageObject\",\"inLanguage\":\"pt-PT\",\"@id\":\"https:\/\/portaltela.pt\/s.01k8rhncp4jt1\/2025\/11\/talking-bot-125x125.png\",\"url\":\"https:\/\/portaltela.pt\/s.01k8rhncp4jt1\/2025\/11\/talking-bot-125x125.png\",\"contentUrl\":\"https:\/\/portaltela.pt\/s.01k8rhncp4jt1\/2025\/11\/talking-bot-125x125.png\",\"caption\":\"Telinha\"},\"sameAs\":[\"https:\/\/portaltela.pt\/\"],\"url\":\"https:\/\/portaltela.pt\/por\/367410592786\/\"}]}<\/script>\n<!-- \/ Yoast SEO plugin. -->","yoast_head_json":{"title":"Carlos C\u00e9sar v\u00ea como disparate falar da coliga\u00e7\u00e3o do PS ao Governo - Portal Tela Portugal","robots":{"index":"index","follow":"follow","max-snippet":"max-snippet:-1","max-image-preview":"max-image-preview:large","max-video-preview":"max-video-preview:-1"},"og_locale":"pt_PT","og_type":"article","og_title":"Carlos C\u00e9sar v\u00ea como disparate falar da coliga\u00e7\u00e3o do PS ao Governo - Portal Tela Portugal","og_description":"Carlos C\u00e9sar, presidente do PS, qualificou de \u201cdisparate\u201d a ideia de colar o partido ao Governo, \u00e0 entrada do 25.\u00ba Congresso do PS, em Viseu. Afirmou que o PS deve trabalhar pelo bom governo de Portugal, mantendo isso como aposta, sem envergonhar-se de propor medidas, independentemente de o Governo ser do PSD ou de outro partido. Sobre An\u00edbal Cavaco Silva, o socialista disse que o ex-presidente \u00e9 frontalmente contra a pol\u00edtica de alian\u00e7as do atual Governo, a prop\u00f3sito de um texto no seman\u00e1rio Expresso. Cavaco Silva escreveu o artigo \u201cO dinheiro n\u00e3o cai do c\u00e9u\u201d, no qual pede a Lu\u00eds Montenegro \u201cforte determina\u00e7\u00e3o e coragem pol\u00edtica\u201d para reformas e alerta para o Chega. O 25.\u00ba Congresso Nacional arrancou em Viseu com o discurso de Jos\u00e9 Lu\u00eds Carneiro, que assume a lideran\u00e7a do PS em lista \u00fanica, com 97,1% dos votos, e decorre at\u00e9 domingo.","og_url":"https:\/\/portaltela.pt\/noticias\/2026\/03\/27\/carlos-cesar-ve-como-disparate-falar-da-coligacao-do-ps-ao-governo\/","og_site_name":"Portal Tela Portugal","article_published_time":"2026-03-27T19:33:00+00:00","author":"Telinha","twitter_card":"summary_large_image","twitter_misc":{"Escrito por":"Telinha","Tempo estimado de leitura":"2 minutos"},"schema":{"@context":"https:\/\/schema.org","@graph":[{"@type":"Article","@id":"https:\/\/portaltela.pt\/noticias\/2026\/03\/27\/carlos-cesar-ve-como-disparate-falar-da-coligacao-do-ps-ao-governo\/#article","isPartOf":{"@id":"https:\/\/portaltela.pt\/noticias\/2026\/03\/27\/carlos-cesar-ve-como-disparate-falar-da-coligacao-do-ps-ao-governo\/"},"author":{"name":"Telinha","@id":"https:\/\/portaltela.pt\/#\/schema\/person\/c4278d4a6028830caff9ee44b42d32ed"},"headline":"Carlos C\u00e9sar v\u00ea como disparate falar da coliga\u00e7\u00e3o do PS ao Governo","datePublished":"2026-03-27T19:33:00+00:00","mainEntityOfPage":{"@id":"https:\/\/portaltela.pt\/noticias\/2026\/03\/27\/carlos-cesar-ve-como-disparate-falar-da-coligacao-do-ps-ao-governo\/"},"wordCount":378,"image":{"@id":"https:\/\/portaltela.pt\/noticias\/2026\/03\/27\/carlos-cesar-ve-como-disparate-falar-da-coligacao-do-ps-ao-governo\/#primaryimage"},"thumbnailUrl":"https:\/\/portaltela.pt\/s.01k8rhncp4jt1\/2026\/03\/img_1500x1000uu2024-06-04-22-26-28-1672831.jpg","keywords":["An\u00edbal Cavaco Silva","governo","Lu\u00eds Montenegro","pol\u00edtica","PS","Viseu"],"articleSection":["Not\u00edcias","Pol\u00edtica"],"inLanguage":"pt-PT"},{"@type":"WebPage","@id":"https:\/\/portaltela.pt\/noticias\/2026\/03\/27\/carlos-cesar-ve-como-disparate-falar-da-coligacao-do-ps-ao-governo\/","url":"https:\/\/portaltela.pt\/noticias\/2026\/03\/27\/carlos-cesar-ve-como-disparate-falar-da-coligacao-do-ps-ao-governo\/","name":"Carlos C\u00e9sar v\u00ea como disparate falar da coliga\u00e7\u00e3o do PS ao Governo - Portal Tela Portugal","isPartOf":{"@id":"https:\/\/portaltela.pt\/#website"},"primaryImageOfPage":{"@id":"https:\/\/portaltela.pt\/noticias\/2026\/03\/27\/carlos-cesar-ve-como-disparate-falar-da-coligacao-do-ps-ao-governo\/#primaryimage"},"image":{"@id":"https:\/\/portaltela.pt\/noticias\/2026\/03\/27\/carlos-cesar-ve-como-disparate-falar-da-coligacao-do-ps-ao-governo\/#primaryimage"},"thumbnailUrl":"https:\/\/portaltela.pt\/s.01k8rhncp4jt1\/2026\/03\/img_1500x1000uu2024-06-04-22-26-28-1672831.jpg","datePublished":"2026-03-27T19:33:00+00:00","author":{"@id":"https:\/\/portaltela.pt\/#\/schema\/person\/c4278d4a6028830caff9ee44b42d32ed"},"breadcrumb":{"@id":"https:\/\/portaltela.pt\/noticias\/2026\/03\/27\/carlos-cesar-ve-como-disparate-falar-da-coligacao-do-ps-ao-governo\/#breadcrumb"},"inLanguage":"pt-PT","potentialAction":[{"@type":"ReadAction","target":["https:\/\/portaltela.pt\/noticias\/2026\/03\/27\/carlos-cesar-ve-como-disparate-falar-da-coligacao-do-ps-ao-governo\/"]}]},{"@type":"ImageObject","inLanguage":"pt-PT","@id":"https:\/\/portaltela.pt\/noticias\/2026\/03\/27\/carlos-cesar-ve-como-disparate-falar-da-coligacao-do-ps-ao-governo\/#primaryimage","url":"https:\/\/portaltela.pt\/s.01k8rhncp4jt1\/2026\/03\/img_1500x1000uu2024-06-04-22-26-28-1672831.jpg","contentUrl":"https:\/\/portaltela.pt\/s.01k8rhncp4jt1\/2026\/03\/img_1500x1000uu2024-06-04-22-26-28-1672831.jpg","width":796,"height":448,"caption":"Carlos C\u00e9sar, presidente do PS"},{"@type":"BreadcrumbList","@id":"https:\/\/portaltela.pt\/noticias\/2026\/03\/27\/carlos-cesar-ve-como-disparate-falar-da-coligacao-do-ps-ao-governo\/#breadcrumb","itemListElement":[{"@type":"ListItem","position":1,"name":"In\u00edcio","item":"https:\/\/portaltela.pt\/"},{"@type":"ListItem","position":2,"name":"Carlos C\u00e9sar v\u00ea como disparate falar da coliga\u00e7\u00e3o do PS ao Governo"}]},{"@type":"WebSite","@id":"https:\/\/portaltela.pt\/#website","url":"https:\/\/portaltela.pt\/","name":"Portal Tela Portugal","description":"","potentialAction":[{"@type":"SearchAction","target":{"@type":"EntryPoint","urlTemplate":"https:\/\/portaltela.pt\/?s={search_term_string}"},"query-input":{"@type":"PropertyValueSpecification","valueRequired":true,"valueName":"search_term_string"}}],"inLanguage":"pt-PT"},{"@type":"Person","@id":"https:\/\/portaltela.pt\/#\/schema\/person\/c4278d4a6028830caff9ee44b42d32ed","name":"Telinha","image":{"@type":"ImageObject","inLanguage":"pt-PT","@id":"https:\/\/portaltela.pt\/s.01k8rhncp4jt1\/2025\/11\/talking-bot-125x125.png","url":"https:\/\/portaltela.pt\/s.01k8rhncp4jt1\/2025\/11\/talking-bot-125x125.png","contentUrl":"https:\/\/portaltela.pt\/s.01k8rhncp4jt1\/2025\/11\/talking-bot-125x125.png","caption":"Telinha"},"sameAs":["https:\/\/portaltela.pt\/"],"url":"https:\/\/portaltela.pt\/por\/367410592786\/"}]}},"_links":{"self":[{"href":"https:\/\/portaltela.pt\/api\/wp\/v2\/posts\/424306","targetHints":{"allow":["GET"]}}],"collection":[{"href":"https:\/\/portaltela.pt\/api\/wp\/v2\/posts"}],"about":[{"href":"https:\/\/portaltela.pt\/api\/wp\/v2\/types\/post"}],"author":[{"embeddable":true,"href":"https:\/\/portaltela.pt\/api\/wp\/v2\/users\/2"}],"replies":[{"embeddable":true,"href":"https:\/\/portaltela.pt\/api\/wp\/v2\/comments?post=424306"}],"version-history":[{"count":0,"href":"https:\/\/portaltela.pt\/api\/wp\/v2\/posts\/424306\/revisions"}],"wp:featuredmedia":[{"embeddable":true,"href":"https:\/\/portaltela.pt\/api\/wp\/v2\/media\/424315"}],"wp:attachment":[{"href":"https:\/\/portaltela.pt\/api\/wp\/v2\/media?parent=424306"}],"wp:term":[{"taxonomy":"category","embeddable":true,"href":"https:\/\/portaltela.pt\/api\/wp\/v2\/categories?post=424306"},{"taxonomy":"post_tag","embeddable":true,"href":"https:\/\/portaltela.pt\/api\/wp\/v2\/tags?post=424306"}],"curies":[{"name":"wp","href":"https:\/\/api.w.org\/{rel}","templated":true}]}}