{"id":424303,"date":"2026-03-27T16:27:08","date_gmt":"2026-03-27T19:27:08","guid":{"rendered":"https:\/\/portaltela.pt\/noticias\/2026\/03\/27\/sindicato-denuncia-sobrecarga-e-falta-de-recursos-no-mp-dos-acores\/"},"modified":"2026-03-27T16:27:08","modified_gmt":"2026-03-27T19:27:08","slug":"sindicato-denuncia-sobrecarga-e-falta-de-recursos-no-mp-dos-acores","status":"publish","type":"post","link":"https:\/\/portaltela.pt\/noticias\/2026\/03\/27\/sindicato-denuncia-sobrecarga-e-falta-de-recursos-no-mp-dos-acores\/","title":{"rendered":"Sindicato denuncia sobrecarga e falta de recursos no MP dos A\u00e7ores"},"content":{"rendered":"<p>O Sindicato dos Magistrados do Minist\u00e9rio P\u00fablico (SMMP) denunciou, em Ponta Delgada, que o Minist\u00e9rio P\u00fablico (MP) nos A\u00e7ores funciona com um desajustamento profundo. A avalia\u00e7\u00e3o foi feita durante a reuni\u00e3o plen\u00e1ria integrada na ronda nacional de 23 comarcas.<\/p>\n<p>O plen\u00e1rio na Comarca dos A\u00e7ores destacou a falta de magistrados e de funcion\u00e1rios, bem como condi\u00e7\u00f5es f\u00edsicas degradadas dos espa\u00e7os de trabalho. O objetivo \u00e9 identificar obst\u00e1culos estruturais e ouvir contributos sobre dificuldades quotidianas.<\/p>\n<p>O encontro decorreu na ilha de S\u00e3o Miguel e teve como refer\u00eancia o aumento das compet\u00eancias dos procuradores, incluindo o Tribunal de Execu\u00e7\u00e3o de Penas e a Instru\u00e7\u00e3o Criminal, sem adaptar a realidade regional. A insularidade agrava os constrangimentos.<\/p>\n<h3>Contexto e impacto na pr\u00e1tica<\/h3>\n<p>O SMMP aponta que os valores de refer\u00eancia processual fixados pela Procuradoria-Geral da Republica n\u00e3o refletem a dimens\u00e3o invis\u00edvel do trabalho di\u00e1rio. Dilig\u00eancias complexas e desloca\u00e7\u00f5es entre ilhas impactam o dia a dia dos magistrados.<\/p>\n<p>A insufici\u00eancia de recursos j\u00e1 afeta \u00e1reas sens\u00edveis, como viol\u00eancia dom\u00e9stica, com 475 processos pendentes, 45 novas entradas mensais e 1.299 inqu\u00e9ritos num ano. O sindicato cita ainda baixa m\u00e9dica por burnout.<\/p>\n<p>A organiza\u00e7\u00e3o aponta tamb\u00e9m a perda de especializa\u00e7\u00e3o e agrega\u00e7\u00f5es territoriais sem l\u00f3gica pr\u00e1tica, exemplificando com a jun\u00e7\u00e3o do Pico com a Graciosa, que exige desloca\u00e7\u00f5es de at\u00e9 18 horas.<\/p>\n<h3>Infraestruturas e mobilidade<\/h3>\n<p>As infraestruturas dos edif\u00edcios judiciais regionais s\u00e3o descritas como cr\u00edticas, com infiltra\u00e7\u00f5es, janelas mal fixadas e falta de climatiza\u00e7\u00e3o. Em gabinetes onde chove, h\u00e1 car\u00eancia de condi\u00e7\u00f5es de acessibilidade.<\/p>\n<p>Relatos indicam que algumas pessoas com mobilidade reduzida precisam de apoio f\u00edsico para participar em dilig\u00eancias. Em alguns casos, procuradores recorreram ao pr\u00f3prio bolso para comprar ar condicionado.<\/p>\n<p>O SMMP sustenta que a organiza\u00e7\u00e3o atual n\u00e3o permite cumprir plenamente as fun\u00e7\u00f5es na Comarca dos A\u00e7ores. A insularidade acentua custos, desloca\u00e7\u00f5es e constrangimentos, tornando necess\u00e1ria uma interven\u00e7\u00e3o estrutural urgente.<\/p>\n<h3>Perspetivas futuras<\/h3>\n<p>A ronda nacional continua, com sess\u00f5es agendadas para Viana do Castelo e Aveiro. Numa fase seguinte, ser\u00e1 apresentado \u00e0 tutela um diagn\u00f3stico nacional completo sobre as condi\u00e7\u00f5es de funcionamento do MP e dos tribunais.<\/p>\n","protected":false},"excerpt":{"rendered":"<ul>\n<li>O Sindicato dos Magistrados do Minist\u00e9rio P\u00fablico denunciou, na ilha de S\u00e3o Miguel, um desajustamento profundo no funcionamento do MP dos A\u00e7ores, com falta de magistrados, de funcion\u00e1rios e instala\u00e7\u00f5es degradadas.<\/li>\n<li>A den\u00fancia saiu do plen\u00e1rio realizado em Ponta Delgada, integrado numa ronda nacional que envolve as 23 comarcas do pa\u00eds para identificar obst\u00e1culos estruturais e operacionais.<\/li>\n<li>O SMMP aponta que os valores de refer\u00eancia processual criam uma vis\u00e3o est\u00e1tica das necessidades, desconsiderando dilig\u00eancias, desloca\u00e7\u00f5es entre ilhas e outras atividades di\u00e1rias dos magistrados.<\/li>\n<li>As consequ\u00eancias incluem aumento de compet\u00eancias dos procuradores, press\u00e3o nos tr\u00eas estabelecimentos prisionais e carga de casos de viol\u00eancia dom\u00e9stica, com pendentes a n\u00fameros elevados e casos de burnout entre magistrados.<\/li>\n<li>As infraestruturas s\u00e3o criticadas, com infiltra\u00e7\u00f5es, falta de climatiza\u00e7\u00e3o e acessibilidade, e h\u00e1 relatos de desloca\u00e7\u00f5es entre ilhas com hor\u00e1rios longos; a ronda aponta necessidade de investimento estrutural e um diagn\u00f3stico nacional.<\/li>\n<\/ul>\n","protected":false},"author":2,"featured_media":424304,"comment_status":"closed","ping_status":"closed","sticky":false,"template":"","format":"standard","meta":{"footnotes":""},"categories":[6815,1],"tags":[822,6331,4191,258,2613,2931],"class_list":["post-424303","post","type-post","status-publish","format-standard","has-post-thumbnail","hentry","category-justica","category-noticias","tag-acores","tag-condicoes-de-trabalho","tag-deslocacoes","tag-infraestruturas","tag-ministerio-publico","tag-ponta-delgada"],"yoast_head":"<!-- This site is optimized with the Yoast SEO plugin v27.2 - https:\/\/yoast.com\/product\/yoast-seo-wordpress\/ -->\n<title>Sindicato denuncia sobrecarga e falta de recursos no MP dos A\u00e7ores - Portal Tela Portugal<\/title>\n<meta name=\"robots\" content=\"index, follow, max-snippet:-1, max-image-preview:large, max-video-preview:-1\" \/>\n<meta property=\"og:locale\" content=\"pt_PT\" \/>\n<meta property=\"og:type\" content=\"article\" \/>\n<meta property=\"og:title\" content=\"Sindicato denuncia sobrecarga e falta de recursos no MP dos A\u00e7ores - Portal Tela Portugal\" \/>\n<meta property=\"og:description\" content=\"O Sindicato dos Magistrados do Minist\u00e9rio P\u00fablico denunciou, na ilha de S\u00e3o Miguel, um desajustamento profundo no funcionamento do MP dos A\u00e7ores, com falta de magistrados, de funcion\u00e1rios e instala\u00e7\u00f5es degradadas. A den\u00fancia saiu do plen\u00e1rio realizado em Ponta Delgada, integrado numa ronda nacional que envolve as 23 comarcas do pa\u00eds para identificar obst\u00e1culos estruturais e operacionais. O SMMP aponta que os valores de refer\u00eancia processual criam uma vis\u00e3o est\u00e1tica das necessidades, desconsiderando dilig\u00eancias, desloca\u00e7\u00f5es entre ilhas e outras atividades di\u00e1rias dos magistrados. As consequ\u00eancias incluem aumento de compet\u00eancias dos procuradores, press\u00e3o nos tr\u00eas estabelecimentos prisionais e carga de casos de viol\u00eancia dom\u00e9stica, com pendentes a n\u00fameros elevados e casos de burnout entre magistrados. As infraestruturas s\u00e3o criticadas, com infiltra\u00e7\u00f5es, falta de climatiza\u00e7\u00e3o e acessibilidade, e h\u00e1 relatos de desloca\u00e7\u00f5es entre ilhas com hor\u00e1rios longos; a ronda aponta necessidade de investimento estrutural e um diagn\u00f3stico nacional.\" \/>\n<meta property=\"og:url\" content=\"https:\/\/portaltela.pt\/noticias\/2026\/03\/27\/sindicato-denuncia-sobrecarga-e-falta-de-recursos-no-mp-dos-acores\/\" \/>\n<meta property=\"og:site_name\" content=\"Portal Tela Portugal\" \/>\n<meta property=\"article:published_time\" content=\"2026-03-27T19:27:08+00:00\" \/>\n<meta name=\"author\" content=\"Telinha\" \/>\n<meta name=\"twitter:card\" content=\"summary_large_image\" \/>\n<meta name=\"twitter:label1\" content=\"Escrito por\" \/>\n\t<meta name=\"twitter:data1\" content=\"Telinha\" \/>\n\t<meta name=\"twitter:label2\" content=\"Tempo estimado de leitura\" \/>\n\t<meta name=\"twitter:data2\" content=\"2 minutos\" \/>\n<script type=\"application\/ld+json\" class=\"yoast-schema-graph\">{\"@context\":\"https:\/\/schema.org\",\"@graph\":[{\"@type\":\"Article\",\"@id\":\"https:\/\/portaltela.pt\/noticias\/2026\/03\/27\/sindicato-denuncia-sobrecarga-e-falta-de-recursos-no-mp-dos-acores\/#article\",\"isPartOf\":{\"@id\":\"https:\/\/portaltela.pt\/noticias\/2026\/03\/27\/sindicato-denuncia-sobrecarga-e-falta-de-recursos-no-mp-dos-acores\/\"},\"author\":{\"name\":\"Telinha\",\"@id\":\"https:\/\/portaltela.pt\/#\/schema\/person\/c4278d4a6028830caff9ee44b42d32ed\"},\"headline\":\"Sindicato denuncia sobrecarga e falta de recursos no MP dos A\u00e7ores\",\"datePublished\":\"2026-03-27T19:27:08+00:00\",\"mainEntityOfPage\":{\"@id\":\"https:\/\/portaltela.pt\/noticias\/2026\/03\/27\/sindicato-denuncia-sobrecarga-e-falta-de-recursos-no-mp-dos-acores\/\"},\"wordCount\":408,\"image\":{\"@id\":\"https:\/\/portaltela.pt\/noticias\/2026\/03\/27\/sindicato-denuncia-sobrecarga-e-falta-de-recursos-no-mp-dos-acores\/#primaryimage\"},\"thumbnailUrl\":\"https:\/\/portaltela.pt\/s.01k8rhncp4jt1\/2026\/03\/img_1280x721uu2012-06-22-14-03-00-329072.jpg\",\"keywords\":[\"A\u00e7ores\",\"condi\u00e7\u00f5es de trabalho\",\"desloca\u00e7\u00f5es\",\"infraestruturas\",\"Minist\u00e9rio P\u00fablico\",\"Ponta Delgada\"],\"articleSection\":[\"Justi\u00e7a\",\"Not\u00edcias\"],\"inLanguage\":\"pt-PT\"},{\"@type\":\"WebPage\",\"@id\":\"https:\/\/portaltela.pt\/noticias\/2026\/03\/27\/sindicato-denuncia-sobrecarga-e-falta-de-recursos-no-mp-dos-acores\/\",\"url\":\"https:\/\/portaltela.pt\/noticias\/2026\/03\/27\/sindicato-denuncia-sobrecarga-e-falta-de-recursos-no-mp-dos-acores\/\",\"name\":\"Sindicato denuncia sobrecarga e falta de recursos no MP dos A\u00e7ores - Portal Tela Portugal\",\"isPartOf\":{\"@id\":\"https:\/\/portaltela.pt\/#website\"},\"primaryImageOfPage\":{\"@id\":\"https:\/\/portaltela.pt\/noticias\/2026\/03\/27\/sindicato-denuncia-sobrecarga-e-falta-de-recursos-no-mp-dos-acores\/#primaryimage\"},\"image\":{\"@id\":\"https:\/\/portaltela.pt\/noticias\/2026\/03\/27\/sindicato-denuncia-sobrecarga-e-falta-de-recursos-no-mp-dos-acores\/#primaryimage\"},\"thumbnailUrl\":\"https:\/\/portaltela.pt\/s.01k8rhncp4jt1\/2026\/03\/img_1280x721uu2012-06-22-14-03-00-329072.jpg\",\"datePublished\":\"2026-03-27T19:27:08+00:00\",\"author\":{\"@id\":\"https:\/\/portaltela.pt\/#\/schema\/person\/c4278d4a6028830caff9ee44b42d32ed\"},\"breadcrumb\":{\"@id\":\"https:\/\/portaltela.pt\/noticias\/2026\/03\/27\/sindicato-denuncia-sobrecarga-e-falta-de-recursos-no-mp-dos-acores\/#breadcrumb\"},\"inLanguage\":\"pt-PT\",\"potentialAction\":[{\"@type\":\"ReadAction\",\"target\":[\"https:\/\/portaltela.pt\/noticias\/2026\/03\/27\/sindicato-denuncia-sobrecarga-e-falta-de-recursos-no-mp-dos-acores\/\"]}]},{\"@type\":\"ImageObject\",\"inLanguage\":\"pt-PT\",\"@id\":\"https:\/\/portaltela.pt\/noticias\/2026\/03\/27\/sindicato-denuncia-sobrecarga-e-falta-de-recursos-no-mp-dos-acores\/#primaryimage\",\"url\":\"https:\/\/portaltela.pt\/s.01k8rhncp4jt1\/2026\/03\/img_1280x721uu2012-06-22-14-03-00-329072.jpg\",\"contentUrl\":\"https:\/\/portaltela.pt\/s.01k8rhncp4jt1\/2026\/03\/img_1280x721uu2012-06-22-14-03-00-329072.jpg\",\"width\":796,\"height\":448,\"caption\":\"Justi\u00e7a\"},{\"@type\":\"BreadcrumbList\",\"@id\":\"https:\/\/portaltela.pt\/noticias\/2026\/03\/27\/sindicato-denuncia-sobrecarga-e-falta-de-recursos-no-mp-dos-acores\/#breadcrumb\",\"itemListElement\":[{\"@type\":\"ListItem\",\"position\":1,\"name\":\"In\u00edcio\",\"item\":\"https:\/\/portaltela.pt\/\"},{\"@type\":\"ListItem\",\"position\":2,\"name\":\"Sindicato denuncia sobrecarga e falta de recursos no MP dos A\u00e7ores\"}]},{\"@type\":\"WebSite\",\"@id\":\"https:\/\/portaltela.pt\/#website\",\"url\":\"https:\/\/portaltela.pt\/\",\"name\":\"Portal Tela Portugal\",\"description\":\"\",\"potentialAction\":[{\"@type\":\"SearchAction\",\"target\":{\"@type\":\"EntryPoint\",\"urlTemplate\":\"https:\/\/portaltela.pt\/?s={search_term_string}\"},\"query-input\":{\"@type\":\"PropertyValueSpecification\",\"valueRequired\":true,\"valueName\":\"search_term_string\"}}],\"inLanguage\":\"pt-PT\"},{\"@type\":\"Person\",\"@id\":\"https:\/\/portaltela.pt\/#\/schema\/person\/c4278d4a6028830caff9ee44b42d32ed\",\"name\":\"Telinha\",\"image\":{\"@type\":\"ImageObject\",\"inLanguage\":\"pt-PT\",\"@id\":\"https:\/\/portaltela.pt\/s.01k8rhncp4jt1\/2025\/11\/talking-bot-125x125.png\",\"url\":\"https:\/\/portaltela.pt\/s.01k8rhncp4jt1\/2025\/11\/talking-bot-125x125.png\",\"contentUrl\":\"https:\/\/portaltela.pt\/s.01k8rhncp4jt1\/2025\/11\/talking-bot-125x125.png\",\"caption\":\"Telinha\"},\"sameAs\":[\"https:\/\/portaltela.pt\/\"],\"url\":\"https:\/\/portaltela.pt\/por\/367410592786\/\"}]}<\/script>\n<!-- \/ Yoast SEO plugin. -->","yoast_head_json":{"title":"Sindicato denuncia sobrecarga e falta de recursos no MP dos A\u00e7ores - Portal Tela Portugal","robots":{"index":"index","follow":"follow","max-snippet":"max-snippet:-1","max-image-preview":"max-image-preview:large","max-video-preview":"max-video-preview:-1"},"og_locale":"pt_PT","og_type":"article","og_title":"Sindicato denuncia sobrecarga e falta de recursos no MP dos A\u00e7ores - Portal Tela Portugal","og_description":"O Sindicato dos Magistrados do Minist\u00e9rio P\u00fablico denunciou, na ilha de S\u00e3o Miguel, um desajustamento profundo no funcionamento do MP dos A\u00e7ores, com falta de magistrados, de funcion\u00e1rios e instala\u00e7\u00f5es degradadas. A den\u00fancia saiu do plen\u00e1rio realizado em Ponta Delgada, integrado numa ronda nacional que envolve as 23 comarcas do pa\u00eds para identificar obst\u00e1culos estruturais e operacionais. O SMMP aponta que os valores de refer\u00eancia processual criam uma vis\u00e3o est\u00e1tica das necessidades, desconsiderando dilig\u00eancias, desloca\u00e7\u00f5es entre ilhas e outras atividades di\u00e1rias dos magistrados. As consequ\u00eancias incluem aumento de compet\u00eancias dos procuradores, press\u00e3o nos tr\u00eas estabelecimentos prisionais e carga de casos de viol\u00eancia dom\u00e9stica, com pendentes a n\u00fameros elevados e casos de burnout entre magistrados. As infraestruturas s\u00e3o criticadas, com infiltra\u00e7\u00f5es, falta de climatiza\u00e7\u00e3o e acessibilidade, e h\u00e1 relatos de desloca\u00e7\u00f5es entre ilhas com hor\u00e1rios longos; a ronda aponta necessidade de investimento estrutural e um diagn\u00f3stico nacional.","og_url":"https:\/\/portaltela.pt\/noticias\/2026\/03\/27\/sindicato-denuncia-sobrecarga-e-falta-de-recursos-no-mp-dos-acores\/","og_site_name":"Portal Tela Portugal","article_published_time":"2026-03-27T19:27:08+00:00","author":"Telinha","twitter_card":"summary_large_image","twitter_misc":{"Escrito por":"Telinha","Tempo estimado de leitura":"2 minutos"},"schema":{"@context":"https:\/\/schema.org","@graph":[{"@type":"Article","@id":"https:\/\/portaltela.pt\/noticias\/2026\/03\/27\/sindicato-denuncia-sobrecarga-e-falta-de-recursos-no-mp-dos-acores\/#article","isPartOf":{"@id":"https:\/\/portaltela.pt\/noticias\/2026\/03\/27\/sindicato-denuncia-sobrecarga-e-falta-de-recursos-no-mp-dos-acores\/"},"author":{"name":"Telinha","@id":"https:\/\/portaltela.pt\/#\/schema\/person\/c4278d4a6028830caff9ee44b42d32ed"},"headline":"Sindicato denuncia sobrecarga e falta de recursos no MP dos A\u00e7ores","datePublished":"2026-03-27T19:27:08+00:00","mainEntityOfPage":{"@id":"https:\/\/portaltela.pt\/noticias\/2026\/03\/27\/sindicato-denuncia-sobrecarga-e-falta-de-recursos-no-mp-dos-acores\/"},"wordCount":408,"image":{"@id":"https:\/\/portaltela.pt\/noticias\/2026\/03\/27\/sindicato-denuncia-sobrecarga-e-falta-de-recursos-no-mp-dos-acores\/#primaryimage"},"thumbnailUrl":"https:\/\/portaltela.pt\/s.01k8rhncp4jt1\/2026\/03\/img_1280x721uu2012-06-22-14-03-00-329072.jpg","keywords":["A\u00e7ores","condi\u00e7\u00f5es de trabalho","desloca\u00e7\u00f5es","infraestruturas","Minist\u00e9rio P\u00fablico","Ponta Delgada"],"articleSection":["Justi\u00e7a","Not\u00edcias"],"inLanguage":"pt-PT"},{"@type":"WebPage","@id":"https:\/\/portaltela.pt\/noticias\/2026\/03\/27\/sindicato-denuncia-sobrecarga-e-falta-de-recursos-no-mp-dos-acores\/","url":"https:\/\/portaltela.pt\/noticias\/2026\/03\/27\/sindicato-denuncia-sobrecarga-e-falta-de-recursos-no-mp-dos-acores\/","name":"Sindicato denuncia sobrecarga e falta de recursos no MP dos A\u00e7ores - Portal Tela Portugal","isPartOf":{"@id":"https:\/\/portaltela.pt\/#website"},"primaryImageOfPage":{"@id":"https:\/\/portaltela.pt\/noticias\/2026\/03\/27\/sindicato-denuncia-sobrecarga-e-falta-de-recursos-no-mp-dos-acores\/#primaryimage"},"image":{"@id":"https:\/\/portaltela.pt\/noticias\/2026\/03\/27\/sindicato-denuncia-sobrecarga-e-falta-de-recursos-no-mp-dos-acores\/#primaryimage"},"thumbnailUrl":"https:\/\/portaltela.pt\/s.01k8rhncp4jt1\/2026\/03\/img_1280x721uu2012-06-22-14-03-00-329072.jpg","datePublished":"2026-03-27T19:27:08+00:00","author":{"@id":"https:\/\/portaltela.pt\/#\/schema\/person\/c4278d4a6028830caff9ee44b42d32ed"},"breadcrumb":{"@id":"https:\/\/portaltela.pt\/noticias\/2026\/03\/27\/sindicato-denuncia-sobrecarga-e-falta-de-recursos-no-mp-dos-acores\/#breadcrumb"},"inLanguage":"pt-PT","potentialAction":[{"@type":"ReadAction","target":["https:\/\/portaltela.pt\/noticias\/2026\/03\/27\/sindicato-denuncia-sobrecarga-e-falta-de-recursos-no-mp-dos-acores\/"]}]},{"@type":"ImageObject","inLanguage":"pt-PT","@id":"https:\/\/portaltela.pt\/noticias\/2026\/03\/27\/sindicato-denuncia-sobrecarga-e-falta-de-recursos-no-mp-dos-acores\/#primaryimage","url":"https:\/\/portaltela.pt\/s.01k8rhncp4jt1\/2026\/03\/img_1280x721uu2012-06-22-14-03-00-329072.jpg","contentUrl":"https:\/\/portaltela.pt\/s.01k8rhncp4jt1\/2026\/03\/img_1280x721uu2012-06-22-14-03-00-329072.jpg","width":796,"height":448,"caption":"Justi\u00e7a"},{"@type":"BreadcrumbList","@id":"https:\/\/portaltela.pt\/noticias\/2026\/03\/27\/sindicato-denuncia-sobrecarga-e-falta-de-recursos-no-mp-dos-acores\/#breadcrumb","itemListElement":[{"@type":"ListItem","position":1,"name":"In\u00edcio","item":"https:\/\/portaltela.pt\/"},{"@type":"ListItem","position":2,"name":"Sindicato denuncia sobrecarga e falta de recursos no MP dos A\u00e7ores"}]},{"@type":"WebSite","@id":"https:\/\/portaltela.pt\/#website","url":"https:\/\/portaltela.pt\/","name":"Portal Tela Portugal","description":"","potentialAction":[{"@type":"SearchAction","target":{"@type":"EntryPoint","urlTemplate":"https:\/\/portaltela.pt\/?s={search_term_string}"},"query-input":{"@type":"PropertyValueSpecification","valueRequired":true,"valueName":"search_term_string"}}],"inLanguage":"pt-PT"},{"@type":"Person","@id":"https:\/\/portaltela.pt\/#\/schema\/person\/c4278d4a6028830caff9ee44b42d32ed","name":"Telinha","image":{"@type":"ImageObject","inLanguage":"pt-PT","@id":"https:\/\/portaltela.pt\/s.01k8rhncp4jt1\/2025\/11\/talking-bot-125x125.png","url":"https:\/\/portaltela.pt\/s.01k8rhncp4jt1\/2025\/11\/talking-bot-125x125.png","contentUrl":"https:\/\/portaltela.pt\/s.01k8rhncp4jt1\/2025\/11\/talking-bot-125x125.png","caption":"Telinha"},"sameAs":["https:\/\/portaltela.pt\/"],"url":"https:\/\/portaltela.pt\/por\/367410592786\/"}]}},"_links":{"self":[{"href":"https:\/\/portaltela.pt\/api\/wp\/v2\/posts\/424303","targetHints":{"allow":["GET"]}}],"collection":[{"href":"https:\/\/portaltela.pt\/api\/wp\/v2\/posts"}],"about":[{"href":"https:\/\/portaltela.pt\/api\/wp\/v2\/types\/post"}],"author":[{"embeddable":true,"href":"https:\/\/portaltela.pt\/api\/wp\/v2\/users\/2"}],"replies":[{"embeddable":true,"href":"https:\/\/portaltela.pt\/api\/wp\/v2\/comments?post=424303"}],"version-history":[{"count":0,"href":"https:\/\/portaltela.pt\/api\/wp\/v2\/posts\/424303\/revisions"}],"wp:featuredmedia":[{"embeddable":true,"href":"https:\/\/portaltela.pt\/api\/wp\/v2\/media\/424304"}],"wp:attachment":[{"href":"https:\/\/portaltela.pt\/api\/wp\/v2\/media?parent=424303"}],"wp:term":[{"taxonomy":"category","embeddable":true,"href":"https:\/\/portaltela.pt\/api\/wp\/v2\/categories?post=424303"},{"taxonomy":"post_tag","embeddable":true,"href":"https:\/\/portaltela.pt\/api\/wp\/v2\/tags?post=424303"}],"curies":[{"name":"wp","href":"https:\/\/api.w.org\/{rel}","templated":true}]}}