{"id":424275,"date":"2026-03-27T16:10:16","date_gmt":"2026-03-27T19:10:16","guid":{"rendered":"https:\/\/portaltela.pt\/noticias\/2026\/03\/27\/grillitsch-titular-na-goleada-da-austria-sobre-o-gana\/"},"modified":"2026-03-27T16:10:16","modified_gmt":"2026-03-27T19:10:16","slug":"grillitsch-titular-na-goleada-da-austria-sobre-o-gana","status":"publish","type":"post","link":"https:\/\/portaltela.pt\/desporto\/futebol\/2026\/03\/27\/grillitsch-titular-na-goleada-da-austria-sobre-o-gana\/","title":{"rendered":"Grillitsch titular na goleada da \u00c1ustria sobre o Gana"},"content":{"rendered":"<p>O selecionado austr\u00edaco venceu o Gana por 5-1 num jogo particular realizado no Est\u00e1dio Ernst Happel, em Viena. Karl Grillitsch, do Sp. Braga, foi titular, enquanto Andre Ayew marcou o \u00fanico golo gan\u00eas. Os austr\u00edacos consolidaram o resultado ao intervalo.<\/p>\n<p>A equipa de Ralf Rangnick abriu 1-0, com os austr\u00edacos a contarem com tentos de Sabitzer, Michael Gregoritsch, Stefan Posch, Chukwuemeka e Nicolas Seiwald. Ayew reduziu para o Gana, num encontro que contou com v\u00e1rias mexidas ao intervalo.<\/p>\n<h3>Altera\u00e7\u00f5es na equipa e desempenho<\/h3>\n<p>Grillitsch foi substitu\u00eddo ao intervalo, momento em que Rangnick operou v\u00e1rias mudan\u00e7as, mantendo o 1-0 no marcador. O m\u00e9dio de 30 anos ter\u00e1 nova oportunidade para se mostrar numa nova sess\u00e3o de prepara\u00e7\u00e3o contra a Coreia do Sul.<\/p>\n<h3>Pr\u00f3ximo compromisso e contexto de apuramento<\/h3>\n<p>Ambas as selec\u00e7\u00f5es est\u00e3o j\u00e1 qualificadas para o Mundial 2026, a disputar no Ver\u00e3o no M\u00e9xico, nos Estados Unidos e no Canad\u00e1. O pr\u00f3ximo desafio visa manter a forma e ajustar a tactica para o torneio mundial.<\/p>\n","protected":false},"excerpt":{"rendered":"<ul>\n<li>A \u00c1ustria venceu Gana por 5-1 num jogo particular realizado em Viena, no Est\u00e1dio Ernst Happel.<\/li>\n<li>Grillitsch, de 30 anos, foi titular e substitu\u00eddo ao intervalo, com o jogo em 1-0.<\/li>\n<li>Os golos austr\u00edacos foram de Sabitzer, Michael Gregoritsch, Stefan Posch, Chukwuemeka e Nicolas Seiwald.<\/li>\n<li>Andre Ayew reduziu para os ganeses, marcando o golo africano.<\/li>\n<li>Ambos os selecionados j\u00e1 est\u00e3o apurados para o Mundial 2026; Grillitsch volta a atuar na ter\u00e7a-feira contra a Coreia do Sul.<\/li>\n<\/ul>\n","protected":false},"author":2,"featured_media":424280,"comment_status":"closed","ping_status":"closed","sticky":false,"template":"","format":"standard","meta":{"footnotes":""},"categories":[21,24],"tags":[7302,2872,90,32,3338,2057],"class_list":["post-424275","post","type-post","status-publish","format-standard","has-post-thumbnail","hentry","category-desporto","category-futebol","tag-amistosos","tag-austria","tag-copa-do-mundo","tag-futebol","tag-futebol-internacional","tag-selecao-nacional"],"yoast_head":"<!-- This site is optimized with the Yoast SEO plugin v27.2 - https:\/\/yoast.com\/product\/yoast-seo-wordpress\/ -->\n<title>Grillitsch titular na goleada da \u00c1ustria sobre o Gana - Portal Tela Portugal<\/title>\n<meta name=\"robots\" content=\"index, follow, max-snippet:-1, max-image-preview:large, max-video-preview:-1\" \/>\n<meta property=\"og:locale\" content=\"pt_PT\" \/>\n<meta property=\"og:type\" content=\"article\" \/>\n<meta property=\"og:title\" content=\"Grillitsch titular na goleada da \u00c1ustria sobre o Gana - Portal Tela Portugal\" \/>\n<meta property=\"og:description\" content=\"A \u00c1ustria venceu Gana por 5-1 num jogo particular realizado em Viena, no Est\u00e1dio Ernst Happel. Grillitsch, de 30 anos, foi titular e substitu\u00eddo ao intervalo, com o jogo em 1-0. Os golos austr\u00edacos foram de Sabitzer, Michael Gregoritsch, Stefan Posch, Chukwuemeka e Nicolas Seiwald. Andre Ayew reduziu para os ganeses, marcando o golo africano. Ambos os selecionados j\u00e1 est\u00e3o apurados para o Mundial 2026; Grillitsch volta a atuar na ter\u00e7a-feira contra a Coreia do Sul.\" \/>\n<meta property=\"og:url\" content=\"https:\/\/portaltela.pt\/noticias\/2026\/03\/27\/grillitsch-titular-na-goleada-da-austria-sobre-o-gana\/\" \/>\n<meta property=\"og:site_name\" content=\"Portal Tela Portugal\" \/>\n<meta property=\"article:published_time\" content=\"2026-03-27T19:10:16+00:00\" \/>\n<meta name=\"author\" content=\"Telinha\" \/>\n<meta name=\"twitter:card\" content=\"summary_large_image\" \/>\n<meta name=\"twitter:label1\" content=\"Escrito por\" \/>\n\t<meta name=\"twitter:data1\" content=\"Telinha\" \/>\n\t<meta name=\"twitter:label2\" content=\"Tempo estimado de leitura\" \/>\n\t<meta name=\"twitter:data2\" content=\"1 minuto\" \/>\n<script type=\"application\/ld+json\" class=\"yoast-schema-graph\">{\"@context\":\"https:\/\/schema.org\",\"@graph\":[{\"@type\":\"Article\",\"@id\":\"https:\/\/portaltela.pt\/noticias\/2026\/03\/27\/grillitsch-titular-na-goleada-da-austria-sobre-o-gana\/#article\",\"isPartOf\":{\"@id\":\"https:\/\/portaltela.pt\/noticias\/2026\/03\/27\/grillitsch-titular-na-goleada-da-austria-sobre-o-gana\/\"},\"author\":{\"name\":\"Telinha\",\"@id\":\"https:\/\/portaltela.pt\/#\/schema\/person\/c4278d4a6028830caff9ee44b42d32ed\"},\"headline\":\"Grillitsch titular na goleada da \u00c1ustria sobre o Gana\",\"datePublished\":\"2026-03-27T19:10:16+00:00\",\"mainEntityOfPage\":{\"@id\":\"https:\/\/portaltela.pt\/noticias\/2026\/03\/27\/grillitsch-titular-na-goleada-da-austria-sobre-o-gana\/\"},\"wordCount\":190,\"image\":{\"@id\":\"https:\/\/portaltela.pt\/noticias\/2026\/03\/27\/grillitsch-titular-na-goleada-da-austria-sobre-o-gana\/#primaryimage\"},\"thumbnailUrl\":\"https:\/\/portaltela.pt\/s.01k8rhncp4jt1\/2026\/03\/img_920x518uu2026-03-27-19-10-05-2429749.jpg\",\"keywords\":[\"amistosos\",\"\u00c1ustria\",\"copa do mundo\",\"futebol\",\"futebol internacional\",\"Sele\u00e7\u00e3o Nacional\"],\"articleSection\":[\"Desporto\",\"Futebol\"],\"inLanguage\":\"pt-PT\"},{\"@type\":\"WebPage\",\"@id\":\"https:\/\/portaltela.pt\/noticias\/2026\/03\/27\/grillitsch-titular-na-goleada-da-austria-sobre-o-gana\/\",\"url\":\"https:\/\/portaltela.pt\/noticias\/2026\/03\/27\/grillitsch-titular-na-goleada-da-austria-sobre-o-gana\/\",\"name\":\"Grillitsch titular na goleada da \u00c1ustria sobre o Gana - Portal Tela Portugal\",\"isPartOf\":{\"@id\":\"https:\/\/portaltela.pt\/#website\"},\"primaryImageOfPage\":{\"@id\":\"https:\/\/portaltela.pt\/noticias\/2026\/03\/27\/grillitsch-titular-na-goleada-da-austria-sobre-o-gana\/#primaryimage\"},\"image\":{\"@id\":\"https:\/\/portaltela.pt\/noticias\/2026\/03\/27\/grillitsch-titular-na-goleada-da-austria-sobre-o-gana\/#primaryimage\"},\"thumbnailUrl\":\"https:\/\/portaltela.pt\/s.01k8rhncp4jt1\/2026\/03\/img_920x518uu2026-03-27-19-10-05-2429749.jpg\",\"datePublished\":\"2026-03-27T19:10:16+00:00\",\"author\":{\"@id\":\"https:\/\/portaltela.pt\/#\/schema\/person\/c4278d4a6028830caff9ee44b42d32ed\"},\"breadcrumb\":{\"@id\":\"https:\/\/portaltela.pt\/noticias\/2026\/03\/27\/grillitsch-titular-na-goleada-da-austria-sobre-o-gana\/#breadcrumb\"},\"inLanguage\":\"pt-PT\",\"potentialAction\":[{\"@type\":\"ReadAction\",\"target\":[\"https:\/\/portaltela.pt\/noticias\/2026\/03\/27\/grillitsch-titular-na-goleada-da-austria-sobre-o-gana\/\"]}]},{\"@type\":\"ImageObject\",\"inLanguage\":\"pt-PT\",\"@id\":\"https:\/\/portaltela.pt\/noticias\/2026\/03\/27\/grillitsch-titular-na-goleada-da-austria-sobre-o-gana\/#primaryimage\",\"url\":\"https:\/\/portaltela.pt\/s.01k8rhncp4jt1\/2026\/03\/img_920x518uu2026-03-27-19-10-05-2429749.jpg\",\"contentUrl\":\"https:\/\/portaltela.pt\/s.01k8rhncp4jt1\/2026\/03\/img_920x518uu2026-03-27-19-10-05-2429749.jpg\",\"width\":796,\"height\":448,\"caption\":\"Grillitsch ao servi\u00e7o da \u00c1ustria\"},{\"@type\":\"BreadcrumbList\",\"@id\":\"https:\/\/portaltela.pt\/noticias\/2026\/03\/27\/grillitsch-titular-na-goleada-da-austria-sobre-o-gana\/#breadcrumb\",\"itemListElement\":[{\"@type\":\"ListItem\",\"position\":1,\"name\":\"In\u00edcio\",\"item\":\"https:\/\/portaltela.pt\/\"},{\"@type\":\"ListItem\",\"position\":2,\"name\":\"Grillitsch titular na goleada da \u00c1ustria sobre o Gana\"}]},{\"@type\":\"WebSite\",\"@id\":\"https:\/\/portaltela.pt\/#website\",\"url\":\"https:\/\/portaltela.pt\/\",\"name\":\"Portal Tela Portugal\",\"description\":\"\",\"potentialAction\":[{\"@type\":\"SearchAction\",\"target\":{\"@type\":\"EntryPoint\",\"urlTemplate\":\"https:\/\/portaltela.pt\/?s={search_term_string}\"},\"query-input\":{\"@type\":\"PropertyValueSpecification\",\"valueRequired\":true,\"valueName\":\"search_term_string\"}}],\"inLanguage\":\"pt-PT\"},{\"@type\":\"Person\",\"@id\":\"https:\/\/portaltela.pt\/#\/schema\/person\/c4278d4a6028830caff9ee44b42d32ed\",\"name\":\"Telinha\",\"image\":{\"@type\":\"ImageObject\",\"inLanguage\":\"pt-PT\",\"@id\":\"https:\/\/portaltela.pt\/s.01k8rhncp4jt1\/2025\/11\/talking-bot-125x125.png\",\"url\":\"https:\/\/portaltela.pt\/s.01k8rhncp4jt1\/2025\/11\/talking-bot-125x125.png\",\"contentUrl\":\"https:\/\/portaltela.pt\/s.01k8rhncp4jt1\/2025\/11\/talking-bot-125x125.png\",\"caption\":\"Telinha\"},\"sameAs\":[\"https:\/\/portaltela.pt\/\"],\"url\":\"https:\/\/portaltela.pt\/por\/367410592786\/\"}]}<\/script>\n<!-- \/ Yoast SEO plugin. -->","yoast_head_json":{"title":"Grillitsch titular na goleada da \u00c1ustria sobre o Gana - Portal Tela Portugal","robots":{"index":"index","follow":"follow","max-snippet":"max-snippet:-1","max-image-preview":"max-image-preview:large","max-video-preview":"max-video-preview:-1"},"og_locale":"pt_PT","og_type":"article","og_title":"Grillitsch titular na goleada da \u00c1ustria sobre o Gana - Portal Tela Portugal","og_description":"A \u00c1ustria venceu Gana por 5-1 num jogo particular realizado em Viena, no Est\u00e1dio Ernst Happel. Grillitsch, de 30 anos, foi titular e substitu\u00eddo ao intervalo, com o jogo em 1-0. Os golos austr\u00edacos foram de Sabitzer, Michael Gregoritsch, Stefan Posch, Chukwuemeka e Nicolas Seiwald. Andre Ayew reduziu para os ganeses, marcando o golo africano. Ambos os selecionados j\u00e1 est\u00e3o apurados para o Mundial 2026; Grillitsch volta a atuar na ter\u00e7a-feira contra a Coreia do Sul.","og_url":"https:\/\/portaltela.pt\/noticias\/2026\/03\/27\/grillitsch-titular-na-goleada-da-austria-sobre-o-gana\/","og_site_name":"Portal Tela Portugal","article_published_time":"2026-03-27T19:10:16+00:00","author":"Telinha","twitter_card":"summary_large_image","twitter_misc":{"Escrito por":"Telinha","Tempo estimado de leitura":"1 minuto"},"schema":{"@context":"https:\/\/schema.org","@graph":[{"@type":"Article","@id":"https:\/\/portaltela.pt\/noticias\/2026\/03\/27\/grillitsch-titular-na-goleada-da-austria-sobre-o-gana\/#article","isPartOf":{"@id":"https:\/\/portaltela.pt\/noticias\/2026\/03\/27\/grillitsch-titular-na-goleada-da-austria-sobre-o-gana\/"},"author":{"name":"Telinha","@id":"https:\/\/portaltela.pt\/#\/schema\/person\/c4278d4a6028830caff9ee44b42d32ed"},"headline":"Grillitsch titular na goleada da \u00c1ustria sobre o Gana","datePublished":"2026-03-27T19:10:16+00:00","mainEntityOfPage":{"@id":"https:\/\/portaltela.pt\/noticias\/2026\/03\/27\/grillitsch-titular-na-goleada-da-austria-sobre-o-gana\/"},"wordCount":190,"image":{"@id":"https:\/\/portaltela.pt\/noticias\/2026\/03\/27\/grillitsch-titular-na-goleada-da-austria-sobre-o-gana\/#primaryimage"},"thumbnailUrl":"https:\/\/portaltela.pt\/s.01k8rhncp4jt1\/2026\/03\/img_920x518uu2026-03-27-19-10-05-2429749.jpg","keywords":["amistosos","\u00c1ustria","copa do mundo","futebol","futebol internacional","Sele\u00e7\u00e3o Nacional"],"articleSection":["Desporto","Futebol"],"inLanguage":"pt-PT"},{"@type":"WebPage","@id":"https:\/\/portaltela.pt\/noticias\/2026\/03\/27\/grillitsch-titular-na-goleada-da-austria-sobre-o-gana\/","url":"https:\/\/portaltela.pt\/noticias\/2026\/03\/27\/grillitsch-titular-na-goleada-da-austria-sobre-o-gana\/","name":"Grillitsch titular na goleada da \u00c1ustria sobre o Gana - Portal Tela Portugal","isPartOf":{"@id":"https:\/\/portaltela.pt\/#website"},"primaryImageOfPage":{"@id":"https:\/\/portaltela.pt\/noticias\/2026\/03\/27\/grillitsch-titular-na-goleada-da-austria-sobre-o-gana\/#primaryimage"},"image":{"@id":"https:\/\/portaltela.pt\/noticias\/2026\/03\/27\/grillitsch-titular-na-goleada-da-austria-sobre-o-gana\/#primaryimage"},"thumbnailUrl":"https:\/\/portaltela.pt\/s.01k8rhncp4jt1\/2026\/03\/img_920x518uu2026-03-27-19-10-05-2429749.jpg","datePublished":"2026-03-27T19:10:16+00:00","author":{"@id":"https:\/\/portaltela.pt\/#\/schema\/person\/c4278d4a6028830caff9ee44b42d32ed"},"breadcrumb":{"@id":"https:\/\/portaltela.pt\/noticias\/2026\/03\/27\/grillitsch-titular-na-goleada-da-austria-sobre-o-gana\/#breadcrumb"},"inLanguage":"pt-PT","potentialAction":[{"@type":"ReadAction","target":["https:\/\/portaltela.pt\/noticias\/2026\/03\/27\/grillitsch-titular-na-goleada-da-austria-sobre-o-gana\/"]}]},{"@type":"ImageObject","inLanguage":"pt-PT","@id":"https:\/\/portaltela.pt\/noticias\/2026\/03\/27\/grillitsch-titular-na-goleada-da-austria-sobre-o-gana\/#primaryimage","url":"https:\/\/portaltela.pt\/s.01k8rhncp4jt1\/2026\/03\/img_920x518uu2026-03-27-19-10-05-2429749.jpg","contentUrl":"https:\/\/portaltela.pt\/s.01k8rhncp4jt1\/2026\/03\/img_920x518uu2026-03-27-19-10-05-2429749.jpg","width":796,"height":448,"caption":"Grillitsch ao servi\u00e7o da \u00c1ustria"},{"@type":"BreadcrumbList","@id":"https:\/\/portaltela.pt\/noticias\/2026\/03\/27\/grillitsch-titular-na-goleada-da-austria-sobre-o-gana\/#breadcrumb","itemListElement":[{"@type":"ListItem","position":1,"name":"In\u00edcio","item":"https:\/\/portaltela.pt\/"},{"@type":"ListItem","position":2,"name":"Grillitsch titular na goleada da \u00c1ustria sobre o Gana"}]},{"@type":"WebSite","@id":"https:\/\/portaltela.pt\/#website","url":"https:\/\/portaltela.pt\/","name":"Portal Tela Portugal","description":"","potentialAction":[{"@type":"SearchAction","target":{"@type":"EntryPoint","urlTemplate":"https:\/\/portaltela.pt\/?s={search_term_string}"},"query-input":{"@type":"PropertyValueSpecification","valueRequired":true,"valueName":"search_term_string"}}],"inLanguage":"pt-PT"},{"@type":"Person","@id":"https:\/\/portaltela.pt\/#\/schema\/person\/c4278d4a6028830caff9ee44b42d32ed","name":"Telinha","image":{"@type":"ImageObject","inLanguage":"pt-PT","@id":"https:\/\/portaltela.pt\/s.01k8rhncp4jt1\/2025\/11\/talking-bot-125x125.png","url":"https:\/\/portaltela.pt\/s.01k8rhncp4jt1\/2025\/11\/talking-bot-125x125.png","contentUrl":"https:\/\/portaltela.pt\/s.01k8rhncp4jt1\/2025\/11\/talking-bot-125x125.png","caption":"Telinha"},"sameAs":["https:\/\/portaltela.pt\/"],"url":"https:\/\/portaltela.pt\/por\/367410592786\/"}]}},"_links":{"self":[{"href":"https:\/\/portaltela.pt\/api\/wp\/v2\/posts\/424275","targetHints":{"allow":["GET"]}}],"collection":[{"href":"https:\/\/portaltela.pt\/api\/wp\/v2\/posts"}],"about":[{"href":"https:\/\/portaltela.pt\/api\/wp\/v2\/types\/post"}],"author":[{"embeddable":true,"href":"https:\/\/portaltela.pt\/api\/wp\/v2\/users\/2"}],"replies":[{"embeddable":true,"href":"https:\/\/portaltela.pt\/api\/wp\/v2\/comments?post=424275"}],"version-history":[{"count":0,"href":"https:\/\/portaltela.pt\/api\/wp\/v2\/posts\/424275\/revisions"}],"wp:featuredmedia":[{"embeddable":true,"href":"https:\/\/portaltela.pt\/api\/wp\/v2\/media\/424280"}],"wp:attachment":[{"href":"https:\/\/portaltela.pt\/api\/wp\/v2\/media?parent=424275"}],"wp:term":[{"taxonomy":"category","embeddable":true,"href":"https:\/\/portaltela.pt\/api\/wp\/v2\/categories?post=424275"},{"taxonomy":"post_tag","embeddable":true,"href":"https:\/\/portaltela.pt\/api\/wp\/v2\/tags?post=424275"}],"curies":[{"name":"wp","href":"https:\/\/api.w.org\/{rel}","templated":true}]}}