{"id":424250,"date":"2026-03-27T15:45:00","date_gmt":"2026-03-27T18:45:00","guid":{"rendered":"https:\/\/portaltela.pt\/noticias\/2026\/03\/27\/proibicao-de-camioes-na-vci-devera-entrar-em-vigor-no-segundo-semestre\/"},"modified":"2026-03-27T15:45:00","modified_gmt":"2026-03-27T18:45:00","slug":"proibicao-de-camioes-na-vci-devera-entrar-em-vigor-no-segundo-semestre","status":"publish","type":"post","link":"https:\/\/portaltela.pt\/sociedade\/2026\/03\/27\/proibicao-de-camioes-na-vci-devera-entrar-em-vigor-no-segundo-semestre\/","title":{"rendered":"Proibi\u00e7\u00e3o de cami\u00f5es na VCI dever\u00e1 entrar em vigor no segundo semestre"},"content":{"rendered":"<p>O presidente da C\u00e2mara do Porto, Pedro Duarte, sinalizou que a proibi\u00e7\u00e3o de tr\u00e1fego de cami\u00f5es na Via de Cintura Interna (VCI) pode entrar em vigor j\u00e1 no segundo semestre deste ano. A implementa\u00e7\u00e3o depende, neste momento, da solu\u00e7\u00e3o t\u00e9cnica adequada.<\/p>\n<p>A decis\u00e3o final cabe ao Governo, indicou o autarca, que acrescentou que a autarquia e a \u00c1rea Metropolitana est\u00e3o a trabalhar para acelerar o processo. O objetivo \u00e9 tornar a medida pr\u00e1tica e eficaz.<\/p>\n<p>Segundo Duarte, o Governo j\u00e1 tem o despacho preparado para concretizar a medida. A prioridade passa pela defini\u00e7\u00e3o de uma solu\u00e7\u00e3o t\u00e9cnica que permita fiscaliza\u00e7\u00e3o, controlo e auto de infrac\u00e7\u00f5es.<\/p>\n<p>O trabalho est\u00e1 a ser realizado com a IP, entidade que gere a infraestrutura da VCI. A C\u00e2mara do Porto e a \u00c1rea Metropolitana disponibilizam-se para acelerar a implementa\u00e7\u00e3o, dentro do \u00e2mbito de responsabilidade t\u00e9cnica da IP.<\/p>\n<p>A meta \u00e9 ter a solu\u00e7\u00e3o tecnol\u00f3gica pronta at\u00e9 ao ver\u00e3o, de modo a que a proibi\u00e7\u00e3o possa estar aplicada no in\u00edcio do segundo semestre, conforme o cronograma em curso.<\/p>\n","protected":false},"excerpt":{"rendered":"<ul>\n<li>A proibi\u00e7\u00e3o de tr\u00e1fego de cami\u00f5es na Via de Cintura Interna (VCI) pode entrar em vigor no segundo semestre, conforme prev\u00ea o presidente da C\u00e2mara do Porto.<\/li>\n<li>A implementa\u00e7\u00e3o depende da concretiza\u00e7\u00e3o de uma solu\u00e7\u00e3o t\u00e9cnica para fiscaliza\u00e7\u00e3o, controlo e autua\u00e7\u00e3o de infratores.<\/li>\n<li>A decis\u00e3o final sobre a medida continua a ser do Governo, mas a C\u00e2mara do Porto e a \u00c1rea Metropolitana trabalham para acelerar o processo.<\/li>\n<li>O munic\u00edpio afirma que o Governo j\u00e1 tem o despacho preparado para a medida e que est\u00e1 a ser definida a solu\u00e7\u00e3o t\u00e9cnica.<\/li>\n<li>A solu\u00e7\u00e3o tecnol\u00f3gica dever\u00e1 estar pronta at\u00e9 ao ver\u00e3o, com possibilidade de entrada em vigor no in\u00edcio do segundo semestre.<\/li>\n<\/ul>\n","protected":false},"author":2,"featured_media":424253,"comment_status":"closed","ping_status":"closed","sticky":false,"template":"","format":"standard","meta":{"footnotes":""},"categories":[1,6871],"tags":[6317,229,982,2761,4988,2891],"class_list":["post-424250","post","type-post","status-publish","format-standard","has-post-thumbnail","hentry","category-noticias","category-sociedade","tag-infraestrutura-rodoviaria","tag-politica-publica","tag-porto","tag-seguranca-rodoviaria","tag-transporte-rodoviarios","tag-via-publica"],"yoast_head":"<!-- This site is optimized with the Yoast SEO plugin v27.2 - https:\/\/yoast.com\/product\/yoast-seo-wordpress\/ -->\n<title>Proibi\u00e7\u00e3o de cami\u00f5es na VCI dever\u00e1 entrar em vigor no segundo semestre - Portal Tela Portugal<\/title>\n<meta name=\"robots\" content=\"index, follow, max-snippet:-1, max-image-preview:large, max-video-preview:-1\" \/>\n<meta property=\"og:locale\" content=\"pt_PT\" \/>\n<meta property=\"og:type\" content=\"article\" \/>\n<meta property=\"og:title\" content=\"Proibi\u00e7\u00e3o de cami\u00f5es na VCI dever\u00e1 entrar em vigor no segundo semestre - Portal Tela Portugal\" \/>\n<meta property=\"og:description\" content=\"A proibi\u00e7\u00e3o de tr\u00e1fego de cami\u00f5es na Via de Cintura Interna (VCI) pode entrar em vigor no segundo semestre, conforme prev\u00ea o presidente da C\u00e2mara do Porto. A implementa\u00e7\u00e3o depende da concretiza\u00e7\u00e3o de uma solu\u00e7\u00e3o t\u00e9cnica para fiscaliza\u00e7\u00e3o, controlo e autua\u00e7\u00e3o de infratores. A decis\u00e3o final sobre a medida continua a ser do Governo, mas a C\u00e2mara do Porto e a \u00c1rea Metropolitana trabalham para acelerar o processo. O munic\u00edpio afirma que o Governo j\u00e1 tem o despacho preparado para a medida e que est\u00e1 a ser definida a solu\u00e7\u00e3o t\u00e9cnica. A solu\u00e7\u00e3o tecnol\u00f3gica dever\u00e1 estar pronta at\u00e9 ao ver\u00e3o, com possibilidade de entrada em vigor no in\u00edcio do segundo semestre.\" \/>\n<meta property=\"og:url\" content=\"https:\/\/portaltela.pt\/noticias\/2026\/03\/27\/proibicao-de-camioes-na-vci-devera-entrar-em-vigor-no-segundo-semestre\/\" \/>\n<meta property=\"og:site_name\" content=\"Portal Tela Portugal\" \/>\n<meta property=\"article:published_time\" content=\"2026-03-27T18:45:00+00:00\" \/>\n<meta name=\"author\" content=\"Telinha\" \/>\n<meta name=\"twitter:card\" content=\"summary_large_image\" \/>\n<meta name=\"twitter:label1\" content=\"Escrito por\" \/>\n\t<meta name=\"twitter:data1\" content=\"Telinha\" \/>\n\t<meta name=\"twitter:label2\" content=\"Tempo estimado de leitura\" \/>\n\t<meta name=\"twitter:data2\" content=\"1 minuto\" \/>\n<script type=\"application\/ld+json\" class=\"yoast-schema-graph\">{\"@context\":\"https:\/\/schema.org\",\"@graph\":[{\"@type\":\"Article\",\"@id\":\"https:\/\/portaltela.pt\/noticias\/2026\/03\/27\/proibicao-de-camioes-na-vci-devera-entrar-em-vigor-no-segundo-semestre\/#article\",\"isPartOf\":{\"@id\":\"https:\/\/portaltela.pt\/noticias\/2026\/03\/27\/proibicao-de-camioes-na-vci-devera-entrar-em-vigor-no-segundo-semestre\/\"},\"author\":{\"name\":\"Telinha\",\"@id\":\"https:\/\/portaltela.pt\/#\/schema\/person\/c4278d4a6028830caff9ee44b42d32ed\"},\"headline\":\"Proibi\u00e7\u00e3o de cami\u00f5es na VCI dever\u00e1 entrar em vigor no segundo semestre\",\"datePublished\":\"2026-03-27T18:45:00+00:00\",\"mainEntityOfPage\":{\"@id\":\"https:\/\/portaltela.pt\/noticias\/2026\/03\/27\/proibicao-de-camioes-na-vci-devera-entrar-em-vigor-no-segundo-semestre\/\"},\"wordCount\":207,\"image\":{\"@id\":\"https:\/\/portaltela.pt\/noticias\/2026\/03\/27\/proibicao-de-camioes-na-vci-devera-entrar-em-vigor-no-segundo-semestre\/#primaryimage\"},\"thumbnailUrl\":\"https:\/\/portaltela.pt\/s.01k8rhncp4jt1\/2026\/03\/image-1628.jpg\",\"keywords\":[\"infraestrutura rodovi\u00e1ria\",\"pol\u00edtica p\u00fablica\",\"Porto\",\"seguran\u00e7a rodovi\u00e1ria\",\"Transporte Rodovi\u00e1rios\",\"via p\u00fablica\"],\"articleSection\":[\"Not\u00edcias\",\"Sociedade\"],\"inLanguage\":\"pt-PT\"},{\"@type\":\"WebPage\",\"@id\":\"https:\/\/portaltela.pt\/noticias\/2026\/03\/27\/proibicao-de-camioes-na-vci-devera-entrar-em-vigor-no-segundo-semestre\/\",\"url\":\"https:\/\/portaltela.pt\/noticias\/2026\/03\/27\/proibicao-de-camioes-na-vci-devera-entrar-em-vigor-no-segundo-semestre\/\",\"name\":\"Proibi\u00e7\u00e3o de cami\u00f5es na VCI dever\u00e1 entrar em vigor no segundo semestre - Portal Tela Portugal\",\"isPartOf\":{\"@id\":\"https:\/\/portaltela.pt\/#website\"},\"primaryImageOfPage\":{\"@id\":\"https:\/\/portaltela.pt\/noticias\/2026\/03\/27\/proibicao-de-camioes-na-vci-devera-entrar-em-vigor-no-segundo-semestre\/#primaryimage\"},\"image\":{\"@id\":\"https:\/\/portaltela.pt\/noticias\/2026\/03\/27\/proibicao-de-camioes-na-vci-devera-entrar-em-vigor-no-segundo-semestre\/#primaryimage\"},\"thumbnailUrl\":\"https:\/\/portaltela.pt\/s.01k8rhncp4jt1\/2026\/03\/image-1628.jpg\",\"datePublished\":\"2026-03-27T18:45:00+00:00\",\"author\":{\"@id\":\"https:\/\/portaltela.pt\/#\/schema\/person\/c4278d4a6028830caff9ee44b42d32ed\"},\"breadcrumb\":{\"@id\":\"https:\/\/portaltela.pt\/noticias\/2026\/03\/27\/proibicao-de-camioes-na-vci-devera-entrar-em-vigor-no-segundo-semestre\/#breadcrumb\"},\"inLanguage\":\"pt-PT\",\"potentialAction\":[{\"@type\":\"ReadAction\",\"target\":[\"https:\/\/portaltela.pt\/noticias\/2026\/03\/27\/proibicao-de-camioes-na-vci-devera-entrar-em-vigor-no-segundo-semestre\/\"]}]},{\"@type\":\"ImageObject\",\"inLanguage\":\"pt-PT\",\"@id\":\"https:\/\/portaltela.pt\/noticias\/2026\/03\/27\/proibicao-de-camioes-na-vci-devera-entrar-em-vigor-no-segundo-semestre\/#primaryimage\",\"url\":\"https:\/\/portaltela.pt\/s.01k8rhncp4jt1\/2026\/03\/image-1628.jpg\",\"contentUrl\":\"https:\/\/portaltela.pt\/s.01k8rhncp4jt1\/2026\/03\/image-1628.jpg\",\"width\":796,\"height\":448,\"caption\":\"Congestionamentos na VCI s\u00e3o constantes\"},{\"@type\":\"BreadcrumbList\",\"@id\":\"https:\/\/portaltela.pt\/noticias\/2026\/03\/27\/proibicao-de-camioes-na-vci-devera-entrar-em-vigor-no-segundo-semestre\/#breadcrumb\",\"itemListElement\":[{\"@type\":\"ListItem\",\"position\":1,\"name\":\"In\u00edcio\",\"item\":\"https:\/\/portaltela.pt\/\"},{\"@type\":\"ListItem\",\"position\":2,\"name\":\"Proibi\u00e7\u00e3o de cami\u00f5es na VCI dever\u00e1 entrar em vigor no segundo semestre\"}]},{\"@type\":\"WebSite\",\"@id\":\"https:\/\/portaltela.pt\/#website\",\"url\":\"https:\/\/portaltela.pt\/\",\"name\":\"Portal Tela Portugal\",\"description\":\"\",\"potentialAction\":[{\"@type\":\"SearchAction\",\"target\":{\"@type\":\"EntryPoint\",\"urlTemplate\":\"https:\/\/portaltela.pt\/?s={search_term_string}\"},\"query-input\":{\"@type\":\"PropertyValueSpecification\",\"valueRequired\":true,\"valueName\":\"search_term_string\"}}],\"inLanguage\":\"pt-PT\"},{\"@type\":\"Person\",\"@id\":\"https:\/\/portaltela.pt\/#\/schema\/person\/c4278d4a6028830caff9ee44b42d32ed\",\"name\":\"Telinha\",\"image\":{\"@type\":\"ImageObject\",\"inLanguage\":\"pt-PT\",\"@id\":\"https:\/\/portaltela.pt\/s.01k8rhncp4jt1\/2025\/11\/talking-bot-125x125.png\",\"url\":\"https:\/\/portaltela.pt\/s.01k8rhncp4jt1\/2025\/11\/talking-bot-125x125.png\",\"contentUrl\":\"https:\/\/portaltela.pt\/s.01k8rhncp4jt1\/2025\/11\/talking-bot-125x125.png\",\"caption\":\"Telinha\"},\"sameAs\":[\"https:\/\/portaltela.pt\/\"],\"url\":\"https:\/\/portaltela.pt\/por\/367410592786\/\"}]}<\/script>\n<!-- \/ Yoast SEO plugin. -->","yoast_head_json":{"title":"Proibi\u00e7\u00e3o de cami\u00f5es na VCI dever\u00e1 entrar em vigor no segundo semestre - Portal Tela Portugal","robots":{"index":"index","follow":"follow","max-snippet":"max-snippet:-1","max-image-preview":"max-image-preview:large","max-video-preview":"max-video-preview:-1"},"og_locale":"pt_PT","og_type":"article","og_title":"Proibi\u00e7\u00e3o de cami\u00f5es na VCI dever\u00e1 entrar em vigor no segundo semestre - Portal Tela Portugal","og_description":"A proibi\u00e7\u00e3o de tr\u00e1fego de cami\u00f5es na Via de Cintura Interna (VCI) pode entrar em vigor no segundo semestre, conforme prev\u00ea o presidente da C\u00e2mara do Porto. A implementa\u00e7\u00e3o depende da concretiza\u00e7\u00e3o de uma solu\u00e7\u00e3o t\u00e9cnica para fiscaliza\u00e7\u00e3o, controlo e autua\u00e7\u00e3o de infratores. A decis\u00e3o final sobre a medida continua a ser do Governo, mas a C\u00e2mara do Porto e a \u00c1rea Metropolitana trabalham para acelerar o processo. O munic\u00edpio afirma que o Governo j\u00e1 tem o despacho preparado para a medida e que est\u00e1 a ser definida a solu\u00e7\u00e3o t\u00e9cnica. A solu\u00e7\u00e3o tecnol\u00f3gica dever\u00e1 estar pronta at\u00e9 ao ver\u00e3o, com possibilidade de entrada em vigor no in\u00edcio do segundo semestre.","og_url":"https:\/\/portaltela.pt\/noticias\/2026\/03\/27\/proibicao-de-camioes-na-vci-devera-entrar-em-vigor-no-segundo-semestre\/","og_site_name":"Portal Tela Portugal","article_published_time":"2026-03-27T18:45:00+00:00","author":"Telinha","twitter_card":"summary_large_image","twitter_misc":{"Escrito por":"Telinha","Tempo estimado de leitura":"1 minuto"},"schema":{"@context":"https:\/\/schema.org","@graph":[{"@type":"Article","@id":"https:\/\/portaltela.pt\/noticias\/2026\/03\/27\/proibicao-de-camioes-na-vci-devera-entrar-em-vigor-no-segundo-semestre\/#article","isPartOf":{"@id":"https:\/\/portaltela.pt\/noticias\/2026\/03\/27\/proibicao-de-camioes-na-vci-devera-entrar-em-vigor-no-segundo-semestre\/"},"author":{"name":"Telinha","@id":"https:\/\/portaltela.pt\/#\/schema\/person\/c4278d4a6028830caff9ee44b42d32ed"},"headline":"Proibi\u00e7\u00e3o de cami\u00f5es na VCI dever\u00e1 entrar em vigor no segundo semestre","datePublished":"2026-03-27T18:45:00+00:00","mainEntityOfPage":{"@id":"https:\/\/portaltela.pt\/noticias\/2026\/03\/27\/proibicao-de-camioes-na-vci-devera-entrar-em-vigor-no-segundo-semestre\/"},"wordCount":207,"image":{"@id":"https:\/\/portaltela.pt\/noticias\/2026\/03\/27\/proibicao-de-camioes-na-vci-devera-entrar-em-vigor-no-segundo-semestre\/#primaryimage"},"thumbnailUrl":"https:\/\/portaltela.pt\/s.01k8rhncp4jt1\/2026\/03\/image-1628.jpg","keywords":["infraestrutura rodovi\u00e1ria","pol\u00edtica p\u00fablica","Porto","seguran\u00e7a rodovi\u00e1ria","Transporte Rodovi\u00e1rios","via p\u00fablica"],"articleSection":["Not\u00edcias","Sociedade"],"inLanguage":"pt-PT"},{"@type":"WebPage","@id":"https:\/\/portaltela.pt\/noticias\/2026\/03\/27\/proibicao-de-camioes-na-vci-devera-entrar-em-vigor-no-segundo-semestre\/","url":"https:\/\/portaltela.pt\/noticias\/2026\/03\/27\/proibicao-de-camioes-na-vci-devera-entrar-em-vigor-no-segundo-semestre\/","name":"Proibi\u00e7\u00e3o de cami\u00f5es na VCI dever\u00e1 entrar em vigor no segundo semestre - Portal Tela Portugal","isPartOf":{"@id":"https:\/\/portaltela.pt\/#website"},"primaryImageOfPage":{"@id":"https:\/\/portaltela.pt\/noticias\/2026\/03\/27\/proibicao-de-camioes-na-vci-devera-entrar-em-vigor-no-segundo-semestre\/#primaryimage"},"image":{"@id":"https:\/\/portaltela.pt\/noticias\/2026\/03\/27\/proibicao-de-camioes-na-vci-devera-entrar-em-vigor-no-segundo-semestre\/#primaryimage"},"thumbnailUrl":"https:\/\/portaltela.pt\/s.01k8rhncp4jt1\/2026\/03\/image-1628.jpg","datePublished":"2026-03-27T18:45:00+00:00","author":{"@id":"https:\/\/portaltela.pt\/#\/schema\/person\/c4278d4a6028830caff9ee44b42d32ed"},"breadcrumb":{"@id":"https:\/\/portaltela.pt\/noticias\/2026\/03\/27\/proibicao-de-camioes-na-vci-devera-entrar-em-vigor-no-segundo-semestre\/#breadcrumb"},"inLanguage":"pt-PT","potentialAction":[{"@type":"ReadAction","target":["https:\/\/portaltela.pt\/noticias\/2026\/03\/27\/proibicao-de-camioes-na-vci-devera-entrar-em-vigor-no-segundo-semestre\/"]}]},{"@type":"ImageObject","inLanguage":"pt-PT","@id":"https:\/\/portaltela.pt\/noticias\/2026\/03\/27\/proibicao-de-camioes-na-vci-devera-entrar-em-vigor-no-segundo-semestre\/#primaryimage","url":"https:\/\/portaltela.pt\/s.01k8rhncp4jt1\/2026\/03\/image-1628.jpg","contentUrl":"https:\/\/portaltela.pt\/s.01k8rhncp4jt1\/2026\/03\/image-1628.jpg","width":796,"height":448,"caption":"Congestionamentos na VCI s\u00e3o constantes"},{"@type":"BreadcrumbList","@id":"https:\/\/portaltela.pt\/noticias\/2026\/03\/27\/proibicao-de-camioes-na-vci-devera-entrar-em-vigor-no-segundo-semestre\/#breadcrumb","itemListElement":[{"@type":"ListItem","position":1,"name":"In\u00edcio","item":"https:\/\/portaltela.pt\/"},{"@type":"ListItem","position":2,"name":"Proibi\u00e7\u00e3o de cami\u00f5es na VCI dever\u00e1 entrar em vigor no segundo semestre"}]},{"@type":"WebSite","@id":"https:\/\/portaltela.pt\/#website","url":"https:\/\/portaltela.pt\/","name":"Portal Tela Portugal","description":"","potentialAction":[{"@type":"SearchAction","target":{"@type":"EntryPoint","urlTemplate":"https:\/\/portaltela.pt\/?s={search_term_string}"},"query-input":{"@type":"PropertyValueSpecification","valueRequired":true,"valueName":"search_term_string"}}],"inLanguage":"pt-PT"},{"@type":"Person","@id":"https:\/\/portaltela.pt\/#\/schema\/person\/c4278d4a6028830caff9ee44b42d32ed","name":"Telinha","image":{"@type":"ImageObject","inLanguage":"pt-PT","@id":"https:\/\/portaltela.pt\/s.01k8rhncp4jt1\/2025\/11\/talking-bot-125x125.png","url":"https:\/\/portaltela.pt\/s.01k8rhncp4jt1\/2025\/11\/talking-bot-125x125.png","contentUrl":"https:\/\/portaltela.pt\/s.01k8rhncp4jt1\/2025\/11\/talking-bot-125x125.png","caption":"Telinha"},"sameAs":["https:\/\/portaltela.pt\/"],"url":"https:\/\/portaltela.pt\/por\/367410592786\/"}]}},"_links":{"self":[{"href":"https:\/\/portaltela.pt\/api\/wp\/v2\/posts\/424250","targetHints":{"allow":["GET"]}}],"collection":[{"href":"https:\/\/portaltela.pt\/api\/wp\/v2\/posts"}],"about":[{"href":"https:\/\/portaltela.pt\/api\/wp\/v2\/types\/post"}],"author":[{"embeddable":true,"href":"https:\/\/portaltela.pt\/api\/wp\/v2\/users\/2"}],"replies":[{"embeddable":true,"href":"https:\/\/portaltela.pt\/api\/wp\/v2\/comments?post=424250"}],"version-history":[{"count":0,"href":"https:\/\/portaltela.pt\/api\/wp\/v2\/posts\/424250\/revisions"}],"wp:featuredmedia":[{"embeddable":true,"href":"https:\/\/portaltela.pt\/api\/wp\/v2\/media\/424253"}],"wp:attachment":[{"href":"https:\/\/portaltela.pt\/api\/wp\/v2\/media?parent=424250"}],"wp:term":[{"taxonomy":"category","embeddable":true,"href":"https:\/\/portaltela.pt\/api\/wp\/v2\/categories?post=424250"},{"taxonomy":"post_tag","embeddable":true,"href":"https:\/\/portaltela.pt\/api\/wp\/v2\/tags?post=424250"}],"curies":[{"name":"wp","href":"https:\/\/api.w.org\/{rel}","templated":true}]}}