{"id":424242,"date":"2026-03-27T15:48:00","date_gmt":"2026-03-27T18:48:00","guid":{"rendered":"https:\/\/portaltela.pt\/noticias\/2026\/03\/27\/peritos-recomendam-portal-unico-para-gestao-de-dados-de-saude-pelo-cidadao\/"},"modified":"2026-03-27T15:48:00","modified_gmt":"2026-03-27T18:48:00","slug":"peritos-recomendam-portal-unico-para-gestao-de-dados-de-saude-pelo-cidadao","status":"publish","type":"post","link":"https:\/\/portaltela.pt\/saude\/2026\/03\/27\/peritos-recomendam-portal-unico-para-gestao-de-dados-de-saude-pelo-cidadao\/","title":{"rendered":"Peritos recomendam portal \u00fanico para gest\u00e3o de dados de sa\u00fade pelo cidad\u00e3o"},"content":{"rendered":"<p>A cria\u00e7\u00e3o de um portal \u00fanico para cada cidad\u00e3o gerir o acesso aos seus dados de sa\u00fade \u00e9 uma das recomenda\u00e7\u00f5es do projeto Mais Dados, Melhor Sa\u00fade. O objetivo \u00e9 mostrar o impacto da utiliza\u00e7\u00e3o, por exemplo, em investiga\u00e7\u00e3o, de forma transparente e controlada.<\/p>\n<p>O grupo de 20 peritos prop\u00f5e uma campanha nacional para esclarecer, junto de cidad\u00e3os e profissionais de sa\u00fade, o que \u00e9 a utiliza\u00e7\u00e3o secund\u00e1ria de dados por universidades ou centros de investiga\u00e7\u00e3o, destacando benef\u00edcios sociais. A ideia \u00e9 evitar exclus\u00f5es digitais.<\/p>\n<p>Rafael Miranda, coordenador do projeto, explica que o portal dever\u00e1 informar, permitir gerir prefer\u00eancias de partilha e mostrar o impacto da utiliza\u00e7\u00e3o dos dados. A confian\u00e7a aparece como elemento central na constru\u00e7\u00e3o das recomenda\u00e7\u00f5es.<\/p>\n<p>Miranda ressalva que Portugal ainda tem trabalho a fazer em literacia digital e no exerc\u00edcio dos direitos dos cidad\u00e3os sobre os seus dados. O objetivo \u00e9 que o portal ajude a perceber como a informa\u00e7\u00e3o hospitalar pode melhorar o sistema de sa\u00fade.<\/p>\n<p>Os investigadores defendem que o portal do cidad\u00e3o pode integrar o SNS 24, servindo de interface \u00fanica. O projeto \u00e9 coordenado pelo IST, via CEGIST, com desenvolvimento t\u00e9cnico da IQVIA e apoio da Roche.<\/p>\n<h3>Estrutura e financiamento<\/h3>\n<p>As 20 recomenda\u00e7\u00f5es finais foram apresentadas para estruturar o futuro Organismo Nacional de Acesso a Dados (ONAD) em cinco dimens\u00f5es estrat\u00e9gicas. O objetivo \u00e9 alinhar o regulamento com o Espa\u00e7o Europeu de Dados de Sa\u00fade.<\/p>\n<p>Rafael Miranda assinala a necessidade de financiar o ONAD com base p\u00fablica est\u00e1vel e ajustar custos de acesso aos dados, com modelos de remunera\u00e7\u00e3o alinhados a pr\u00e1ticas de pa\u00edses como Finl\u00e2ndia e Dinamarca. A ideia \u00e9 um sistema sustent\u00e1vel e transparente.<\/p>\n<p>Os peritos defendem ainda um enquadramento normativo claro, que regule a atua\u00e7\u00e3o de organismos, detentores de dados e investigadores, em ambientes seguros que impe\u00e7am exporta\u00e7\u00e3o de dados.<\/p>\n<h3>Cat\u00e1logos e governan\u00e7a<\/h3>\n<p>Outra recomenda\u00e7\u00e3o passa pela cria\u00e7\u00e3o de cat\u00e1logos p\u00fablicos de metadados, que mostram que dados existem nos hospitais e institui\u00e7\u00f5es de sa\u00fade, desde dados de acesso at\u00e9 indicadores epidemiol\u00f3gicos. Tais cat\u00e1logos podem apoiar a gest\u00e3o da sa\u00fade p\u00fablica e a investiga\u00e7\u00e3o.<\/p>\n<p>Os especialistas destacam que o acesso aos dados deve ocorrer num ambiente regulado, com o investigador a trabalhar no sistema sem exportar dados para fora. O objetivo \u00e9 promover uso respons\u00e1vel e sustent\u00e1vel.<\/p>\n<p>Segundo os peritos, a partilha de dados deve existir, mas com incentivos econ\u00f3micos para as organiza\u00e7\u00f5es de sa\u00fade, incluindo contratos e avalia\u00e7\u00e3o de desempenho. As normas devem assegurar transpar\u00eancia nos custos de acesso.<\/p>\n<p>O projeto pretende fornecer um modelo que equilibre financiamento p\u00fablico de base, encargos de acesso suportados pelos utilizadores e salvaguardas de privacidade. A meta \u00e9 manter o acesso est\u00e1vel e respons\u00e1vel.<\/p>\n","protected":false},"excerpt":{"rendered":"<ul>\n<li>Peritos recomendam portal \u00fanico para cidad\u00e3o gerir o acesso aos seus dados de sa\u00fade, possivelmente integrado no SNS 24, com visibilidade do impacto de uso, nomeadamente em investiga\u00e7\u00e3o.<\/li>\n<li>Prop\u00f5em campanha nacional para explicar a utiliza\u00e7\u00e3o secund\u00e1ria de dados por universidades ou centros de investiga\u00e7\u00e3o, simplificando a literacia digital e a compreens\u00e3o pelos profissionais de sa\u00fade.<\/li>\n<li>Defendem um modelo econ\u00f3mico de acesso aos dados com financiamento p\u00fablico de base e encargos de utiliza\u00e7\u00e3o pelos utilizadores, alinhado com boas pr\u00e1ticas internacionais.<\/li>\n<li>Apontam a necessidade de um quadro normativo claro e de um ambiente seguro para o tratamento de dados, al\u00e9m de cat\u00e1logos p\u00fablicos de metadados que mostrem o que existe nos hospitais e noutras institui\u00e7\u00f5es.<\/li>\n<li>As 20 recomenda\u00e7\u00f5es finais, apresentadas pela primeira vez, visam o futuro Organismo Nacional de Acesso a Dados, sob coordena\u00e7\u00e3o do Instituto Superior T\u00e9cnico, com participa\u00e7\u00e3o de IQVIA e apoio da Roche.<\/li>\n<\/ul>\n","protected":false},"author":2,"featured_media":424248,"comment_status":"closed","ping_status":"closed","sticky":false,"template":"","format":"standard","meta":{"footnotes":""},"categories":[1,6745],"tags":[1274,2629,2215,6641,172,3693],"class_list":["post-424242","post","type-post","status-publish","format-standard","has-post-thumbnail","hentry","category-noticias","category-saude","tag-governanca","tag-literacia-digital","tag-protecao-da-privacidade","tag-protecao-de-dados","tag-saude","tag-sns-24"],"yoast_head":"<!-- This site is optimized with the Yoast SEO plugin v27.2 - https:\/\/yoast.com\/product\/yoast-seo-wordpress\/ -->\n<title>Peritos recomendam portal \u00fanico para gest\u00e3o de dados de sa\u00fade pelo cidad\u00e3o - Portal Tela Portugal<\/title>\n<meta name=\"robots\" content=\"index, follow, max-snippet:-1, max-image-preview:large, max-video-preview:-1\" \/>\n<meta property=\"og:locale\" content=\"pt_PT\" \/>\n<meta property=\"og:type\" content=\"article\" \/>\n<meta property=\"og:title\" content=\"Peritos recomendam portal \u00fanico para gest\u00e3o de dados de sa\u00fade pelo cidad\u00e3o - Portal Tela Portugal\" \/>\n<meta property=\"og:description\" content=\"Peritos recomendam portal \u00fanico para cidad\u00e3o gerir o acesso aos seus dados de sa\u00fade, possivelmente integrado no SNS 24, com visibilidade do impacto de uso, nomeadamente em investiga\u00e7\u00e3o. Prop\u00f5em campanha nacional para explicar a utiliza\u00e7\u00e3o secund\u00e1ria de dados por universidades ou centros de investiga\u00e7\u00e3o, simplificando a literacia digital e a compreens\u00e3o pelos profissionais de sa\u00fade. Defendem um modelo econ\u00f3mico de acesso aos dados com financiamento p\u00fablico de base e encargos de utiliza\u00e7\u00e3o pelos utilizadores, alinhado com boas pr\u00e1ticas internacionais. Apontam a necessidade de um quadro normativo claro e de um ambiente seguro para o tratamento de dados, al\u00e9m de cat\u00e1logos p\u00fablicos de metadados que mostrem o que existe nos hospitais e noutras institui\u00e7\u00f5es. As 20 recomenda\u00e7\u00f5es finais, apresentadas pela primeira vez, visam o futuro Organismo Nacional de Acesso a Dados, sob coordena\u00e7\u00e3o do Instituto Superior T\u00e9cnico, com participa\u00e7\u00e3o de IQVIA e apoio da Roche.\" \/>\n<meta property=\"og:url\" content=\"https:\/\/portaltela.pt\/noticias\/2026\/03\/27\/peritos-recomendam-portal-unico-para-gestao-de-dados-de-saude-pelo-cidadao\/\" \/>\n<meta property=\"og:site_name\" content=\"Portal Tela Portugal\" \/>\n<meta property=\"article:published_time\" content=\"2026-03-27T18:48:00+00:00\" \/>\n<meta name=\"author\" content=\"Telinha\" \/>\n<meta name=\"twitter:card\" content=\"summary_large_image\" \/>\n<meta name=\"twitter:label1\" content=\"Escrito por\" \/>\n\t<meta name=\"twitter:data1\" content=\"Telinha\" \/>\n\t<meta name=\"twitter:label2\" content=\"Tempo estimado de leitura\" \/>\n\t<meta name=\"twitter:data2\" content=\"2 minutos\" \/>\n<script type=\"application\/ld+json\" class=\"yoast-schema-graph\">{\"@context\":\"https:\/\/schema.org\",\"@graph\":[{\"@type\":\"Article\",\"@id\":\"https:\/\/portaltela.pt\/noticias\/2026\/03\/27\/peritos-recomendam-portal-unico-para-gestao-de-dados-de-saude-pelo-cidadao\/#article\",\"isPartOf\":{\"@id\":\"https:\/\/portaltela.pt\/noticias\/2026\/03\/27\/peritos-recomendam-portal-unico-para-gestao-de-dados-de-saude-pelo-cidadao\/\"},\"author\":{\"name\":\"Telinha\",\"@id\":\"https:\/\/portaltela.pt\/#\/schema\/person\/c4278d4a6028830caff9ee44b42d32ed\"},\"headline\":\"Peritos recomendam portal \u00fanico para gest\u00e3o de dados de sa\u00fade pelo cidad\u00e3o\",\"datePublished\":\"2026-03-27T18:48:00+00:00\",\"mainEntityOfPage\":{\"@id\":\"https:\/\/portaltela.pt\/noticias\/2026\/03\/27\/peritos-recomendam-portal-unico-para-gestao-de-dados-de-saude-pelo-cidadao\/\"},\"wordCount\":508,\"image\":{\"@id\":\"https:\/\/portaltela.pt\/noticias\/2026\/03\/27\/peritos-recomendam-portal-unico-para-gestao-de-dados-de-saude-pelo-cidadao\/#primaryimage\"},\"thumbnailUrl\":\"https:\/\/portaltela.pt\/s.01k8rhncp4jt1\/2026\/03\/img_1280x721uu2025-09-24-17-10-44-2237265.jpg\",\"keywords\":[\"governan\u00e7a\",\"literacia digital\",\"prote\u00e7\u00e3o da privacidade\",\"prote\u00e7\u00e3o de dados\",\"sa\u00fade\",\"SNS 24\"],\"articleSection\":[\"Not\u00edcias\",\"Sa\u00fade\"],\"inLanguage\":\"pt-PT\"},{\"@type\":\"WebPage\",\"@id\":\"https:\/\/portaltela.pt\/noticias\/2026\/03\/27\/peritos-recomendam-portal-unico-para-gestao-de-dados-de-saude-pelo-cidadao\/\",\"url\":\"https:\/\/portaltela.pt\/noticias\/2026\/03\/27\/peritos-recomendam-portal-unico-para-gestao-de-dados-de-saude-pelo-cidadao\/\",\"name\":\"Peritos recomendam portal \u00fanico para gest\u00e3o de dados de sa\u00fade pelo cidad\u00e3o - Portal Tela Portugal\",\"isPartOf\":{\"@id\":\"https:\/\/portaltela.pt\/#website\"},\"primaryImageOfPage\":{\"@id\":\"https:\/\/portaltela.pt\/noticias\/2026\/03\/27\/peritos-recomendam-portal-unico-para-gestao-de-dados-de-saude-pelo-cidadao\/#primaryimage\"},\"image\":{\"@id\":\"https:\/\/portaltela.pt\/noticias\/2026\/03\/27\/peritos-recomendam-portal-unico-para-gestao-de-dados-de-saude-pelo-cidadao\/#primaryimage\"},\"thumbnailUrl\":\"https:\/\/portaltela.pt\/s.01k8rhncp4jt1\/2026\/03\/img_1280x721uu2025-09-24-17-10-44-2237265.jpg\",\"datePublished\":\"2026-03-27T18:48:00+00:00\",\"author\":{\"@id\":\"https:\/\/portaltela.pt\/#\/schema\/person\/c4278d4a6028830caff9ee44b42d32ed\"},\"breadcrumb\":{\"@id\":\"https:\/\/portaltela.pt\/noticias\/2026\/03\/27\/peritos-recomendam-portal-unico-para-gestao-de-dados-de-saude-pelo-cidadao\/#breadcrumb\"},\"inLanguage\":\"pt-PT\",\"potentialAction\":[{\"@type\":\"ReadAction\",\"target\":[\"https:\/\/portaltela.pt\/noticias\/2026\/03\/27\/peritos-recomendam-portal-unico-para-gestao-de-dados-de-saude-pelo-cidadao\/\"]}]},{\"@type\":\"ImageObject\",\"inLanguage\":\"pt-PT\",\"@id\":\"https:\/\/portaltela.pt\/noticias\/2026\/03\/27\/peritos-recomendam-portal-unico-para-gestao-de-dados-de-saude-pelo-cidadao\/#primaryimage\",\"url\":\"https:\/\/portaltela.pt\/s.01k8rhncp4jt1\/2026\/03\/img_1280x721uu2025-09-24-17-10-44-2237265.jpg\",\"contentUrl\":\"https:\/\/portaltela.pt\/s.01k8rhncp4jt1\/2026\/03\/img_1280x721uu2025-09-24-17-10-44-2237265.jpg\",\"width\":796,\"height\":448,\"caption\":\"Unidade hospitalar\"},{\"@type\":\"BreadcrumbList\",\"@id\":\"https:\/\/portaltela.pt\/noticias\/2026\/03\/27\/peritos-recomendam-portal-unico-para-gestao-de-dados-de-saude-pelo-cidadao\/#breadcrumb\",\"itemListElement\":[{\"@type\":\"ListItem\",\"position\":1,\"name\":\"In\u00edcio\",\"item\":\"https:\/\/portaltela.pt\/\"},{\"@type\":\"ListItem\",\"position\":2,\"name\":\"Peritos recomendam portal \u00fanico para gest\u00e3o de dados de sa\u00fade pelo cidad\u00e3o\"}]},{\"@type\":\"WebSite\",\"@id\":\"https:\/\/portaltela.pt\/#website\",\"url\":\"https:\/\/portaltela.pt\/\",\"name\":\"Portal Tela Portugal\",\"description\":\"\",\"potentialAction\":[{\"@type\":\"SearchAction\",\"target\":{\"@type\":\"EntryPoint\",\"urlTemplate\":\"https:\/\/portaltela.pt\/?s={search_term_string}\"},\"query-input\":{\"@type\":\"PropertyValueSpecification\",\"valueRequired\":true,\"valueName\":\"search_term_string\"}}],\"inLanguage\":\"pt-PT\"},{\"@type\":\"Person\",\"@id\":\"https:\/\/portaltela.pt\/#\/schema\/person\/c4278d4a6028830caff9ee44b42d32ed\",\"name\":\"Telinha\",\"image\":{\"@type\":\"ImageObject\",\"inLanguage\":\"pt-PT\",\"@id\":\"https:\/\/portaltela.pt\/s.01k8rhncp4jt1\/2025\/11\/talking-bot-125x125.png\",\"url\":\"https:\/\/portaltela.pt\/s.01k8rhncp4jt1\/2025\/11\/talking-bot-125x125.png\",\"contentUrl\":\"https:\/\/portaltela.pt\/s.01k8rhncp4jt1\/2025\/11\/talking-bot-125x125.png\",\"caption\":\"Telinha\"},\"sameAs\":[\"https:\/\/portaltela.pt\/\"],\"url\":\"https:\/\/portaltela.pt\/por\/367410592786\/\"}]}<\/script>\n<!-- \/ Yoast SEO plugin. -->","yoast_head_json":{"title":"Peritos recomendam portal \u00fanico para gest\u00e3o de dados de sa\u00fade pelo cidad\u00e3o - Portal Tela Portugal","robots":{"index":"index","follow":"follow","max-snippet":"max-snippet:-1","max-image-preview":"max-image-preview:large","max-video-preview":"max-video-preview:-1"},"og_locale":"pt_PT","og_type":"article","og_title":"Peritos recomendam portal \u00fanico para gest\u00e3o de dados de sa\u00fade pelo cidad\u00e3o - Portal Tela Portugal","og_description":"Peritos recomendam portal \u00fanico para cidad\u00e3o gerir o acesso aos seus dados de sa\u00fade, possivelmente integrado no SNS 24, com visibilidade do impacto de uso, nomeadamente em investiga\u00e7\u00e3o. Prop\u00f5em campanha nacional para explicar a utiliza\u00e7\u00e3o secund\u00e1ria de dados por universidades ou centros de investiga\u00e7\u00e3o, simplificando a literacia digital e a compreens\u00e3o pelos profissionais de sa\u00fade. Defendem um modelo econ\u00f3mico de acesso aos dados com financiamento p\u00fablico de base e encargos de utiliza\u00e7\u00e3o pelos utilizadores, alinhado com boas pr\u00e1ticas internacionais. Apontam a necessidade de um quadro normativo claro e de um ambiente seguro para o tratamento de dados, al\u00e9m de cat\u00e1logos p\u00fablicos de metadados que mostrem o que existe nos hospitais e noutras institui\u00e7\u00f5es. As 20 recomenda\u00e7\u00f5es finais, apresentadas pela primeira vez, visam o futuro Organismo Nacional de Acesso a Dados, sob coordena\u00e7\u00e3o do Instituto Superior T\u00e9cnico, com participa\u00e7\u00e3o de IQVIA e apoio da Roche.","og_url":"https:\/\/portaltela.pt\/noticias\/2026\/03\/27\/peritos-recomendam-portal-unico-para-gestao-de-dados-de-saude-pelo-cidadao\/","og_site_name":"Portal Tela Portugal","article_published_time":"2026-03-27T18:48:00+00:00","author":"Telinha","twitter_card":"summary_large_image","twitter_misc":{"Escrito por":"Telinha","Tempo estimado de leitura":"2 minutos"},"schema":{"@context":"https:\/\/schema.org","@graph":[{"@type":"Article","@id":"https:\/\/portaltela.pt\/noticias\/2026\/03\/27\/peritos-recomendam-portal-unico-para-gestao-de-dados-de-saude-pelo-cidadao\/#article","isPartOf":{"@id":"https:\/\/portaltela.pt\/noticias\/2026\/03\/27\/peritos-recomendam-portal-unico-para-gestao-de-dados-de-saude-pelo-cidadao\/"},"author":{"name":"Telinha","@id":"https:\/\/portaltela.pt\/#\/schema\/person\/c4278d4a6028830caff9ee44b42d32ed"},"headline":"Peritos recomendam portal \u00fanico para gest\u00e3o de dados de sa\u00fade pelo cidad\u00e3o","datePublished":"2026-03-27T18:48:00+00:00","mainEntityOfPage":{"@id":"https:\/\/portaltela.pt\/noticias\/2026\/03\/27\/peritos-recomendam-portal-unico-para-gestao-de-dados-de-saude-pelo-cidadao\/"},"wordCount":508,"image":{"@id":"https:\/\/portaltela.pt\/noticias\/2026\/03\/27\/peritos-recomendam-portal-unico-para-gestao-de-dados-de-saude-pelo-cidadao\/#primaryimage"},"thumbnailUrl":"https:\/\/portaltela.pt\/s.01k8rhncp4jt1\/2026\/03\/img_1280x721uu2025-09-24-17-10-44-2237265.jpg","keywords":["governan\u00e7a","literacia digital","prote\u00e7\u00e3o da privacidade","prote\u00e7\u00e3o de dados","sa\u00fade","SNS 24"],"articleSection":["Not\u00edcias","Sa\u00fade"],"inLanguage":"pt-PT"},{"@type":"WebPage","@id":"https:\/\/portaltela.pt\/noticias\/2026\/03\/27\/peritos-recomendam-portal-unico-para-gestao-de-dados-de-saude-pelo-cidadao\/","url":"https:\/\/portaltela.pt\/noticias\/2026\/03\/27\/peritos-recomendam-portal-unico-para-gestao-de-dados-de-saude-pelo-cidadao\/","name":"Peritos recomendam portal \u00fanico para gest\u00e3o de dados de sa\u00fade pelo cidad\u00e3o - Portal Tela Portugal","isPartOf":{"@id":"https:\/\/portaltela.pt\/#website"},"primaryImageOfPage":{"@id":"https:\/\/portaltela.pt\/noticias\/2026\/03\/27\/peritos-recomendam-portal-unico-para-gestao-de-dados-de-saude-pelo-cidadao\/#primaryimage"},"image":{"@id":"https:\/\/portaltela.pt\/noticias\/2026\/03\/27\/peritos-recomendam-portal-unico-para-gestao-de-dados-de-saude-pelo-cidadao\/#primaryimage"},"thumbnailUrl":"https:\/\/portaltela.pt\/s.01k8rhncp4jt1\/2026\/03\/img_1280x721uu2025-09-24-17-10-44-2237265.jpg","datePublished":"2026-03-27T18:48:00+00:00","author":{"@id":"https:\/\/portaltela.pt\/#\/schema\/person\/c4278d4a6028830caff9ee44b42d32ed"},"breadcrumb":{"@id":"https:\/\/portaltela.pt\/noticias\/2026\/03\/27\/peritos-recomendam-portal-unico-para-gestao-de-dados-de-saude-pelo-cidadao\/#breadcrumb"},"inLanguage":"pt-PT","potentialAction":[{"@type":"ReadAction","target":["https:\/\/portaltela.pt\/noticias\/2026\/03\/27\/peritos-recomendam-portal-unico-para-gestao-de-dados-de-saude-pelo-cidadao\/"]}]},{"@type":"ImageObject","inLanguage":"pt-PT","@id":"https:\/\/portaltela.pt\/noticias\/2026\/03\/27\/peritos-recomendam-portal-unico-para-gestao-de-dados-de-saude-pelo-cidadao\/#primaryimage","url":"https:\/\/portaltela.pt\/s.01k8rhncp4jt1\/2026\/03\/img_1280x721uu2025-09-24-17-10-44-2237265.jpg","contentUrl":"https:\/\/portaltela.pt\/s.01k8rhncp4jt1\/2026\/03\/img_1280x721uu2025-09-24-17-10-44-2237265.jpg","width":796,"height":448,"caption":"Unidade hospitalar"},{"@type":"BreadcrumbList","@id":"https:\/\/portaltela.pt\/noticias\/2026\/03\/27\/peritos-recomendam-portal-unico-para-gestao-de-dados-de-saude-pelo-cidadao\/#breadcrumb","itemListElement":[{"@type":"ListItem","position":1,"name":"In\u00edcio","item":"https:\/\/portaltela.pt\/"},{"@type":"ListItem","position":2,"name":"Peritos recomendam portal \u00fanico para gest\u00e3o de dados de sa\u00fade pelo cidad\u00e3o"}]},{"@type":"WebSite","@id":"https:\/\/portaltela.pt\/#website","url":"https:\/\/portaltela.pt\/","name":"Portal Tela Portugal","description":"","potentialAction":[{"@type":"SearchAction","target":{"@type":"EntryPoint","urlTemplate":"https:\/\/portaltela.pt\/?s={search_term_string}"},"query-input":{"@type":"PropertyValueSpecification","valueRequired":true,"valueName":"search_term_string"}}],"inLanguage":"pt-PT"},{"@type":"Person","@id":"https:\/\/portaltela.pt\/#\/schema\/person\/c4278d4a6028830caff9ee44b42d32ed","name":"Telinha","image":{"@type":"ImageObject","inLanguage":"pt-PT","@id":"https:\/\/portaltela.pt\/s.01k8rhncp4jt1\/2025\/11\/talking-bot-125x125.png","url":"https:\/\/portaltela.pt\/s.01k8rhncp4jt1\/2025\/11\/talking-bot-125x125.png","contentUrl":"https:\/\/portaltela.pt\/s.01k8rhncp4jt1\/2025\/11\/talking-bot-125x125.png","caption":"Telinha"},"sameAs":["https:\/\/portaltela.pt\/"],"url":"https:\/\/portaltela.pt\/por\/367410592786\/"}]}},"_links":{"self":[{"href":"https:\/\/portaltela.pt\/api\/wp\/v2\/posts\/424242","targetHints":{"allow":["GET"]}}],"collection":[{"href":"https:\/\/portaltela.pt\/api\/wp\/v2\/posts"}],"about":[{"href":"https:\/\/portaltela.pt\/api\/wp\/v2\/types\/post"}],"author":[{"embeddable":true,"href":"https:\/\/portaltela.pt\/api\/wp\/v2\/users\/2"}],"replies":[{"embeddable":true,"href":"https:\/\/portaltela.pt\/api\/wp\/v2\/comments?post=424242"}],"version-history":[{"count":0,"href":"https:\/\/portaltela.pt\/api\/wp\/v2\/posts\/424242\/revisions"}],"wp:featuredmedia":[{"embeddable":true,"href":"https:\/\/portaltela.pt\/api\/wp\/v2\/media\/424248"}],"wp:attachment":[{"href":"https:\/\/portaltela.pt\/api\/wp\/v2\/media?parent=424242"}],"wp:term":[{"taxonomy":"category","embeddable":true,"href":"https:\/\/portaltela.pt\/api\/wp\/v2\/categories?post=424242"},{"taxonomy":"post_tag","embeddable":true,"href":"https:\/\/portaltela.pt\/api\/wp\/v2\/tags?post=424242"}],"curies":[{"name":"wp","href":"https:\/\/api.w.org\/{rel}","templated":true}]}}