{"id":424241,"date":"2026-03-27T15:58:00","date_gmt":"2026-03-27T18:58:00","guid":{"rendered":"https:\/\/portaltela.pt\/noticias\/2026\/03\/27\/taborda-desafiado-a-treinar-o-sp-covilha-e-o-clube-rejeita-aproveitadores\/"},"modified":"2026-03-27T15:58:00","modified_gmt":"2026-03-27T18:58:00","slug":"taborda-desafiado-a-treinar-o-sp-covilha-e-o-clube-rejeita-aproveitadores","status":"publish","type":"post","link":"https:\/\/portaltela.pt\/desporto\/futebol\/2026\/03\/27\/taborda-desafiado-a-treinar-o-sp-covilha-e-o-clube-rejeita-aproveitadores\/","title":{"rendered":"Taborda desafiado a treinar o Sp. Covilh\u00e3 e o clube rejeita aproveitadores"},"content":{"rendered":"<p>Pedro Taborda, antigo guarda-redes que integra a equipa t\u00e9cnica do FC Ararat-Armenia, revelou ter recebido um convite de um grupo de associados que prepara uma lista candidata \u00e0s elei\u00e7\u00f5es do Sp. Covilh\u00e3, agendadas para 9 de maio.<\/p>\n<p>Natural da Covilh\u00e3 e com 47 anos, Taborda est\u00e1 concentrado no clube arm\u00e9nio, onde a equipa, orientada por Tulipa, \u00e9 segunda na Liga local, empatada no topo com o Pyunik, soma 38 pontos.<\/p>\n<h3>Grupo de associados e elei\u00e7\u00f5es no Sp. Covilh\u00e3<\/h3>\n<p>O antigo guardi\u00e3o afirmou \u00e0 Record que a prioridade \u00e9 o clube manter-se est\u00e1vel e cred\u00edvel, afastando quem tenta usar o Sp. Covilh\u00e3 para promover objetivos pessoais, sem cumprir promessas ao longo do \u00faltimo ano.<\/p>\n<p>Taborda recorda que, enquanto jogador, esteve pr\u00f3ximo da subida \u00e0 Liga principal com o Sp. Covilh\u00e3 em 2014\/15, e defende que, para alcan\u00e7ar uma gest\u00e3o desportiva est\u00e1vel, \u00e9 necess\u00e1rio tempo e paci\u00eancia que, segundo ele, faltaram numa \u00faltima dire\u00e7\u00e3o.<\/p>\n<h3>No\u00e7\u00e3o de projeto no estrangeiro<\/h3>\n<p>O defesa-central observa que o trabalho no FC Ararat-Armenia tem sido positivo, num pa\u00eds onde o futebol est\u00e1 a crescer, com a equipa em luta pelo t\u00edtulo e a manter-se com hip\u00f3teses at\u00e9 ao fim da temporada.<\/p>\n<p>A participa\u00e7\u00e3o de Taborda no processo eleitoral do Sp. Covilh\u00e3 surge numa altura em que o clube atravessa um per\u00edodo de inc\u00f3modo competitivo, lutando pela manuten\u00e7\u00e3o na Liga 3.<\/p>\n","protected":false},"excerpt":{"rendered":"<ul>\n<li>Pedro Taborda, antigo guarda-redes, est\u00e1 na Arm\u00e9nia a 2.\u00ba classificado do campeonato, o FC Ararat-Armenia, que luta pelo t\u00edtulo com 38 pontos, empatado com o l\u00edder Pyunik.<\/li>\n<li>Um grupo de associados do Sp. Covilh\u00e3 prepara uma lista candidata \u00e0s elei\u00e7\u00f5es do clube, marcadas para 9 de maio, e ter\u00e1 feito chegar o convite ao ex-jogador para treinar o Sp. Covilh\u00e3.<\/li>\n<li>Taborda afirmou \u00e0 Record que o clube precisa de paz, credibilidade e evitar aproveitadores que se promovam \u00e0 custa do clube, defendendo sinceridade e verdade para manter a organiza\u00e7\u00e3o.<\/li>\n<li>Relembra que o Sp. Covilh\u00e3, onde j\u00e1 jogou e treinou, enfrentou promessas n\u00e3o cumpridas pela antiga dire\u00e7\u00e3o, e diz que o objetivo \u00e9 trazer estabilidade desportiva e coloc\u00e1-lo nos campeonatos profissionais.<\/li>\n<li>O Sp. Covilh\u00e3 luta pela manuten\u00e7\u00e3o na Liga tr\u00eas, enquanto Taborda considera a experi\u00eancia na Arm\u00e9nia positiva e afirma que o objetivo \u00e9 manter o clube e o treinador Chal\u00f3.<\/li>\n<\/ul>\n","protected":false},"author":2,"featured_media":424247,"comment_status":"closed","ping_status":"closed","sticky":false,"template":"","format":"standard","meta":{"footnotes":""},"categories":[21,24],"tags":[6498,1306,152,68,32,399],"class_list":["post-424241","post","type-post","status-publish","format-standard","has-post-thumbnail","hentry","category-desporto","category-futebol","tag-associados","tag-covilha","tag-desporto","tag-eleicoes","tag-futebol","tag-organizacao-desportiva"],"yoast_head":"<!-- This site is optimized with the Yoast SEO plugin v27.2 - https:\/\/yoast.com\/product\/yoast-seo-wordpress\/ -->\n<title>Taborda desafiado a treinar o Sp. Covilh\u00e3 e o clube rejeita aproveitadores - Portal Tela Portugal<\/title>\n<meta name=\"robots\" content=\"index, follow, max-snippet:-1, max-image-preview:large, max-video-preview:-1\" \/>\n<meta property=\"og:locale\" content=\"pt_PT\" \/>\n<meta property=\"og:type\" content=\"article\" \/>\n<meta property=\"og:title\" content=\"Taborda desafiado a treinar o Sp. Covilh\u00e3 e o clube rejeita aproveitadores - Portal Tela Portugal\" \/>\n<meta property=\"og:description\" content=\"Pedro Taborda, antigo guarda-redes, est\u00e1 na Arm\u00e9nia a 2.\u00ba classificado do campeonato, o FC Ararat-Armenia, que luta pelo t\u00edtulo com 38 pontos, empatado com o l\u00edder Pyunik. Um grupo de associados do Sp. Covilh\u00e3 prepara uma lista candidata \u00e0s elei\u00e7\u00f5es do clube, marcadas para 9 de maio, e ter\u00e1 feito chegar o convite ao ex-jogador para treinar o Sp. Covilh\u00e3. Taborda afirmou \u00e0 Record que o clube precisa de paz, credibilidade e evitar aproveitadores que se promovam \u00e0 custa do clube, defendendo sinceridade e verdade para manter a organiza\u00e7\u00e3o. Relembra que o Sp. Covilh\u00e3, onde j\u00e1 jogou e treinou, enfrentou promessas n\u00e3o cumpridas pela antiga dire\u00e7\u00e3o, e diz que o objetivo \u00e9 trazer estabilidade desportiva e coloc\u00e1-lo nos campeonatos profissionais. O Sp. Covilh\u00e3 luta pela manuten\u00e7\u00e3o na Liga tr\u00eas, enquanto Taborda considera a experi\u00eancia na Arm\u00e9nia positiva e afirma que o objetivo \u00e9 manter o clube e o treinador Chal\u00f3.\" \/>\n<meta property=\"og:url\" content=\"https:\/\/portaltela.pt\/noticias\/2026\/03\/27\/taborda-desafiado-a-treinar-o-sp-covilha-e-o-clube-rejeita-aproveitadores\/\" \/>\n<meta property=\"og:site_name\" content=\"Portal Tela Portugal\" \/>\n<meta property=\"article:published_time\" content=\"2026-03-27T18:58:00+00:00\" \/>\n<meta name=\"author\" content=\"Telinha\" \/>\n<meta name=\"twitter:card\" content=\"summary_large_image\" \/>\n<meta name=\"twitter:label1\" content=\"Escrito por\" \/>\n\t<meta name=\"twitter:data1\" content=\"Telinha\" \/>\n\t<meta name=\"twitter:label2\" content=\"Tempo estimado de leitura\" \/>\n\t<meta name=\"twitter:data2\" content=\"1 minuto\" \/>\n<script type=\"application\/ld+json\" class=\"yoast-schema-graph\">{\"@context\":\"https:\/\/schema.org\",\"@graph\":[{\"@type\":\"Article\",\"@id\":\"https:\/\/portaltela.pt\/noticias\/2026\/03\/27\/taborda-desafiado-a-treinar-o-sp-covilha-e-o-clube-rejeita-aproveitadores\/#article\",\"isPartOf\":{\"@id\":\"https:\/\/portaltela.pt\/noticias\/2026\/03\/27\/taborda-desafiado-a-treinar-o-sp-covilha-e-o-clube-rejeita-aproveitadores\/\"},\"author\":{\"name\":\"Telinha\",\"@id\":\"https:\/\/portaltela.pt\/#\/schema\/person\/c4278d4a6028830caff9ee44b42d32ed\"},\"headline\":\"Taborda desafiado a treinar o Sp. Covilh\u00e3 e o clube rejeita aproveitadores\",\"datePublished\":\"2026-03-27T18:58:00+00:00\",\"mainEntityOfPage\":{\"@id\":\"https:\/\/portaltela.pt\/noticias\/2026\/03\/27\/taborda-desafiado-a-treinar-o-sp-covilha-e-o-clube-rejeita-aproveitadores\/\"},\"wordCount\":247,\"image\":{\"@id\":\"https:\/\/portaltela.pt\/noticias\/2026\/03\/27\/taborda-desafiado-a-treinar-o-sp-covilha-e-o-clube-rejeita-aproveitadores\/#primaryimage\"},\"thumbnailUrl\":\"https:\/\/portaltela.pt\/s.01k8rhncp4jt1\/2026\/03\/img_920x518uu2026-03-27-18-47-10-2429739.jpg\",\"keywords\":[\"associados\",\"Covilh\u00e3\",\"desporto\",\"elei\u00e7\u00f5es\",\"futebol\",\"organiza\u00e7\u00e3o desportiva\"],\"articleSection\":[\"Desporto\",\"Futebol\"],\"inLanguage\":\"pt-PT\"},{\"@type\":\"WebPage\",\"@id\":\"https:\/\/portaltela.pt\/noticias\/2026\/03\/27\/taborda-desafiado-a-treinar-o-sp-covilha-e-o-clube-rejeita-aproveitadores\/\",\"url\":\"https:\/\/portaltela.pt\/noticias\/2026\/03\/27\/taborda-desafiado-a-treinar-o-sp-covilha-e-o-clube-rejeita-aproveitadores\/\",\"name\":\"Taborda desafiado a treinar o Sp. Covilh\u00e3 e o clube rejeita aproveitadores - Portal Tela Portugal\",\"isPartOf\":{\"@id\":\"https:\/\/portaltela.pt\/#website\"},\"primaryImageOfPage\":{\"@id\":\"https:\/\/portaltela.pt\/noticias\/2026\/03\/27\/taborda-desafiado-a-treinar-o-sp-covilha-e-o-clube-rejeita-aproveitadores\/#primaryimage\"},\"image\":{\"@id\":\"https:\/\/portaltela.pt\/noticias\/2026\/03\/27\/taborda-desafiado-a-treinar-o-sp-covilha-e-o-clube-rejeita-aproveitadores\/#primaryimage\"},\"thumbnailUrl\":\"https:\/\/portaltela.pt\/s.01k8rhncp4jt1\/2026\/03\/img_920x518uu2026-03-27-18-47-10-2429739.jpg\",\"datePublished\":\"2026-03-27T18:58:00+00:00\",\"author\":{\"@id\":\"https:\/\/portaltela.pt\/#\/schema\/person\/c4278d4a6028830caff9ee44b42d32ed\"},\"breadcrumb\":{\"@id\":\"https:\/\/portaltela.pt\/noticias\/2026\/03\/27\/taborda-desafiado-a-treinar-o-sp-covilha-e-o-clube-rejeita-aproveitadores\/#breadcrumb\"},\"inLanguage\":\"pt-PT\",\"potentialAction\":[{\"@type\":\"ReadAction\",\"target\":[\"https:\/\/portaltela.pt\/noticias\/2026\/03\/27\/taborda-desafiado-a-treinar-o-sp-covilha-e-o-clube-rejeita-aproveitadores\/\"]}]},{\"@type\":\"ImageObject\",\"inLanguage\":\"pt-PT\",\"@id\":\"https:\/\/portaltela.pt\/noticias\/2026\/03\/27\/taborda-desafiado-a-treinar-o-sp-covilha-e-o-clube-rejeita-aproveitadores\/#primaryimage\",\"url\":\"https:\/\/portaltela.pt\/s.01k8rhncp4jt1\/2026\/03\/img_920x518uu2026-03-27-18-47-10-2429739.jpg\",\"contentUrl\":\"https:\/\/portaltela.pt\/s.01k8rhncp4jt1\/2026\/03\/img_920x518uu2026-03-27-18-47-10-2429739.jpg\",\"width\":796,\"height\":448,\"caption\":\"Pedro Taborda est\u00e1 na Arm\u00e9nia\"},{\"@type\":\"BreadcrumbList\",\"@id\":\"https:\/\/portaltela.pt\/noticias\/2026\/03\/27\/taborda-desafiado-a-treinar-o-sp-covilha-e-o-clube-rejeita-aproveitadores\/#breadcrumb\",\"itemListElement\":[{\"@type\":\"ListItem\",\"position\":1,\"name\":\"In\u00edcio\",\"item\":\"https:\/\/portaltela.pt\/\"},{\"@type\":\"ListItem\",\"position\":2,\"name\":\"Taborda desafiado a treinar o Sp. Covilh\u00e3 e o clube rejeita aproveitadores\"}]},{\"@type\":\"WebSite\",\"@id\":\"https:\/\/portaltela.pt\/#website\",\"url\":\"https:\/\/portaltela.pt\/\",\"name\":\"Portal Tela Portugal\",\"description\":\"\",\"potentialAction\":[{\"@type\":\"SearchAction\",\"target\":{\"@type\":\"EntryPoint\",\"urlTemplate\":\"https:\/\/portaltela.pt\/?s={search_term_string}\"},\"query-input\":{\"@type\":\"PropertyValueSpecification\",\"valueRequired\":true,\"valueName\":\"search_term_string\"}}],\"inLanguage\":\"pt-PT\"},{\"@type\":\"Person\",\"@id\":\"https:\/\/portaltela.pt\/#\/schema\/person\/c4278d4a6028830caff9ee44b42d32ed\",\"name\":\"Telinha\",\"image\":{\"@type\":\"ImageObject\",\"inLanguage\":\"pt-PT\",\"@id\":\"https:\/\/portaltela.pt\/s.01k8rhncp4jt1\/2025\/11\/talking-bot-125x125.png\",\"url\":\"https:\/\/portaltela.pt\/s.01k8rhncp4jt1\/2025\/11\/talking-bot-125x125.png\",\"contentUrl\":\"https:\/\/portaltela.pt\/s.01k8rhncp4jt1\/2025\/11\/talking-bot-125x125.png\",\"caption\":\"Telinha\"},\"sameAs\":[\"https:\/\/portaltela.pt\/\"],\"url\":\"https:\/\/portaltela.pt\/por\/367410592786\/\"}]}<\/script>\n<!-- \/ Yoast SEO plugin. -->","yoast_head_json":{"title":"Taborda desafiado a treinar o Sp. Covilh\u00e3 e o clube rejeita aproveitadores - Portal Tela Portugal","robots":{"index":"index","follow":"follow","max-snippet":"max-snippet:-1","max-image-preview":"max-image-preview:large","max-video-preview":"max-video-preview:-1"},"og_locale":"pt_PT","og_type":"article","og_title":"Taborda desafiado a treinar o Sp. Covilh\u00e3 e o clube rejeita aproveitadores - Portal Tela Portugal","og_description":"Pedro Taborda, antigo guarda-redes, est\u00e1 na Arm\u00e9nia a 2.\u00ba classificado do campeonato, o FC Ararat-Armenia, que luta pelo t\u00edtulo com 38 pontos, empatado com o l\u00edder Pyunik. Um grupo de associados do Sp. Covilh\u00e3 prepara uma lista candidata \u00e0s elei\u00e7\u00f5es do clube, marcadas para 9 de maio, e ter\u00e1 feito chegar o convite ao ex-jogador para treinar o Sp. Covilh\u00e3. Taborda afirmou \u00e0 Record que o clube precisa de paz, credibilidade e evitar aproveitadores que se promovam \u00e0 custa do clube, defendendo sinceridade e verdade para manter a organiza\u00e7\u00e3o. Relembra que o Sp. Covilh\u00e3, onde j\u00e1 jogou e treinou, enfrentou promessas n\u00e3o cumpridas pela antiga dire\u00e7\u00e3o, e diz que o objetivo \u00e9 trazer estabilidade desportiva e coloc\u00e1-lo nos campeonatos profissionais. O Sp. Covilh\u00e3 luta pela manuten\u00e7\u00e3o na Liga tr\u00eas, enquanto Taborda considera a experi\u00eancia na Arm\u00e9nia positiva e afirma que o objetivo \u00e9 manter o clube e o treinador Chal\u00f3.","og_url":"https:\/\/portaltela.pt\/noticias\/2026\/03\/27\/taborda-desafiado-a-treinar-o-sp-covilha-e-o-clube-rejeita-aproveitadores\/","og_site_name":"Portal Tela Portugal","article_published_time":"2026-03-27T18:58:00+00:00","author":"Telinha","twitter_card":"summary_large_image","twitter_misc":{"Escrito por":"Telinha","Tempo estimado de leitura":"1 minuto"},"schema":{"@context":"https:\/\/schema.org","@graph":[{"@type":"Article","@id":"https:\/\/portaltela.pt\/noticias\/2026\/03\/27\/taborda-desafiado-a-treinar-o-sp-covilha-e-o-clube-rejeita-aproveitadores\/#article","isPartOf":{"@id":"https:\/\/portaltela.pt\/noticias\/2026\/03\/27\/taborda-desafiado-a-treinar-o-sp-covilha-e-o-clube-rejeita-aproveitadores\/"},"author":{"name":"Telinha","@id":"https:\/\/portaltela.pt\/#\/schema\/person\/c4278d4a6028830caff9ee44b42d32ed"},"headline":"Taborda desafiado a treinar o Sp. Covilh\u00e3 e o clube rejeita aproveitadores","datePublished":"2026-03-27T18:58:00+00:00","mainEntityOfPage":{"@id":"https:\/\/portaltela.pt\/noticias\/2026\/03\/27\/taborda-desafiado-a-treinar-o-sp-covilha-e-o-clube-rejeita-aproveitadores\/"},"wordCount":247,"image":{"@id":"https:\/\/portaltela.pt\/noticias\/2026\/03\/27\/taborda-desafiado-a-treinar-o-sp-covilha-e-o-clube-rejeita-aproveitadores\/#primaryimage"},"thumbnailUrl":"https:\/\/portaltela.pt\/s.01k8rhncp4jt1\/2026\/03\/img_920x518uu2026-03-27-18-47-10-2429739.jpg","keywords":["associados","Covilh\u00e3","desporto","elei\u00e7\u00f5es","futebol","organiza\u00e7\u00e3o desportiva"],"articleSection":["Desporto","Futebol"],"inLanguage":"pt-PT"},{"@type":"WebPage","@id":"https:\/\/portaltela.pt\/noticias\/2026\/03\/27\/taborda-desafiado-a-treinar-o-sp-covilha-e-o-clube-rejeita-aproveitadores\/","url":"https:\/\/portaltela.pt\/noticias\/2026\/03\/27\/taborda-desafiado-a-treinar-o-sp-covilha-e-o-clube-rejeita-aproveitadores\/","name":"Taborda desafiado a treinar o Sp. Covilh\u00e3 e o clube rejeita aproveitadores - Portal Tela Portugal","isPartOf":{"@id":"https:\/\/portaltela.pt\/#website"},"primaryImageOfPage":{"@id":"https:\/\/portaltela.pt\/noticias\/2026\/03\/27\/taborda-desafiado-a-treinar-o-sp-covilha-e-o-clube-rejeita-aproveitadores\/#primaryimage"},"image":{"@id":"https:\/\/portaltela.pt\/noticias\/2026\/03\/27\/taborda-desafiado-a-treinar-o-sp-covilha-e-o-clube-rejeita-aproveitadores\/#primaryimage"},"thumbnailUrl":"https:\/\/portaltela.pt\/s.01k8rhncp4jt1\/2026\/03\/img_920x518uu2026-03-27-18-47-10-2429739.jpg","datePublished":"2026-03-27T18:58:00+00:00","author":{"@id":"https:\/\/portaltela.pt\/#\/schema\/person\/c4278d4a6028830caff9ee44b42d32ed"},"breadcrumb":{"@id":"https:\/\/portaltela.pt\/noticias\/2026\/03\/27\/taborda-desafiado-a-treinar-o-sp-covilha-e-o-clube-rejeita-aproveitadores\/#breadcrumb"},"inLanguage":"pt-PT","potentialAction":[{"@type":"ReadAction","target":["https:\/\/portaltela.pt\/noticias\/2026\/03\/27\/taborda-desafiado-a-treinar-o-sp-covilha-e-o-clube-rejeita-aproveitadores\/"]}]},{"@type":"ImageObject","inLanguage":"pt-PT","@id":"https:\/\/portaltela.pt\/noticias\/2026\/03\/27\/taborda-desafiado-a-treinar-o-sp-covilha-e-o-clube-rejeita-aproveitadores\/#primaryimage","url":"https:\/\/portaltela.pt\/s.01k8rhncp4jt1\/2026\/03\/img_920x518uu2026-03-27-18-47-10-2429739.jpg","contentUrl":"https:\/\/portaltela.pt\/s.01k8rhncp4jt1\/2026\/03\/img_920x518uu2026-03-27-18-47-10-2429739.jpg","width":796,"height":448,"caption":"Pedro Taborda est\u00e1 na Arm\u00e9nia"},{"@type":"BreadcrumbList","@id":"https:\/\/portaltela.pt\/noticias\/2026\/03\/27\/taborda-desafiado-a-treinar-o-sp-covilha-e-o-clube-rejeita-aproveitadores\/#breadcrumb","itemListElement":[{"@type":"ListItem","position":1,"name":"In\u00edcio","item":"https:\/\/portaltela.pt\/"},{"@type":"ListItem","position":2,"name":"Taborda desafiado a treinar o Sp. Covilh\u00e3 e o clube rejeita aproveitadores"}]},{"@type":"WebSite","@id":"https:\/\/portaltela.pt\/#website","url":"https:\/\/portaltela.pt\/","name":"Portal Tela Portugal","description":"","potentialAction":[{"@type":"SearchAction","target":{"@type":"EntryPoint","urlTemplate":"https:\/\/portaltela.pt\/?s={search_term_string}"},"query-input":{"@type":"PropertyValueSpecification","valueRequired":true,"valueName":"search_term_string"}}],"inLanguage":"pt-PT"},{"@type":"Person","@id":"https:\/\/portaltela.pt\/#\/schema\/person\/c4278d4a6028830caff9ee44b42d32ed","name":"Telinha","image":{"@type":"ImageObject","inLanguage":"pt-PT","@id":"https:\/\/portaltela.pt\/s.01k8rhncp4jt1\/2025\/11\/talking-bot-125x125.png","url":"https:\/\/portaltela.pt\/s.01k8rhncp4jt1\/2025\/11\/talking-bot-125x125.png","contentUrl":"https:\/\/portaltela.pt\/s.01k8rhncp4jt1\/2025\/11\/talking-bot-125x125.png","caption":"Telinha"},"sameAs":["https:\/\/portaltela.pt\/"],"url":"https:\/\/portaltela.pt\/por\/367410592786\/"}]}},"_links":{"self":[{"href":"https:\/\/portaltela.pt\/api\/wp\/v2\/posts\/424241","targetHints":{"allow":["GET"]}}],"collection":[{"href":"https:\/\/portaltela.pt\/api\/wp\/v2\/posts"}],"about":[{"href":"https:\/\/portaltela.pt\/api\/wp\/v2\/types\/post"}],"author":[{"embeddable":true,"href":"https:\/\/portaltela.pt\/api\/wp\/v2\/users\/2"}],"replies":[{"embeddable":true,"href":"https:\/\/portaltela.pt\/api\/wp\/v2\/comments?post=424241"}],"version-history":[{"count":0,"href":"https:\/\/portaltela.pt\/api\/wp\/v2\/posts\/424241\/revisions"}],"wp:featuredmedia":[{"embeddable":true,"href":"https:\/\/portaltela.pt\/api\/wp\/v2\/media\/424247"}],"wp:attachment":[{"href":"https:\/\/portaltela.pt\/api\/wp\/v2\/media?parent=424241"}],"wp:term":[{"taxonomy":"category","embeddable":true,"href":"https:\/\/portaltela.pt\/api\/wp\/v2\/categories?post=424241"},{"taxonomy":"post_tag","embeddable":true,"href":"https:\/\/portaltela.pt\/api\/wp\/v2\/tags?post=424241"}],"curies":[{"name":"wp","href":"https:\/\/api.w.org\/{rel}","templated":true}]}}