{"id":424229,"date":"2026-03-27T15:55:00","date_gmt":"2026-03-27T18:55:00","guid":{"rendered":"https:\/\/portaltela.pt\/noticias\/2026\/03\/27\/chanceler-alemao-admite-manter-centrais-a-carvao-por-mais-tempo\/"},"modified":"2026-03-27T15:55:00","modified_gmt":"2026-03-27T18:55:00","slug":"chanceler-alemao-admite-manter-centrais-a-carvao-por-mais-tempo","status":"publish","type":"post","link":"https:\/\/portaltela.pt\/energia\/2026\/03\/27\/chanceler-alemao-admite-manter-centrais-a-carvao-por-mais-tempo\/","title":{"rendered":"Chanceler alem\u00e3o admite manter centrais a carv\u00e3o por mais tempo"},"content":{"rendered":"<p>O chanceler alem\u00e3o afirmou que o pa\u00eds poder\u00e1 manter centrais a carv\u00e3o em funcionamento por mais tempo, como medida de recurso face \u00e0 crise energ\u00e9tica. A decis\u00e3o surge no contexto de tens\u00f5es e inseguran\u00e7a na oferta de energia.<\/p>\n<p>Segundo declara\u00e7\u00f5es feitas pelos representantes do governo, a extens\u00e3o da opera\u00e7\u00e3o das centrais a carv\u00e3o visa assegurar o fornecimento est\u00e1vel de eletricidade e evitar subidas abruptas de pre\u00e7os para consumidores e empresas. A estrat\u00e9gia insere-se numa resposta tempor\u00e1ria \u00e0 procura elevada.<\/p>\n<p>A posi\u00e7\u00e3o foi apresentada durante contactos com parceiros europeus e sectores industriais, que vivem a volatilidade dos mercados energ\u00e9ticos e a procura por fontes de energia mais resilientes. A prioridade \u00e9 garantir continuidade energ\u00e9tica sem comprometer o planeamento de transi\u00e7\u00e3o.<\/p>\n<p>Apesar da medida, o governo mant\u00e9m o objetivo de reduzir a depend\u00eancia de combust\u00edveis f\u00f3sseis a m\u00e9dio prazo, progressando com fontes renov\u00e1veis e com reformas no sector energ\u00e9tico. A decis\u00e3o \u00e9 apresentada como resposta pragm\u00e1tica a uma situa\u00e7\u00e3o excecional.<\/p>\n","protected":false},"excerpt":{"rendered":"<ul>\n<li>O chanceler alem\u00e3o admite manter centrais a carv\u00e3o por mais tempo devido \u00e0 crise energ\u00e9tica.<\/li>\n<li>A medida visa assegurar o fornecimento est\u00e1vel de energia na Alemanha.<\/li>\n<li>A decis\u00e3o surge em contexto de press\u00e3o no setor el\u00e9trico durante a crise.<\/li>\n<li>O conte\u00fado completo est\u00e1 dispon\u00edvel apenas para subscritores.<\/li>\n<\/ul>\n","protected":false},"author":2,"featured_media":424232,"comment_status":"closed","ping_status":"closed","sticky":false,"template":"","format":"standard","meta":{"footnotes":""},"categories":[6806],"tags":[6115,1603,5072,174,3603,5156],"class_list":["post-424229","post","type-post","status-publish","format-standard","has-post-thumbnail","hentry","category-energia","tag-_economia","tag-alemanha","tag-descarbonizacao","tag-energia","tag-energias-renovaveis","tag-transicao-climatica"],"yoast_head":"<!-- This site is optimized with the Yoast SEO plugin v27.2 - https:\/\/yoast.com\/product\/yoast-seo-wordpress\/ -->\n<title>Chanceler alem\u00e3o admite manter centrais a carv\u00e3o por mais tempo - Portal Tela Portugal<\/title>\n<meta name=\"robots\" content=\"index, follow, max-snippet:-1, max-image-preview:large, max-video-preview:-1\" \/>\n<meta property=\"og:locale\" content=\"pt_PT\" \/>\n<meta property=\"og:type\" content=\"article\" \/>\n<meta property=\"og:title\" content=\"Chanceler alem\u00e3o admite manter centrais a carv\u00e3o por mais tempo - Portal Tela Portugal\" \/>\n<meta property=\"og:description\" content=\"O chanceler alem\u00e3o admite manter centrais a carv\u00e3o por mais tempo devido \u00e0 crise energ\u00e9tica. A medida visa assegurar o fornecimento est\u00e1vel de energia na Alemanha. A decis\u00e3o surge em contexto de press\u00e3o no setor el\u00e9trico durante a crise. O conte\u00fado completo est\u00e1 dispon\u00edvel apenas para subscritores.\" \/>\n<meta property=\"og:url\" content=\"https:\/\/portaltela.pt\/noticias\/2026\/03\/27\/chanceler-alemao-admite-manter-centrais-a-carvao-por-mais-tempo\/\" \/>\n<meta property=\"og:site_name\" content=\"Portal Tela Portugal\" \/>\n<meta property=\"article:published_time\" content=\"2026-03-27T18:55:00+00:00\" \/>\n<meta name=\"author\" content=\"Telinha\" \/>\n<meta name=\"twitter:card\" content=\"summary_large_image\" \/>\n<meta name=\"twitter:label1\" content=\"Escrito por\" \/>\n\t<meta name=\"twitter:data1\" content=\"Telinha\" \/>\n\t<meta name=\"twitter:label2\" content=\"Tempo estimado de leitura\" \/>\n\t<meta name=\"twitter:data2\" content=\"1 minuto\" \/>\n<script type=\"application\/ld+json\" class=\"yoast-schema-graph\">{\"@context\":\"https:\/\/schema.org\",\"@graph\":[{\"@type\":\"Article\",\"@id\":\"https:\/\/portaltela.pt\/noticias\/2026\/03\/27\/chanceler-alemao-admite-manter-centrais-a-carvao-por-mais-tempo\/#article\",\"isPartOf\":{\"@id\":\"https:\/\/portaltela.pt\/noticias\/2026\/03\/27\/chanceler-alemao-admite-manter-centrais-a-carvao-por-mais-tempo\/\"},\"author\":{\"name\":\"Telinha\",\"@id\":\"https:\/\/portaltela.pt\/#\/schema\/person\/c4278d4a6028830caff9ee44b42d32ed\"},\"headline\":\"Chanceler alem\u00e3o admite manter centrais a carv\u00e3o por mais tempo\",\"datePublished\":\"2026-03-27T18:55:00+00:00\",\"mainEntityOfPage\":{\"@id\":\"https:\/\/portaltela.pt\/noticias\/2026\/03\/27\/chanceler-alemao-admite-manter-centrais-a-carvao-por-mais-tempo\/\"},\"wordCount\":195,\"image\":{\"@id\":\"https:\/\/portaltela.pt\/noticias\/2026\/03\/27\/chanceler-alemao-admite-manter-centrais-a-carvao-por-mais-tempo\/#primaryimage\"},\"thumbnailUrl\":\"https:\/\/portaltela.pt\/s.01k8rhncp4jt1\/2026\/03\/CACHE_780X1200_ANALOG_WATERMARKED_46830179_653906516132754.jpg\",\"keywords\":[\"_economia\",\"Alemanha\",\"descarboniza\u00e7\u00e3o\",\"energia\",\"energias renov\u00e1veis\",\"Transi\u00e7\u00e3o Clim\u00e1tica\"],\"articleSection\":[\"Energia\"],\"inLanguage\":\"pt-PT\"},{\"@type\":\"WebPage\",\"@id\":\"https:\/\/portaltela.pt\/noticias\/2026\/03\/27\/chanceler-alemao-admite-manter-centrais-a-carvao-por-mais-tempo\/\",\"url\":\"https:\/\/portaltela.pt\/noticias\/2026\/03\/27\/chanceler-alemao-admite-manter-centrais-a-carvao-por-mais-tempo\/\",\"name\":\"Chanceler alem\u00e3o admite manter centrais a carv\u00e3o por mais tempo - Portal Tela Portugal\",\"isPartOf\":{\"@id\":\"https:\/\/portaltela.pt\/#website\"},\"primaryImageOfPage\":{\"@id\":\"https:\/\/portaltela.pt\/noticias\/2026\/03\/27\/chanceler-alemao-admite-manter-centrais-a-carvao-por-mais-tempo\/#primaryimage\"},\"image\":{\"@id\":\"https:\/\/portaltela.pt\/noticias\/2026\/03\/27\/chanceler-alemao-admite-manter-centrais-a-carvao-por-mais-tempo\/#primaryimage\"},\"thumbnailUrl\":\"https:\/\/portaltela.pt\/s.01k8rhncp4jt1\/2026\/03\/CACHE_780X1200_ANALOG_WATERMARKED_46830179_653906516132754.jpg\",\"datePublished\":\"2026-03-27T18:55:00+00:00\",\"author\":{\"@id\":\"https:\/\/portaltela.pt\/#\/schema\/person\/c4278d4a6028830caff9ee44b42d32ed\"},\"breadcrumb\":{\"@id\":\"https:\/\/portaltela.pt\/noticias\/2026\/03\/27\/chanceler-alemao-admite-manter-centrais-a-carvao-por-mais-tempo\/#breadcrumb\"},\"inLanguage\":\"pt-PT\",\"potentialAction\":[{\"@type\":\"ReadAction\",\"target\":[\"https:\/\/portaltela.pt\/noticias\/2026\/03\/27\/chanceler-alemao-admite-manter-centrais-a-carvao-por-mais-tempo\/\"]}]},{\"@type\":\"ImageObject\",\"inLanguage\":\"pt-PT\",\"@id\":\"https:\/\/portaltela.pt\/noticias\/2026\/03\/27\/chanceler-alemao-admite-manter-centrais-a-carvao-por-mais-tempo\/#primaryimage\",\"url\":\"https:\/\/portaltela.pt\/s.01k8rhncp4jt1\/2026\/03\/CACHE_780X1200_ANALOG_WATERMARKED_46830179_653906516132754.jpg\",\"contentUrl\":\"https:\/\/portaltela.pt\/s.01k8rhncp4jt1\/2026\/03\/CACHE_780X1200_ANALOG_WATERMARKED_46830179_653906516132754.jpg\",\"width\":796,\"height\":448,\"caption\":\"Chanceler alem\u00e3o admite manter centrais a carv\u00e3o por mais tempo face crise energ\u00e9tica\"},{\"@type\":\"BreadcrumbList\",\"@id\":\"https:\/\/portaltela.pt\/noticias\/2026\/03\/27\/chanceler-alemao-admite-manter-centrais-a-carvao-por-mais-tempo\/#breadcrumb\",\"itemListElement\":[{\"@type\":\"ListItem\",\"position\":1,\"name\":\"In\u00edcio\",\"item\":\"https:\/\/portaltela.pt\/\"},{\"@type\":\"ListItem\",\"position\":2,\"name\":\"Chanceler alem\u00e3o admite manter centrais a carv\u00e3o por mais tempo\"}]},{\"@type\":\"WebSite\",\"@id\":\"https:\/\/portaltela.pt\/#website\",\"url\":\"https:\/\/portaltela.pt\/\",\"name\":\"Portal Tela Portugal\",\"description\":\"\",\"potentialAction\":[{\"@type\":\"SearchAction\",\"target\":{\"@type\":\"EntryPoint\",\"urlTemplate\":\"https:\/\/portaltela.pt\/?s={search_term_string}\"},\"query-input\":{\"@type\":\"PropertyValueSpecification\",\"valueRequired\":true,\"valueName\":\"search_term_string\"}}],\"inLanguage\":\"pt-PT\"},{\"@type\":\"Person\",\"@id\":\"https:\/\/portaltela.pt\/#\/schema\/person\/c4278d4a6028830caff9ee44b42d32ed\",\"name\":\"Telinha\",\"image\":{\"@type\":\"ImageObject\",\"inLanguage\":\"pt-PT\",\"@id\":\"https:\/\/portaltela.pt\/s.01k8rhncp4jt1\/2025\/11\/talking-bot-125x125.png\",\"url\":\"https:\/\/portaltela.pt\/s.01k8rhncp4jt1\/2025\/11\/talking-bot-125x125.png\",\"contentUrl\":\"https:\/\/portaltela.pt\/s.01k8rhncp4jt1\/2025\/11\/talking-bot-125x125.png\",\"caption\":\"Telinha\"},\"sameAs\":[\"https:\/\/portaltela.pt\/\"],\"url\":\"https:\/\/portaltela.pt\/por\/367410592786\/\"}]}<\/script>\n<!-- \/ Yoast SEO plugin. -->","yoast_head_json":{"title":"Chanceler alem\u00e3o admite manter centrais a carv\u00e3o por mais tempo - Portal Tela Portugal","robots":{"index":"index","follow":"follow","max-snippet":"max-snippet:-1","max-image-preview":"max-image-preview:large","max-video-preview":"max-video-preview:-1"},"og_locale":"pt_PT","og_type":"article","og_title":"Chanceler alem\u00e3o admite manter centrais a carv\u00e3o por mais tempo - Portal Tela Portugal","og_description":"O chanceler alem\u00e3o admite manter centrais a carv\u00e3o por mais tempo devido \u00e0 crise energ\u00e9tica. A medida visa assegurar o fornecimento est\u00e1vel de energia na Alemanha. A decis\u00e3o surge em contexto de press\u00e3o no setor el\u00e9trico durante a crise. O conte\u00fado completo est\u00e1 dispon\u00edvel apenas para subscritores.","og_url":"https:\/\/portaltela.pt\/noticias\/2026\/03\/27\/chanceler-alemao-admite-manter-centrais-a-carvao-por-mais-tempo\/","og_site_name":"Portal Tela Portugal","article_published_time":"2026-03-27T18:55:00+00:00","author":"Telinha","twitter_card":"summary_large_image","twitter_misc":{"Escrito por":"Telinha","Tempo estimado de leitura":"1 minuto"},"schema":{"@context":"https:\/\/schema.org","@graph":[{"@type":"Article","@id":"https:\/\/portaltela.pt\/noticias\/2026\/03\/27\/chanceler-alemao-admite-manter-centrais-a-carvao-por-mais-tempo\/#article","isPartOf":{"@id":"https:\/\/portaltela.pt\/noticias\/2026\/03\/27\/chanceler-alemao-admite-manter-centrais-a-carvao-por-mais-tempo\/"},"author":{"name":"Telinha","@id":"https:\/\/portaltela.pt\/#\/schema\/person\/c4278d4a6028830caff9ee44b42d32ed"},"headline":"Chanceler alem\u00e3o admite manter centrais a carv\u00e3o por mais tempo","datePublished":"2026-03-27T18:55:00+00:00","mainEntityOfPage":{"@id":"https:\/\/portaltela.pt\/noticias\/2026\/03\/27\/chanceler-alemao-admite-manter-centrais-a-carvao-por-mais-tempo\/"},"wordCount":195,"image":{"@id":"https:\/\/portaltela.pt\/noticias\/2026\/03\/27\/chanceler-alemao-admite-manter-centrais-a-carvao-por-mais-tempo\/#primaryimage"},"thumbnailUrl":"https:\/\/portaltela.pt\/s.01k8rhncp4jt1\/2026\/03\/CACHE_780X1200_ANALOG_WATERMARKED_46830179_653906516132754.jpg","keywords":["_economia","Alemanha","descarboniza\u00e7\u00e3o","energia","energias renov\u00e1veis","Transi\u00e7\u00e3o Clim\u00e1tica"],"articleSection":["Energia"],"inLanguage":"pt-PT"},{"@type":"WebPage","@id":"https:\/\/portaltela.pt\/noticias\/2026\/03\/27\/chanceler-alemao-admite-manter-centrais-a-carvao-por-mais-tempo\/","url":"https:\/\/portaltela.pt\/noticias\/2026\/03\/27\/chanceler-alemao-admite-manter-centrais-a-carvao-por-mais-tempo\/","name":"Chanceler alem\u00e3o admite manter centrais a carv\u00e3o por mais tempo - Portal Tela Portugal","isPartOf":{"@id":"https:\/\/portaltela.pt\/#website"},"primaryImageOfPage":{"@id":"https:\/\/portaltela.pt\/noticias\/2026\/03\/27\/chanceler-alemao-admite-manter-centrais-a-carvao-por-mais-tempo\/#primaryimage"},"image":{"@id":"https:\/\/portaltela.pt\/noticias\/2026\/03\/27\/chanceler-alemao-admite-manter-centrais-a-carvao-por-mais-tempo\/#primaryimage"},"thumbnailUrl":"https:\/\/portaltela.pt\/s.01k8rhncp4jt1\/2026\/03\/CACHE_780X1200_ANALOG_WATERMARKED_46830179_653906516132754.jpg","datePublished":"2026-03-27T18:55:00+00:00","author":{"@id":"https:\/\/portaltela.pt\/#\/schema\/person\/c4278d4a6028830caff9ee44b42d32ed"},"breadcrumb":{"@id":"https:\/\/portaltela.pt\/noticias\/2026\/03\/27\/chanceler-alemao-admite-manter-centrais-a-carvao-por-mais-tempo\/#breadcrumb"},"inLanguage":"pt-PT","potentialAction":[{"@type":"ReadAction","target":["https:\/\/portaltela.pt\/noticias\/2026\/03\/27\/chanceler-alemao-admite-manter-centrais-a-carvao-por-mais-tempo\/"]}]},{"@type":"ImageObject","inLanguage":"pt-PT","@id":"https:\/\/portaltela.pt\/noticias\/2026\/03\/27\/chanceler-alemao-admite-manter-centrais-a-carvao-por-mais-tempo\/#primaryimage","url":"https:\/\/portaltela.pt\/s.01k8rhncp4jt1\/2026\/03\/CACHE_780X1200_ANALOG_WATERMARKED_46830179_653906516132754.jpg","contentUrl":"https:\/\/portaltela.pt\/s.01k8rhncp4jt1\/2026\/03\/CACHE_780X1200_ANALOG_WATERMARKED_46830179_653906516132754.jpg","width":796,"height":448,"caption":"Chanceler alem\u00e3o admite manter centrais a carv\u00e3o por mais tempo face crise energ\u00e9tica"},{"@type":"BreadcrumbList","@id":"https:\/\/portaltela.pt\/noticias\/2026\/03\/27\/chanceler-alemao-admite-manter-centrais-a-carvao-por-mais-tempo\/#breadcrumb","itemListElement":[{"@type":"ListItem","position":1,"name":"In\u00edcio","item":"https:\/\/portaltela.pt\/"},{"@type":"ListItem","position":2,"name":"Chanceler alem\u00e3o admite manter centrais a carv\u00e3o por mais tempo"}]},{"@type":"WebSite","@id":"https:\/\/portaltela.pt\/#website","url":"https:\/\/portaltela.pt\/","name":"Portal Tela Portugal","description":"","potentialAction":[{"@type":"SearchAction","target":{"@type":"EntryPoint","urlTemplate":"https:\/\/portaltela.pt\/?s={search_term_string}"},"query-input":{"@type":"PropertyValueSpecification","valueRequired":true,"valueName":"search_term_string"}}],"inLanguage":"pt-PT"},{"@type":"Person","@id":"https:\/\/portaltela.pt\/#\/schema\/person\/c4278d4a6028830caff9ee44b42d32ed","name":"Telinha","image":{"@type":"ImageObject","inLanguage":"pt-PT","@id":"https:\/\/portaltela.pt\/s.01k8rhncp4jt1\/2025\/11\/talking-bot-125x125.png","url":"https:\/\/portaltela.pt\/s.01k8rhncp4jt1\/2025\/11\/talking-bot-125x125.png","contentUrl":"https:\/\/portaltela.pt\/s.01k8rhncp4jt1\/2025\/11\/talking-bot-125x125.png","caption":"Telinha"},"sameAs":["https:\/\/portaltela.pt\/"],"url":"https:\/\/portaltela.pt\/por\/367410592786\/"}]}},"_links":{"self":[{"href":"https:\/\/portaltela.pt\/api\/wp\/v2\/posts\/424229","targetHints":{"allow":["GET"]}}],"collection":[{"href":"https:\/\/portaltela.pt\/api\/wp\/v2\/posts"}],"about":[{"href":"https:\/\/portaltela.pt\/api\/wp\/v2\/types\/post"}],"author":[{"embeddable":true,"href":"https:\/\/portaltela.pt\/api\/wp\/v2\/users\/2"}],"replies":[{"embeddable":true,"href":"https:\/\/portaltela.pt\/api\/wp\/v2\/comments?post=424229"}],"version-history":[{"count":0,"href":"https:\/\/portaltela.pt\/api\/wp\/v2\/posts\/424229\/revisions"}],"wp:featuredmedia":[{"embeddable":true,"href":"https:\/\/portaltela.pt\/api\/wp\/v2\/media\/424232"}],"wp:attachment":[{"href":"https:\/\/portaltela.pt\/api\/wp\/v2\/media?parent=424229"}],"wp:term":[{"taxonomy":"category","embeddable":true,"href":"https:\/\/portaltela.pt\/api\/wp\/v2\/categories?post=424229"},{"taxonomy":"post_tag","embeddable":true,"href":"https:\/\/portaltela.pt\/api\/wp\/v2\/tags?post=424229"}],"curies":[{"name":"wp","href":"https:\/\/api.w.org\/{rel}","templated":true}]}}