{"id":424225,"date":"2026-03-27T15:42:00","date_gmt":"2026-03-27T18:42:00","guid":{"rendered":"https:\/\/portaltela.pt\/noticias\/2026\/03\/27\/miguel-oliveira-termina-oitavo-nos-treinos-livres-das-superbikes-em-portimao\/"},"modified":"2026-03-27T15:42:00","modified_gmt":"2026-03-27T18:42:00","slug":"miguel-oliveira-termina-oitavo-nos-treinos-livres-das-superbikes-em-portimao","status":"publish","type":"post","link":"https:\/\/portaltela.pt\/desporto\/futebol\/2026\/03\/27\/miguel-oliveira-termina-oitavo-nos-treinos-livres-das-superbikes-em-portimao\/","title":{"rendered":"Miguel Oliveira termina oitavo nos treinos livres das Superbikes em Portim\u00e3o"},"content":{"rendered":"<p>Miguel Oliveira terminou em oitavo lugar nos treinos livres das Superbikes em Portim\u00e3o, numa sess\u00e3o disputada no circuito alentejano. O resultado coloca o piloto portugu\u00eas entre os mais r\u00e1pidos da manh\u00e3, numa pista que recebeu a resist\u00eancia dos fabricantes da modalidade.<\/p>\n<p>O treino, que abriu as atividades do fim de semana, contou com a participa\u00e7\u00e3o de diversos pilotos da categoria. Oliveira procurou consolidar o ritmo e adaptar-se \u00e0s condi\u00e7\u00f5es da pista, com o objetivo de chegar bem preparado para as sess\u00f5es de qualifica\u00e7\u00e3o.<\/p>\n<p>Oito lugar no FP reflete a atua\u00e7\u00e3o do piloto na fase inicial de treinos, j\u00e1 com foco nas etapas seguintes do fim de semana. O desfecho permite avaliar o andamento da equipa e planejar ajustes para as pr\u00f3ximas sess\u00f5es, conforme o cronograma oficial da prova.<\/p>\n<h3>Desempenho e pr\u00f3ximos passos<\/h3>\n<p>A equipa analisa os tempos conseguidos para definir estrat\u00e9gias deSetas e ajustes de setup. Os trabalhos seguintes visam melhorar o rendimento nas voltas r\u00e1pidas e no ritmo de corrida.<\/p>\n<p>Os pr\u00f3ximos momentos do evento est\u00e3o programados para as sess\u00f5es de qualifica\u00e7\u00e3o, onde Oliveira busca posi\u00e7\u00e3o mais avan\u00e7ada na grelha. A organiza\u00e7\u00e3o mant\u00e9m o foco na seguran\u00e7a e na competitividade da prova.<\/p>\n","protected":false},"excerpt":{"rendered":"<ul>\n<li>Miguel Oliveira terminou em oitavo nos treinos livres das Superbikes em Portim\u00e3o.<\/li>\n<li>A sess\u00e3o decorreu no circuito internacional de Portim\u00e3o.<\/li>\n<li>Os treinos livres servem de prepara\u00e7\u00e3o para a corrida em Portim\u00e3o.<\/li>\n<li>Este resumo n\u00e3o apresenta tempos oficiais nem classifica\u00e7\u00f5es adicionais.<\/li>\n<\/ul>\n","protected":false},"author":2,"featured_media":424226,"comment_status":"closed","ping_status":"closed","sticky":false,"template":"","format":"standard","meta":{"footnotes":""},"categories":[21,24],"tags":[477,218,152,5972,1764,1014],"class_list":["post-424225","post","type-post","status-publish","format-standard","has-post-thumbnail","hentry","category-desporto","category-futebol","tag-desempenho","tag-desportivo","tag-desporto","tag-pilotos","tag-portimao","tag-portugal"],"yoast_head":"<!-- This site is optimized with the Yoast SEO plugin v27.2 - https:\/\/yoast.com\/product\/yoast-seo-wordpress\/ -->\n<title>Miguel Oliveira termina oitavo nos treinos livres das Superbikes em Portim\u00e3o - Portal Tela Portugal<\/title>\n<meta name=\"robots\" content=\"index, follow, max-snippet:-1, max-image-preview:large, max-video-preview:-1\" \/>\n<meta property=\"og:locale\" content=\"pt_PT\" \/>\n<meta property=\"og:type\" content=\"article\" \/>\n<meta property=\"og:title\" content=\"Miguel Oliveira termina oitavo nos treinos livres das Superbikes em Portim\u00e3o - Portal Tela Portugal\" \/>\n<meta property=\"og:description\" content=\"Miguel Oliveira terminou em oitavo nos treinos livres das Superbikes em Portim\u00e3o. A sess\u00e3o decorreu no circuito internacional de Portim\u00e3o. Os treinos livres servem de prepara\u00e7\u00e3o para a corrida em Portim\u00e3o. Este resumo n\u00e3o apresenta tempos oficiais nem classifica\u00e7\u00f5es adicionais.\" \/>\n<meta property=\"og:url\" content=\"https:\/\/portaltela.pt\/noticias\/2026\/03\/27\/miguel-oliveira-termina-oitavo-nos-treinos-livres-das-superbikes-em-portimao\/\" \/>\n<meta property=\"og:site_name\" content=\"Portal Tela Portugal\" \/>\n<meta property=\"article:published_time\" content=\"2026-03-27T18:42:00+00:00\" \/>\n<meta name=\"author\" content=\"Telinha\" \/>\n<meta name=\"twitter:card\" content=\"summary_large_image\" \/>\n<meta name=\"twitter:label1\" content=\"Escrito por\" \/>\n\t<meta name=\"twitter:data1\" content=\"Telinha\" \/>\n\t<meta name=\"twitter:label2\" content=\"Tempo estimado de leitura\" \/>\n\t<meta name=\"twitter:data2\" content=\"1 minuto\" \/>\n<script type=\"application\/ld+json\" class=\"yoast-schema-graph\">{\"@context\":\"https:\/\/schema.org\",\"@graph\":[{\"@type\":\"Article\",\"@id\":\"https:\/\/portaltela.pt\/noticias\/2026\/03\/27\/miguel-oliveira-termina-oitavo-nos-treinos-livres-das-superbikes-em-portimao\/#article\",\"isPartOf\":{\"@id\":\"https:\/\/portaltela.pt\/noticias\/2026\/03\/27\/miguel-oliveira-termina-oitavo-nos-treinos-livres-das-superbikes-em-portimao\/\"},\"author\":{\"name\":\"Telinha\",\"@id\":\"https:\/\/portaltela.pt\/#\/schema\/person\/c4278d4a6028830caff9ee44b42d32ed\"},\"headline\":\"Miguel Oliveira termina oitavo nos treinos livres das Superbikes em Portim\u00e3o\",\"datePublished\":\"2026-03-27T18:42:00+00:00\",\"mainEntityOfPage\":{\"@id\":\"https:\/\/portaltela.pt\/noticias\/2026\/03\/27\/miguel-oliveira-termina-oitavo-nos-treinos-livres-das-superbikes-em-portimao\/\"},\"wordCount\":229,\"image\":{\"@id\":\"https:\/\/portaltela.pt\/noticias\/2026\/03\/27\/miguel-oliveira-termina-oitavo-nos-treinos-livres-das-superbikes-em-portimao\/#primaryimage\"},\"thumbnailUrl\":\"https:\/\/portaltela.pt\/s.01k8rhncp4jt1\/2026\/03\/CACHE_780X1200_ANALOG_WATERMARKED_46837391_4185853_27032026051357.jpg\",\"keywords\":[\"desempenho\",\"desportivo\",\"desporto\",\"pilotos\",\"Portim\u00e3o\",\"Portugal\"],\"articleSection\":[\"Desporto\",\"Futebol\"],\"inLanguage\":\"pt-PT\"},{\"@type\":\"WebPage\",\"@id\":\"https:\/\/portaltela.pt\/noticias\/2026\/03\/27\/miguel-oliveira-termina-oitavo-nos-treinos-livres-das-superbikes-em-portimao\/\",\"url\":\"https:\/\/portaltela.pt\/noticias\/2026\/03\/27\/miguel-oliveira-termina-oitavo-nos-treinos-livres-das-superbikes-em-portimao\/\",\"name\":\"Miguel Oliveira termina oitavo nos treinos livres das Superbikes em Portim\u00e3o - Portal Tela Portugal\",\"isPartOf\":{\"@id\":\"https:\/\/portaltela.pt\/#website\"},\"primaryImageOfPage\":{\"@id\":\"https:\/\/portaltela.pt\/noticias\/2026\/03\/27\/miguel-oliveira-termina-oitavo-nos-treinos-livres-das-superbikes-em-portimao\/#primaryimage\"},\"image\":{\"@id\":\"https:\/\/portaltela.pt\/noticias\/2026\/03\/27\/miguel-oliveira-termina-oitavo-nos-treinos-livres-das-superbikes-em-portimao\/#primaryimage\"},\"thumbnailUrl\":\"https:\/\/portaltela.pt\/s.01k8rhncp4jt1\/2026\/03\/CACHE_780X1200_ANALOG_WATERMARKED_46837391_4185853_27032026051357.jpg\",\"datePublished\":\"2026-03-27T18:42:00+00:00\",\"author\":{\"@id\":\"https:\/\/portaltela.pt\/#\/schema\/person\/c4278d4a6028830caff9ee44b42d32ed\"},\"breadcrumb\":{\"@id\":\"https:\/\/portaltela.pt\/noticias\/2026\/03\/27\/miguel-oliveira-termina-oitavo-nos-treinos-livres-das-superbikes-em-portimao\/#breadcrumb\"},\"inLanguage\":\"pt-PT\",\"potentialAction\":[{\"@type\":\"ReadAction\",\"target\":[\"https:\/\/portaltela.pt\/noticias\/2026\/03\/27\/miguel-oliveira-termina-oitavo-nos-treinos-livres-das-superbikes-em-portimao\/\"]}]},{\"@type\":\"ImageObject\",\"inLanguage\":\"pt-PT\",\"@id\":\"https:\/\/portaltela.pt\/noticias\/2026\/03\/27\/miguel-oliveira-termina-oitavo-nos-treinos-livres-das-superbikes-em-portimao\/#primaryimage\",\"url\":\"https:\/\/portaltela.pt\/s.01k8rhncp4jt1\/2026\/03\/CACHE_780X1200_ANALOG_WATERMARKED_46837391_4185853_27032026051357.jpg\",\"contentUrl\":\"https:\/\/portaltela.pt\/s.01k8rhncp4jt1\/2026\/03\/CACHE_780X1200_ANALOG_WATERMARKED_46837391_4185853_27032026051357.jpg\",\"width\":768,\"height\":512,\"caption\":\"Miguel Oliveira termina em oitavo treinos livres das Superbikes em Portim\u00e3o\"},{\"@type\":\"BreadcrumbList\",\"@id\":\"https:\/\/portaltela.pt\/noticias\/2026\/03\/27\/miguel-oliveira-termina-oitavo-nos-treinos-livres-das-superbikes-em-portimao\/#breadcrumb\",\"itemListElement\":[{\"@type\":\"ListItem\",\"position\":1,\"name\":\"In\u00edcio\",\"item\":\"https:\/\/portaltela.pt\/\"},{\"@type\":\"ListItem\",\"position\":2,\"name\":\"Miguel Oliveira termina oitavo nos treinos livres das Superbikes em Portim\u00e3o\"}]},{\"@type\":\"WebSite\",\"@id\":\"https:\/\/portaltela.pt\/#website\",\"url\":\"https:\/\/portaltela.pt\/\",\"name\":\"Portal Tela Portugal\",\"description\":\"\",\"potentialAction\":[{\"@type\":\"SearchAction\",\"target\":{\"@type\":\"EntryPoint\",\"urlTemplate\":\"https:\/\/portaltela.pt\/?s={search_term_string}\"},\"query-input\":{\"@type\":\"PropertyValueSpecification\",\"valueRequired\":true,\"valueName\":\"search_term_string\"}}],\"inLanguage\":\"pt-PT\"},{\"@type\":\"Person\",\"@id\":\"https:\/\/portaltela.pt\/#\/schema\/person\/c4278d4a6028830caff9ee44b42d32ed\",\"name\":\"Telinha\",\"image\":{\"@type\":\"ImageObject\",\"inLanguage\":\"pt-PT\",\"@id\":\"https:\/\/portaltela.pt\/s.01k8rhncp4jt1\/2025\/11\/talking-bot-125x125.png\",\"url\":\"https:\/\/portaltela.pt\/s.01k8rhncp4jt1\/2025\/11\/talking-bot-125x125.png\",\"contentUrl\":\"https:\/\/portaltela.pt\/s.01k8rhncp4jt1\/2025\/11\/talking-bot-125x125.png\",\"caption\":\"Telinha\"},\"sameAs\":[\"https:\/\/portaltela.pt\/\"],\"url\":\"https:\/\/portaltela.pt\/por\/367410592786\/\"}]}<\/script>\n<!-- \/ Yoast SEO plugin. -->","yoast_head_json":{"title":"Miguel Oliveira termina oitavo nos treinos livres das Superbikes em Portim\u00e3o - Portal Tela Portugal","robots":{"index":"index","follow":"follow","max-snippet":"max-snippet:-1","max-image-preview":"max-image-preview:large","max-video-preview":"max-video-preview:-1"},"og_locale":"pt_PT","og_type":"article","og_title":"Miguel Oliveira termina oitavo nos treinos livres das Superbikes em Portim\u00e3o - Portal Tela Portugal","og_description":"Miguel Oliveira terminou em oitavo nos treinos livres das Superbikes em Portim\u00e3o. A sess\u00e3o decorreu no circuito internacional de Portim\u00e3o. Os treinos livres servem de prepara\u00e7\u00e3o para a corrida em Portim\u00e3o. Este resumo n\u00e3o apresenta tempos oficiais nem classifica\u00e7\u00f5es adicionais.","og_url":"https:\/\/portaltela.pt\/noticias\/2026\/03\/27\/miguel-oliveira-termina-oitavo-nos-treinos-livres-das-superbikes-em-portimao\/","og_site_name":"Portal Tela Portugal","article_published_time":"2026-03-27T18:42:00+00:00","author":"Telinha","twitter_card":"summary_large_image","twitter_misc":{"Escrito por":"Telinha","Tempo estimado de leitura":"1 minuto"},"schema":{"@context":"https:\/\/schema.org","@graph":[{"@type":"Article","@id":"https:\/\/portaltela.pt\/noticias\/2026\/03\/27\/miguel-oliveira-termina-oitavo-nos-treinos-livres-das-superbikes-em-portimao\/#article","isPartOf":{"@id":"https:\/\/portaltela.pt\/noticias\/2026\/03\/27\/miguel-oliveira-termina-oitavo-nos-treinos-livres-das-superbikes-em-portimao\/"},"author":{"name":"Telinha","@id":"https:\/\/portaltela.pt\/#\/schema\/person\/c4278d4a6028830caff9ee44b42d32ed"},"headline":"Miguel Oliveira termina oitavo nos treinos livres das Superbikes em Portim\u00e3o","datePublished":"2026-03-27T18:42:00+00:00","mainEntityOfPage":{"@id":"https:\/\/portaltela.pt\/noticias\/2026\/03\/27\/miguel-oliveira-termina-oitavo-nos-treinos-livres-das-superbikes-em-portimao\/"},"wordCount":229,"image":{"@id":"https:\/\/portaltela.pt\/noticias\/2026\/03\/27\/miguel-oliveira-termina-oitavo-nos-treinos-livres-das-superbikes-em-portimao\/#primaryimage"},"thumbnailUrl":"https:\/\/portaltela.pt\/s.01k8rhncp4jt1\/2026\/03\/CACHE_780X1200_ANALOG_WATERMARKED_46837391_4185853_27032026051357.jpg","keywords":["desempenho","desportivo","desporto","pilotos","Portim\u00e3o","Portugal"],"articleSection":["Desporto","Futebol"],"inLanguage":"pt-PT"},{"@type":"WebPage","@id":"https:\/\/portaltela.pt\/noticias\/2026\/03\/27\/miguel-oliveira-termina-oitavo-nos-treinos-livres-das-superbikes-em-portimao\/","url":"https:\/\/portaltela.pt\/noticias\/2026\/03\/27\/miguel-oliveira-termina-oitavo-nos-treinos-livres-das-superbikes-em-portimao\/","name":"Miguel Oliveira termina oitavo nos treinos livres das Superbikes em Portim\u00e3o - Portal Tela Portugal","isPartOf":{"@id":"https:\/\/portaltela.pt\/#website"},"primaryImageOfPage":{"@id":"https:\/\/portaltela.pt\/noticias\/2026\/03\/27\/miguel-oliveira-termina-oitavo-nos-treinos-livres-das-superbikes-em-portimao\/#primaryimage"},"image":{"@id":"https:\/\/portaltela.pt\/noticias\/2026\/03\/27\/miguel-oliveira-termina-oitavo-nos-treinos-livres-das-superbikes-em-portimao\/#primaryimage"},"thumbnailUrl":"https:\/\/portaltela.pt\/s.01k8rhncp4jt1\/2026\/03\/CACHE_780X1200_ANALOG_WATERMARKED_46837391_4185853_27032026051357.jpg","datePublished":"2026-03-27T18:42:00+00:00","author":{"@id":"https:\/\/portaltela.pt\/#\/schema\/person\/c4278d4a6028830caff9ee44b42d32ed"},"breadcrumb":{"@id":"https:\/\/portaltela.pt\/noticias\/2026\/03\/27\/miguel-oliveira-termina-oitavo-nos-treinos-livres-das-superbikes-em-portimao\/#breadcrumb"},"inLanguage":"pt-PT","potentialAction":[{"@type":"ReadAction","target":["https:\/\/portaltela.pt\/noticias\/2026\/03\/27\/miguel-oliveira-termina-oitavo-nos-treinos-livres-das-superbikes-em-portimao\/"]}]},{"@type":"ImageObject","inLanguage":"pt-PT","@id":"https:\/\/portaltela.pt\/noticias\/2026\/03\/27\/miguel-oliveira-termina-oitavo-nos-treinos-livres-das-superbikes-em-portimao\/#primaryimage","url":"https:\/\/portaltela.pt\/s.01k8rhncp4jt1\/2026\/03\/CACHE_780X1200_ANALOG_WATERMARKED_46837391_4185853_27032026051357.jpg","contentUrl":"https:\/\/portaltela.pt\/s.01k8rhncp4jt1\/2026\/03\/CACHE_780X1200_ANALOG_WATERMARKED_46837391_4185853_27032026051357.jpg","width":768,"height":512,"caption":"Miguel Oliveira termina em oitavo treinos livres das Superbikes em Portim\u00e3o"},{"@type":"BreadcrumbList","@id":"https:\/\/portaltela.pt\/noticias\/2026\/03\/27\/miguel-oliveira-termina-oitavo-nos-treinos-livres-das-superbikes-em-portimao\/#breadcrumb","itemListElement":[{"@type":"ListItem","position":1,"name":"In\u00edcio","item":"https:\/\/portaltela.pt\/"},{"@type":"ListItem","position":2,"name":"Miguel Oliveira termina oitavo nos treinos livres das Superbikes em Portim\u00e3o"}]},{"@type":"WebSite","@id":"https:\/\/portaltela.pt\/#website","url":"https:\/\/portaltela.pt\/","name":"Portal Tela Portugal","description":"","potentialAction":[{"@type":"SearchAction","target":{"@type":"EntryPoint","urlTemplate":"https:\/\/portaltela.pt\/?s={search_term_string}"},"query-input":{"@type":"PropertyValueSpecification","valueRequired":true,"valueName":"search_term_string"}}],"inLanguage":"pt-PT"},{"@type":"Person","@id":"https:\/\/portaltela.pt\/#\/schema\/person\/c4278d4a6028830caff9ee44b42d32ed","name":"Telinha","image":{"@type":"ImageObject","inLanguage":"pt-PT","@id":"https:\/\/portaltela.pt\/s.01k8rhncp4jt1\/2025\/11\/talking-bot-125x125.png","url":"https:\/\/portaltela.pt\/s.01k8rhncp4jt1\/2025\/11\/talking-bot-125x125.png","contentUrl":"https:\/\/portaltela.pt\/s.01k8rhncp4jt1\/2025\/11\/talking-bot-125x125.png","caption":"Telinha"},"sameAs":["https:\/\/portaltela.pt\/"],"url":"https:\/\/portaltela.pt\/por\/367410592786\/"}]}},"_links":{"self":[{"href":"https:\/\/portaltela.pt\/api\/wp\/v2\/posts\/424225","targetHints":{"allow":["GET"]}}],"collection":[{"href":"https:\/\/portaltela.pt\/api\/wp\/v2\/posts"}],"about":[{"href":"https:\/\/portaltela.pt\/api\/wp\/v2\/types\/post"}],"author":[{"embeddable":true,"href":"https:\/\/portaltela.pt\/api\/wp\/v2\/users\/2"}],"replies":[{"embeddable":true,"href":"https:\/\/portaltela.pt\/api\/wp\/v2\/comments?post=424225"}],"version-history":[{"count":0,"href":"https:\/\/portaltela.pt\/api\/wp\/v2\/posts\/424225\/revisions"}],"wp:featuredmedia":[{"embeddable":true,"href":"https:\/\/portaltela.pt\/api\/wp\/v2\/media\/424226"}],"wp:attachment":[{"href":"https:\/\/portaltela.pt\/api\/wp\/v2\/media?parent=424225"}],"wp:term":[{"taxonomy":"category","embeddable":true,"href":"https:\/\/portaltela.pt\/api\/wp\/v2\/categories?post=424225"},{"taxonomy":"post_tag","embeddable":true,"href":"https:\/\/portaltela.pt\/api\/wp\/v2\/tags?post=424225"}],"curies":[{"name":"wp","href":"https:\/\/api.w.org\/{rel}","templated":true}]}}