{"id":424195,"date":"2026-03-27T15:24:44","date_gmt":"2026-03-27T18:24:44","guid":{"rendered":"https:\/\/portaltela.pt\/noticias\/2026\/03\/27\/federacao-de-triatlo-quer-organizar-taca-do-mundo-em-portugal-em-dois-anos\/"},"modified":"2026-03-27T15:24:44","modified_gmt":"2026-03-27T18:24:44","slug":"federacao-de-triatlo-quer-organizar-taca-do-mundo-em-portugal-em-dois-anos","status":"publish","type":"post","link":"https:\/\/portaltela.pt\/desporto\/copa-do-mundo\/2026\/03\/27\/federacao-de-triatlo-quer-organizar-taca-do-mundo-em-portugal-em-dois-anos\/","title":{"rendered":"Federa\u00e7\u00e3o de Triatlo quer organizar Ta\u00e7a do Mundo em Portugal em dois anos"},"content":{"rendered":"<p>A Federa\u00e7\u00e3o de Triatlo de Portugal (FTP) quer organizar uma etapa da Ta\u00e7a do Mundo at\u00e9 2028, ap\u00f3s um desafio lan\u00e7ado pela World Triathlon. O objetivo dever\u00e1 avan\u00e7ar para 2027 ou 2028, conforme o investimento necess\u00e1rio. O an\u00fancio ocorreu na v\u00e9spera da Ta\u00e7a da Europa de Quarteira, em paix\u00e3o pela modalidade.<\/p>\n<p>O presidente da FTP, Fernando Feij\u00e3o, explicou que a World Triathlon pediu a demonstra\u00e7\u00e3o de capacidade para organizar provas de alto n\u00edvel. A meta depende de um investimento consider\u00e1vel, estimado em cerca de meio milh\u00e3o de euros, superior ao que \u00e9 necess\u00e1rio para uma Ta\u00e7a da Europa.<\/p>\n<h3>Investimento e parceria municipal<\/h3>\n<p>A FTP j\u00e1 contactou a C\u00e2mara Municipal de Loul\u00e9, que tem mostrado apoio \u00e0 federa\u00e7\u00e3o e dever\u00e1 suportar uma parcela significativa do aumento or\u00e7amental. O autarca Telmo Pinto afirmou que j\u00e1 recebeu o caderno de encargos e que o munic\u00edpio est\u00e1 dispon\u00edvel para mobilizar recursos.<\/p>\n<h3>Impacto econ\u00f3mico e retorno<\/h3>\n<p>Um estudo da Universidade do Algarve aponta um retorno econ\u00f3mico significativo para a regi\u00e3o, com um efeito multiplicador de 16. A despesa direta associada ao evento ascende a cerca de 1,69 milh\u00e3o de euros, majoritariamente sustentada por visitantes externos ao concelho.<\/p>\n<p>Quarteira recebe, neste fim de semana, cerca de 250 triatletas de mais de 20 nacionalidades, em elites e juniores, durante a Ta\u00e7a da Europa em dist\u00e2ncia ol\u00edmpica. A prova refor\u00e7a o papel da regi\u00e3o no calend\u00e1rio da modalidade.<\/p>\n<h3>Contexto ol\u00edmpico e perspetivas<\/h3>\n<p>A realiza\u00e7\u00e3o de uma Ta\u00e7a do Mundo em Portugal coincide com o per\u00edodo de qualifica\u00e7\u00e3o para os Jogos de Los Angeles 2028, oferecendo motiva\u00e7\u00e3o adicional aos atletas nacionais. A FTP pretende consolidar o pa\u00eds como destino de provas internacionais de triatlo.<\/p>\n","protected":false},"excerpt":{"rendered":"<ul>\n<li>A Federa\u00e7\u00e3o de Triatlo de Portugal quer organizar uma etapa da Ta\u00e7a do Mundo at\u00e9 2028, com o objetivo assumido para 2027 ou 2028.<\/li>\n<li>O investimento necess\u00e1rio para uma Ta\u00e7a do Mundo \u00e9 de cerca de meio milh\u00e3o de euros, mais alto do que para a Ta\u00e7a da Europa.<\/li>\n<li>A World Triathlon lan\u00e7ou o repto \u00e0 FTP, que j\u00e1 contactou a C\u00e2mara Municipal de Loul\u00e9 para apoio financeiro e log\u00edstico.<\/li>\n<li>Um estudo da Universidade do Algarve aponta um impacto econ\u00f3mico direto de cerca de \u20ac1,691,270, com 94,3% da despesa gerada por visitantes de fora do concelho.<\/li>\n<li>A Ta\u00e7a da Europa de Quarteira, em dist\u00e2ncia ol\u00edmpica, realiza-se no fim de semana e traz cerca de 250 triatletas de mais de 20 nacionalidades.<\/li>\n<\/ul>\n","protected":false},"author":2,"featured_media":424203,"comment_status":"closed","ping_status":"closed","sticky":false,"template":"","format":"standard","meta":{"footnotes":""},"categories":[6695,21],"tags":[152,28,316,2302,1014,6189],"class_list":["post-424195","post","type-post","status-publish","format-standard","has-post-thumbnail","hentry","category-copa-do-mundo","category-desporto","tag-desporto","tag-economia","tag-investimento","tag-loule","tag-portugal","tag-quarteira"],"yoast_head":"<!-- This site is optimized with the Yoast SEO plugin v27.2 - https:\/\/yoast.com\/product\/yoast-seo-wordpress\/ -->\n<title>Federa\u00e7\u00e3o de Triatlo quer organizar Ta\u00e7a do Mundo em Portugal em dois anos - Portal Tela Portugal<\/title>\n<meta name=\"robots\" content=\"index, follow, max-snippet:-1, max-image-preview:large, max-video-preview:-1\" \/>\n<meta property=\"og:locale\" content=\"pt_PT\" \/>\n<meta property=\"og:type\" content=\"article\" \/>\n<meta property=\"og:title\" content=\"Federa\u00e7\u00e3o de Triatlo quer organizar Ta\u00e7a do Mundo em Portugal em dois anos - Portal Tela Portugal\" \/>\n<meta property=\"og:description\" content=\"A Federa\u00e7\u00e3o de Triatlo de Portugal quer organizar uma etapa da Ta\u00e7a do Mundo at\u00e9 2028, com o objetivo assumido para 2027 ou 2028. O investimento necess\u00e1rio para uma Ta\u00e7a do Mundo \u00e9 de cerca de meio milh\u00e3o de euros, mais alto do que para a Ta\u00e7a da Europa. A World Triathlon lan\u00e7ou o repto \u00e0 FTP, que j\u00e1 contactou a C\u00e2mara Municipal de Loul\u00e9 para apoio financeiro e log\u00edstico. Um estudo da Universidade do Algarve aponta um impacto econ\u00f3mico direto de cerca de \u20ac1,691,270, com 94,3% da despesa gerada por visitantes de fora do concelho. A Ta\u00e7a da Europa de Quarteira, em dist\u00e2ncia ol\u00edmpica, realiza-se no fim de semana e traz cerca de 250 triatletas de mais de 20 nacionalidades.\" \/>\n<meta property=\"og:url\" content=\"https:\/\/portaltela.pt\/noticias\/2026\/03\/27\/federacao-de-triatlo-quer-organizar-taca-do-mundo-em-portugal-em-dois-anos\/\" \/>\n<meta property=\"og:site_name\" content=\"Portal Tela Portugal\" \/>\n<meta property=\"article:published_time\" content=\"2026-03-27T18:24:44+00:00\" \/>\n<meta name=\"author\" content=\"Telinha\" \/>\n<meta name=\"twitter:card\" content=\"summary_large_image\" \/>\n<meta name=\"twitter:label1\" content=\"Escrito por\" \/>\n\t<meta name=\"twitter:data1\" content=\"Telinha\" \/>\n\t<meta name=\"twitter:label2\" content=\"Tempo estimado de leitura\" \/>\n\t<meta name=\"twitter:data2\" content=\"2 minutos\" \/>\n<script type=\"application\/ld+json\" class=\"yoast-schema-graph\">{\"@context\":\"https:\/\/schema.org\",\"@graph\":[{\"@type\":\"Article\",\"@id\":\"https:\/\/portaltela.pt\/noticias\/2026\/03\/27\/federacao-de-triatlo-quer-organizar-taca-do-mundo-em-portugal-em-dois-anos\/#article\",\"isPartOf\":{\"@id\":\"https:\/\/portaltela.pt\/noticias\/2026\/03\/27\/federacao-de-triatlo-quer-organizar-taca-do-mundo-em-portugal-em-dois-anos\/\"},\"author\":{\"name\":\"Telinha\",\"@id\":\"https:\/\/portaltela.pt\/#\/schema\/person\/c4278d4a6028830caff9ee44b42d32ed\"},\"headline\":\"Federa\u00e7\u00e3o de Triatlo quer organizar Ta\u00e7a do Mundo em Portugal em dois anos\",\"datePublished\":\"2026-03-27T18:24:44+00:00\",\"mainEntityOfPage\":{\"@id\":\"https:\/\/portaltela.pt\/noticias\/2026\/03\/27\/federacao-de-triatlo-quer-organizar-taca-do-mundo-em-portugal-em-dois-anos\/\"},\"wordCount\":319,\"image\":{\"@id\":\"https:\/\/portaltela.pt\/noticias\/2026\/03\/27\/federacao-de-triatlo-quer-organizar-taca-do-mundo-em-portugal-em-dois-anos\/#primaryimage\"},\"thumbnailUrl\":\"https:\/\/portaltela.pt\/s.01k8rhncp4jt1\/2026\/03\/img_920x518uu2022-09-11-19-46-39-2039402.jpg\",\"keywords\":[\"desporto\",\"economia\",\"investimento\",\"Loul\u00e9\",\"Portugal\",\"Quarteira\"],\"articleSection\":[\"Copa do Mundo\",\"Desporto\"],\"inLanguage\":\"pt-PT\"},{\"@type\":\"WebPage\",\"@id\":\"https:\/\/portaltela.pt\/noticias\/2026\/03\/27\/federacao-de-triatlo-quer-organizar-taca-do-mundo-em-portugal-em-dois-anos\/\",\"url\":\"https:\/\/portaltela.pt\/noticias\/2026\/03\/27\/federacao-de-triatlo-quer-organizar-taca-do-mundo-em-portugal-em-dois-anos\/\",\"name\":\"Federa\u00e7\u00e3o de Triatlo quer organizar Ta\u00e7a do Mundo em Portugal em dois anos - Portal Tela Portugal\",\"isPartOf\":{\"@id\":\"https:\/\/portaltela.pt\/#website\"},\"primaryImageOfPage\":{\"@id\":\"https:\/\/portaltela.pt\/noticias\/2026\/03\/27\/federacao-de-triatlo-quer-organizar-taca-do-mundo-em-portugal-em-dois-anos\/#primaryimage\"},\"image\":{\"@id\":\"https:\/\/portaltela.pt\/noticias\/2026\/03\/27\/federacao-de-triatlo-quer-organizar-taca-do-mundo-em-portugal-em-dois-anos\/#primaryimage\"},\"thumbnailUrl\":\"https:\/\/portaltela.pt\/s.01k8rhncp4jt1\/2026\/03\/img_920x518uu2022-09-11-19-46-39-2039402.jpg\",\"datePublished\":\"2026-03-27T18:24:44+00:00\",\"author\":{\"@id\":\"https:\/\/portaltela.pt\/#\/schema\/person\/c4278d4a6028830caff9ee44b42d32ed\"},\"breadcrumb\":{\"@id\":\"https:\/\/portaltela.pt\/noticias\/2026\/03\/27\/federacao-de-triatlo-quer-organizar-taca-do-mundo-em-portugal-em-dois-anos\/#breadcrumb\"},\"inLanguage\":\"pt-PT\",\"potentialAction\":[{\"@type\":\"ReadAction\",\"target\":[\"https:\/\/portaltela.pt\/noticias\/2026\/03\/27\/federacao-de-triatlo-quer-organizar-taca-do-mundo-em-portugal-em-dois-anos\/\"]}]},{\"@type\":\"ImageObject\",\"inLanguage\":\"pt-PT\",\"@id\":\"https:\/\/portaltela.pt\/noticias\/2026\/03\/27\/federacao-de-triatlo-quer-organizar-taca-do-mundo-em-portugal-em-dois-anos\/#primaryimage\",\"url\":\"https:\/\/portaltela.pt\/s.01k8rhncp4jt1\/2026\/03\/img_920x518uu2022-09-11-19-46-39-2039402.jpg\",\"contentUrl\":\"https:\/\/portaltela.pt\/s.01k8rhncp4jt1\/2026\/03\/img_920x518uu2022-09-11-19-46-39-2039402.jpg\",\"width\":796,\"height\":448,\"caption\":\"Atletas de Triatlo\"},{\"@type\":\"BreadcrumbList\",\"@id\":\"https:\/\/portaltela.pt\/noticias\/2026\/03\/27\/federacao-de-triatlo-quer-organizar-taca-do-mundo-em-portugal-em-dois-anos\/#breadcrumb\",\"itemListElement\":[{\"@type\":\"ListItem\",\"position\":1,\"name\":\"In\u00edcio\",\"item\":\"https:\/\/portaltela.pt\/\"},{\"@type\":\"ListItem\",\"position\":2,\"name\":\"Federa\u00e7\u00e3o de Triatlo quer organizar Ta\u00e7a do Mundo em Portugal em dois anos\"}]},{\"@type\":\"WebSite\",\"@id\":\"https:\/\/portaltela.pt\/#website\",\"url\":\"https:\/\/portaltela.pt\/\",\"name\":\"Portal Tela Portugal\",\"description\":\"\",\"potentialAction\":[{\"@type\":\"SearchAction\",\"target\":{\"@type\":\"EntryPoint\",\"urlTemplate\":\"https:\/\/portaltela.pt\/?s={search_term_string}\"},\"query-input\":{\"@type\":\"PropertyValueSpecification\",\"valueRequired\":true,\"valueName\":\"search_term_string\"}}],\"inLanguage\":\"pt-PT\"},{\"@type\":\"Person\",\"@id\":\"https:\/\/portaltela.pt\/#\/schema\/person\/c4278d4a6028830caff9ee44b42d32ed\",\"name\":\"Telinha\",\"image\":{\"@type\":\"ImageObject\",\"inLanguage\":\"pt-PT\",\"@id\":\"https:\/\/portaltela.pt\/s.01k8rhncp4jt1\/2025\/11\/talking-bot-125x125.png\",\"url\":\"https:\/\/portaltela.pt\/s.01k8rhncp4jt1\/2025\/11\/talking-bot-125x125.png\",\"contentUrl\":\"https:\/\/portaltela.pt\/s.01k8rhncp4jt1\/2025\/11\/talking-bot-125x125.png\",\"caption\":\"Telinha\"},\"sameAs\":[\"https:\/\/portaltela.pt\/\"],\"url\":\"https:\/\/portaltela.pt\/por\/367410592786\/\"}]}<\/script>\n<!-- \/ Yoast SEO plugin. -->","yoast_head_json":{"title":"Federa\u00e7\u00e3o de Triatlo quer organizar Ta\u00e7a do Mundo em Portugal em dois anos - Portal Tela Portugal","robots":{"index":"index","follow":"follow","max-snippet":"max-snippet:-1","max-image-preview":"max-image-preview:large","max-video-preview":"max-video-preview:-1"},"og_locale":"pt_PT","og_type":"article","og_title":"Federa\u00e7\u00e3o de Triatlo quer organizar Ta\u00e7a do Mundo em Portugal em dois anos - Portal Tela Portugal","og_description":"A Federa\u00e7\u00e3o de Triatlo de Portugal quer organizar uma etapa da Ta\u00e7a do Mundo at\u00e9 2028, com o objetivo assumido para 2027 ou 2028. O investimento necess\u00e1rio para uma Ta\u00e7a do Mundo \u00e9 de cerca de meio milh\u00e3o de euros, mais alto do que para a Ta\u00e7a da Europa. A World Triathlon lan\u00e7ou o repto \u00e0 FTP, que j\u00e1 contactou a C\u00e2mara Municipal de Loul\u00e9 para apoio financeiro e log\u00edstico. Um estudo da Universidade do Algarve aponta um impacto econ\u00f3mico direto de cerca de \u20ac1,691,270, com 94,3% da despesa gerada por visitantes de fora do concelho. A Ta\u00e7a da Europa de Quarteira, em dist\u00e2ncia ol\u00edmpica, realiza-se no fim de semana e traz cerca de 250 triatletas de mais de 20 nacionalidades.","og_url":"https:\/\/portaltela.pt\/noticias\/2026\/03\/27\/federacao-de-triatlo-quer-organizar-taca-do-mundo-em-portugal-em-dois-anos\/","og_site_name":"Portal Tela Portugal","article_published_time":"2026-03-27T18:24:44+00:00","author":"Telinha","twitter_card":"summary_large_image","twitter_misc":{"Escrito por":"Telinha","Tempo estimado de leitura":"2 minutos"},"schema":{"@context":"https:\/\/schema.org","@graph":[{"@type":"Article","@id":"https:\/\/portaltela.pt\/noticias\/2026\/03\/27\/federacao-de-triatlo-quer-organizar-taca-do-mundo-em-portugal-em-dois-anos\/#article","isPartOf":{"@id":"https:\/\/portaltela.pt\/noticias\/2026\/03\/27\/federacao-de-triatlo-quer-organizar-taca-do-mundo-em-portugal-em-dois-anos\/"},"author":{"name":"Telinha","@id":"https:\/\/portaltela.pt\/#\/schema\/person\/c4278d4a6028830caff9ee44b42d32ed"},"headline":"Federa\u00e7\u00e3o de Triatlo quer organizar Ta\u00e7a do Mundo em Portugal em dois anos","datePublished":"2026-03-27T18:24:44+00:00","mainEntityOfPage":{"@id":"https:\/\/portaltela.pt\/noticias\/2026\/03\/27\/federacao-de-triatlo-quer-organizar-taca-do-mundo-em-portugal-em-dois-anos\/"},"wordCount":319,"image":{"@id":"https:\/\/portaltela.pt\/noticias\/2026\/03\/27\/federacao-de-triatlo-quer-organizar-taca-do-mundo-em-portugal-em-dois-anos\/#primaryimage"},"thumbnailUrl":"https:\/\/portaltela.pt\/s.01k8rhncp4jt1\/2026\/03\/img_920x518uu2022-09-11-19-46-39-2039402.jpg","keywords":["desporto","economia","investimento","Loul\u00e9","Portugal","Quarteira"],"articleSection":["Copa do Mundo","Desporto"],"inLanguage":"pt-PT"},{"@type":"WebPage","@id":"https:\/\/portaltela.pt\/noticias\/2026\/03\/27\/federacao-de-triatlo-quer-organizar-taca-do-mundo-em-portugal-em-dois-anos\/","url":"https:\/\/portaltela.pt\/noticias\/2026\/03\/27\/federacao-de-triatlo-quer-organizar-taca-do-mundo-em-portugal-em-dois-anos\/","name":"Federa\u00e7\u00e3o de Triatlo quer organizar Ta\u00e7a do Mundo em Portugal em dois anos - Portal Tela Portugal","isPartOf":{"@id":"https:\/\/portaltela.pt\/#website"},"primaryImageOfPage":{"@id":"https:\/\/portaltela.pt\/noticias\/2026\/03\/27\/federacao-de-triatlo-quer-organizar-taca-do-mundo-em-portugal-em-dois-anos\/#primaryimage"},"image":{"@id":"https:\/\/portaltela.pt\/noticias\/2026\/03\/27\/federacao-de-triatlo-quer-organizar-taca-do-mundo-em-portugal-em-dois-anos\/#primaryimage"},"thumbnailUrl":"https:\/\/portaltela.pt\/s.01k8rhncp4jt1\/2026\/03\/img_920x518uu2022-09-11-19-46-39-2039402.jpg","datePublished":"2026-03-27T18:24:44+00:00","author":{"@id":"https:\/\/portaltela.pt\/#\/schema\/person\/c4278d4a6028830caff9ee44b42d32ed"},"breadcrumb":{"@id":"https:\/\/portaltela.pt\/noticias\/2026\/03\/27\/federacao-de-triatlo-quer-organizar-taca-do-mundo-em-portugal-em-dois-anos\/#breadcrumb"},"inLanguage":"pt-PT","potentialAction":[{"@type":"ReadAction","target":["https:\/\/portaltela.pt\/noticias\/2026\/03\/27\/federacao-de-triatlo-quer-organizar-taca-do-mundo-em-portugal-em-dois-anos\/"]}]},{"@type":"ImageObject","inLanguage":"pt-PT","@id":"https:\/\/portaltela.pt\/noticias\/2026\/03\/27\/federacao-de-triatlo-quer-organizar-taca-do-mundo-em-portugal-em-dois-anos\/#primaryimage","url":"https:\/\/portaltela.pt\/s.01k8rhncp4jt1\/2026\/03\/img_920x518uu2022-09-11-19-46-39-2039402.jpg","contentUrl":"https:\/\/portaltela.pt\/s.01k8rhncp4jt1\/2026\/03\/img_920x518uu2022-09-11-19-46-39-2039402.jpg","width":796,"height":448,"caption":"Atletas de Triatlo"},{"@type":"BreadcrumbList","@id":"https:\/\/portaltela.pt\/noticias\/2026\/03\/27\/federacao-de-triatlo-quer-organizar-taca-do-mundo-em-portugal-em-dois-anos\/#breadcrumb","itemListElement":[{"@type":"ListItem","position":1,"name":"In\u00edcio","item":"https:\/\/portaltela.pt\/"},{"@type":"ListItem","position":2,"name":"Federa\u00e7\u00e3o de Triatlo quer organizar Ta\u00e7a do Mundo em Portugal em dois anos"}]},{"@type":"WebSite","@id":"https:\/\/portaltela.pt\/#website","url":"https:\/\/portaltela.pt\/","name":"Portal Tela Portugal","description":"","potentialAction":[{"@type":"SearchAction","target":{"@type":"EntryPoint","urlTemplate":"https:\/\/portaltela.pt\/?s={search_term_string}"},"query-input":{"@type":"PropertyValueSpecification","valueRequired":true,"valueName":"search_term_string"}}],"inLanguage":"pt-PT"},{"@type":"Person","@id":"https:\/\/portaltela.pt\/#\/schema\/person\/c4278d4a6028830caff9ee44b42d32ed","name":"Telinha","image":{"@type":"ImageObject","inLanguage":"pt-PT","@id":"https:\/\/portaltela.pt\/s.01k8rhncp4jt1\/2025\/11\/talking-bot-125x125.png","url":"https:\/\/portaltela.pt\/s.01k8rhncp4jt1\/2025\/11\/talking-bot-125x125.png","contentUrl":"https:\/\/portaltela.pt\/s.01k8rhncp4jt1\/2025\/11\/talking-bot-125x125.png","caption":"Telinha"},"sameAs":["https:\/\/portaltela.pt\/"],"url":"https:\/\/portaltela.pt\/por\/367410592786\/"}]}},"_links":{"self":[{"href":"https:\/\/portaltela.pt\/api\/wp\/v2\/posts\/424195","targetHints":{"allow":["GET"]}}],"collection":[{"href":"https:\/\/portaltela.pt\/api\/wp\/v2\/posts"}],"about":[{"href":"https:\/\/portaltela.pt\/api\/wp\/v2\/types\/post"}],"author":[{"embeddable":true,"href":"https:\/\/portaltela.pt\/api\/wp\/v2\/users\/2"}],"replies":[{"embeddable":true,"href":"https:\/\/portaltela.pt\/api\/wp\/v2\/comments?post=424195"}],"version-history":[{"count":0,"href":"https:\/\/portaltela.pt\/api\/wp\/v2\/posts\/424195\/revisions"}],"wp:featuredmedia":[{"embeddable":true,"href":"https:\/\/portaltela.pt\/api\/wp\/v2\/media\/424203"}],"wp:attachment":[{"href":"https:\/\/portaltela.pt\/api\/wp\/v2\/media?parent=424195"}],"wp:term":[{"taxonomy":"category","embeddable":true,"href":"https:\/\/portaltela.pt\/api\/wp\/v2\/categories?post=424195"},{"taxonomy":"post_tag","embeddable":true,"href":"https:\/\/portaltela.pt\/api\/wp\/v2\/tags?post=424195"}],"curies":[{"name":"wp","href":"https:\/\/api.w.org\/{rel}","templated":true}]}}