{"id":424194,"date":"2026-03-27T15:16:58","date_gmt":"2026-03-27T18:16:58","guid":{"rendered":"https:\/\/portaltela.pt\/noticias\/2026\/03\/27\/tiago-parente-aponta-que-parece-natural-comecar-a-marcar\/"},"modified":"2026-03-27T15:16:58","modified_gmt":"2026-03-27T18:16:58","slug":"tiago-parente-aponta-que-parece-natural-comecar-a-marcar","status":"publish","type":"post","link":"https:\/\/portaltela.pt\/desporto\/futebol\/2026\/03\/27\/tiago-parente-aponta-que-parece-natural-comecar-a-marcar\/","title":{"rendered":"Tiago Parente aponta que parece natural come\u00e7ar a marcar"},"content":{"rendered":"<p>Tiago Parente voltou a marcar pela sele\u00e7\u00e3o brasileira sub-21 na fase de qualifica\u00e7\u00e3o para o Euro sub-21, em uma vit\u00f3ria por 4-0 diante do Azerbaij\u00e3o. O lateral-esquerdo do Felgueiras, emprestado pelo Estoril, abriu caminho com o primeiro golo e encostou para a baliza deserta no segundo, ap\u00f3s assist\u00eancia de Gabriel Br\u00e1s e com Gon\u00e7alo Moreira a marcar o inaugural. O triunfo ocorreu no est\u00e1gio de prepara\u00e7\u00e3o da equipa.<\/p>\n<p>Parente destacou que o momento de marcar est\u00e1 a tornar-se natural, fruto da presen\u00e7a frequente dos lateral na \u00e1rea, conforme pedido da equipa t\u00e9cnica. Mesmo com altera\u00e7\u00f5es na convocat\u00f3ria, o jogador destacou a qualidade do grupo e a prontid\u00e3o de todos os elementos para responder \u00e0s exig\u00eancias.<\/p>\n<p>A equipa reconheceu dificuldades na primeira parte, com o Azerbaij\u00e3o a defender em bloco baixo e a tornar dif\u00edcil a quebra das linhas. A performance melhorou ap\u00f3s o primeiro golo, com vantagem que facilitou o desenrolar do encontro. O pr\u00f3ximo desafio est\u00e1 marcado para 31 de mar\u00e7o, \u00e0s 19h30, frente \u00e0 Esc\u00f3cia, no Est\u00e1dio Ant\u00f3nio Coimbra da Mota.<\/p>\n<h3>Detalhes do jogo<\/h3>\n<ul>\n<li>O jogo realizou-se durante o est\u00e1gio da sele\u00e7\u00e3o sub-21 e terminou com a vit\u00f3ria por 4-0 sobre o Azerbaij\u00e3o.<\/li>\n<li>Tiago Parente jogou a titular e participou ativamente, com contributos ofensivos significativos.<\/li>\n<li>O grupo, apesar das mudan\u00e7as na convocat\u00f3ria, manteve consist\u00eancia e continua na corrida de qualifica\u00e7\u00e3o para o Europeu.<\/li>\n<li>O duelo seguinte amplia a prepara\u00e7\u00e3o para a competi\u00e7\u00e3o, com a partida frente \u00e0 Esc\u00f3cia a ocorrer no pr\u00f3ximo encontro oficial.<\/li>\n<\/ul>\n","protected":false},"excerpt":{"rendered":"<ul>\n<li>Tiago Parente assistiu ao primeiro golo e marcou o segundo de cabe\u00e7a na vit\u00f3ria da Sele\u00e7\u00e3o Nacional sub-21 sobre o Azerbaij\u00e3o, por 4-0.<\/li>\n<li>O lateral-esquerdo, emprestado pelo Estoril ao Felgueiras, encostou para a baliza deserta ap\u00f3s cabeceamento de Gabriel Br\u00e1s.<\/li>\n<li>Parente explicou que marcar parece estar a tornar-se natural, fruto da presen\u00e7a dos laterais na \u00e1rea pedida pela equipa t\u00e9cnica.<\/li>\n<li>Garantiu que, apesar das altera\u00e7\u00f5es na convocat\u00f3ria, o grupo mant\u00e9m qualidade e que qualquer jogador pode responder dentro do est\u00e1gio.<\/li>\n<li>O pr\u00f3ximo jogo dos sub-21 \u00e9 no dia 31, \u00e0s 19h30, frente \u00e0 Esc\u00f3cia, no Est\u00e1dio Ant\u00f3nio Coimbra da Mota.<\/li>\n<\/ul>\n","protected":false},"author":2,"featured_media":424204,"comment_status":"closed","ping_status":"closed","sticky":false,"template":"","format":"standard","meta":{"footnotes":""},"categories":[21,24],"tags":[6476,152,32,242,1253,2057],"class_list":["post-424194","post","type-post","status-publish","format-standard","has-post-thumbnail","hentry","category-desporto","category-futebol","tag-azerbaijao","tag-desporto","tag-futebol","tag-jogadores","tag-selecao","tag-selecao-nacional"],"yoast_head":"<!-- This site is optimized with the Yoast SEO plugin v27.2 - https:\/\/yoast.com\/product\/yoast-seo-wordpress\/ -->\n<title>Tiago Parente aponta que parece natural come\u00e7ar a marcar - Portal Tela Portugal<\/title>\n<meta name=\"robots\" content=\"index, follow, max-snippet:-1, max-image-preview:large, max-video-preview:-1\" \/>\n<meta property=\"og:locale\" content=\"pt_PT\" \/>\n<meta property=\"og:type\" content=\"article\" \/>\n<meta property=\"og:title\" content=\"Tiago Parente aponta que parece natural come\u00e7ar a marcar - Portal Tela Portugal\" \/>\n<meta property=\"og:description\" content=\"Tiago Parente assistiu ao primeiro golo e marcou o segundo de cabe\u00e7a na vit\u00f3ria da Sele\u00e7\u00e3o Nacional sub-21 sobre o Azerbaij\u00e3o, por 4-0. O lateral-esquerdo, emprestado pelo Estoril ao Felgueiras, encostou para a baliza deserta ap\u00f3s cabeceamento de Gabriel Br\u00e1s. Parente explicou que marcar parece estar a tornar-se natural, fruto da presen\u00e7a dos laterais na \u00e1rea pedida pela equipa t\u00e9cnica. Garantiu que, apesar das altera\u00e7\u00f5es na convocat\u00f3ria, o grupo mant\u00e9m qualidade e que qualquer jogador pode responder dentro do est\u00e1gio. O pr\u00f3ximo jogo dos sub-21 \u00e9 no dia 31, \u00e0s 19h30, frente \u00e0 Esc\u00f3cia, no Est\u00e1dio Ant\u00f3nio Coimbra da Mota.\" \/>\n<meta property=\"og:url\" content=\"https:\/\/portaltela.pt\/noticias\/2026\/03\/27\/tiago-parente-aponta-que-parece-natural-comecar-a-marcar\/\" \/>\n<meta property=\"og:site_name\" content=\"Portal Tela Portugal\" \/>\n<meta property=\"article:published_time\" content=\"2026-03-27T18:16:58+00:00\" \/>\n<meta name=\"author\" content=\"Telinha\" \/>\n<meta name=\"twitter:card\" content=\"summary_large_image\" \/>\n<meta name=\"twitter:label1\" content=\"Escrito por\" \/>\n\t<meta name=\"twitter:data1\" content=\"Telinha\" \/>\n\t<meta name=\"twitter:label2\" content=\"Tempo estimado de leitura\" \/>\n\t<meta name=\"twitter:data2\" content=\"1 minuto\" \/>\n<script type=\"application\/ld+json\" class=\"yoast-schema-graph\">{\"@context\":\"https:\/\/schema.org\",\"@graph\":[{\"@type\":\"Article\",\"@id\":\"https:\/\/portaltela.pt\/noticias\/2026\/03\/27\/tiago-parente-aponta-que-parece-natural-comecar-a-marcar\/#article\",\"isPartOf\":{\"@id\":\"https:\/\/portaltela.pt\/noticias\/2026\/03\/27\/tiago-parente-aponta-que-parece-natural-comecar-a-marcar\/\"},\"author\":{\"name\":\"Telinha\",\"@id\":\"https:\/\/portaltela.pt\/#\/schema\/person\/c4278d4a6028830caff9ee44b42d32ed\"},\"headline\":\"Tiago Parente aponta que parece natural come\u00e7ar a marcar\",\"datePublished\":\"2026-03-27T18:16:58+00:00\",\"mainEntityOfPage\":{\"@id\":\"https:\/\/portaltela.pt\/noticias\/2026\/03\/27\/tiago-parente-aponta-que-parece-natural-comecar-a-marcar\/\"},\"wordCount\":289,\"image\":{\"@id\":\"https:\/\/portaltela.pt\/noticias\/2026\/03\/27\/tiago-parente-aponta-que-parece-natural-comecar-a-marcar\/#primaryimage\"},\"thumbnailUrl\":\"https:\/\/portaltela.pt\/s.01k8rhncp4jt1\/2026\/03\/img_920x518uu2026-03-27-18-14-51-2429730.jpg\",\"keywords\":[\"Azerbaij\u00e3o\",\"desporto\",\"futebol\",\"jogadores\",\"Sele\u00e7\u00e3o\",\"Sele\u00e7\u00e3o Nacional\"],\"articleSection\":[\"Desporto\",\"Futebol\"],\"inLanguage\":\"pt-PT\"},{\"@type\":\"WebPage\",\"@id\":\"https:\/\/portaltela.pt\/noticias\/2026\/03\/27\/tiago-parente-aponta-que-parece-natural-comecar-a-marcar\/\",\"url\":\"https:\/\/portaltela.pt\/noticias\/2026\/03\/27\/tiago-parente-aponta-que-parece-natural-comecar-a-marcar\/\",\"name\":\"Tiago Parente aponta que parece natural come\u00e7ar a marcar - Portal Tela Portugal\",\"isPartOf\":{\"@id\":\"https:\/\/portaltela.pt\/#website\"},\"primaryImageOfPage\":{\"@id\":\"https:\/\/portaltela.pt\/noticias\/2026\/03\/27\/tiago-parente-aponta-que-parece-natural-comecar-a-marcar\/#primaryimage\"},\"image\":{\"@id\":\"https:\/\/portaltela.pt\/noticias\/2026\/03\/27\/tiago-parente-aponta-que-parece-natural-comecar-a-marcar\/#primaryimage\"},\"thumbnailUrl\":\"https:\/\/portaltela.pt\/s.01k8rhncp4jt1\/2026\/03\/img_920x518uu2026-03-27-18-14-51-2429730.jpg\",\"datePublished\":\"2026-03-27T18:16:58+00:00\",\"author\":{\"@id\":\"https:\/\/portaltela.pt\/#\/schema\/person\/c4278d4a6028830caff9ee44b42d32ed\"},\"breadcrumb\":{\"@id\":\"https:\/\/portaltela.pt\/noticias\/2026\/03\/27\/tiago-parente-aponta-que-parece-natural-comecar-a-marcar\/#breadcrumb\"},\"inLanguage\":\"pt-PT\",\"potentialAction\":[{\"@type\":\"ReadAction\",\"target\":[\"https:\/\/portaltela.pt\/noticias\/2026\/03\/27\/tiago-parente-aponta-que-parece-natural-comecar-a-marcar\/\"]}]},{\"@type\":\"ImageObject\",\"inLanguage\":\"pt-PT\",\"@id\":\"https:\/\/portaltela.pt\/noticias\/2026\/03\/27\/tiago-parente-aponta-que-parece-natural-comecar-a-marcar\/#primaryimage\",\"url\":\"https:\/\/portaltela.pt\/s.01k8rhncp4jt1\/2026\/03\/img_920x518uu2026-03-27-18-14-51-2429730.jpg\",\"contentUrl\":\"https:\/\/portaltela.pt\/s.01k8rhncp4jt1\/2026\/03\/img_920x518uu2026-03-27-18-14-51-2429730.jpg\",\"width\":920,\"height\":518,\"caption\":\"Tiago Parente (\u00e0 direita) festeja durante a goleada sobre o Azerbaij\u00e3o\"},{\"@type\":\"BreadcrumbList\",\"@id\":\"https:\/\/portaltela.pt\/noticias\/2026\/03\/27\/tiago-parente-aponta-que-parece-natural-comecar-a-marcar\/#breadcrumb\",\"itemListElement\":[{\"@type\":\"ListItem\",\"position\":1,\"name\":\"In\u00edcio\",\"item\":\"https:\/\/portaltela.pt\/\"},{\"@type\":\"ListItem\",\"position\":2,\"name\":\"Tiago Parente aponta que parece natural come\u00e7ar a marcar\"}]},{\"@type\":\"WebSite\",\"@id\":\"https:\/\/portaltela.pt\/#website\",\"url\":\"https:\/\/portaltela.pt\/\",\"name\":\"Portal Tela Portugal\",\"description\":\"\",\"potentialAction\":[{\"@type\":\"SearchAction\",\"target\":{\"@type\":\"EntryPoint\",\"urlTemplate\":\"https:\/\/portaltela.pt\/?s={search_term_string}\"},\"query-input\":{\"@type\":\"PropertyValueSpecification\",\"valueRequired\":true,\"valueName\":\"search_term_string\"}}],\"inLanguage\":\"pt-PT\"},{\"@type\":\"Person\",\"@id\":\"https:\/\/portaltela.pt\/#\/schema\/person\/c4278d4a6028830caff9ee44b42d32ed\",\"name\":\"Telinha\",\"image\":{\"@type\":\"ImageObject\",\"inLanguage\":\"pt-PT\",\"@id\":\"https:\/\/portaltela.pt\/s.01k8rhncp4jt1\/2025\/11\/talking-bot-125x125.png\",\"url\":\"https:\/\/portaltela.pt\/s.01k8rhncp4jt1\/2025\/11\/talking-bot-125x125.png\",\"contentUrl\":\"https:\/\/portaltela.pt\/s.01k8rhncp4jt1\/2025\/11\/talking-bot-125x125.png\",\"caption\":\"Telinha\"},\"sameAs\":[\"https:\/\/portaltela.pt\/\"],\"url\":\"https:\/\/portaltela.pt\/por\/367410592786\/\"}]}<\/script>\n<!-- \/ Yoast SEO plugin. -->","yoast_head_json":{"title":"Tiago Parente aponta que parece natural come\u00e7ar a marcar - Portal Tela Portugal","robots":{"index":"index","follow":"follow","max-snippet":"max-snippet:-1","max-image-preview":"max-image-preview:large","max-video-preview":"max-video-preview:-1"},"og_locale":"pt_PT","og_type":"article","og_title":"Tiago Parente aponta que parece natural come\u00e7ar a marcar - Portal Tela Portugal","og_description":"Tiago Parente assistiu ao primeiro golo e marcou o segundo de cabe\u00e7a na vit\u00f3ria da Sele\u00e7\u00e3o Nacional sub-21 sobre o Azerbaij\u00e3o, por 4-0. O lateral-esquerdo, emprestado pelo Estoril ao Felgueiras, encostou para a baliza deserta ap\u00f3s cabeceamento de Gabriel Br\u00e1s. Parente explicou que marcar parece estar a tornar-se natural, fruto da presen\u00e7a dos laterais na \u00e1rea pedida pela equipa t\u00e9cnica. Garantiu que, apesar das altera\u00e7\u00f5es na convocat\u00f3ria, o grupo mant\u00e9m qualidade e que qualquer jogador pode responder dentro do est\u00e1gio. O pr\u00f3ximo jogo dos sub-21 \u00e9 no dia 31, \u00e0s 19h30, frente \u00e0 Esc\u00f3cia, no Est\u00e1dio Ant\u00f3nio Coimbra da Mota.","og_url":"https:\/\/portaltela.pt\/noticias\/2026\/03\/27\/tiago-parente-aponta-que-parece-natural-comecar-a-marcar\/","og_site_name":"Portal Tela Portugal","article_published_time":"2026-03-27T18:16:58+00:00","author":"Telinha","twitter_card":"summary_large_image","twitter_misc":{"Escrito por":"Telinha","Tempo estimado de leitura":"1 minuto"},"schema":{"@context":"https:\/\/schema.org","@graph":[{"@type":"Article","@id":"https:\/\/portaltela.pt\/noticias\/2026\/03\/27\/tiago-parente-aponta-que-parece-natural-comecar-a-marcar\/#article","isPartOf":{"@id":"https:\/\/portaltela.pt\/noticias\/2026\/03\/27\/tiago-parente-aponta-que-parece-natural-comecar-a-marcar\/"},"author":{"name":"Telinha","@id":"https:\/\/portaltela.pt\/#\/schema\/person\/c4278d4a6028830caff9ee44b42d32ed"},"headline":"Tiago Parente aponta que parece natural come\u00e7ar a marcar","datePublished":"2026-03-27T18:16:58+00:00","mainEntityOfPage":{"@id":"https:\/\/portaltela.pt\/noticias\/2026\/03\/27\/tiago-parente-aponta-que-parece-natural-comecar-a-marcar\/"},"wordCount":289,"image":{"@id":"https:\/\/portaltela.pt\/noticias\/2026\/03\/27\/tiago-parente-aponta-que-parece-natural-comecar-a-marcar\/#primaryimage"},"thumbnailUrl":"https:\/\/portaltela.pt\/s.01k8rhncp4jt1\/2026\/03\/img_920x518uu2026-03-27-18-14-51-2429730.jpg","keywords":["Azerbaij\u00e3o","desporto","futebol","jogadores","Sele\u00e7\u00e3o","Sele\u00e7\u00e3o Nacional"],"articleSection":["Desporto","Futebol"],"inLanguage":"pt-PT"},{"@type":"WebPage","@id":"https:\/\/portaltela.pt\/noticias\/2026\/03\/27\/tiago-parente-aponta-que-parece-natural-comecar-a-marcar\/","url":"https:\/\/portaltela.pt\/noticias\/2026\/03\/27\/tiago-parente-aponta-que-parece-natural-comecar-a-marcar\/","name":"Tiago Parente aponta que parece natural come\u00e7ar a marcar - Portal Tela Portugal","isPartOf":{"@id":"https:\/\/portaltela.pt\/#website"},"primaryImageOfPage":{"@id":"https:\/\/portaltela.pt\/noticias\/2026\/03\/27\/tiago-parente-aponta-que-parece-natural-comecar-a-marcar\/#primaryimage"},"image":{"@id":"https:\/\/portaltela.pt\/noticias\/2026\/03\/27\/tiago-parente-aponta-que-parece-natural-comecar-a-marcar\/#primaryimage"},"thumbnailUrl":"https:\/\/portaltela.pt\/s.01k8rhncp4jt1\/2026\/03\/img_920x518uu2026-03-27-18-14-51-2429730.jpg","datePublished":"2026-03-27T18:16:58+00:00","author":{"@id":"https:\/\/portaltela.pt\/#\/schema\/person\/c4278d4a6028830caff9ee44b42d32ed"},"breadcrumb":{"@id":"https:\/\/portaltela.pt\/noticias\/2026\/03\/27\/tiago-parente-aponta-que-parece-natural-comecar-a-marcar\/#breadcrumb"},"inLanguage":"pt-PT","potentialAction":[{"@type":"ReadAction","target":["https:\/\/portaltela.pt\/noticias\/2026\/03\/27\/tiago-parente-aponta-que-parece-natural-comecar-a-marcar\/"]}]},{"@type":"ImageObject","inLanguage":"pt-PT","@id":"https:\/\/portaltela.pt\/noticias\/2026\/03\/27\/tiago-parente-aponta-que-parece-natural-comecar-a-marcar\/#primaryimage","url":"https:\/\/portaltela.pt\/s.01k8rhncp4jt1\/2026\/03\/img_920x518uu2026-03-27-18-14-51-2429730.jpg","contentUrl":"https:\/\/portaltela.pt\/s.01k8rhncp4jt1\/2026\/03\/img_920x518uu2026-03-27-18-14-51-2429730.jpg","width":920,"height":518,"caption":"Tiago Parente (\u00e0 direita) festeja durante a goleada sobre o Azerbaij\u00e3o"},{"@type":"BreadcrumbList","@id":"https:\/\/portaltela.pt\/noticias\/2026\/03\/27\/tiago-parente-aponta-que-parece-natural-comecar-a-marcar\/#breadcrumb","itemListElement":[{"@type":"ListItem","position":1,"name":"In\u00edcio","item":"https:\/\/portaltela.pt\/"},{"@type":"ListItem","position":2,"name":"Tiago Parente aponta que parece natural come\u00e7ar a marcar"}]},{"@type":"WebSite","@id":"https:\/\/portaltela.pt\/#website","url":"https:\/\/portaltela.pt\/","name":"Portal Tela Portugal","description":"","potentialAction":[{"@type":"SearchAction","target":{"@type":"EntryPoint","urlTemplate":"https:\/\/portaltela.pt\/?s={search_term_string}"},"query-input":{"@type":"PropertyValueSpecification","valueRequired":true,"valueName":"search_term_string"}}],"inLanguage":"pt-PT"},{"@type":"Person","@id":"https:\/\/portaltela.pt\/#\/schema\/person\/c4278d4a6028830caff9ee44b42d32ed","name":"Telinha","image":{"@type":"ImageObject","inLanguage":"pt-PT","@id":"https:\/\/portaltela.pt\/s.01k8rhncp4jt1\/2025\/11\/talking-bot-125x125.png","url":"https:\/\/portaltela.pt\/s.01k8rhncp4jt1\/2025\/11\/talking-bot-125x125.png","contentUrl":"https:\/\/portaltela.pt\/s.01k8rhncp4jt1\/2025\/11\/talking-bot-125x125.png","caption":"Telinha"},"sameAs":["https:\/\/portaltela.pt\/"],"url":"https:\/\/portaltela.pt\/por\/367410592786\/"}]}},"_links":{"self":[{"href":"https:\/\/portaltela.pt\/api\/wp\/v2\/posts\/424194","targetHints":{"allow":["GET"]}}],"collection":[{"href":"https:\/\/portaltela.pt\/api\/wp\/v2\/posts"}],"about":[{"href":"https:\/\/portaltela.pt\/api\/wp\/v2\/types\/post"}],"author":[{"embeddable":true,"href":"https:\/\/portaltela.pt\/api\/wp\/v2\/users\/2"}],"replies":[{"embeddable":true,"href":"https:\/\/portaltela.pt\/api\/wp\/v2\/comments?post=424194"}],"version-history":[{"count":0,"href":"https:\/\/portaltela.pt\/api\/wp\/v2\/posts\/424194\/revisions"}],"wp:featuredmedia":[{"embeddable":true,"href":"https:\/\/portaltela.pt\/api\/wp\/v2\/media\/424204"}],"wp:attachment":[{"href":"https:\/\/portaltela.pt\/api\/wp\/v2\/media?parent=424194"}],"wp:term":[{"taxonomy":"category","embeddable":true,"href":"https:\/\/portaltela.pt\/api\/wp\/v2\/categories?post=424194"},{"taxonomy":"post_tag","embeddable":true,"href":"https:\/\/portaltela.pt\/api\/wp\/v2\/tags?post=424194"}],"curies":[{"name":"wp","href":"https:\/\/api.w.org\/{rel}","templated":true}]}}