{"id":424192,"date":"2026-03-27T15:25:30","date_gmt":"2026-03-27T18:25:30","guid":{"rendered":"https:\/\/portaltela.pt\/noticias\/2026\/03\/27\/anisio-cabral-pode-substituir-ronaldo-nos-instantes-finais-no-mundial-2026\/"},"modified":"2026-03-27T15:25:30","modified_gmt":"2026-03-27T18:25:30","slug":"anisio-cabral-pode-substituir-ronaldo-nos-instantes-finais-no-mundial-2026","status":"publish","type":"post","link":"https:\/\/portaltela.pt\/desporto\/futebol\/2026\/03\/27\/anisio-cabral-pode-substituir-ronaldo-nos-instantes-finais-no-mundial-2026\/","title":{"rendered":"An\u00edsio Cabral pode substituir Ronaldo nos instantes finais no Mundial 2026"},"content":{"rendered":"<p>O The Athletic listou 10 jovens que podem seguir o legado de promessa no Mundial 2026, incluindo An\u00edsio Cabral, avan\u00e7ado do Benfica que Mourinho j\u00e1 lan\u00e7ou na equipa principal. O artigo sugere uma possibilidade surpreendente: caber nos minutos finais para substituir Cristiano Ronaldo.<\/p>\n<p>An\u00edsio \u00e9 descrito como um dos atacantes mais promissores formados no Benfica nos \u00faltimos anos, com destaque pela t\u00e9cnica e presen\u00e7a f\u00edsica, lembrando a informa\u00e7\u00e3o de que Mourinho o comparou a Drogba.<\/p>\n<p>O jogador tornou-se campe\u00e3o europeu e mundial de sub-17 em 2025, marcando nas finais das duas provas. Al\u00e9m disso, estreou-se pelo Benfica com golo diante do Estrela e fechou a vit\u00f3ria sobre o Alverca com cabeceamento agudo.<\/p>\n<p>At\u00e9 ao momento, An\u00edsio soma 2 golos em 5 jogos pela equipa principal do Benfica. O negociado contrato com o clube prolongou-se at\u00e9 2031, mantendo uma cl\u00e1usula de rescis\u00e3o avaliada em 100 milh\u00f5es de euros.<\/p>\n<h3>Anal\u00edtica sobre a poss\u00edvel inclus\u00e3o<\/h3>\n<p>No contexto da an\u00e1lise p\u00fablica sobre o Mundial, surgem tamb\u00e9m nomes como Paulinho, do Toluca, para a sele\u00e7\u00e3o. No entanto, o The Athletic real\u00e7a o potencial de An\u00edsio como uma op\u00e7\u00e3o inesperada para minutos finais, sem confirmar qualquer convocat\u00f3ria oficial.<\/p>\n","protected":false},"excerpt":{"rendered":"<ul>\n<li>The Athletic listou 10 jovens que podem seguir as pisadas de prod\u00edgios e surgir no Mundial deste ano, entre eles An\u00edsio Cabral, avan\u00e7ado do Benfica.<\/li>\n<li>O jornal descreve An\u00edsio como um dos forwards mais promissores formados no Benfica nos \u00faltimos anos e aponta que pode ser uma op\u00e7\u00e3o surpresa para substituir Cristiano Ronaldo nos minutos finais.<\/li>\n<li>O atleta de dezoito anos \u00e9 elogiado pela intelig\u00eancia na \u00e1rea, jogo de cabe\u00e7a e t\u00e9cnica de costas para a baliza, com compara\u00e7\u00e3o a Drogba feita por Jos\u00e9 Mourinho.<\/li>\n<li>An\u00edsio sagrou-se campe\u00e3o europeu e mundial de sub-17 em 2025, tendo marcado nas finais de ambas as competi\u00e7\u00f5es, e estreou-se pelo Benfica com golo frente ao Estrela.<\/li>\n<li>No clube, o atacante j\u00e1 leva dois golos em cinco jogos pela equipa principal, renovando contrato at\u00e9 2031 com cl\u00e1usula de rescis\u00e3o de 100 milh\u00f5es de euros.<\/li>\n<\/ul>\n","protected":false},"author":2,"featured_media":424199,"comment_status":"closed","ping_status":"closed","sticky":false,"template":"","format":"standard","meta":{"footnotes":""},"categories":[21,24],"tags":[4256,1946,90,32,242,2057],"class_list":["post-424192","post","type-post","status-publish","format-standard","has-post-thumbnail","hentry","category-desporto","category-futebol","tag-anisio-cabral","tag-benfica","tag-copa-do-mundo","tag-futebol","tag-jogadores","tag-selecao-nacional"],"yoast_head":"<!-- This site is optimized with the Yoast SEO plugin v27.2 - https:\/\/yoast.com\/product\/yoast-seo-wordpress\/ -->\n<title>An\u00edsio Cabral pode substituir Ronaldo nos instantes finais no Mundial 2026 - Portal Tela Portugal<\/title>\n<meta name=\"robots\" content=\"index, follow, max-snippet:-1, max-image-preview:large, max-video-preview:-1\" \/>\n<meta property=\"og:locale\" content=\"pt_PT\" \/>\n<meta property=\"og:type\" content=\"article\" \/>\n<meta property=\"og:title\" content=\"An\u00edsio Cabral pode substituir Ronaldo nos instantes finais no Mundial 2026 - Portal Tela Portugal\" \/>\n<meta property=\"og:description\" content=\"The Athletic listou 10 jovens que podem seguir as pisadas de prod\u00edgios e surgir no Mundial deste ano, entre eles An\u00edsio Cabral, avan\u00e7ado do Benfica. O jornal descreve An\u00edsio como um dos forwards mais promissores formados no Benfica nos \u00faltimos anos e aponta que pode ser uma op\u00e7\u00e3o surpresa para substituir Cristiano Ronaldo nos minutos finais. O atleta de dezoito anos \u00e9 elogiado pela intelig\u00eancia na \u00e1rea, jogo de cabe\u00e7a e t\u00e9cnica de costas para a baliza, com compara\u00e7\u00e3o a Drogba feita por Jos\u00e9 Mourinho. An\u00edsio sagrou-se campe\u00e3o europeu e mundial de sub-17 em 2025, tendo marcado nas finais de ambas as competi\u00e7\u00f5es, e estreou-se pelo Benfica com golo frente ao Estrela. No clube, o atacante j\u00e1 leva dois golos em cinco jogos pela equipa principal, renovando contrato at\u00e9 2031 com cl\u00e1usula de rescis\u00e3o de 100 milh\u00f5es de euros.\" \/>\n<meta property=\"og:url\" content=\"https:\/\/portaltela.pt\/noticias\/2026\/03\/27\/anisio-cabral-pode-substituir-ronaldo-nos-instantes-finais-no-mundial-2026\/\" \/>\n<meta property=\"og:site_name\" content=\"Portal Tela Portugal\" \/>\n<meta property=\"article:published_time\" content=\"2026-03-27T18:25:30+00:00\" \/>\n<meta name=\"author\" content=\"Telinha\" \/>\n<meta name=\"twitter:card\" content=\"summary_large_image\" \/>\n<meta name=\"twitter:label1\" content=\"Escrito por\" \/>\n\t<meta name=\"twitter:data1\" content=\"Telinha\" \/>\n\t<meta name=\"twitter:label2\" content=\"Tempo estimado de leitura\" \/>\n\t<meta name=\"twitter:data2\" content=\"1 minuto\" \/>\n<script type=\"application\/ld+json\" class=\"yoast-schema-graph\">{\"@context\":\"https:\/\/schema.org\",\"@graph\":[{\"@type\":\"Article\",\"@id\":\"https:\/\/portaltela.pt\/noticias\/2026\/03\/27\/anisio-cabral-pode-substituir-ronaldo-nos-instantes-finais-no-mundial-2026\/#article\",\"isPartOf\":{\"@id\":\"https:\/\/portaltela.pt\/noticias\/2026\/03\/27\/anisio-cabral-pode-substituir-ronaldo-nos-instantes-finais-no-mundial-2026\/\"},\"author\":{\"name\":\"Telinha\",\"@id\":\"https:\/\/portaltela.pt\/#\/schema\/person\/c4278d4a6028830caff9ee44b42d32ed\"},\"headline\":\"An\u00edsio Cabral pode substituir Ronaldo nos instantes finais no Mundial 2026\",\"datePublished\":\"2026-03-27T18:25:30+00:00\",\"mainEntityOfPage\":{\"@id\":\"https:\/\/portaltela.pt\/noticias\/2026\/03\/27\/anisio-cabral-pode-substituir-ronaldo-nos-instantes-finais-no-mundial-2026\/\"},\"wordCount\":221,\"image\":{\"@id\":\"https:\/\/portaltela.pt\/noticias\/2026\/03\/27\/anisio-cabral-pode-substituir-ronaldo-nos-instantes-finais-no-mundial-2026\/#primaryimage\"},\"thumbnailUrl\":\"https:\/\/portaltela.pt\/s.01k8rhncp4jt1\/2026\/03\/img_293x165uu2026-02-13-18-44-20-2421391.jpg\",\"keywords\":[\"An\u00edsio Cabral\",\"Benfica\",\"copa do mundo\",\"futebol\",\"jogadores\",\"Sele\u00e7\u00e3o Nacional\"],\"articleSection\":[\"Desporto\",\"Futebol\"],\"inLanguage\":\"pt-PT\"},{\"@type\":\"WebPage\",\"@id\":\"https:\/\/portaltela.pt\/noticias\/2026\/03\/27\/anisio-cabral-pode-substituir-ronaldo-nos-instantes-finais-no-mundial-2026\/\",\"url\":\"https:\/\/portaltela.pt\/noticias\/2026\/03\/27\/anisio-cabral-pode-substituir-ronaldo-nos-instantes-finais-no-mundial-2026\/\",\"name\":\"An\u00edsio Cabral pode substituir Ronaldo nos instantes finais no Mundial 2026 - Portal Tela Portugal\",\"isPartOf\":{\"@id\":\"https:\/\/portaltela.pt\/#website\"},\"primaryImageOfPage\":{\"@id\":\"https:\/\/portaltela.pt\/noticias\/2026\/03\/27\/anisio-cabral-pode-substituir-ronaldo-nos-instantes-finais-no-mundial-2026\/#primaryimage\"},\"image\":{\"@id\":\"https:\/\/portaltela.pt\/noticias\/2026\/03\/27\/anisio-cabral-pode-substituir-ronaldo-nos-instantes-finais-no-mundial-2026\/#primaryimage\"},\"thumbnailUrl\":\"https:\/\/portaltela.pt\/s.01k8rhncp4jt1\/2026\/03\/img_293x165uu2026-02-13-18-44-20-2421391.jpg\",\"datePublished\":\"2026-03-27T18:25:30+00:00\",\"author\":{\"@id\":\"https:\/\/portaltela.pt\/#\/schema\/person\/c4278d4a6028830caff9ee44b42d32ed\"},\"breadcrumb\":{\"@id\":\"https:\/\/portaltela.pt\/noticias\/2026\/03\/27\/anisio-cabral-pode-substituir-ronaldo-nos-instantes-finais-no-mundial-2026\/#breadcrumb\"},\"inLanguage\":\"pt-PT\",\"potentialAction\":[{\"@type\":\"ReadAction\",\"target\":[\"https:\/\/portaltela.pt\/noticias\/2026\/03\/27\/anisio-cabral-pode-substituir-ronaldo-nos-instantes-finais-no-mundial-2026\/\"]}]},{\"@type\":\"ImageObject\",\"inLanguage\":\"pt-PT\",\"@id\":\"https:\/\/portaltela.pt\/noticias\/2026\/03\/27\/anisio-cabral-pode-substituir-ronaldo-nos-instantes-finais-no-mundial-2026\/#primaryimage\",\"url\":\"https:\/\/portaltela.pt\/s.01k8rhncp4jt1\/2026\/03\/img_293x165uu2026-02-13-18-44-20-2421391.jpg\",\"contentUrl\":\"https:\/\/portaltela.pt\/s.01k8rhncp4jt1\/2026\/03\/img_293x165uu2026-02-13-18-44-20-2421391.jpg\",\"width\":796,\"height\":448,\"caption\":\"An\u00edsio Cabral no Mundial'2026? \u00abPode ser op\u00e7\u00e3o surpresa para substituir Ronaldo nos minutos finais\u00bb\"},{\"@type\":\"BreadcrumbList\",\"@id\":\"https:\/\/portaltela.pt\/noticias\/2026\/03\/27\/anisio-cabral-pode-substituir-ronaldo-nos-instantes-finais-no-mundial-2026\/#breadcrumb\",\"itemListElement\":[{\"@type\":\"ListItem\",\"position\":1,\"name\":\"In\u00edcio\",\"item\":\"https:\/\/portaltela.pt\/\"},{\"@type\":\"ListItem\",\"position\":2,\"name\":\"An\u00edsio Cabral pode substituir Ronaldo nos instantes finais no Mundial 2026\"}]},{\"@type\":\"WebSite\",\"@id\":\"https:\/\/portaltela.pt\/#website\",\"url\":\"https:\/\/portaltela.pt\/\",\"name\":\"Portal Tela Portugal\",\"description\":\"\",\"potentialAction\":[{\"@type\":\"SearchAction\",\"target\":{\"@type\":\"EntryPoint\",\"urlTemplate\":\"https:\/\/portaltela.pt\/?s={search_term_string}\"},\"query-input\":{\"@type\":\"PropertyValueSpecification\",\"valueRequired\":true,\"valueName\":\"search_term_string\"}}],\"inLanguage\":\"pt-PT\"},{\"@type\":\"Person\",\"@id\":\"https:\/\/portaltela.pt\/#\/schema\/person\/c4278d4a6028830caff9ee44b42d32ed\",\"name\":\"Telinha\",\"image\":{\"@type\":\"ImageObject\",\"inLanguage\":\"pt-PT\",\"@id\":\"https:\/\/portaltela.pt\/s.01k8rhncp4jt1\/2025\/11\/talking-bot-125x125.png\",\"url\":\"https:\/\/portaltela.pt\/s.01k8rhncp4jt1\/2025\/11\/talking-bot-125x125.png\",\"contentUrl\":\"https:\/\/portaltela.pt\/s.01k8rhncp4jt1\/2025\/11\/talking-bot-125x125.png\",\"caption\":\"Telinha\"},\"sameAs\":[\"https:\/\/portaltela.pt\/\"],\"url\":\"https:\/\/portaltela.pt\/por\/367410592786\/\"}]}<\/script>\n<!-- \/ Yoast SEO plugin. -->","yoast_head_json":{"title":"An\u00edsio Cabral pode substituir Ronaldo nos instantes finais no Mundial 2026 - Portal Tela Portugal","robots":{"index":"index","follow":"follow","max-snippet":"max-snippet:-1","max-image-preview":"max-image-preview:large","max-video-preview":"max-video-preview:-1"},"og_locale":"pt_PT","og_type":"article","og_title":"An\u00edsio Cabral pode substituir Ronaldo nos instantes finais no Mundial 2026 - Portal Tela Portugal","og_description":"The Athletic listou 10 jovens que podem seguir as pisadas de prod\u00edgios e surgir no Mundial deste ano, entre eles An\u00edsio Cabral, avan\u00e7ado do Benfica. O jornal descreve An\u00edsio como um dos forwards mais promissores formados no Benfica nos \u00faltimos anos e aponta que pode ser uma op\u00e7\u00e3o surpresa para substituir Cristiano Ronaldo nos minutos finais. O atleta de dezoito anos \u00e9 elogiado pela intelig\u00eancia na \u00e1rea, jogo de cabe\u00e7a e t\u00e9cnica de costas para a baliza, com compara\u00e7\u00e3o a Drogba feita por Jos\u00e9 Mourinho. An\u00edsio sagrou-se campe\u00e3o europeu e mundial de sub-17 em 2025, tendo marcado nas finais de ambas as competi\u00e7\u00f5es, e estreou-se pelo Benfica com golo frente ao Estrela. No clube, o atacante j\u00e1 leva dois golos em cinco jogos pela equipa principal, renovando contrato at\u00e9 2031 com cl\u00e1usula de rescis\u00e3o de 100 milh\u00f5es de euros.","og_url":"https:\/\/portaltela.pt\/noticias\/2026\/03\/27\/anisio-cabral-pode-substituir-ronaldo-nos-instantes-finais-no-mundial-2026\/","og_site_name":"Portal Tela Portugal","article_published_time":"2026-03-27T18:25:30+00:00","author":"Telinha","twitter_card":"summary_large_image","twitter_misc":{"Escrito por":"Telinha","Tempo estimado de leitura":"1 minuto"},"schema":{"@context":"https:\/\/schema.org","@graph":[{"@type":"Article","@id":"https:\/\/portaltela.pt\/noticias\/2026\/03\/27\/anisio-cabral-pode-substituir-ronaldo-nos-instantes-finais-no-mundial-2026\/#article","isPartOf":{"@id":"https:\/\/portaltela.pt\/noticias\/2026\/03\/27\/anisio-cabral-pode-substituir-ronaldo-nos-instantes-finais-no-mundial-2026\/"},"author":{"name":"Telinha","@id":"https:\/\/portaltela.pt\/#\/schema\/person\/c4278d4a6028830caff9ee44b42d32ed"},"headline":"An\u00edsio Cabral pode substituir Ronaldo nos instantes finais no Mundial 2026","datePublished":"2026-03-27T18:25:30+00:00","mainEntityOfPage":{"@id":"https:\/\/portaltela.pt\/noticias\/2026\/03\/27\/anisio-cabral-pode-substituir-ronaldo-nos-instantes-finais-no-mundial-2026\/"},"wordCount":221,"image":{"@id":"https:\/\/portaltela.pt\/noticias\/2026\/03\/27\/anisio-cabral-pode-substituir-ronaldo-nos-instantes-finais-no-mundial-2026\/#primaryimage"},"thumbnailUrl":"https:\/\/portaltela.pt\/s.01k8rhncp4jt1\/2026\/03\/img_293x165uu2026-02-13-18-44-20-2421391.jpg","keywords":["An\u00edsio Cabral","Benfica","copa do mundo","futebol","jogadores","Sele\u00e7\u00e3o Nacional"],"articleSection":["Desporto","Futebol"],"inLanguage":"pt-PT"},{"@type":"WebPage","@id":"https:\/\/portaltela.pt\/noticias\/2026\/03\/27\/anisio-cabral-pode-substituir-ronaldo-nos-instantes-finais-no-mundial-2026\/","url":"https:\/\/portaltela.pt\/noticias\/2026\/03\/27\/anisio-cabral-pode-substituir-ronaldo-nos-instantes-finais-no-mundial-2026\/","name":"An\u00edsio Cabral pode substituir Ronaldo nos instantes finais no Mundial 2026 - Portal Tela Portugal","isPartOf":{"@id":"https:\/\/portaltela.pt\/#website"},"primaryImageOfPage":{"@id":"https:\/\/portaltela.pt\/noticias\/2026\/03\/27\/anisio-cabral-pode-substituir-ronaldo-nos-instantes-finais-no-mundial-2026\/#primaryimage"},"image":{"@id":"https:\/\/portaltela.pt\/noticias\/2026\/03\/27\/anisio-cabral-pode-substituir-ronaldo-nos-instantes-finais-no-mundial-2026\/#primaryimage"},"thumbnailUrl":"https:\/\/portaltela.pt\/s.01k8rhncp4jt1\/2026\/03\/img_293x165uu2026-02-13-18-44-20-2421391.jpg","datePublished":"2026-03-27T18:25:30+00:00","author":{"@id":"https:\/\/portaltela.pt\/#\/schema\/person\/c4278d4a6028830caff9ee44b42d32ed"},"breadcrumb":{"@id":"https:\/\/portaltela.pt\/noticias\/2026\/03\/27\/anisio-cabral-pode-substituir-ronaldo-nos-instantes-finais-no-mundial-2026\/#breadcrumb"},"inLanguage":"pt-PT","potentialAction":[{"@type":"ReadAction","target":["https:\/\/portaltela.pt\/noticias\/2026\/03\/27\/anisio-cabral-pode-substituir-ronaldo-nos-instantes-finais-no-mundial-2026\/"]}]},{"@type":"ImageObject","inLanguage":"pt-PT","@id":"https:\/\/portaltela.pt\/noticias\/2026\/03\/27\/anisio-cabral-pode-substituir-ronaldo-nos-instantes-finais-no-mundial-2026\/#primaryimage","url":"https:\/\/portaltela.pt\/s.01k8rhncp4jt1\/2026\/03\/img_293x165uu2026-02-13-18-44-20-2421391.jpg","contentUrl":"https:\/\/portaltela.pt\/s.01k8rhncp4jt1\/2026\/03\/img_293x165uu2026-02-13-18-44-20-2421391.jpg","width":796,"height":448,"caption":"An\u00edsio Cabral no Mundial'2026? \u00abPode ser op\u00e7\u00e3o surpresa para substituir Ronaldo nos minutos finais\u00bb"},{"@type":"BreadcrumbList","@id":"https:\/\/portaltela.pt\/noticias\/2026\/03\/27\/anisio-cabral-pode-substituir-ronaldo-nos-instantes-finais-no-mundial-2026\/#breadcrumb","itemListElement":[{"@type":"ListItem","position":1,"name":"In\u00edcio","item":"https:\/\/portaltela.pt\/"},{"@type":"ListItem","position":2,"name":"An\u00edsio Cabral pode substituir Ronaldo nos instantes finais no Mundial 2026"}]},{"@type":"WebSite","@id":"https:\/\/portaltela.pt\/#website","url":"https:\/\/portaltela.pt\/","name":"Portal Tela Portugal","description":"","potentialAction":[{"@type":"SearchAction","target":{"@type":"EntryPoint","urlTemplate":"https:\/\/portaltela.pt\/?s={search_term_string}"},"query-input":{"@type":"PropertyValueSpecification","valueRequired":true,"valueName":"search_term_string"}}],"inLanguage":"pt-PT"},{"@type":"Person","@id":"https:\/\/portaltela.pt\/#\/schema\/person\/c4278d4a6028830caff9ee44b42d32ed","name":"Telinha","image":{"@type":"ImageObject","inLanguage":"pt-PT","@id":"https:\/\/portaltela.pt\/s.01k8rhncp4jt1\/2025\/11\/talking-bot-125x125.png","url":"https:\/\/portaltela.pt\/s.01k8rhncp4jt1\/2025\/11\/talking-bot-125x125.png","contentUrl":"https:\/\/portaltela.pt\/s.01k8rhncp4jt1\/2025\/11\/talking-bot-125x125.png","caption":"Telinha"},"sameAs":["https:\/\/portaltela.pt\/"],"url":"https:\/\/portaltela.pt\/por\/367410592786\/"}]}},"_links":{"self":[{"href":"https:\/\/portaltela.pt\/api\/wp\/v2\/posts\/424192","targetHints":{"allow":["GET"]}}],"collection":[{"href":"https:\/\/portaltela.pt\/api\/wp\/v2\/posts"}],"about":[{"href":"https:\/\/portaltela.pt\/api\/wp\/v2\/types\/post"}],"author":[{"embeddable":true,"href":"https:\/\/portaltela.pt\/api\/wp\/v2\/users\/2"}],"replies":[{"embeddable":true,"href":"https:\/\/portaltela.pt\/api\/wp\/v2\/comments?post=424192"}],"version-history":[{"count":0,"href":"https:\/\/portaltela.pt\/api\/wp\/v2\/posts\/424192\/revisions"}],"wp:featuredmedia":[{"embeddable":true,"href":"https:\/\/portaltela.pt\/api\/wp\/v2\/media\/424199"}],"wp:attachment":[{"href":"https:\/\/portaltela.pt\/api\/wp\/v2\/media?parent=424192"}],"wp:term":[{"taxonomy":"category","embeddable":true,"href":"https:\/\/portaltela.pt\/api\/wp\/v2\/categories?post=424192"},{"taxonomy":"post_tag","embeddable":true,"href":"https:\/\/portaltela.pt\/api\/wp\/v2\/tags?post=424192"}],"curies":[{"name":"wp","href":"https:\/\/api.w.org\/{rel}","templated":true}]}}