{"id":424191,"date":"2026-03-27T15:14:00","date_gmt":"2026-03-27T18:14:00","guid":{"rendered":"https:\/\/portaltela.pt\/noticias\/2026\/03\/27\/probabilidade-de-jose-luis-carneiro-disputar-as-legislativas-em-analise\/"},"modified":"2026-03-27T15:14:00","modified_gmt":"2026-03-27T18:14:00","slug":"probabilidade-de-jose-luis-carneiro-disputar-as-legislativas-em-analise","status":"publish","type":"post","link":"https:\/\/portaltela.pt\/noticias\/politica\/2026\/03\/27\/probabilidade-de-jose-luis-carneiro-disputar-as-legislativas-em-analise\/","title":{"rendered":"Probabilidade de Jos\u00e9 Lu\u00eds Carneiro disputar as legislativas em an\u00e1lise"},"content":{"rendered":"<p>O Congresso do PS, que decorre em Viseu at\u00e9 ao fim de domingo, vai ter cr\u00edticas \u00e0 forma como Jos\u00e9 Lu\u00eds Carneiro faz oposi\u00e7\u00e3o ao Governo de Lu\u00eds Montenegro. A reforma de estrat\u00e9gia no partido aparece entre os temas centrais do encontro.<\/p>\n<p>Jos\u00e9 Lu\u00eds Carneiro foi eleito no congresso sem oposi\u00e7\u00e3o interna, mas a leitura de que a sua atua\u00e7\u00e3o poder\u00e1 evoluir no debate interno j\u00e1 chegou aos corredores da reuni\u00e3o. A discuss\u00e3o ganha for\u00e7a num momento de reorganiza\u00e7\u00e3o interna.<\/p>\n<p>Duarte Cordeiro j\u00e1 lan\u00e7ou o mote, sinalizando cr\u00edticas \u00e0 linha de oposi\u00e7\u00e3o defendida por Carneiro. O objetivo \u00e9 clarificar posi\u00e7\u00f5es e alinhar estrat\u00e9gias previas ao horizonte eleitoral, dizem fontes pr\u00f3ximas do partido.<\/p>\n<p>O congresso mant\u00e9m-se com agenda definida para al\u00e9m das cr\u00edticas, incluindo debates sobre programas partid\u00e1rios, estrat\u00e9gia de comunica\u00e7\u00e3o e alinhamento com a linha do Governo. A reuni\u00e3o prolonga-se at\u00e9 domingo.<\/p>\n<p>No \u00e2mbito do PS, o evento \u00e9 tamb\u00e9m uma plataforma para reformula\u00e7\u00f5es pol\u00edticas e avalia\u00e7\u00e3o de resultados internos, num contexto de competi\u00e7\u00e3o entre lideran\u00e7as regionais e nacionais. A cobertura completa fica a cargo do jornal.<\/p>\n<p>Nota: informa\u00e7\u00e3o recolhida de reportagens do P\u00fablico, que acompanha o andamento do congresso em tempo real.<\/p>\n","protected":false},"excerpt":{"rendered":"<ul>\n<li>O Congresso do Partido Socialista decorre de sexta a domingo em Viseu.<\/li>\n<li>O foco do evento inclui cr\u00edticas \u00e0 forma de fazer oposi\u00e7\u00e3o ao Governo, liderado por Lu\u00eds Montenegro, por parte de Jos\u00e9 Lu\u00eds Carneiro.<\/li>\n<li>Carneiro foi eleito sem oposi\u00e7\u00e3o interna no PS.<\/li>\n<li>Duarte Cordeiro j\u00e1 deixou o mote para as cr\u00edticas durante o debate no congresso.<\/li>\n<li>A not\u00edcia destaca ainda a disponibilidade do Soundbite em v\u00e1rias plataformas de podcast.<\/li>\n<\/ul>\n","protected":false},"author":2,"featured_media":424201,"comment_status":"closed","ping_status":"closed","sticky":false,"template":"","format":"standard","meta":{"footnotes":""},"categories":[1,5],"tags":[68,34,3728,2832,2144,1171],"class_list":["post-424191","post","type-post","status-publish","format-standard","has-post-thumbnail","hentry","category-noticias","category-politica","tag-eleicoes","tag-governo","tag-liderancas","tag-politica","tag-ps","tag-viseu"],"yoast_head":"<!-- This site is optimized with the Yoast SEO plugin v27.2 - https:\/\/yoast.com\/product\/yoast-seo-wordpress\/ -->\n<title>Probabilidade de Jos\u00e9 Lu\u00eds Carneiro disputar as legislativas em an\u00e1lise - Portal Tela Portugal<\/title>\n<meta name=\"robots\" content=\"index, follow, max-snippet:-1, max-image-preview:large, max-video-preview:-1\" \/>\n<meta property=\"og:locale\" content=\"pt_PT\" \/>\n<meta property=\"og:type\" content=\"article\" \/>\n<meta property=\"og:title\" content=\"Probabilidade de Jos\u00e9 Lu\u00eds Carneiro disputar as legislativas em an\u00e1lise - Portal Tela Portugal\" \/>\n<meta property=\"og:description\" content=\"O Congresso do Partido Socialista decorre de sexta a domingo em Viseu. O foco do evento inclui cr\u00edticas \u00e0 forma de fazer oposi\u00e7\u00e3o ao Governo, liderado por Lu\u00eds Montenegro, por parte de Jos\u00e9 Lu\u00eds Carneiro. Carneiro foi eleito sem oposi\u00e7\u00e3o interna no PS. Duarte Cordeiro j\u00e1 deixou o mote para as cr\u00edticas durante o debate no congresso. A not\u00edcia destaca ainda a disponibilidade do Soundbite em v\u00e1rias plataformas de podcast.\" \/>\n<meta property=\"og:url\" content=\"https:\/\/portaltela.pt\/noticias\/2026\/03\/27\/probabilidade-de-jose-luis-carneiro-disputar-as-legislativas-em-analise\/\" \/>\n<meta property=\"og:site_name\" content=\"Portal Tela Portugal\" \/>\n<meta property=\"article:published_time\" content=\"2026-03-27T18:14:00+00:00\" \/>\n<meta name=\"author\" content=\"Telinha\" \/>\n<meta name=\"twitter:card\" content=\"summary_large_image\" \/>\n<meta name=\"twitter:label1\" content=\"Escrito por\" \/>\n\t<meta name=\"twitter:data1\" content=\"Telinha\" \/>\n\t<meta name=\"twitter:label2\" content=\"Tempo estimado de leitura\" \/>\n\t<meta name=\"twitter:data2\" content=\"1 minuto\" \/>\n<script type=\"application\/ld+json\" class=\"yoast-schema-graph\">{\"@context\":\"https:\/\/schema.org\",\"@graph\":[{\"@type\":\"Article\",\"@id\":\"https:\/\/portaltela.pt\/noticias\/2026\/03\/27\/probabilidade-de-jose-luis-carneiro-disputar-as-legislativas-em-analise\/#article\",\"isPartOf\":{\"@id\":\"https:\/\/portaltela.pt\/noticias\/2026\/03\/27\/probabilidade-de-jose-luis-carneiro-disputar-as-legislativas-em-analise\/\"},\"author\":{\"name\":\"Telinha\",\"@id\":\"https:\/\/portaltela.pt\/#\/schema\/person\/c4278d4a6028830caff9ee44b42d32ed\"},\"headline\":\"Probabilidade de Jos\u00e9 Lu\u00eds Carneiro disputar as legislativas em an\u00e1lise\",\"datePublished\":\"2026-03-27T18:14:00+00:00\",\"mainEntityOfPage\":{\"@id\":\"https:\/\/portaltela.pt\/noticias\/2026\/03\/27\/probabilidade-de-jose-luis-carneiro-disputar-as-legislativas-em-analise\/\"},\"wordCount\":234,\"image\":{\"@id\":\"https:\/\/portaltela.pt\/noticias\/2026\/03\/27\/probabilidade-de-jose-luis-carneiro-disputar-as-legislativas-em-analise\/#primaryimage\"},\"thumbnailUrl\":\"https:\/\/portaltela.pt\/s.01k8rhncp4jt1\/2026\/03\/2077455.jpg\",\"keywords\":[\"elei\u00e7\u00f5es\",\"governo\",\"lideran\u00e7as\",\"pol\u00edtica\",\"PS\",\"Viseu\"],\"articleSection\":[\"Not\u00edcias\",\"Pol\u00edtica\"],\"inLanguage\":\"pt-PT\"},{\"@type\":\"WebPage\",\"@id\":\"https:\/\/portaltela.pt\/noticias\/2026\/03\/27\/probabilidade-de-jose-luis-carneiro-disputar-as-legislativas-em-analise\/\",\"url\":\"https:\/\/portaltela.pt\/noticias\/2026\/03\/27\/probabilidade-de-jose-luis-carneiro-disputar-as-legislativas-em-analise\/\",\"name\":\"Probabilidade de Jos\u00e9 Lu\u00eds Carneiro disputar as legislativas em an\u00e1lise - Portal Tela Portugal\",\"isPartOf\":{\"@id\":\"https:\/\/portaltela.pt\/#website\"},\"primaryImageOfPage\":{\"@id\":\"https:\/\/portaltela.pt\/noticias\/2026\/03\/27\/probabilidade-de-jose-luis-carneiro-disputar-as-legislativas-em-analise\/#primaryimage\"},\"image\":{\"@id\":\"https:\/\/portaltela.pt\/noticias\/2026\/03\/27\/probabilidade-de-jose-luis-carneiro-disputar-as-legislativas-em-analise\/#primaryimage\"},\"thumbnailUrl\":\"https:\/\/portaltela.pt\/s.01k8rhncp4jt1\/2026\/03\/2077455.jpg\",\"datePublished\":\"2026-03-27T18:14:00+00:00\",\"author\":{\"@id\":\"https:\/\/portaltela.pt\/#\/schema\/person\/c4278d4a6028830caff9ee44b42d32ed\"},\"breadcrumb\":{\"@id\":\"https:\/\/portaltela.pt\/noticias\/2026\/03\/27\/probabilidade-de-jose-luis-carneiro-disputar-as-legislativas-em-analise\/#breadcrumb\"},\"inLanguage\":\"pt-PT\",\"potentialAction\":[{\"@type\":\"ReadAction\",\"target\":[\"https:\/\/portaltela.pt\/noticias\/2026\/03\/27\/probabilidade-de-jose-luis-carneiro-disputar-as-legislativas-em-analise\/\"]}]},{\"@type\":\"ImageObject\",\"inLanguage\":\"pt-PT\",\"@id\":\"https:\/\/portaltela.pt\/noticias\/2026\/03\/27\/probabilidade-de-jose-luis-carneiro-disputar-as-legislativas-em-analise\/#primaryimage\",\"url\":\"https:\/\/portaltela.pt\/s.01k8rhncp4jt1\/2026\/03\/2077455.jpg\",\"contentUrl\":\"https:\/\/portaltela.pt\/s.01k8rhncp4jt1\/2026\/03\/2077455.jpg\",\"width\":796,\"height\":448,\"caption\":\"Photo\"},{\"@type\":\"BreadcrumbList\",\"@id\":\"https:\/\/portaltela.pt\/noticias\/2026\/03\/27\/probabilidade-de-jose-luis-carneiro-disputar-as-legislativas-em-analise\/#breadcrumb\",\"itemListElement\":[{\"@type\":\"ListItem\",\"position\":1,\"name\":\"In\u00edcio\",\"item\":\"https:\/\/portaltela.pt\/\"},{\"@type\":\"ListItem\",\"position\":2,\"name\":\"Probabilidade de Jos\u00e9 Lu\u00eds Carneiro disputar as legislativas em an\u00e1lise\"}]},{\"@type\":\"WebSite\",\"@id\":\"https:\/\/portaltela.pt\/#website\",\"url\":\"https:\/\/portaltela.pt\/\",\"name\":\"Portal Tela Portugal\",\"description\":\"\",\"potentialAction\":[{\"@type\":\"SearchAction\",\"target\":{\"@type\":\"EntryPoint\",\"urlTemplate\":\"https:\/\/portaltela.pt\/?s={search_term_string}\"},\"query-input\":{\"@type\":\"PropertyValueSpecification\",\"valueRequired\":true,\"valueName\":\"search_term_string\"}}],\"inLanguage\":\"pt-PT\"},{\"@type\":\"Person\",\"@id\":\"https:\/\/portaltela.pt\/#\/schema\/person\/c4278d4a6028830caff9ee44b42d32ed\",\"name\":\"Telinha\",\"image\":{\"@type\":\"ImageObject\",\"inLanguage\":\"pt-PT\",\"@id\":\"https:\/\/portaltela.pt\/s.01k8rhncp4jt1\/2025\/11\/talking-bot-125x125.png\",\"url\":\"https:\/\/portaltela.pt\/s.01k8rhncp4jt1\/2025\/11\/talking-bot-125x125.png\",\"contentUrl\":\"https:\/\/portaltela.pt\/s.01k8rhncp4jt1\/2025\/11\/talking-bot-125x125.png\",\"caption\":\"Telinha\"},\"sameAs\":[\"https:\/\/portaltela.pt\/\"],\"url\":\"https:\/\/portaltela.pt\/por\/367410592786\/\"}]}<\/script>\n<!-- \/ Yoast SEO plugin. -->","yoast_head_json":{"title":"Probabilidade de Jos\u00e9 Lu\u00eds Carneiro disputar as legislativas em an\u00e1lise - Portal Tela Portugal","robots":{"index":"index","follow":"follow","max-snippet":"max-snippet:-1","max-image-preview":"max-image-preview:large","max-video-preview":"max-video-preview:-1"},"og_locale":"pt_PT","og_type":"article","og_title":"Probabilidade de Jos\u00e9 Lu\u00eds Carneiro disputar as legislativas em an\u00e1lise - Portal Tela Portugal","og_description":"O Congresso do Partido Socialista decorre de sexta a domingo em Viseu. O foco do evento inclui cr\u00edticas \u00e0 forma de fazer oposi\u00e7\u00e3o ao Governo, liderado por Lu\u00eds Montenegro, por parte de Jos\u00e9 Lu\u00eds Carneiro. Carneiro foi eleito sem oposi\u00e7\u00e3o interna no PS. Duarte Cordeiro j\u00e1 deixou o mote para as cr\u00edticas durante o debate no congresso. A not\u00edcia destaca ainda a disponibilidade do Soundbite em v\u00e1rias plataformas de podcast.","og_url":"https:\/\/portaltela.pt\/noticias\/2026\/03\/27\/probabilidade-de-jose-luis-carneiro-disputar-as-legislativas-em-analise\/","og_site_name":"Portal Tela Portugal","article_published_time":"2026-03-27T18:14:00+00:00","author":"Telinha","twitter_card":"summary_large_image","twitter_misc":{"Escrito por":"Telinha","Tempo estimado de leitura":"1 minuto"},"schema":{"@context":"https:\/\/schema.org","@graph":[{"@type":"Article","@id":"https:\/\/portaltela.pt\/noticias\/2026\/03\/27\/probabilidade-de-jose-luis-carneiro-disputar-as-legislativas-em-analise\/#article","isPartOf":{"@id":"https:\/\/portaltela.pt\/noticias\/2026\/03\/27\/probabilidade-de-jose-luis-carneiro-disputar-as-legislativas-em-analise\/"},"author":{"name":"Telinha","@id":"https:\/\/portaltela.pt\/#\/schema\/person\/c4278d4a6028830caff9ee44b42d32ed"},"headline":"Probabilidade de Jos\u00e9 Lu\u00eds Carneiro disputar as legislativas em an\u00e1lise","datePublished":"2026-03-27T18:14:00+00:00","mainEntityOfPage":{"@id":"https:\/\/portaltela.pt\/noticias\/2026\/03\/27\/probabilidade-de-jose-luis-carneiro-disputar-as-legislativas-em-analise\/"},"wordCount":234,"image":{"@id":"https:\/\/portaltela.pt\/noticias\/2026\/03\/27\/probabilidade-de-jose-luis-carneiro-disputar-as-legislativas-em-analise\/#primaryimage"},"thumbnailUrl":"https:\/\/portaltela.pt\/s.01k8rhncp4jt1\/2026\/03\/2077455.jpg","keywords":["elei\u00e7\u00f5es","governo","lideran\u00e7as","pol\u00edtica","PS","Viseu"],"articleSection":["Not\u00edcias","Pol\u00edtica"],"inLanguage":"pt-PT"},{"@type":"WebPage","@id":"https:\/\/portaltela.pt\/noticias\/2026\/03\/27\/probabilidade-de-jose-luis-carneiro-disputar-as-legislativas-em-analise\/","url":"https:\/\/portaltela.pt\/noticias\/2026\/03\/27\/probabilidade-de-jose-luis-carneiro-disputar-as-legislativas-em-analise\/","name":"Probabilidade de Jos\u00e9 Lu\u00eds Carneiro disputar as legislativas em an\u00e1lise - Portal Tela Portugal","isPartOf":{"@id":"https:\/\/portaltela.pt\/#website"},"primaryImageOfPage":{"@id":"https:\/\/portaltela.pt\/noticias\/2026\/03\/27\/probabilidade-de-jose-luis-carneiro-disputar-as-legislativas-em-analise\/#primaryimage"},"image":{"@id":"https:\/\/portaltela.pt\/noticias\/2026\/03\/27\/probabilidade-de-jose-luis-carneiro-disputar-as-legislativas-em-analise\/#primaryimage"},"thumbnailUrl":"https:\/\/portaltela.pt\/s.01k8rhncp4jt1\/2026\/03\/2077455.jpg","datePublished":"2026-03-27T18:14:00+00:00","author":{"@id":"https:\/\/portaltela.pt\/#\/schema\/person\/c4278d4a6028830caff9ee44b42d32ed"},"breadcrumb":{"@id":"https:\/\/portaltela.pt\/noticias\/2026\/03\/27\/probabilidade-de-jose-luis-carneiro-disputar-as-legislativas-em-analise\/#breadcrumb"},"inLanguage":"pt-PT","potentialAction":[{"@type":"ReadAction","target":["https:\/\/portaltela.pt\/noticias\/2026\/03\/27\/probabilidade-de-jose-luis-carneiro-disputar-as-legislativas-em-analise\/"]}]},{"@type":"ImageObject","inLanguage":"pt-PT","@id":"https:\/\/portaltela.pt\/noticias\/2026\/03\/27\/probabilidade-de-jose-luis-carneiro-disputar-as-legislativas-em-analise\/#primaryimage","url":"https:\/\/portaltela.pt\/s.01k8rhncp4jt1\/2026\/03\/2077455.jpg","contentUrl":"https:\/\/portaltela.pt\/s.01k8rhncp4jt1\/2026\/03\/2077455.jpg","width":796,"height":448,"caption":"Photo"},{"@type":"BreadcrumbList","@id":"https:\/\/portaltela.pt\/noticias\/2026\/03\/27\/probabilidade-de-jose-luis-carneiro-disputar-as-legislativas-em-analise\/#breadcrumb","itemListElement":[{"@type":"ListItem","position":1,"name":"In\u00edcio","item":"https:\/\/portaltela.pt\/"},{"@type":"ListItem","position":2,"name":"Probabilidade de Jos\u00e9 Lu\u00eds Carneiro disputar as legislativas em an\u00e1lise"}]},{"@type":"WebSite","@id":"https:\/\/portaltela.pt\/#website","url":"https:\/\/portaltela.pt\/","name":"Portal Tela Portugal","description":"","potentialAction":[{"@type":"SearchAction","target":{"@type":"EntryPoint","urlTemplate":"https:\/\/portaltela.pt\/?s={search_term_string}"},"query-input":{"@type":"PropertyValueSpecification","valueRequired":true,"valueName":"search_term_string"}}],"inLanguage":"pt-PT"},{"@type":"Person","@id":"https:\/\/portaltela.pt\/#\/schema\/person\/c4278d4a6028830caff9ee44b42d32ed","name":"Telinha","image":{"@type":"ImageObject","inLanguage":"pt-PT","@id":"https:\/\/portaltela.pt\/s.01k8rhncp4jt1\/2025\/11\/talking-bot-125x125.png","url":"https:\/\/portaltela.pt\/s.01k8rhncp4jt1\/2025\/11\/talking-bot-125x125.png","contentUrl":"https:\/\/portaltela.pt\/s.01k8rhncp4jt1\/2025\/11\/talking-bot-125x125.png","caption":"Telinha"},"sameAs":["https:\/\/portaltela.pt\/"],"url":"https:\/\/portaltela.pt\/por\/367410592786\/"}]}},"_links":{"self":[{"href":"https:\/\/portaltela.pt\/api\/wp\/v2\/posts\/424191","targetHints":{"allow":["GET"]}}],"collection":[{"href":"https:\/\/portaltela.pt\/api\/wp\/v2\/posts"}],"about":[{"href":"https:\/\/portaltela.pt\/api\/wp\/v2\/types\/post"}],"author":[{"embeddable":true,"href":"https:\/\/portaltela.pt\/api\/wp\/v2\/users\/2"}],"replies":[{"embeddable":true,"href":"https:\/\/portaltela.pt\/api\/wp\/v2\/comments?post=424191"}],"version-history":[{"count":0,"href":"https:\/\/portaltela.pt\/api\/wp\/v2\/posts\/424191\/revisions"}],"wp:featuredmedia":[{"embeddable":true,"href":"https:\/\/portaltela.pt\/api\/wp\/v2\/media\/424201"}],"wp:attachment":[{"href":"https:\/\/portaltela.pt\/api\/wp\/v2\/media?parent=424191"}],"wp:term":[{"taxonomy":"category","embeddable":true,"href":"https:\/\/portaltela.pt\/api\/wp\/v2\/categories?post=424191"},{"taxonomy":"post_tag","embeddable":true,"href":"https:\/\/portaltela.pt\/api\/wp\/v2\/tags?post=424191"}],"curies":[{"name":"wp","href":"https:\/\/api.w.org\/{rel}","templated":true}]}}