{"id":424188,"date":"2026-03-27T15:24:15","date_gmt":"2026-03-27T18:24:15","guid":{"rendered":"https:\/\/portaltela.pt\/noticias\/2026\/03\/27\/joao-rodrigues-lidera-a-missao-portuguesa-aos-jogos-do-mediterraneo-em-taranto\/"},"modified":"2026-03-27T15:24:15","modified_gmt":"2026-03-27T18:24:15","slug":"joao-rodrigues-lidera-a-missao-portuguesa-aos-jogos-do-mediterraneo-em-taranto","status":"publish","type":"post","link":"https:\/\/portaltela.pt\/desporto\/futebol\/2026\/03\/27\/joao-rodrigues-lidera-a-missao-portuguesa-aos-jogos-do-mediterraneo-em-taranto\/","title":{"rendered":"Jo\u00e3o Rodrigues lidera a Miss\u00e3o portuguesa aos Jogos do Mediterr\u00e2neo em Taranto"},"content":{"rendered":"<p>Jo\u00e3o Rodrigues vai chefiar a Miss\u00e3o portuguesa aos Jogos do Mediterr\u00e2neo Taranto\u20192026, que decorrem em Taranto, It\u00e1lia, entre 21 de agosto e 3 de setembro. O veterano velejador portugu\u00eas assume o cargo ap\u00f3s uma carreira ol\u00edmpica de destaque.<\/p>\n<p>A nomea\u00e7\u00e3o foi anunciada pelo Comit\u00e9 Ol\u00edmpico de Portugal (COP). Rodrigues, de 55 anos, aceitou o desafio com sentido de responsabilidade e compromisso com o desempenho da sele\u00e7\u00e3o nacional.<\/p>\n<p>Esta \u00e9 a primeira vez que Portugal nomeia um antigo atleta para chefiar a Miss\u00e3o nos Jogos do Mediterr\u00e2neo. O COP vinca a import\u00e2ncia da experi\u00eancia e da lideran\u00e7a para acompanhar a prepara\u00e7\u00e3o e a competi\u00e7\u00e3o.<\/p>\n<h3>Contexto e perspetivas<\/h3>\n<p>Taranto\u20192026 marca a terceira participa\u00e7\u00e3o de Portugal nestes Jogos, com o palmar\u00e9s atual de 49 medalhas: 10 ouro, 18 prata e 21 bronze. O COP prev\u00ea a participa\u00e7\u00e3o de mais de 100 atletas nacionais na cidade italiana.<\/p>\n<p>Rodrigues destaca a miss\u00e3o como uma oportunidade de servir o pa\u00eds e dignificar o desempenho desportivo a n\u00edvel internacional. Acompanhado pela equipa, pretende assegurar as exig\u00eancias da prepara\u00e7\u00e3o para Taranto.<\/p>\n","protected":false},"excerpt":{"rendered":"<ul>\n<li>Jo\u00e3o Rodrigues vai chefiar a Miss\u00e3o portuguesa aos Jogos do Mediterr\u00e2neo Taranto 2026, que decorrem entre 21 de agosto e 3 de setembro na It\u00e1lia.<\/li>\n<li>O antigo velejador, de 55 anos, j\u00e1 contabiliza sete participa\u00e7\u00f5es em Jogos Ol\u00edmpicos e uma como Adido Ol\u00edmpico, em T\u00f3quio 2020.<\/li>\n<li>O Comit\u00e9 Ol\u00edmpico de Portugal destaca que ser\u00e1 a primeira vez que Portugal nomeia um antigo atleta para chefiar a Miss\u00e3o aos Jogos do Mediterr\u00e2neo.<\/li>\n<li>O COP sublinha o perfil de lideran\u00e7a de Rodrigues e a import\u00e2ncia da prepara\u00e7\u00e3o e do acompanhamento da Miss\u00e3o da Equipa Portugal.<\/li>\n<li>Taranto 2026 marca a terceira participa\u00e7\u00e3o de Portugal nos Jogos do Mediterr\u00e2neo, com 49 medalhas j\u00e1 conquistadas e a previs\u00e3o de mais de 100 atletas portugueses na competi\u00e7\u00e3o.<\/li>\n<\/ul>\n","protected":false},"author":2,"featured_media":424200,"comment_status":"closed","ping_status":"closed","sticky":false,"template":"","format":"standard","meta":{"footnotes":""},"categories":[21,24],"tags":[252,152,4214,6754,1014,2057],"class_list":["post-424188","post","type-post","status-publish","format-standard","has-post-thumbnail","hentry","category-desporto","category-futebol","tag-atletas","tag-desporto","tag-jogos","tag-participacao-internacional","tag-portugal","tag-selecao-nacional"],"yoast_head":"<!-- This site is optimized with the Yoast SEO plugin v27.2 - https:\/\/yoast.com\/product\/yoast-seo-wordpress\/ -->\n<title>Jo\u00e3o Rodrigues lidera a Miss\u00e3o portuguesa aos Jogos do Mediterr\u00e2neo em Taranto - Portal Tela Portugal<\/title>\n<meta name=\"robots\" content=\"index, follow, max-snippet:-1, max-image-preview:large, max-video-preview:-1\" \/>\n<meta property=\"og:locale\" content=\"pt_PT\" \/>\n<meta property=\"og:type\" content=\"article\" \/>\n<meta property=\"og:title\" content=\"Jo\u00e3o Rodrigues lidera a Miss\u00e3o portuguesa aos Jogos do Mediterr\u00e2neo em Taranto - Portal Tela Portugal\" \/>\n<meta property=\"og:description\" content=\"Jo\u00e3o Rodrigues vai chefiar a Miss\u00e3o portuguesa aos Jogos do Mediterr\u00e2neo Taranto 2026, que decorrem entre 21 de agosto e 3 de setembro na It\u00e1lia. O antigo velejador, de 55 anos, j\u00e1 contabiliza sete participa\u00e7\u00f5es em Jogos Ol\u00edmpicos e uma como Adido Ol\u00edmpico, em T\u00f3quio 2020. O Comit\u00e9 Ol\u00edmpico de Portugal destaca que ser\u00e1 a primeira vez que Portugal nomeia um antigo atleta para chefiar a Miss\u00e3o aos Jogos do Mediterr\u00e2neo. O COP sublinha o perfil de lideran\u00e7a de Rodrigues e a import\u00e2ncia da prepara\u00e7\u00e3o e do acompanhamento da Miss\u00e3o da Equipa Portugal. Taranto 2026 marca a terceira participa\u00e7\u00e3o de Portugal nos Jogos do Mediterr\u00e2neo, com 49 medalhas j\u00e1 conquistadas e a previs\u00e3o de mais de 100 atletas portugueses na competi\u00e7\u00e3o.\" \/>\n<meta property=\"og:url\" content=\"https:\/\/portaltela.pt\/noticias\/2026\/03\/27\/joao-rodrigues-lidera-a-missao-portuguesa-aos-jogos-do-mediterraneo-em-taranto\/\" \/>\n<meta property=\"og:site_name\" content=\"Portal Tela Portugal\" \/>\n<meta property=\"article:published_time\" content=\"2026-03-27T18:24:15+00:00\" \/>\n<meta name=\"author\" content=\"Telinha\" \/>\n<meta name=\"twitter:card\" content=\"summary_large_image\" \/>\n<meta name=\"twitter:label1\" content=\"Escrito por\" \/>\n\t<meta name=\"twitter:data1\" content=\"Telinha\" \/>\n\t<meta name=\"twitter:label2\" content=\"Tempo estimado de leitura\" \/>\n\t<meta name=\"twitter:data2\" content=\"1 minuto\" \/>\n<script type=\"application\/ld+json\" class=\"yoast-schema-graph\">{\"@context\":\"https:\/\/schema.org\",\"@graph\":[{\"@type\":\"Article\",\"@id\":\"https:\/\/portaltela.pt\/noticias\/2026\/03\/27\/joao-rodrigues-lidera-a-missao-portuguesa-aos-jogos-do-mediterraneo-em-taranto\/#article\",\"isPartOf\":{\"@id\":\"https:\/\/portaltela.pt\/noticias\/2026\/03\/27\/joao-rodrigues-lidera-a-missao-portuguesa-aos-jogos-do-mediterraneo-em-taranto\/\"},\"author\":{\"name\":\"Telinha\",\"@id\":\"https:\/\/portaltela.pt\/#\/schema\/person\/c4278d4a6028830caff9ee44b42d32ed\"},\"headline\":\"Jo\u00e3o Rodrigues lidera a Miss\u00e3o portuguesa aos Jogos do Mediterr\u00e2neo em Taranto\",\"datePublished\":\"2026-03-27T18:24:15+00:00\",\"mainEntityOfPage\":{\"@id\":\"https:\/\/portaltela.pt\/noticias\/2026\/03\/27\/joao-rodrigues-lidera-a-missao-portuguesa-aos-jogos-do-mediterraneo-em-taranto\/\"},\"wordCount\":204,\"image\":{\"@id\":\"https:\/\/portaltela.pt\/noticias\/2026\/03\/27\/joao-rodrigues-lidera-a-missao-portuguesa-aos-jogos-do-mediterraneo-em-taranto\/#primaryimage\"},\"thumbnailUrl\":\"https:\/\/portaltela.pt\/s.01k8rhncp4jt1\/2026\/03\/img_920x518uu2026-03-27-18-23-55-2429731.jpg\",\"keywords\":[\"atletas\",\"desporto\",\"jogos\",\"participa\u00e7\u00e3o internacional\",\"Portugal\",\"Sele\u00e7\u00e3o Nacional\"],\"articleSection\":[\"Desporto\",\"Futebol\"],\"inLanguage\":\"pt-PT\"},{\"@type\":\"WebPage\",\"@id\":\"https:\/\/portaltela.pt\/noticias\/2026\/03\/27\/joao-rodrigues-lidera-a-missao-portuguesa-aos-jogos-do-mediterraneo-em-taranto\/\",\"url\":\"https:\/\/portaltela.pt\/noticias\/2026\/03\/27\/joao-rodrigues-lidera-a-missao-portuguesa-aos-jogos-do-mediterraneo-em-taranto\/\",\"name\":\"Jo\u00e3o Rodrigues lidera a Miss\u00e3o portuguesa aos Jogos do Mediterr\u00e2neo em Taranto - Portal Tela Portugal\",\"isPartOf\":{\"@id\":\"https:\/\/portaltela.pt\/#website\"},\"primaryImageOfPage\":{\"@id\":\"https:\/\/portaltela.pt\/noticias\/2026\/03\/27\/joao-rodrigues-lidera-a-missao-portuguesa-aos-jogos-do-mediterraneo-em-taranto\/#primaryimage\"},\"image\":{\"@id\":\"https:\/\/portaltela.pt\/noticias\/2026\/03\/27\/joao-rodrigues-lidera-a-missao-portuguesa-aos-jogos-do-mediterraneo-em-taranto\/#primaryimage\"},\"thumbnailUrl\":\"https:\/\/portaltela.pt\/s.01k8rhncp4jt1\/2026\/03\/img_920x518uu2026-03-27-18-23-55-2429731.jpg\",\"datePublished\":\"2026-03-27T18:24:15+00:00\",\"author\":{\"@id\":\"https:\/\/portaltela.pt\/#\/schema\/person\/c4278d4a6028830caff9ee44b42d32ed\"},\"breadcrumb\":{\"@id\":\"https:\/\/portaltela.pt\/noticias\/2026\/03\/27\/joao-rodrigues-lidera-a-missao-portuguesa-aos-jogos-do-mediterraneo-em-taranto\/#breadcrumb\"},\"inLanguage\":\"pt-PT\",\"potentialAction\":[{\"@type\":\"ReadAction\",\"target\":[\"https:\/\/portaltela.pt\/noticias\/2026\/03\/27\/joao-rodrigues-lidera-a-missao-portuguesa-aos-jogos-do-mediterraneo-em-taranto\/\"]}]},{\"@type\":\"ImageObject\",\"inLanguage\":\"pt-PT\",\"@id\":\"https:\/\/portaltela.pt\/noticias\/2026\/03\/27\/joao-rodrigues-lidera-a-missao-portuguesa-aos-jogos-do-mediterraneo-em-taranto\/#primaryimage\",\"url\":\"https:\/\/portaltela.pt\/s.01k8rhncp4jt1\/2026\/03\/img_920x518uu2026-03-27-18-23-55-2429731.jpg\",\"contentUrl\":\"https:\/\/portaltela.pt\/s.01k8rhncp4jt1\/2026\/03\/img_920x518uu2026-03-27-18-23-55-2429731.jpg\",\"width\":796,\"height\":448,\"caption\":\"Jo\u00e3o Rodrigues lidera a miss\u00e3o portuguesa nos Jogos do Mediterr\u00e2neo, em Taranto.\"},{\"@type\":\"BreadcrumbList\",\"@id\":\"https:\/\/portaltela.pt\/noticias\/2026\/03\/27\/joao-rodrigues-lidera-a-missao-portuguesa-aos-jogos-do-mediterraneo-em-taranto\/#breadcrumb\",\"itemListElement\":[{\"@type\":\"ListItem\",\"position\":1,\"name\":\"In\u00edcio\",\"item\":\"https:\/\/portaltela.pt\/\"},{\"@type\":\"ListItem\",\"position\":2,\"name\":\"Jo\u00e3o Rodrigues lidera a Miss\u00e3o portuguesa aos Jogos do Mediterr\u00e2neo em Taranto\"}]},{\"@type\":\"WebSite\",\"@id\":\"https:\/\/portaltela.pt\/#website\",\"url\":\"https:\/\/portaltela.pt\/\",\"name\":\"Portal Tela Portugal\",\"description\":\"\",\"potentialAction\":[{\"@type\":\"SearchAction\",\"target\":{\"@type\":\"EntryPoint\",\"urlTemplate\":\"https:\/\/portaltela.pt\/?s={search_term_string}\"},\"query-input\":{\"@type\":\"PropertyValueSpecification\",\"valueRequired\":true,\"valueName\":\"search_term_string\"}}],\"inLanguage\":\"pt-PT\"},{\"@type\":\"Person\",\"@id\":\"https:\/\/portaltela.pt\/#\/schema\/person\/c4278d4a6028830caff9ee44b42d32ed\",\"name\":\"Telinha\",\"image\":{\"@type\":\"ImageObject\",\"inLanguage\":\"pt-PT\",\"@id\":\"https:\/\/portaltela.pt\/s.01k8rhncp4jt1\/2025\/11\/talking-bot-125x125.png\",\"url\":\"https:\/\/portaltela.pt\/s.01k8rhncp4jt1\/2025\/11\/talking-bot-125x125.png\",\"contentUrl\":\"https:\/\/portaltela.pt\/s.01k8rhncp4jt1\/2025\/11\/talking-bot-125x125.png\",\"caption\":\"Telinha\"},\"sameAs\":[\"https:\/\/portaltela.pt\/\"],\"url\":\"https:\/\/portaltela.pt\/por\/367410592786\/\"}]}<\/script>\n<!-- \/ Yoast SEO plugin. -->","yoast_head_json":{"title":"Jo\u00e3o Rodrigues lidera a Miss\u00e3o portuguesa aos Jogos do Mediterr\u00e2neo em Taranto - Portal Tela Portugal","robots":{"index":"index","follow":"follow","max-snippet":"max-snippet:-1","max-image-preview":"max-image-preview:large","max-video-preview":"max-video-preview:-1"},"og_locale":"pt_PT","og_type":"article","og_title":"Jo\u00e3o Rodrigues lidera a Miss\u00e3o portuguesa aos Jogos do Mediterr\u00e2neo em Taranto - Portal Tela Portugal","og_description":"Jo\u00e3o Rodrigues vai chefiar a Miss\u00e3o portuguesa aos Jogos do Mediterr\u00e2neo Taranto 2026, que decorrem entre 21 de agosto e 3 de setembro na It\u00e1lia. O antigo velejador, de 55 anos, j\u00e1 contabiliza sete participa\u00e7\u00f5es em Jogos Ol\u00edmpicos e uma como Adido Ol\u00edmpico, em T\u00f3quio 2020. O Comit\u00e9 Ol\u00edmpico de Portugal destaca que ser\u00e1 a primeira vez que Portugal nomeia um antigo atleta para chefiar a Miss\u00e3o aos Jogos do Mediterr\u00e2neo. O COP sublinha o perfil de lideran\u00e7a de Rodrigues e a import\u00e2ncia da prepara\u00e7\u00e3o e do acompanhamento da Miss\u00e3o da Equipa Portugal. Taranto 2026 marca a terceira participa\u00e7\u00e3o de Portugal nos Jogos do Mediterr\u00e2neo, com 49 medalhas j\u00e1 conquistadas e a previs\u00e3o de mais de 100 atletas portugueses na competi\u00e7\u00e3o.","og_url":"https:\/\/portaltela.pt\/noticias\/2026\/03\/27\/joao-rodrigues-lidera-a-missao-portuguesa-aos-jogos-do-mediterraneo-em-taranto\/","og_site_name":"Portal Tela Portugal","article_published_time":"2026-03-27T18:24:15+00:00","author":"Telinha","twitter_card":"summary_large_image","twitter_misc":{"Escrito por":"Telinha","Tempo estimado de leitura":"1 minuto"},"schema":{"@context":"https:\/\/schema.org","@graph":[{"@type":"Article","@id":"https:\/\/portaltela.pt\/noticias\/2026\/03\/27\/joao-rodrigues-lidera-a-missao-portuguesa-aos-jogos-do-mediterraneo-em-taranto\/#article","isPartOf":{"@id":"https:\/\/portaltela.pt\/noticias\/2026\/03\/27\/joao-rodrigues-lidera-a-missao-portuguesa-aos-jogos-do-mediterraneo-em-taranto\/"},"author":{"name":"Telinha","@id":"https:\/\/portaltela.pt\/#\/schema\/person\/c4278d4a6028830caff9ee44b42d32ed"},"headline":"Jo\u00e3o Rodrigues lidera a Miss\u00e3o portuguesa aos Jogos do Mediterr\u00e2neo em Taranto","datePublished":"2026-03-27T18:24:15+00:00","mainEntityOfPage":{"@id":"https:\/\/portaltela.pt\/noticias\/2026\/03\/27\/joao-rodrigues-lidera-a-missao-portuguesa-aos-jogos-do-mediterraneo-em-taranto\/"},"wordCount":204,"image":{"@id":"https:\/\/portaltela.pt\/noticias\/2026\/03\/27\/joao-rodrigues-lidera-a-missao-portuguesa-aos-jogos-do-mediterraneo-em-taranto\/#primaryimage"},"thumbnailUrl":"https:\/\/portaltela.pt\/s.01k8rhncp4jt1\/2026\/03\/img_920x518uu2026-03-27-18-23-55-2429731.jpg","keywords":["atletas","desporto","jogos","participa\u00e7\u00e3o internacional","Portugal","Sele\u00e7\u00e3o Nacional"],"articleSection":["Desporto","Futebol"],"inLanguage":"pt-PT"},{"@type":"WebPage","@id":"https:\/\/portaltela.pt\/noticias\/2026\/03\/27\/joao-rodrigues-lidera-a-missao-portuguesa-aos-jogos-do-mediterraneo-em-taranto\/","url":"https:\/\/portaltela.pt\/noticias\/2026\/03\/27\/joao-rodrigues-lidera-a-missao-portuguesa-aos-jogos-do-mediterraneo-em-taranto\/","name":"Jo\u00e3o Rodrigues lidera a Miss\u00e3o portuguesa aos Jogos do Mediterr\u00e2neo em Taranto - Portal Tela Portugal","isPartOf":{"@id":"https:\/\/portaltela.pt\/#website"},"primaryImageOfPage":{"@id":"https:\/\/portaltela.pt\/noticias\/2026\/03\/27\/joao-rodrigues-lidera-a-missao-portuguesa-aos-jogos-do-mediterraneo-em-taranto\/#primaryimage"},"image":{"@id":"https:\/\/portaltela.pt\/noticias\/2026\/03\/27\/joao-rodrigues-lidera-a-missao-portuguesa-aos-jogos-do-mediterraneo-em-taranto\/#primaryimage"},"thumbnailUrl":"https:\/\/portaltela.pt\/s.01k8rhncp4jt1\/2026\/03\/img_920x518uu2026-03-27-18-23-55-2429731.jpg","datePublished":"2026-03-27T18:24:15+00:00","author":{"@id":"https:\/\/portaltela.pt\/#\/schema\/person\/c4278d4a6028830caff9ee44b42d32ed"},"breadcrumb":{"@id":"https:\/\/portaltela.pt\/noticias\/2026\/03\/27\/joao-rodrigues-lidera-a-missao-portuguesa-aos-jogos-do-mediterraneo-em-taranto\/#breadcrumb"},"inLanguage":"pt-PT","potentialAction":[{"@type":"ReadAction","target":["https:\/\/portaltela.pt\/noticias\/2026\/03\/27\/joao-rodrigues-lidera-a-missao-portuguesa-aos-jogos-do-mediterraneo-em-taranto\/"]}]},{"@type":"ImageObject","inLanguage":"pt-PT","@id":"https:\/\/portaltela.pt\/noticias\/2026\/03\/27\/joao-rodrigues-lidera-a-missao-portuguesa-aos-jogos-do-mediterraneo-em-taranto\/#primaryimage","url":"https:\/\/portaltela.pt\/s.01k8rhncp4jt1\/2026\/03\/img_920x518uu2026-03-27-18-23-55-2429731.jpg","contentUrl":"https:\/\/portaltela.pt\/s.01k8rhncp4jt1\/2026\/03\/img_920x518uu2026-03-27-18-23-55-2429731.jpg","width":796,"height":448,"caption":"Jo\u00e3o Rodrigues lidera a miss\u00e3o portuguesa nos Jogos do Mediterr\u00e2neo, em Taranto."},{"@type":"BreadcrumbList","@id":"https:\/\/portaltela.pt\/noticias\/2026\/03\/27\/joao-rodrigues-lidera-a-missao-portuguesa-aos-jogos-do-mediterraneo-em-taranto\/#breadcrumb","itemListElement":[{"@type":"ListItem","position":1,"name":"In\u00edcio","item":"https:\/\/portaltela.pt\/"},{"@type":"ListItem","position":2,"name":"Jo\u00e3o Rodrigues lidera a Miss\u00e3o portuguesa aos Jogos do Mediterr\u00e2neo em Taranto"}]},{"@type":"WebSite","@id":"https:\/\/portaltela.pt\/#website","url":"https:\/\/portaltela.pt\/","name":"Portal Tela Portugal","description":"","potentialAction":[{"@type":"SearchAction","target":{"@type":"EntryPoint","urlTemplate":"https:\/\/portaltela.pt\/?s={search_term_string}"},"query-input":{"@type":"PropertyValueSpecification","valueRequired":true,"valueName":"search_term_string"}}],"inLanguage":"pt-PT"},{"@type":"Person","@id":"https:\/\/portaltela.pt\/#\/schema\/person\/c4278d4a6028830caff9ee44b42d32ed","name":"Telinha","image":{"@type":"ImageObject","inLanguage":"pt-PT","@id":"https:\/\/portaltela.pt\/s.01k8rhncp4jt1\/2025\/11\/talking-bot-125x125.png","url":"https:\/\/portaltela.pt\/s.01k8rhncp4jt1\/2025\/11\/talking-bot-125x125.png","contentUrl":"https:\/\/portaltela.pt\/s.01k8rhncp4jt1\/2025\/11\/talking-bot-125x125.png","caption":"Telinha"},"sameAs":["https:\/\/portaltela.pt\/"],"url":"https:\/\/portaltela.pt\/por\/367410592786\/"}]}},"_links":{"self":[{"href":"https:\/\/portaltela.pt\/api\/wp\/v2\/posts\/424188","targetHints":{"allow":["GET"]}}],"collection":[{"href":"https:\/\/portaltela.pt\/api\/wp\/v2\/posts"}],"about":[{"href":"https:\/\/portaltela.pt\/api\/wp\/v2\/types\/post"}],"author":[{"embeddable":true,"href":"https:\/\/portaltela.pt\/api\/wp\/v2\/users\/2"}],"replies":[{"embeddable":true,"href":"https:\/\/portaltela.pt\/api\/wp\/v2\/comments?post=424188"}],"version-history":[{"count":0,"href":"https:\/\/portaltela.pt\/api\/wp\/v2\/posts\/424188\/revisions"}],"wp:featuredmedia":[{"embeddable":true,"href":"https:\/\/portaltela.pt\/api\/wp\/v2\/media\/424200"}],"wp:attachment":[{"href":"https:\/\/portaltela.pt\/api\/wp\/v2\/media?parent=424188"}],"wp:term":[{"taxonomy":"category","embeddable":true,"href":"https:\/\/portaltela.pt\/api\/wp\/v2\/categories?post=424188"},{"taxonomy":"post_tag","embeddable":true,"href":"https:\/\/portaltela.pt\/api\/wp\/v2\/tags?post=424188"}],"curies":[{"name":"wp","href":"https:\/\/api.w.org\/{rel}","templated":true}]}}